{"id":21403,"date":"2025-10-06T13:11:57","date_gmt":"2025-10-06T19:11:57","guid":{"rendered":"https:\/\/elpuucnoticias.com\/?p=21403"},"modified":"2025-10-06T13:12:13","modified_gmt":"2025-10-06T19:12:13","slug":"autotransporte-de-carga-aliado-del-desarrollo-economico-y-la-prosperidad-compartida-reconoce-mara-lezama","status":"publish","type":"post","link":"https:\/\/elpuucnoticias.com\/?p=21403","title":{"rendered":"Autotransporte de carga, aliado del desarrollo econ\u00f3mico y la prosperidad compartida, reconoce Mara Lezama"},"content":{"rendered":"\n<p>Al participar en la inauguraci\u00f3n de la Convenci\u00f3n 2025 de la C\u00e1mara Nacional del Autotransporte de Carga (CANACAR) que se celebra aqu\u00ed, la gobernadora Mara Lezama Espinosa destac\u00f3 que este evento re\u00fane a transportistas de todo el pa\u00eds para debatir estrategias que fortalezcan uno de los sectores m\u00e1s importantes de la econom\u00eda mexicana.<\/p>\n\n\n\n<figure class=\"wp-block-image is-style-default\"><a href=\"https:\/\/cgc.qroo.gob.mx\/cjg\/wp-content\/uploads\/2025\/10\/036e5110-e415-4217-924a-6a44029e998f.jpg\"><img decoding=\"async\" src=\"https:\/\/cgc.qroo.gob.mx\/cjg\/wp-content\/uploads\/2025\/10\/036e5110-e415-4217-924a-6a44029e998f-585x390.jpg\" alt=\"\" title=\"036e5110-e415-4217-924a-6a44029e998f\"\/><\/a><\/figure>\n\n\n\n<p>Ante la presencia del presidente nacional de CANACAR, Miguel \u00c1ngel Mart\u00ednez Mill\u00e1n, Mara Lezama destac\u00f3 la relevancia del autotransporte de carga, que representa el 3.8% del Producto Interno Bruto nacional y moviliz\u00f3 565 millones de toneladas durante 2023, equivalente al 57% de la carga del pa\u00eds. Subray\u00f3 que detr\u00e1s de estas cifras est\u00e1 la labor diaria de los transportistas, quienes garantizan el suministro de alimentos, medicamentos e insumos esenciales para millones de familias.<\/p>\n\n\n\n<figure class=\"wp-block-image is-style-default\"><a href=\"https:\/\/cgc.qroo.gob.mx\/cjg\/wp-content\/uploads\/2025\/10\/3c2f684e-065a-4cdf-bb26-72dd72f18ea1.jpg\"><img decoding=\"async\" src=\"https:\/\/cgc.qroo.gob.mx\/cjg\/wp-content\/uploads\/2025\/10\/3c2f684e-065a-4cdf-bb26-72dd72f18ea1-585x390.jpg\" alt=\"\" title=\"3c2f684e-065a-4cdf-bb26-72dd72f18ea1\"\/><\/a><\/figure>\n\n\n\n<p>En Quintana Roo existen 2 mil 989 unidades de carga registradas, de las cuales 1 mil 624 operan bajo modalidad regular y 1 mil 364 bajo modalidad especializada, lo que refleja la capacidad del sector para atender tanto la demanda local como la nacional, contribuyendo al turismo, el comercio y la vida diaria de los quintanarroenses.<\/p>\n\n\n\n<p>Durante su discurso, la mandataria resalt\u00f3 la importancia de la revisi\u00f3n del T-MEC como oportunidad para modernizar la flota -que supera los 20 a\u00f1os de antig\u00fcedad-, mejorar las condiciones laborales de las y los operadores, y consolidar a M\u00e9xico en la primera l\u00ednea del comercio global.<\/p>\n\n\n\n<figure class=\"wp-block-image is-style-default\"><a href=\"https:\/\/cgc.qroo.gob.mx\/cjg\/wp-content\/uploads\/2025\/10\/3d079051-0f19-405d-904e-588388d89431.jpg\"><img decoding=\"async\" src=\"https:\/\/cgc.qroo.gob.mx\/cjg\/wp-content\/uploads\/2025\/10\/3d079051-0f19-405d-904e-588388d89431-585x390.jpg\" alt=\"\" title=\"3d079051-0f19-405d-904e-588388d89431\"\/><\/a><\/figure>\n\n\n\n<p>Mara Lezama destac\u00f3 la creciente participaci\u00f3n de mujeres en un sector hist\u00f3ricamente dominado por hombres, subrayando que su inclusi\u00f3n es clave para una prosperidad compartida.<\/p>\n\n\n\n<p>\u201cEn Quintana Roo creemos que la igualdad se construye con hechos y que las mujeres tienen un papel estrat\u00e9gico en esta transformaci\u00f3n. Su presencia no es solo un avance, es una muestra de que la prosperidad compartida se alcanza cuando todas y todos participan en igualdad de condiciones\u201d, expres\u00f3.<\/p>\n\n\n\n<figure class=\"wp-block-image is-style-default\"><a href=\"https:\/\/cgc.qroo.gob.mx\/cjg\/wp-content\/uploads\/2025\/10\/08eeb635-98c5-4c5b-98a1-50f238b1bbc9.jpg\"><img decoding=\"async\" src=\"https:\/\/cgc.qroo.gob.mx\/cjg\/wp-content\/uploads\/2025\/10\/08eeb635-98c5-4c5b-98a1-50f238b1bbc9-585x390.jpg\" alt=\"\" title=\"08eeb635-98c5-4c5b-98a1-50f238b1bbc9\"\/><\/a><\/figure>\n\n\n\n<figure class=\"wp-block-image is-style-default\"><a href=\"https:\/\/cgc.qroo.gob.mx\/cjg\/wp-content\/uploads\/2025\/10\/8a6fbda1-23aa-44b6-aff4-e98a82855933.jpg\"><img decoding=\"async\" src=\"https:\/\/cgc.qroo.gob.mx\/cjg\/wp-content\/uploads\/2025\/10\/8a6fbda1-23aa-44b6-aff4-e98a82855933-585x390.jpg\" alt=\"\" title=\"8a6fbda1-23aa-44b6-aff4-e98a82855933\"\/><\/a><\/figure>\n\n\n\n<p>Asimismo, cit\u00f3 que m\u00e1s del 97% de los transportistas son micro y peque\u00f1os empresarios que requieren financiamiento accesible, capacitaci\u00f3n y tecnolog\u00eda, elementos fundamentales para fortalecer la competitividad del sector. En este sentido, el gobierno de Quintana Roo ha impulsado la simplificaci\u00f3n de tr\u00e1mites y la coordinaci\u00f3n con municipios, facilitando un procedimiento \u00fanico con seguimiento claro para los transportistas.<\/p>\n\n\n\n<p>La Gobernadora cerr\u00f3 su intervenci\u00f3n reconociendo la labor de los transportistas, resaltando su papel en mantener la econom\u00eda en movimiento y en generar bienestar y oportunidades para las comunidades. \u201cSomos un gobierno en que el ser humano es la prioridad y un estado en donde el \u00e9xito se mide con la prosperidad compartida, con el bienestar de las personas\u201d, precis\u00f3.<\/p>\n\n\n\n<p>\u201cGracias por seguir transportando a M\u00e9xico, por mantener en movimiento al pa\u00eds entero y por demostrar que esta industria no solo mueve mercanc\u00edas, sino que impulsa la vida econ\u00f3mica y social de cada comunidad\u201d, concluy\u00f3.<\/p>\n\n\n\n<p>El evento cont\u00f3 con la presencia del ingeniero Miguel \u00c1ngel Mart\u00ednez Mill\u00e1n, presidente nacional de CANACAR, quien comparti\u00f3 experiencias y propuestas para mejorar la log\u00edstica, competitividad e innovaci\u00f3n tecnol\u00f3gica en el pa\u00eds.<\/p>\n\n\n\n<figure class=\"wp-block-image is-style-default\"><a href=\"https:\/\/cgc.qroo.gob.mx\/cjg\/wp-content\/uploads\/2025\/10\/8c19021b-109e-43ea-88b7-390df5cd585a.jpg\"><img decoding=\"async\" src=\"https:\/\/cgc.qroo.gob.mx\/cjg\/wp-content\/uploads\/2025\/10\/8c19021b-109e-43ea-88b7-390df5cd585a-585x390.jpg\" alt=\"\" title=\"8c19021b-109e-43ea-88b7-390df5cd585a\"\/><\/a><\/figure>\n\n\n\n<p>Por su parte, el presidente de la CONCAMIN, Alejandro Malag\u00f3n Barrag\u00e1n, reconoci\u00f3 la importancia de la industria del transporte de carga, que hace posible que los negocios sigan en pie, que sostiene m\u00e1s de 6 millones de empleos directos e indirectos.<\/p>\n\n\n\n<p>El Consejo Coordinador Empresarial, en voz de su presidente Francisco Alberto Cervantes D\u00edaz, reconoci\u00f3 que el transporte es fundamental para fortalecer la econom\u00eda y el crecimiento de las y los transportistas es ejemplo de prosperidad compartida.<\/p>\n\n\n\n<figure class=\"wp-block-image is-style-default\"><a href=\"https:\/\/cgc.qroo.gob.mx\/cjg\/wp-content\/uploads\/2025\/10\/27c7ac52-5f4b-4745-b119-83ea37f29d39.jpg\"><img decoding=\"async\" src=\"https:\/\/cgc.qroo.gob.mx\/cjg\/wp-content\/uploads\/2025\/10\/27c7ac52-5f4b-4745-b119-83ea37f29d39-585x390.jpg\" alt=\"\" title=\"27c7ac52-5f4b-4745-b119-83ea37f29d39\"\/><\/a><\/figure>\n\n\n\n<p>Se cont\u00f3 con la presencia de Abdelfattah Lebbar, embajador del Reino de Marruecos en M\u00e9xico, y el subsecretario de Industria y Comercio del Gobierno de M\u00e9xico, Vidal Llerenas Morales.<\/p>\n\n\n\n<p>Tambi\u00e9n estuvieron en el evento, que incluy\u00f3 corte de list\u00f3n y recorrido por una exposici\u00f3n montada por proveedores, la presidenta municipal de Benito Ju\u00e1rez, Ana Paty Peralta de la Pe\u00f1a; el director general de la Direcci\u00f3n General de Autotransporte Federal de la SICT, Luis Ruiz Hern\u00e1ndez; los senadores Eugenio Segura y Lizet S\u00e1nchez Garc\u00eda; el secretario general del IMSS, Jorge Gavi\u00f1o Ambriz; el coordinador territorial regional sureste de la Guardia Nacional, General de Brigada DEM Juan Carlos Guzm\u00e1n Giadans.<\/p>\n","protected":false},"excerpt":{"rendered":"<p>Al participar en la inauguraci\u00f3n de la Convenci\u00f3n 2025 de la C\u00e1mara Nacional del Autotransporte de Carga (CANACAR)<\/p>\n","protected":false},"author":1,"featured_media":21404,"comment_status":"closed","ping_status":"open","sticky":false,"template":"","format":"standard","meta":{"_monsterinsights_skip_tracking":false,"_monsterinsights_sitenote_active":false,"_monsterinsights_sitenote_note":"","_monsterinsights_sitenote_category":0,"footnotes":""},"categories":[11,24],"tags":[],"class_list":["post-21403","post","type-post","status-publish","format-standard","has-post-thumbnail","hentry","category-noticias","category-quintana-roo"],"yoast_head":"<!-- This site is optimized with the Yoast SEO plugin v18.3 - https:\/\/yoast.com\/wordpress\/plugins\/seo\/ -->\n<title>Autotransporte de carga, aliado del desarrollo econ\u00f3mico y la prosperidad compartida, reconoce Mara Lezama - El Puuc Noticias<\/title>\n<meta name=\"robots\" content=\"index, follow, max-snippet:-1, max-image-preview:large, max-video-preview:-1\" \/>\n<link rel=\"canonical\" href=\"https:\/\/elpuucnoticias.com\/?p=21403\" \/>\n<meta property=\"og:locale\" content=\"es_ES\" \/>\n<meta property=\"og:type\" content=\"article\" \/>\n<meta property=\"og:title\" content=\"Autotransporte de carga, aliado del desarrollo econ\u00f3mico y la prosperidad compartida, reconoce Mara Lezama - El Puuc Noticias\" \/>\n<meta property=\"og:description\" content=\"Al participar en la inauguraci\u00f3n de la Convenci\u00f3n 2025 de la C\u00e1mara Nacional del Autotransporte de Carga (CANACAR)\" \/>\n<meta property=\"og:url\" content=\"https:\/\/elpuucnoticias.com\/?p=21403\" \/>\n<meta property=\"og:site_name\" content=\"El Puuc Noticias\" \/>\n<meta property=\"article:published_time\" content=\"2025-10-06T19:11:57+00:00\" \/>\n<meta property=\"article:modified_time\" content=\"2025-10-06T19:12:13+00:00\" \/>\n<meta property=\"og:image\" content=\"https:\/\/elpuucnoticias.com\/wp-content\/uploads\/2025\/10\/46fb4720-54f0-46a5-a7ff-3f103909ca7d.jpg\" \/>\n\t<meta property=\"og:image:width\" content=\"1280\" \/>\n\t<meta property=\"og:image:height\" content=\"854\" \/>\n\t<meta property=\"og:image:type\" content=\"image\/jpeg\" \/>\n<meta name=\"twitter:card\" content=\"summary_large_image\" \/>\n<meta name=\"twitter:label1\" content=\"Escrito por\" \/>\n\t<meta name=\"twitter:data1\" content=\"elpuucnoticias\" \/>\n\t<meta name=\"twitter:label2\" content=\"Tiempo de lectura\" \/>\n\t<meta name=\"twitter:data2\" content=\"4 minutos\" \/>\n<script type=\"application\/ld+json\" class=\"yoast-schema-graph\">{\"@context\":\"https:\/\/schema.org\",\"@graph\":[{\"@type\":\"WebSite\",\"@id\":\"https:\/\/elpuucnoticias.com\/#website\",\"url\":\"https:\/\/elpuucnoticias.com\/\",\"name\":\"El Puuc Noticias\",\"description\":\"Noticias - Entretenimiento - Deportes\",\"potentialAction\":[{\"@type\":\"SearchAction\",\"target\":{\"@type\":\"EntryPoint\",\"urlTemplate\":\"https:\/\/elpuucnoticias.com\/?s={search_term_string}\"},\"query-input\":\"required name=search_term_string\"}],\"inLanguage\":\"es\"},{\"@type\":\"ImageObject\",\"@id\":\"https:\/\/elpuucnoticias.com\/?p=21403#primaryimage\",\"inLanguage\":\"es\",\"url\":\"https:\/\/elpuucnoticias.com\/wp-content\/uploads\/2025\/10\/46fb4720-54f0-46a5-a7ff-3f103909ca7d.jpg\",\"contentUrl\":\"https:\/\/elpuucnoticias.com\/wp-content\/uploads\/2025\/10\/46fb4720-54f0-46a5-a7ff-3f103909ca7d.jpg\",\"width\":1280,\"height\":854},{\"@type\":\"WebPage\",\"@id\":\"https:\/\/elpuucnoticias.com\/?p=21403#webpage\",\"url\":\"https:\/\/elpuucnoticias.com\/?p=21403\",\"name\":\"Autotransporte de carga, aliado del desarrollo econ\u00f3mico y la prosperidad compartida, reconoce Mara Lezama - El Puuc Noticias\",\"isPartOf\":{\"@id\":\"https:\/\/elpuucnoticias.com\/#website\"},\"primaryImageOfPage\":{\"@id\":\"https:\/\/elpuucnoticias.com\/?p=21403#primaryimage\"},\"datePublished\":\"2025-10-06T19:11:57+00:00\",\"dateModified\":\"2025-10-06T19:12:13+00:00\",\"author\":{\"@id\":\"https:\/\/elpuucnoticias.com\/#\/schema\/person\/d2ea09e4c97f0160b11cdfb1d856bd9e\"},\"breadcrumb\":{\"@id\":\"https:\/\/elpuucnoticias.com\/?p=21403#breadcrumb\"},\"inLanguage\":\"es\",\"potentialAction\":[{\"@type\":\"ReadAction\",\"target\":[\"https:\/\/elpuucnoticias.com\/?p=21403\"]}]},{\"@type\":\"BreadcrumbList\",\"@id\":\"https:\/\/elpuucnoticias.com\/?p=21403#breadcrumb\",\"itemListElement\":[{\"@type\":\"ListItem\",\"position\":1,\"name\":\"Portada\",\"item\":\"https:\/\/elpuucnoticias.com\/\"},{\"@type\":\"ListItem\",\"position\":2,\"name\":\"Autotransporte de carga, aliado del desarrollo econ\u00f3mico y la prosperidad compartida, reconoce Mara Lezama\"}]},{\"@type\":\"Person\",\"@id\":\"https:\/\/elpuucnoticias.com\/#\/schema\/person\/d2ea09e4c97f0160b11cdfb1d856bd9e\",\"name\":\"elpuucnoticias\",\"image\":{\"@type\":\"ImageObject\",\"@id\":\"https:\/\/elpuucnoticias.com\/#personlogo\",\"inLanguage\":\"es\",\"url\":\"https:\/\/secure.gravatar.com\/avatar\/5290a43657c74ffa15701dbe5b846bd85cc71930d803c84e91046a7333de6ce2?s=96&d=mm&r=g\",\"contentUrl\":\"https:\/\/secure.gravatar.com\/avatar\/5290a43657c74ffa15701dbe5b846bd85cc71930d803c84e91046a7333de6ce2?s=96&d=mm&r=g\",\"caption\":\"elpuucnoticias\"},\"sameAs\":[\"https:\/\/elpuucnoticias.com\"],\"url\":\"https:\/\/elpuucnoticias.com\/?author=1\"}]}<\/script>\n<!-- \/ Yoast SEO plugin. -->","yoast_head_json":{"title":"Autotransporte de carga, aliado del desarrollo econ\u00f3mico y la prosperidad compartida, reconoce Mara Lezama - El Puuc Noticias","robots":{"index":"index","follow":"follow","max-snippet":"max-snippet:-1","max-image-preview":"max-image-preview:large","max-video-preview":"max-video-preview:-1"},"canonical":"https:\/\/elpuucnoticias.com\/?p=21403","og_locale":"es_ES","og_type":"article","og_title":"Autotransporte de carga, aliado del desarrollo econ\u00f3mico y la prosperidad compartida, reconoce Mara Lezama - El Puuc Noticias","og_description":"Al participar en la inauguraci\u00f3n de la Convenci\u00f3n 2025 de la C\u00e1mara Nacional del Autotransporte de Carga (CANACAR)","og_url":"https:\/\/elpuucnoticias.com\/?p=21403","og_site_name":"El Puuc Noticias","article_published_time":"2025-10-06T19:11:57+00:00","article_modified_time":"2025-10-06T19:12:13+00:00","og_image":[{"width":1280,"height":854,"url":"https:\/\/elpuucnoticias.com\/wp-content\/uploads\/2025\/10\/46fb4720-54f0-46a5-a7ff-3f103909ca7d.jpg","type":"image\/jpeg"}],"twitter_card":"summary_large_image","twitter_misc":{"Escrito por":"elpuucnoticias","Tiempo de lectura":"4 minutos"},"schema":{"@context":"https:\/\/schema.org","@graph":[{"@type":"WebSite","@id":"https:\/\/elpuucnoticias.com\/#website","url":"https:\/\/elpuucnoticias.com\/","name":"El Puuc Noticias","description":"Noticias - Entretenimiento - Deportes","potentialAction":[{"@type":"SearchAction","target":{"@type":"EntryPoint","urlTemplate":"https:\/\/elpuucnoticias.com\/?s={search_term_string}"},"query-input":"required name=search_term_string"}],"inLanguage":"es"},{"@type":"ImageObject","@id":"https:\/\/elpuucnoticias.com\/?p=21403#primaryimage","inLanguage":"es","url":"https:\/\/elpuucnoticias.com\/wp-content\/uploads\/2025\/10\/46fb4720-54f0-46a5-a7ff-3f103909ca7d.jpg","contentUrl":"https:\/\/elpuucnoticias.com\/wp-content\/uploads\/2025\/10\/46fb4720-54f0-46a5-a7ff-3f103909ca7d.jpg","width":1280,"height":854},{"@type":"WebPage","@id":"https:\/\/elpuucnoticias.com\/?p=21403#webpage","url":"https:\/\/elpuucnoticias.com\/?p=21403","name":"Autotransporte de carga, aliado del desarrollo econ\u00f3mico y la prosperidad compartida, reconoce Mara Lezama - El Puuc Noticias","isPartOf":{"@id":"https:\/\/elpuucnoticias.com\/#website"},"primaryImageOfPage":{"@id":"https:\/\/elpuucnoticias.com\/?p=21403#primaryimage"},"datePublished":"2025-10-06T19:11:57+00:00","dateModified":"2025-10-06T19:12:13+00:00","author":{"@id":"https:\/\/elpuucnoticias.com\/#\/schema\/person\/d2ea09e4c97f0160b11cdfb1d856bd9e"},"breadcrumb":{"@id":"https:\/\/elpuucnoticias.com\/?p=21403#breadcrumb"},"inLanguage":"es","potentialAction":[{"@type":"ReadAction","target":["https:\/\/elpuucnoticias.com\/?p=21403"]}]},{"@type":"BreadcrumbList","@id":"https:\/\/elpuucnoticias.com\/?p=21403#breadcrumb","itemListElement":[{"@type":"ListItem","position":1,"name":"Portada","item":"https:\/\/elpuucnoticias.com\/"},{"@type":"ListItem","position":2,"name":"Autotransporte de carga, aliado del desarrollo econ\u00f3mico y la prosperidad compartida, reconoce Mara Lezama"}]},{"@type":"Person","@id":"https:\/\/elpuucnoticias.com\/#\/schema\/person\/d2ea09e4c97f0160b11cdfb1d856bd9e","name":"elpuucnoticias","image":{"@type":"ImageObject","@id":"https:\/\/elpuucnoticias.com\/#personlogo","inLanguage":"es","url":"https:\/\/secure.gravatar.com\/avatar\/5290a43657c74ffa15701dbe5b846bd85cc71930d803c84e91046a7333de6ce2?s=96&d=mm&r=g","contentUrl":"https:\/\/secure.gravatar.com\/avatar\/5290a43657c74ffa15701dbe5b846bd85cc71930d803c84e91046a7333de6ce2?s=96&d=mm&r=g","caption":"elpuucnoticias"},"sameAs":["https:\/\/elpuucnoticias.com"],"url":"https:\/\/elpuucnoticias.com\/?author=1"}]}},"_links":{"self":[{"href":"https:\/\/elpuucnoticias.com\/index.php?rest_route=\/wp\/v2\/posts\/21403","targetHints":{"allow":["GET"]}}],"collection":[{"href":"https:\/\/elpuucnoticias.com\/index.php?rest_route=\/wp\/v2\/posts"}],"about":[{"href":"https:\/\/elpuucnoticias.com\/index.php?rest_route=\/wp\/v2\/types\/post"}],"author":[{"embeddable":true,"href":"https:\/\/elpuucnoticias.com\/index.php?rest_route=\/wp\/v2\/users\/1"}],"replies":[{"embeddable":true,"href":"https:\/\/elpuucnoticias.com\/index.php?rest_route=%2Fwp%2Fv2%2Fcomments&post=21403"}],"version-history":[{"count":1,"href":"https:\/\/elpuucnoticias.com\/index.php?rest_route=\/wp\/v2\/posts\/21403\/revisions"}],"predecessor-version":[{"id":21405,"href":"https:\/\/elpuucnoticias.com\/index.php?rest_route=\/wp\/v2\/posts\/21403\/revisions\/21405"}],"wp:featuredmedia":[{"embeddable":true,"href":"https:\/\/elpuucnoticias.com\/index.php?rest_route=\/wp\/v2\/media\/21404"}],"wp:attachment":[{"href":"https:\/\/elpuucnoticias.com\/index.php?rest_route=%2Fwp%2Fv2%2Fmedia&parent=21403"}],"wp:term":[{"taxonomy":"category","embeddable":true,"href":"https:\/\/elpuucnoticias.com\/index.php?rest_route=%2Fwp%2Fv2%2Fcategories&post=21403"},{"taxonomy":"post_tag","embeddable":true,"href":"https:\/\/elpuucnoticias.com\/index.php?rest_route=%2Fwp%2Fv2%2Ftags&post=21403"}],"curies":[{"name":"wp","href":"https:\/\/api.w.org\/{rel}","templated":true}]}}