{"id":21409,"date":"2025-10-06T13:19:01","date_gmt":"2025-10-06T19:19:01","guid":{"rendered":"https:\/\/elpuucnoticias.com\/?p=21409"},"modified":"2025-10-06T13:19:02","modified_gmt":"2025-10-06T19:19:02","slug":"promueve-la-fundacion-de-parques-y-museos-de-cozumel-la-inclusion-y-la-conservacion-ambiental-con-alumnado-del-cam-laboral-en-el-dia-mundial-de-los-animales","status":"publish","type":"post","link":"https:\/\/elpuucnoticias.com\/?p=21409","title":{"rendered":"Promueve la Fundaci\u00f3n de Parques y Museos de Cozumel la inclusi\u00f3n y la conservaci\u00f3n ambiental con alumnado del CAM Laboral en el D\u00eda Mundial de los Animales"},"content":{"rendered":"\n<p>En el marco del D\u00eda Mundial de los Animales, la Fundaci\u00f3n de Parques y Museos de Cozumel (FPMC) realiz\u00f3 una feria ambiental dirigida al alumnado del Centro de Atenci\u00f3n M\u00faltiple (CAM) Laboral \u201cGregoria Eulogia Franco Vivas\u201d, con el prop\u00f3sito de fomentar el conocimiento y la empat\u00eda hacia la fauna silvestre de la isla, promoviendo su conservaci\u00f3n y la inclusi\u00f3n social.<\/p>\n\n\n\n<figure class=\"wp-block-image is-style-default\"><a href=\"https:\/\/cgc.qroo.gob.mx\/cjg\/wp-content\/uploads\/2025\/10\/IMG-20251004-WA0016.jpg\"><img decoding=\"async\" src=\"https:\/\/cgc.qroo.gob.mx\/cjg\/wp-content\/uploads\/2025\/10\/IMG-20251004-WA0016-585x388.jpg\" alt=\"\" title=\"IMG-20251004-WA0016\"\/><\/a><\/figure>\n\n\n\n<p>La jornada inici\u00f3 con la presentaci\u00f3n del tema \u201cFauna de Cozumel\u201d, impartido por el bi\u00f3logo Adri\u00e1n Tun, del Parque Urbano Coraz\u00f3n, quien, junto al personal de la Direcci\u00f3n de Pedagog\u00eda y Asistencia Social (PAS), habl\u00f3 sobre las especies end\u00e9micas del pa\u00eds y de la isla, su importancia ecol\u00f3gica, las amenazas que enfrentan y las acciones necesarias para su conservaci\u00f3n.<\/p>\n\n\n\n<figure class=\"wp-block-image is-style-default\"><a href=\"https:\/\/cgc.qroo.gob.mx\/cjg\/wp-content\/uploads\/2025\/10\/IMG-20251004-WA0019.jpg\"><img decoding=\"async\" src=\"https:\/\/cgc.qroo.gob.mx\/cjg\/wp-content\/uploads\/2025\/10\/IMG-20251004-WA0019-585x390.jpg\" alt=\"\" title=\"IMG-20251004-WA0019\"\/><\/a><\/figure>\n\n\n\n<p>Posteriormente, se llev\u00f3 a cabo una feria ambiental interactiva, en la que participaron m\u00e1s de 40 alumnas y alumnos, quienes disfrutaron de actividades l\u00fadicas y educativas como tetris de aves, loter\u00eda de animales de Cozumel, memorama de fauna local, rompecabezas de morfolog\u00eda de rana, domin\u00f3 de aves y una bibliograf\u00eda ilustrada de especies del pa\u00eds y de la isla.<\/p>\n\n\n\n<figure class=\"wp-block-image is-style-default\"><a href=\"https:\/\/cgc.qroo.gob.mx\/cjg\/wp-content\/uploads\/2025\/10\/IMG-20251004-WA0020.jpg\"><img decoding=\"async\" src=\"https:\/\/cgc.qroo.gob.mx\/cjg\/wp-content\/uploads\/2025\/10\/IMG-20251004-WA0020-585x390.jpg\" alt=\"\" title=\"IMG-20251004-WA0020\"\/><\/a><\/figure>\n\n\n\n<p>La directora general de la FPMC, Juanita Alonso Marrufo, destac\u00f3 que esta actividad se enmarca en el Nuevo Acuerdo por el Bienestar y Desarrollo de Quintana Roo, que encabeza la gobernadora Mara Lezama Espinosa, y que promueve la inclusi\u00f3n, la empat\u00eda y el desarrollo sostenible.<\/p>\n\n\n\n<figure class=\"wp-block-image is-style-default\"><a href=\"https:\/\/cgc.qroo.gob.mx\/cjg\/wp-content\/uploads\/2025\/10\/IMG-20251004-WA0018.jpg\"><img decoding=\"async\" src=\"https:\/\/cgc.qroo.gob.mx\/cjg\/wp-content\/uploads\/2025\/10\/IMG-20251004-WA0018-585x390.jpg\" alt=\"\" title=\"IMG-20251004-WA0018\"\/><\/a><\/figure>\n\n\n\n<p>\u201cEstas acciones refuerzan la educaci\u00f3n ambiental y la sensibilidad hacia los animales, la biodiversidad y los ecosistemas naturales de Cozumel, involucrando a la juventud en un aprendizaje significativo y participativo\u201d, subray\u00f3.<\/p>\n\n\n\n<figure class=\"wp-block-image is-style-default\"><a href=\"https:\/\/cgc.qroo.gob.mx\/cjg\/wp-content\/uploads\/2025\/10\/IMG-20251004-WA0017.jpg\"><img decoding=\"async\" src=\"https:\/\/cgc.qroo.gob.mx\/cjg\/wp-content\/uploads\/2025\/10\/IMG-20251004-WA0017-585x390.jpg\" alt=\"\" title=\"IMG-20251004-WA0017\"\/><\/a><\/figure>\n\n\n\n<p>Con iniciativas como esta, la FPMC contin\u00faa realizando acciones para educar, sensibilizar e incluir a toda la comunidad en la conservaci\u00f3n del patrimonio natural de la isla, fortaleciendo los lazos entre sociedad y medio ambiente para un futuro sostenible.<\/p>\n","protected":false},"excerpt":{"rendered":"<p>En el marco del D\u00eda Mundial de los Animales, la Fundaci\u00f3n de Parques y Museos de Cozumel (FPMC)<\/p>\n","protected":false},"author":1,"featured_media":21410,"comment_status":"closed","ping_status":"open","sticky":false,"template":"","format":"standard","meta":{"_monsterinsights_skip_tracking":false,"_monsterinsights_sitenote_active":false,"_monsterinsights_sitenote_note":"","_monsterinsights_sitenote_category":0,"footnotes":""},"categories":[11,24],"tags":[],"class_list":["post-21409","post","type-post","status-publish","format-standard","has-post-thumbnail","hentry","category-noticias","category-quintana-roo"],"yoast_head":"<!-- This site is optimized with the Yoast SEO plugin v18.3 - https:\/\/yoast.com\/wordpress\/plugins\/seo\/ -->\n<title>Promueve la Fundaci\u00f3n de Parques y Museos de Cozumel la inclusi\u00f3n y la conservaci\u00f3n ambiental con alumnado del CAM Laboral en el D\u00eda Mundial de los Animales - El Puuc Noticias<\/title>\n<meta name=\"robots\" content=\"index, follow, max-snippet:-1, max-image-preview:large, max-video-preview:-1\" \/>\n<link rel=\"canonical\" href=\"https:\/\/elpuucnoticias.com\/?p=21409\" \/>\n<meta property=\"og:locale\" content=\"es_ES\" \/>\n<meta property=\"og:type\" content=\"article\" \/>\n<meta property=\"og:title\" content=\"Promueve la Fundaci\u00f3n de Parques y Museos de Cozumel la inclusi\u00f3n y la conservaci\u00f3n ambiental con alumnado del CAM Laboral en el D\u00eda Mundial de los Animales - El Puuc Noticias\" \/>\n<meta property=\"og:description\" content=\"En el marco del D\u00eda Mundial de los Animales, la Fundaci\u00f3n de Parques y Museos de Cozumel (FPMC)\" \/>\n<meta property=\"og:url\" content=\"https:\/\/elpuucnoticias.com\/?p=21409\" \/>\n<meta property=\"og:site_name\" content=\"El Puuc Noticias\" \/>\n<meta property=\"article:published_time\" content=\"2025-10-06T19:19:01+00:00\" \/>\n<meta property=\"article:modified_time\" content=\"2025-10-06T19:19:02+00:00\" \/>\n<meta property=\"og:image\" content=\"https:\/\/elpuucnoticias.com\/wp-content\/uploads\/2025\/10\/img-20251004-wa0021.jpg\" \/>\n\t<meta property=\"og:image:width\" content=\"1280\" \/>\n\t<meta property=\"og:image:height\" content=\"854\" \/>\n\t<meta property=\"og:image:type\" content=\"image\/jpeg\" \/>\n<meta name=\"twitter:card\" content=\"summary_large_image\" \/>\n<meta name=\"twitter:label1\" content=\"Escrito por\" \/>\n\t<meta name=\"twitter:data1\" content=\"elpuucnoticias\" \/>\n\t<meta name=\"twitter:label2\" content=\"Tiempo de lectura\" \/>\n\t<meta name=\"twitter:data2\" content=\"2 minutos\" \/>\n<script type=\"application\/ld+json\" class=\"yoast-schema-graph\">{\"@context\":\"https:\/\/schema.org\",\"@graph\":[{\"@type\":\"WebSite\",\"@id\":\"https:\/\/elpuucnoticias.com\/#website\",\"url\":\"https:\/\/elpuucnoticias.com\/\",\"name\":\"El Puuc Noticias\",\"description\":\"Noticias - Entretenimiento - Deportes\",\"potentialAction\":[{\"@type\":\"SearchAction\",\"target\":{\"@type\":\"EntryPoint\",\"urlTemplate\":\"https:\/\/elpuucnoticias.com\/?s={search_term_string}\"},\"query-input\":\"required name=search_term_string\"}],\"inLanguage\":\"es\"},{\"@type\":\"ImageObject\",\"@id\":\"https:\/\/elpuucnoticias.com\/?p=21409#primaryimage\",\"inLanguage\":\"es\",\"url\":\"https:\/\/elpuucnoticias.com\/wp-content\/uploads\/2025\/10\/img-20251004-wa0021.jpg\",\"contentUrl\":\"https:\/\/elpuucnoticias.com\/wp-content\/uploads\/2025\/10\/img-20251004-wa0021.jpg\",\"width\":1280,\"height\":854},{\"@type\":\"WebPage\",\"@id\":\"https:\/\/elpuucnoticias.com\/?p=21409#webpage\",\"url\":\"https:\/\/elpuucnoticias.com\/?p=21409\",\"name\":\"Promueve la Fundaci\u00f3n de Parques y Museos de Cozumel la inclusi\u00f3n y la conservaci\u00f3n ambiental con alumnado del CAM Laboral en el D\u00eda Mundial de los Animales - El Puuc Noticias\",\"isPartOf\":{\"@id\":\"https:\/\/elpuucnoticias.com\/#website\"},\"primaryImageOfPage\":{\"@id\":\"https:\/\/elpuucnoticias.com\/?p=21409#primaryimage\"},\"datePublished\":\"2025-10-06T19:19:01+00:00\",\"dateModified\":\"2025-10-06T19:19:02+00:00\",\"author\":{\"@id\":\"https:\/\/elpuucnoticias.com\/#\/schema\/person\/d2ea09e4c97f0160b11cdfb1d856bd9e\"},\"breadcrumb\":{\"@id\":\"https:\/\/elpuucnoticias.com\/?p=21409#breadcrumb\"},\"inLanguage\":\"es\",\"potentialAction\":[{\"@type\":\"ReadAction\",\"target\":[\"https:\/\/elpuucnoticias.com\/?p=21409\"]}]},{\"@type\":\"BreadcrumbList\",\"@id\":\"https:\/\/elpuucnoticias.com\/?p=21409#breadcrumb\",\"itemListElement\":[{\"@type\":\"ListItem\",\"position\":1,\"name\":\"Portada\",\"item\":\"https:\/\/elpuucnoticias.com\/\"},{\"@type\":\"ListItem\",\"position\":2,\"name\":\"Promueve la Fundaci\u00f3n de Parques y Museos de Cozumel la inclusi\u00f3n y la conservaci\u00f3n ambiental con alumnado del CAM Laboral en el D\u00eda Mundial de los Animales\"}]},{\"@type\":\"Person\",\"@id\":\"https:\/\/elpuucnoticias.com\/#\/schema\/person\/d2ea09e4c97f0160b11cdfb1d856bd9e\",\"name\":\"elpuucnoticias\",\"image\":{\"@type\":\"ImageObject\",\"@id\":\"https:\/\/elpuucnoticias.com\/#personlogo\",\"inLanguage\":\"es\",\"url\":\"https:\/\/secure.gravatar.com\/avatar\/5290a43657c74ffa15701dbe5b846bd85cc71930d803c84e91046a7333de6ce2?s=96&d=mm&r=g\",\"contentUrl\":\"https:\/\/secure.gravatar.com\/avatar\/5290a43657c74ffa15701dbe5b846bd85cc71930d803c84e91046a7333de6ce2?s=96&d=mm&r=g\",\"caption\":\"elpuucnoticias\"},\"sameAs\":[\"https:\/\/elpuucnoticias.com\"],\"url\":\"https:\/\/elpuucnoticias.com\/?author=1\"}]}<\/script>\n<!-- \/ Yoast SEO plugin. -->","yoast_head_json":{"title":"Promueve la Fundaci\u00f3n de Parques y Museos de Cozumel la inclusi\u00f3n y la conservaci\u00f3n ambiental con alumnado del CAM Laboral en el D\u00eda Mundial de los Animales - El Puuc Noticias","robots":{"index":"index","follow":"follow","max-snippet":"max-snippet:-1","max-image-preview":"max-image-preview:large","max-video-preview":"max-video-preview:-1"},"canonical":"https:\/\/elpuucnoticias.com\/?p=21409","og_locale":"es_ES","og_type":"article","og_title":"Promueve la Fundaci\u00f3n de Parques y Museos de Cozumel la inclusi\u00f3n y la conservaci\u00f3n ambiental con alumnado del CAM Laboral en el D\u00eda Mundial de los Animales - El Puuc Noticias","og_description":"En el marco del D\u00eda Mundial de los Animales, la Fundaci\u00f3n de Parques y Museos de Cozumel (FPMC)","og_url":"https:\/\/elpuucnoticias.com\/?p=21409","og_site_name":"El Puuc Noticias","article_published_time":"2025-10-06T19:19:01+00:00","article_modified_time":"2025-10-06T19:19:02+00:00","og_image":[{"width":1280,"height":854,"url":"https:\/\/elpuucnoticias.com\/wp-content\/uploads\/2025\/10\/img-20251004-wa0021.jpg","type":"image\/jpeg"}],"twitter_card":"summary_large_image","twitter_misc":{"Escrito por":"elpuucnoticias","Tiempo de lectura":"2 minutos"},"schema":{"@context":"https:\/\/schema.org","@graph":[{"@type":"WebSite","@id":"https:\/\/elpuucnoticias.com\/#website","url":"https:\/\/elpuucnoticias.com\/","name":"El Puuc Noticias","description":"Noticias - Entretenimiento - Deportes","potentialAction":[{"@type":"SearchAction","target":{"@type":"EntryPoint","urlTemplate":"https:\/\/elpuucnoticias.com\/?s={search_term_string}"},"query-input":"required name=search_term_string"}],"inLanguage":"es"},{"@type":"ImageObject","@id":"https:\/\/elpuucnoticias.com\/?p=21409#primaryimage","inLanguage":"es","url":"https:\/\/elpuucnoticias.com\/wp-content\/uploads\/2025\/10\/img-20251004-wa0021.jpg","contentUrl":"https:\/\/elpuucnoticias.com\/wp-content\/uploads\/2025\/10\/img-20251004-wa0021.jpg","width":1280,"height":854},{"@type":"WebPage","@id":"https:\/\/elpuucnoticias.com\/?p=21409#webpage","url":"https:\/\/elpuucnoticias.com\/?p=21409","name":"Promueve la Fundaci\u00f3n de Parques y Museos de Cozumel la inclusi\u00f3n y la conservaci\u00f3n ambiental con alumnado del CAM Laboral en el D\u00eda Mundial de los Animales - El Puuc Noticias","isPartOf":{"@id":"https:\/\/elpuucnoticias.com\/#website"},"primaryImageOfPage":{"@id":"https:\/\/elpuucnoticias.com\/?p=21409#primaryimage"},"datePublished":"2025-10-06T19:19:01+00:00","dateModified":"2025-10-06T19:19:02+00:00","author":{"@id":"https:\/\/elpuucnoticias.com\/#\/schema\/person\/d2ea09e4c97f0160b11cdfb1d856bd9e"},"breadcrumb":{"@id":"https:\/\/elpuucnoticias.com\/?p=21409#breadcrumb"},"inLanguage":"es","potentialAction":[{"@type":"ReadAction","target":["https:\/\/elpuucnoticias.com\/?p=21409"]}]},{"@type":"BreadcrumbList","@id":"https:\/\/elpuucnoticias.com\/?p=21409#breadcrumb","itemListElement":[{"@type":"ListItem","position":1,"name":"Portada","item":"https:\/\/elpuucnoticias.com\/"},{"@type":"ListItem","position":2,"name":"Promueve la Fundaci\u00f3n de Parques y Museos de Cozumel la inclusi\u00f3n y la conservaci\u00f3n ambiental con alumnado del CAM Laboral en el D\u00eda Mundial de los Animales"}]},{"@type":"Person","@id":"https:\/\/elpuucnoticias.com\/#\/schema\/person\/d2ea09e4c97f0160b11cdfb1d856bd9e","name":"elpuucnoticias","image":{"@type":"ImageObject","@id":"https:\/\/elpuucnoticias.com\/#personlogo","inLanguage":"es","url":"https:\/\/secure.gravatar.com\/avatar\/5290a43657c74ffa15701dbe5b846bd85cc71930d803c84e91046a7333de6ce2?s=96&d=mm&r=g","contentUrl":"https:\/\/secure.gravatar.com\/avatar\/5290a43657c74ffa15701dbe5b846bd85cc71930d803c84e91046a7333de6ce2?s=96&d=mm&r=g","caption":"elpuucnoticias"},"sameAs":["https:\/\/elpuucnoticias.com"],"url":"https:\/\/elpuucnoticias.com\/?author=1"}]}},"_links":{"self":[{"href":"https:\/\/elpuucnoticias.com\/index.php?rest_route=\/wp\/v2\/posts\/21409","targetHints":{"allow":["GET"]}}],"collection":[{"href":"https:\/\/elpuucnoticias.com\/index.php?rest_route=\/wp\/v2\/posts"}],"about":[{"href":"https:\/\/elpuucnoticias.com\/index.php?rest_route=\/wp\/v2\/types\/post"}],"author":[{"embeddable":true,"href":"https:\/\/elpuucnoticias.com\/index.php?rest_route=\/wp\/v2\/users\/1"}],"replies":[{"embeddable":true,"href":"https:\/\/elpuucnoticias.com\/index.php?rest_route=%2Fwp%2Fv2%2Fcomments&post=21409"}],"version-history":[{"count":1,"href":"https:\/\/elpuucnoticias.com\/index.php?rest_route=\/wp\/v2\/posts\/21409\/revisions"}],"predecessor-version":[{"id":21411,"href":"https:\/\/elpuucnoticias.com\/index.php?rest_route=\/wp\/v2\/posts\/21409\/revisions\/21411"}],"wp:featuredmedia":[{"embeddable":true,"href":"https:\/\/elpuucnoticias.com\/index.php?rest_route=\/wp\/v2\/media\/21410"}],"wp:attachment":[{"href":"https:\/\/elpuucnoticias.com\/index.php?rest_route=%2Fwp%2Fv2%2Fmedia&parent=21409"}],"wp:term":[{"taxonomy":"category","embeddable":true,"href":"https:\/\/elpuucnoticias.com\/index.php?rest_route=%2Fwp%2Fv2%2Fcategories&post=21409"},{"taxonomy":"post_tag","embeddable":true,"href":"https:\/\/elpuucnoticias.com\/index.php?rest_route=%2Fwp%2Fv2%2Ftags&post=21409"}],"curies":[{"name":"wp","href":"https:\/\/api.w.org\/{rel}","templated":true}]}}