{"id":21418,"date":"2025-10-06T13:54:03","date_gmt":"2025-10-06T19:54:03","guid":{"rendered":"https:\/\/elpuucnoticias.com\/?p=21418"},"modified":"2025-10-06T13:54:03","modified_gmt":"2025-10-06T19:54:03","slug":"activan-la-comision-del-deporte-de-quintana-roo-y-el-instituto-del-deporte-de-playa-del-carmen-a-la-ciudadania-con-la-carrera-recreativa-2025-ponte-pila-5k","status":"publish","type":"post","link":"https:\/\/elpuucnoticias.com\/?p=21418","title":{"rendered":"Activan la Comisi\u00f3n del Deporte de Quintana Roo y el Instituto del Deporte de Playa del Carmen a la ciudadan\u00eda con la Carrera Recreativa 2025 \u00a1Ponte Pila! 5K"},"content":{"rendered":"\n<p>Con una nutrida participaci\u00f3n de alrededor de mil corredores, se realiz\u00f3 con \u00e9xito la Carrera Recreativa 5K \u00a1Ponte Pila! 2025, teniendo como escenario la Unidad Deportiva \u201cMario Villanueva Madrid\u201d y sus alrededores en Playa del Carmen. Con esto, Quintana Roo reafirm\u00f3 su compromiso de sumarse a la estrategia nacional para promover la activaci\u00f3n f\u00edsica como una herramienta para la construcci\u00f3n de paz y para continuar con la transformaci\u00f3n del deporte en todo M\u00e9xico.<\/p>\n\n\n\n<figure class=\"wp-block-image is-style-default\"><a href=\"https:\/\/cgc.qroo.gob.mx\/cjg\/wp-content\/uploads\/2025\/10\/IMG-20251005-WA0007.jpg\"><img decoding=\"async\" src=\"https:\/\/cgc.qroo.gob.mx\/cjg\/wp-content\/uploads\/2025\/10\/IMG-20251005-WA0007-585x390.jpg\" alt=\"\" title=\"IMG-20251005-WA0007\"\/><\/a><\/figure>\n\n\n\n<figure class=\"wp-block-image is-style-default\"><a href=\"https:\/\/cgc.qroo.gob.mx\/cjg\/wp-content\/uploads\/2025\/10\/IMG-20251005-WA0009.jpg\"><img decoding=\"async\" src=\"https:\/\/cgc.qroo.gob.mx\/cjg\/wp-content\/uploads\/2025\/10\/IMG-20251005-WA0009-585x390.jpg\" alt=\"\" title=\"IMG-20251005-WA0009\"\/><\/a><\/figure>\n\n\n\n<p>Tal como lo marca el Nuevo Acuerdo por el Bienestar y Desarrollo que promueve la gobernadora Mara Lezama Espinosa, se trabaja de manera coordinada y #ANivelDeCancha para que el deporte sea una prioridad y, a su vez, una acci\u00f3n que permita la integraci\u00f3n de las y los ciudadanos quintanarroenses, todo esto a trav\u00e9s de la Comisi\u00f3n del Deporte de Quintana Roo (CODEQ), que preside Jacobo Arzate Hop.<\/p>\n\n\n\n<figure class=\"wp-block-image is-style-default\"><a href=\"https:\/\/cgc.qroo.gob.mx\/cjg\/wp-content\/uploads\/2025\/10\/IMG-20251005-WA0010.jpg\"><img decoding=\"async\" src=\"https:\/\/cgc.qroo.gob.mx\/cjg\/wp-content\/uploads\/2025\/10\/IMG-20251005-WA0010-585x390.jpg\" alt=\"\" title=\"IMG-20251005-WA0010\"\/><\/a><\/figure>\n\n\n\n<figure class=\"wp-block-image is-style-default\"><a href=\"https:\/\/cgc.qroo.gob.mx\/cjg\/wp-content\/uploads\/2025\/10\/IMG-20251005-WA0003.jpg\"><img decoding=\"async\" src=\"https:\/\/cgc.qroo.gob.mx\/cjg\/wp-content\/uploads\/2025\/10\/IMG-20251005-WA0003-585x390.jpg\" alt=\"\" title=\"IMG-20251005-WA0003\"\/><\/a><\/figure>\n\n\n\n<p>Previo a la salida, Arzate Hop estuvo acompa\u00f1ado de Alberto \u201cBeto\u201d L\u00f3pez, director del Deporte Playa del Carmen, y juntos mandaron un mensaje de apoyo y respaldo total a la estrategia nacional \u00a1Ponte Pila!, reafirmando tambi\u00e9n el compromiso de trabajar siempre de la mano con el Gobierno Federal, a trav\u00e9s de la Comisi\u00f3n Nacional de Cultura F\u00edsica y Deporte (CONADE), encabezada por el director Rommel Pacheco.<\/p>\n\n\n\n<figure class=\"wp-block-image is-style-default\"><a href=\"https:\/\/cgc.qroo.gob.mx\/cjg\/wp-content\/uploads\/2025\/10\/IMG-20251005-WA0004.jpg\"><img decoding=\"async\" src=\"https:\/\/cgc.qroo.gob.mx\/cjg\/wp-content\/uploads\/2025\/10\/IMG-20251005-WA0004-585x411.jpg\" alt=\"\" title=\"IMG-20251005-WA0004\"\/><\/a><\/figure>\n\n\n\n<figure class=\"wp-block-image is-style-default\"><a href=\"https:\/\/cgc.qroo.gob.mx\/cjg\/wp-content\/uploads\/2025\/10\/IMG-20251005-WA0005.jpg\"><img decoding=\"async\" src=\"https:\/\/cgc.qroo.gob.mx\/cjg\/wp-content\/uploads\/2025\/10\/IMG-20251005-WA0005-585x390.jpg\" alt=\"\" title=\"IMG-20251005-WA0005\"\/><\/a><\/figure>\n\n\n\n<p>\u201cQuintana Roo es parte de la transformaci\u00f3n del deporte en el pa\u00eds, por eso nos sumamos a estas actividades que solo tienen por objetivo promover la activaci\u00f3n f\u00edsica entre la ciudadan\u00eda, una iniciativa nacional que estamos replicando en nuestro estado y a la que hoy tambi\u00e9n se sum\u00f3 el municipio de Playa del Carmen\u201d, coment\u00f3 Jacobo Arzate, quien adem\u00e1s corri\u00f3 cinco kil\u00f3metros en esta divertida convivencia deportiva.<\/p>\n\n\n\n<figure class=\"wp-block-image is-style-default\"><a href=\"https:\/\/cgc.qroo.gob.mx\/cjg\/wp-content\/uploads\/2025\/10\/IMG-20251005-WA0006.jpg\"><img decoding=\"async\" src=\"https:\/\/cgc.qroo.gob.mx\/cjg\/wp-content\/uploads\/2025\/10\/IMG-20251005-WA0006-585x390.jpg\" alt=\"\" title=\"IMG-20251005-WA0006\"\/><\/a><\/figure>\n\n\n\n<p>Fueron alrededor de mil corredores los que participaron en esta actividad, que tuvo como inicio y meta la Unidad Deportiva \u201cMario Villanueva Madrid\u201d, realizando el recorrido por varios puntos de Playa del Carmen.<\/p>\n","protected":false},"excerpt":{"rendered":"<p>Con una nutrida participaci\u00f3n de alrededor de mil corredores, se realiz\u00f3 con \u00e9xito la Carrera Recreativa 5K \u00a1Ponte<\/p>\n","protected":false},"author":1,"featured_media":21419,"comment_status":"closed","ping_status":"open","sticky":false,"template":"","format":"standard","meta":{"_monsterinsights_skip_tracking":false,"_monsterinsights_sitenote_active":false,"_monsterinsights_sitenote_note":"","_monsterinsights_sitenote_category":0,"footnotes":""},"categories":[11,24],"tags":[],"class_list":["post-21418","post","type-post","status-publish","format-standard","has-post-thumbnail","hentry","category-noticias","category-quintana-roo"],"yoast_head":"<!-- This site is optimized with the Yoast SEO plugin v18.3 - https:\/\/yoast.com\/wordpress\/plugins\/seo\/ -->\n<title>Activan la Comisi\u00f3n del Deporte de Quintana Roo y el Instituto del Deporte de Playa del Carmen a la ciudadan\u00eda con la Carrera Recreativa 2025 \u00a1Ponte Pila! 5K - El Puuc Noticias<\/title>\n<meta name=\"robots\" content=\"index, follow, max-snippet:-1, max-image-preview:large, max-video-preview:-1\" \/>\n<link rel=\"canonical\" href=\"https:\/\/elpuucnoticias.com\/?p=21418\" \/>\n<meta property=\"og:locale\" content=\"es_ES\" \/>\n<meta property=\"og:type\" content=\"article\" \/>\n<meta property=\"og:title\" content=\"Activan la Comisi\u00f3n del Deporte de Quintana Roo y el Instituto del Deporte de Playa del Carmen a la ciudadan\u00eda con la Carrera Recreativa 2025 \u00a1Ponte Pila! 5K - El Puuc Noticias\" \/>\n<meta property=\"og:description\" content=\"Con una nutrida participaci\u00f3n de alrededor de mil corredores, se realiz\u00f3 con \u00e9xito la Carrera Recreativa 5K \u00a1Ponte\" \/>\n<meta property=\"og:url\" content=\"https:\/\/elpuucnoticias.com\/?p=21418\" \/>\n<meta property=\"og:site_name\" content=\"El Puuc Noticias\" \/>\n<meta property=\"article:published_time\" content=\"2025-10-06T19:54:03+00:00\" \/>\n<meta property=\"og:image\" content=\"https:\/\/elpuucnoticias.com\/wp-content\/uploads\/2025\/10\/img-20251005-wa0008.jpg\" \/>\n\t<meta property=\"og:image:width\" content=\"1600\" \/>\n\t<meta property=\"og:image:height\" content=\"1066\" \/>\n\t<meta property=\"og:image:type\" content=\"image\/jpeg\" \/>\n<meta name=\"twitter:card\" content=\"summary_large_image\" \/>\n<meta name=\"twitter:label1\" content=\"Escrito por\" \/>\n\t<meta name=\"twitter:data1\" content=\"elpuucnoticias\" \/>\n\t<meta name=\"twitter:label2\" content=\"Tiempo de lectura\" \/>\n\t<meta name=\"twitter:data2\" content=\"2 minutos\" \/>\n<script type=\"application\/ld+json\" class=\"yoast-schema-graph\">{\"@context\":\"https:\/\/schema.org\",\"@graph\":[{\"@type\":\"WebSite\",\"@id\":\"https:\/\/elpuucnoticias.com\/#website\",\"url\":\"https:\/\/elpuucnoticias.com\/\",\"name\":\"El Puuc Noticias\",\"description\":\"Noticias - Entretenimiento - Deportes\",\"potentialAction\":[{\"@type\":\"SearchAction\",\"target\":{\"@type\":\"EntryPoint\",\"urlTemplate\":\"https:\/\/elpuucnoticias.com\/?s={search_term_string}\"},\"query-input\":\"required name=search_term_string\"}],\"inLanguage\":\"es\"},{\"@type\":\"ImageObject\",\"@id\":\"https:\/\/elpuucnoticias.com\/?p=21418#primaryimage\",\"inLanguage\":\"es\",\"url\":\"https:\/\/elpuucnoticias.com\/wp-content\/uploads\/2025\/10\/img-20251005-wa0008.jpg\",\"contentUrl\":\"https:\/\/elpuucnoticias.com\/wp-content\/uploads\/2025\/10\/img-20251005-wa0008.jpg\",\"width\":1600,\"height\":1066},{\"@type\":\"WebPage\",\"@id\":\"https:\/\/elpuucnoticias.com\/?p=21418#webpage\",\"url\":\"https:\/\/elpuucnoticias.com\/?p=21418\",\"name\":\"Activan la Comisi\u00f3n del Deporte de Quintana Roo y el Instituto del Deporte de Playa del Carmen a la ciudadan\u00eda con la Carrera Recreativa 2025 \u00a1Ponte Pila! 5K - El Puuc Noticias\",\"isPartOf\":{\"@id\":\"https:\/\/elpuucnoticias.com\/#website\"},\"primaryImageOfPage\":{\"@id\":\"https:\/\/elpuucnoticias.com\/?p=21418#primaryimage\"},\"datePublished\":\"2025-10-06T19:54:03+00:00\",\"dateModified\":\"2025-10-06T19:54:03+00:00\",\"author\":{\"@id\":\"https:\/\/elpuucnoticias.com\/#\/schema\/person\/d2ea09e4c97f0160b11cdfb1d856bd9e\"},\"breadcrumb\":{\"@id\":\"https:\/\/elpuucnoticias.com\/?p=21418#breadcrumb\"},\"inLanguage\":\"es\",\"potentialAction\":[{\"@type\":\"ReadAction\",\"target\":[\"https:\/\/elpuucnoticias.com\/?p=21418\"]}]},{\"@type\":\"BreadcrumbList\",\"@id\":\"https:\/\/elpuucnoticias.com\/?p=21418#breadcrumb\",\"itemListElement\":[{\"@type\":\"ListItem\",\"position\":1,\"name\":\"Portada\",\"item\":\"https:\/\/elpuucnoticias.com\/\"},{\"@type\":\"ListItem\",\"position\":2,\"name\":\"Activan la Comisi\u00f3n del Deporte de Quintana Roo y el Instituto del Deporte de Playa del Carmen a la ciudadan\u00eda con la Carrera Recreativa 2025 \u00a1Ponte Pila! 5K\"}]},{\"@type\":\"Person\",\"@id\":\"https:\/\/elpuucnoticias.com\/#\/schema\/person\/d2ea09e4c97f0160b11cdfb1d856bd9e\",\"name\":\"elpuucnoticias\",\"image\":{\"@type\":\"ImageObject\",\"@id\":\"https:\/\/elpuucnoticias.com\/#personlogo\",\"inLanguage\":\"es\",\"url\":\"https:\/\/secure.gravatar.com\/avatar\/5290a43657c74ffa15701dbe5b846bd85cc71930d803c84e91046a7333de6ce2?s=96&d=mm&r=g\",\"contentUrl\":\"https:\/\/secure.gravatar.com\/avatar\/5290a43657c74ffa15701dbe5b846bd85cc71930d803c84e91046a7333de6ce2?s=96&d=mm&r=g\",\"caption\":\"elpuucnoticias\"},\"sameAs\":[\"https:\/\/elpuucnoticias.com\"],\"url\":\"https:\/\/elpuucnoticias.com\/?author=1\"}]}<\/script>\n<!-- \/ Yoast SEO plugin. -->","yoast_head_json":{"title":"Activan la Comisi\u00f3n del Deporte de Quintana Roo y el Instituto del Deporte de Playa del Carmen a la ciudadan\u00eda con la Carrera Recreativa 2025 \u00a1Ponte Pila! 5K - El Puuc Noticias","robots":{"index":"index","follow":"follow","max-snippet":"max-snippet:-1","max-image-preview":"max-image-preview:large","max-video-preview":"max-video-preview:-1"},"canonical":"https:\/\/elpuucnoticias.com\/?p=21418","og_locale":"es_ES","og_type":"article","og_title":"Activan la Comisi\u00f3n del Deporte de Quintana Roo y el Instituto del Deporte de Playa del Carmen a la ciudadan\u00eda con la Carrera Recreativa 2025 \u00a1Ponte Pila! 5K - El Puuc Noticias","og_description":"Con una nutrida participaci\u00f3n de alrededor de mil corredores, se realiz\u00f3 con \u00e9xito la Carrera Recreativa 5K \u00a1Ponte","og_url":"https:\/\/elpuucnoticias.com\/?p=21418","og_site_name":"El Puuc Noticias","article_published_time":"2025-10-06T19:54:03+00:00","og_image":[{"width":1600,"height":1066,"url":"https:\/\/elpuucnoticias.com\/wp-content\/uploads\/2025\/10\/img-20251005-wa0008.jpg","type":"image\/jpeg"}],"twitter_card":"summary_large_image","twitter_misc":{"Escrito por":"elpuucnoticias","Tiempo de lectura":"2 minutos"},"schema":{"@context":"https:\/\/schema.org","@graph":[{"@type":"WebSite","@id":"https:\/\/elpuucnoticias.com\/#website","url":"https:\/\/elpuucnoticias.com\/","name":"El Puuc Noticias","description":"Noticias - Entretenimiento - Deportes","potentialAction":[{"@type":"SearchAction","target":{"@type":"EntryPoint","urlTemplate":"https:\/\/elpuucnoticias.com\/?s={search_term_string}"},"query-input":"required name=search_term_string"}],"inLanguage":"es"},{"@type":"ImageObject","@id":"https:\/\/elpuucnoticias.com\/?p=21418#primaryimage","inLanguage":"es","url":"https:\/\/elpuucnoticias.com\/wp-content\/uploads\/2025\/10\/img-20251005-wa0008.jpg","contentUrl":"https:\/\/elpuucnoticias.com\/wp-content\/uploads\/2025\/10\/img-20251005-wa0008.jpg","width":1600,"height":1066},{"@type":"WebPage","@id":"https:\/\/elpuucnoticias.com\/?p=21418#webpage","url":"https:\/\/elpuucnoticias.com\/?p=21418","name":"Activan la Comisi\u00f3n del Deporte de Quintana Roo y el Instituto del Deporte de Playa del Carmen a la ciudadan\u00eda con la Carrera Recreativa 2025 \u00a1Ponte Pila! 5K - El Puuc Noticias","isPartOf":{"@id":"https:\/\/elpuucnoticias.com\/#website"},"primaryImageOfPage":{"@id":"https:\/\/elpuucnoticias.com\/?p=21418#primaryimage"},"datePublished":"2025-10-06T19:54:03+00:00","dateModified":"2025-10-06T19:54:03+00:00","author":{"@id":"https:\/\/elpuucnoticias.com\/#\/schema\/person\/d2ea09e4c97f0160b11cdfb1d856bd9e"},"breadcrumb":{"@id":"https:\/\/elpuucnoticias.com\/?p=21418#breadcrumb"},"inLanguage":"es","potentialAction":[{"@type":"ReadAction","target":["https:\/\/elpuucnoticias.com\/?p=21418"]}]},{"@type":"BreadcrumbList","@id":"https:\/\/elpuucnoticias.com\/?p=21418#breadcrumb","itemListElement":[{"@type":"ListItem","position":1,"name":"Portada","item":"https:\/\/elpuucnoticias.com\/"},{"@type":"ListItem","position":2,"name":"Activan la Comisi\u00f3n del Deporte de Quintana Roo y el Instituto del Deporte de Playa del Carmen a la ciudadan\u00eda con la Carrera Recreativa 2025 \u00a1Ponte Pila! 5K"}]},{"@type":"Person","@id":"https:\/\/elpuucnoticias.com\/#\/schema\/person\/d2ea09e4c97f0160b11cdfb1d856bd9e","name":"elpuucnoticias","image":{"@type":"ImageObject","@id":"https:\/\/elpuucnoticias.com\/#personlogo","inLanguage":"es","url":"https:\/\/secure.gravatar.com\/avatar\/5290a43657c74ffa15701dbe5b846bd85cc71930d803c84e91046a7333de6ce2?s=96&d=mm&r=g","contentUrl":"https:\/\/secure.gravatar.com\/avatar\/5290a43657c74ffa15701dbe5b846bd85cc71930d803c84e91046a7333de6ce2?s=96&d=mm&r=g","caption":"elpuucnoticias"},"sameAs":["https:\/\/elpuucnoticias.com"],"url":"https:\/\/elpuucnoticias.com\/?author=1"}]}},"_links":{"self":[{"href":"https:\/\/elpuucnoticias.com\/index.php?rest_route=\/wp\/v2\/posts\/21418","targetHints":{"allow":["GET"]}}],"collection":[{"href":"https:\/\/elpuucnoticias.com\/index.php?rest_route=\/wp\/v2\/posts"}],"about":[{"href":"https:\/\/elpuucnoticias.com\/index.php?rest_route=\/wp\/v2\/types\/post"}],"author":[{"embeddable":true,"href":"https:\/\/elpuucnoticias.com\/index.php?rest_route=\/wp\/v2\/users\/1"}],"replies":[{"embeddable":true,"href":"https:\/\/elpuucnoticias.com\/index.php?rest_route=%2Fwp%2Fv2%2Fcomments&post=21418"}],"version-history":[{"count":1,"href":"https:\/\/elpuucnoticias.com\/index.php?rest_route=\/wp\/v2\/posts\/21418\/revisions"}],"predecessor-version":[{"id":21420,"href":"https:\/\/elpuucnoticias.com\/index.php?rest_route=\/wp\/v2\/posts\/21418\/revisions\/21420"}],"wp:featuredmedia":[{"embeddable":true,"href":"https:\/\/elpuucnoticias.com\/index.php?rest_route=\/wp\/v2\/media\/21419"}],"wp:attachment":[{"href":"https:\/\/elpuucnoticias.com\/index.php?rest_route=%2Fwp%2Fv2%2Fmedia&parent=21418"}],"wp:term":[{"taxonomy":"category","embeddable":true,"href":"https:\/\/elpuucnoticias.com\/index.php?rest_route=%2Fwp%2Fv2%2Fcategories&post=21418"},{"taxonomy":"post_tag","embeddable":true,"href":"https:\/\/elpuucnoticias.com\/index.php?rest_route=%2Fwp%2Fv2%2Ftags&post=21418"}],"curies":[{"name":"wp","href":"https:\/\/api.w.org\/{rel}","templated":true}]}}