{"id":21421,"date":"2025-10-06T13:57:56","date_gmt":"2025-10-06T19:57:56","guid":{"rendered":"https:\/\/elpuucnoticias.com\/?p=21421"},"modified":"2025-10-06T13:57:57","modified_gmt":"2025-10-06T19:57:57","slug":"quintana-roo-respalda-a-claudia-en-historica-rendicion-de-cuentas-ante-mas-de-400-mil-personas","status":"publish","type":"post","link":"https:\/\/elpuucnoticias.com\/?p=21421","title":{"rendered":"Quintana Roo respalda a Claudia en hist\u00f3rica rendici\u00f3n de cuentas ante m\u00e1s de 400 mil personas"},"content":{"rendered":"\n<p>\u201cDesde Quintana Roo apoyamos a la Presidenta de M\u00e9xico, Claudia Sheinbaum, en el acto hist\u00f3rico de rendici\u00f3n de cuentas \u201cLa Transformaci\u00f3n Avanza\u201d ante m\u00e1s de 400 mil personas en el z\u00f3calo de la Ciudad de M\u00e9xico, afirm\u00f3 la gobernadora Mara Lezama Espinosa.<\/p>\n\n\n\n<figure class=\"wp-block-image is-style-default\"><a href=\"https:\/\/cgc.qroo.gob.mx\/cjg\/wp-content\/uploads\/2025\/10\/IMG-20251005-WA0020.jpg\"><img decoding=\"async\" src=\"https:\/\/cgc.qroo.gob.mx\/cjg\/wp-content\/uploads\/2025\/10\/IMG-20251005-WA0020-585x407.jpg\" alt=\"\" title=\"IMG-20251005-WA0020\"\/><\/a><\/figure>\n\n\n\n<figure class=\"wp-block-image is-style-default\"><a href=\"https:\/\/cgc.qroo.gob.mx\/cjg\/wp-content\/uploads\/2025\/10\/IMG-20251005-WA0025.jpg\"><img decoding=\"async\" src=\"https:\/\/cgc.qroo.gob.mx\/cjg\/wp-content\/uploads\/2025\/10\/IMG-20251005-WA0025-585x744.jpg\" alt=\"\" title=\"IMG-20251005-WA0025\"\/><\/a><\/figure>\n\n\n\n<p>\u201cJunto a miles de mexicanas y mexicanos acompa\u00f1amos y escuchamos a la primera mujer Presidenta y Comandanta Suprema de las Fuerzas Armadas, en su Primer Informe al Pueblo\u201d, a\u00f1adi\u00f3 la Gobernadora de Quintana Roo.<\/p>\n\n\n\n<figure class=\"wp-block-image is-style-default\"><a href=\"https:\/\/cgc.qroo.gob.mx\/cjg\/wp-content\/uploads\/2025\/10\/IMG-20251005-WA0023.jpg\"><img decoding=\"async\" src=\"https:\/\/cgc.qroo.gob.mx\/cjg\/wp-content\/uploads\/2025\/10\/IMG-20251005-WA0023-585x390.jpg\" alt=\"\" title=\"IMG-20251005-WA0023\"\/><\/a><\/figure>\n\n\n\n<figure class=\"wp-block-image is-style-default\"><a href=\"https:\/\/cgc.qroo.gob.mx\/cjg\/wp-content\/uploads\/2025\/10\/IMG-20251005-WA0024.jpg\"><img decoding=\"async\" src=\"https:\/\/cgc.qroo.gob.mx\/cjg\/wp-content\/uploads\/2025\/10\/IMG-20251005-WA0024-585x390.jpg\" alt=\"\" title=\"IMG-20251005-WA0024\"\/><\/a><\/figure>\n\n\n\n<p>Este evento, que cont\u00f3 con la presencia y respaldo de las y los representantes de los Poderes, el Gabinete Legal, el Gabinete Ampliado, Gobernadoras y Gobernadores, representantes de las comunidades ind\u00edgenas, forma parte del cierre de una gira nacional de rendici\u00f3n de cuentas, con la que Claudia Sheinbaum ha visitado decenas de estados para exponer avances de su primer a\u00f1o de gobierno.<\/p>\n\n\n\n<figure class=\"wp-block-image is-style-default\"><a href=\"https:\/\/cgc.qroo.gob.mx\/cjg\/wp-content\/uploads\/2025\/10\/IMG-20251005-WA0022.jpg\"><img decoding=\"async\" src=\"https:\/\/cgc.qroo.gob.mx\/cjg\/wp-content\/uploads\/2025\/10\/IMG-20251005-WA0022-585x390.jpg\" alt=\"\" title=\"IMG-20251005-WA0022\"\/><\/a><\/figure>\n\n\n\n<p>En esta rendici\u00f3n de cuentas, la Presidenta de M\u00e9xico hizo un balance de los 100 compromisos que present\u00f3 al inicio de su mandato; logros en infraestructura, salud, seguridad, programas sociales y vivienda; reducci\u00f3n de la pobreza, etc.<\/p>\n\n\n\n<figure class=\"wp-block-image is-style-default\"><a href=\"https:\/\/cgc.qroo.gob.mx\/cjg\/wp-content\/uploads\/2025\/10\/IMG-20251005-WA0021.jpg\"><img decoding=\"async\" src=\"https:\/\/cgc.qroo.gob.mx\/cjg\/wp-content\/uploads\/2025\/10\/IMG-20251005-WA0021-585x390.jpg\" alt=\"\" title=\"IMG-20251005-WA0021\"\/><\/a><\/figure>\n\n\n\n<p>Asimismo, plante\u00f3 una proyecci\u00f3n hacia su segundo a\u00f1o de gobierno: retos, nuevos programas, estrategias, comprometi\u00e9ndose a seguir trabajando con el pueblo y para el pueblo.<\/p>\n\n\n\n<p>Reiter\u00f3 que con todas y todos los mexicanos, la transformaci\u00f3n de M\u00e9xico avanza.<\/p>\n","protected":false},"excerpt":{"rendered":"<p>\u201cDesde Quintana Roo apoyamos a la Presidenta de M\u00e9xico, Claudia Sheinbaum, en el acto hist\u00f3rico de rendici\u00f3n de<\/p>\n","protected":false},"author":1,"featured_media":21422,"comment_status":"closed","ping_status":"open","sticky":false,"template":"","format":"standard","meta":{"_monsterinsights_skip_tracking":false,"_monsterinsights_sitenote_active":false,"_monsterinsights_sitenote_note":"","_monsterinsights_sitenote_category":0,"footnotes":""},"categories":[11,24],"tags":[],"class_list":["post-21421","post","type-post","status-publish","format-standard","has-post-thumbnail","hentry","category-noticias","category-quintana-roo"],"yoast_head":"<!-- This site is optimized with the Yoast SEO plugin v18.3 - https:\/\/yoast.com\/wordpress\/plugins\/seo\/ -->\n<title>Quintana Roo respalda a Claudia en hist\u00f3rica rendici\u00f3n de cuentas ante m\u00e1s de 400 mil personas - El Puuc Noticias<\/title>\n<meta name=\"robots\" content=\"index, follow, max-snippet:-1, max-image-preview:large, max-video-preview:-1\" \/>\n<link rel=\"canonical\" href=\"https:\/\/elpuucnoticias.com\/?p=21421\" \/>\n<meta property=\"og:locale\" content=\"es_ES\" \/>\n<meta property=\"og:type\" content=\"article\" \/>\n<meta property=\"og:title\" content=\"Quintana Roo respalda a Claudia en hist\u00f3rica rendici\u00f3n de cuentas ante m\u00e1s de 400 mil personas - El Puuc Noticias\" \/>\n<meta property=\"og:description\" content=\"\u201cDesde Quintana Roo apoyamos a la Presidenta de M\u00e9xico, Claudia Sheinbaum, en el acto hist\u00f3rico de rendici\u00f3n de\" \/>\n<meta property=\"og:url\" content=\"https:\/\/elpuucnoticias.com\/?p=21421\" \/>\n<meta property=\"og:site_name\" content=\"El Puuc Noticias\" \/>\n<meta property=\"article:published_time\" content=\"2025-10-06T19:57:56+00:00\" \/>\n<meta property=\"article:modified_time\" content=\"2025-10-06T19:57:57+00:00\" \/>\n<meta property=\"og:image\" content=\"https:\/\/elpuucnoticias.com\/wp-content\/uploads\/2025\/10\/img-20251005-wa0025-copia.jpg\" \/>\n\t<meta property=\"og:image:width\" content=\"811\" \/>\n\t<meta property=\"og:image:height\" content=\"658\" \/>\n\t<meta property=\"og:image:type\" content=\"image\/jpeg\" \/>\n<meta name=\"twitter:card\" content=\"summary_large_image\" \/>\n<meta name=\"twitter:label1\" content=\"Escrito por\" \/>\n\t<meta name=\"twitter:data1\" content=\"elpuucnoticias\" \/>\n\t<meta name=\"twitter:label2\" content=\"Tiempo de lectura\" \/>\n\t<meta name=\"twitter:data2\" content=\"1 minuto\" \/>\n<script type=\"application\/ld+json\" class=\"yoast-schema-graph\">{\"@context\":\"https:\/\/schema.org\",\"@graph\":[{\"@type\":\"WebSite\",\"@id\":\"https:\/\/elpuucnoticias.com\/#website\",\"url\":\"https:\/\/elpuucnoticias.com\/\",\"name\":\"El Puuc Noticias\",\"description\":\"Noticias - Entretenimiento - Deportes\",\"potentialAction\":[{\"@type\":\"SearchAction\",\"target\":{\"@type\":\"EntryPoint\",\"urlTemplate\":\"https:\/\/elpuucnoticias.com\/?s={search_term_string}\"},\"query-input\":\"required name=search_term_string\"}],\"inLanguage\":\"es\"},{\"@type\":\"ImageObject\",\"@id\":\"https:\/\/elpuucnoticias.com\/?p=21421#primaryimage\",\"inLanguage\":\"es\",\"url\":\"https:\/\/elpuucnoticias.com\/wp-content\/uploads\/2025\/10\/img-20251005-wa0025-copia.jpg\",\"contentUrl\":\"https:\/\/elpuucnoticias.com\/wp-content\/uploads\/2025\/10\/img-20251005-wa0025-copia.jpg\",\"width\":811,\"height\":658},{\"@type\":\"WebPage\",\"@id\":\"https:\/\/elpuucnoticias.com\/?p=21421#webpage\",\"url\":\"https:\/\/elpuucnoticias.com\/?p=21421\",\"name\":\"Quintana Roo respalda a Claudia en hist\u00f3rica rendici\u00f3n de cuentas ante m\u00e1s de 400 mil personas - El Puuc Noticias\",\"isPartOf\":{\"@id\":\"https:\/\/elpuucnoticias.com\/#website\"},\"primaryImageOfPage\":{\"@id\":\"https:\/\/elpuucnoticias.com\/?p=21421#primaryimage\"},\"datePublished\":\"2025-10-06T19:57:56+00:00\",\"dateModified\":\"2025-10-06T19:57:57+00:00\",\"author\":{\"@id\":\"https:\/\/elpuucnoticias.com\/#\/schema\/person\/d2ea09e4c97f0160b11cdfb1d856bd9e\"},\"breadcrumb\":{\"@id\":\"https:\/\/elpuucnoticias.com\/?p=21421#breadcrumb\"},\"inLanguage\":\"es\",\"potentialAction\":[{\"@type\":\"ReadAction\",\"target\":[\"https:\/\/elpuucnoticias.com\/?p=21421\"]}]},{\"@type\":\"BreadcrumbList\",\"@id\":\"https:\/\/elpuucnoticias.com\/?p=21421#breadcrumb\",\"itemListElement\":[{\"@type\":\"ListItem\",\"position\":1,\"name\":\"Portada\",\"item\":\"https:\/\/elpuucnoticias.com\/\"},{\"@type\":\"ListItem\",\"position\":2,\"name\":\"Quintana Roo respalda a Claudia en hist\u00f3rica rendici\u00f3n de cuentas ante m\u00e1s de 400 mil personas\"}]},{\"@type\":\"Person\",\"@id\":\"https:\/\/elpuucnoticias.com\/#\/schema\/person\/d2ea09e4c97f0160b11cdfb1d856bd9e\",\"name\":\"elpuucnoticias\",\"image\":{\"@type\":\"ImageObject\",\"@id\":\"https:\/\/elpuucnoticias.com\/#personlogo\",\"inLanguage\":\"es\",\"url\":\"https:\/\/secure.gravatar.com\/avatar\/5290a43657c74ffa15701dbe5b846bd85cc71930d803c84e91046a7333de6ce2?s=96&d=mm&r=g\",\"contentUrl\":\"https:\/\/secure.gravatar.com\/avatar\/5290a43657c74ffa15701dbe5b846bd85cc71930d803c84e91046a7333de6ce2?s=96&d=mm&r=g\",\"caption\":\"elpuucnoticias\"},\"sameAs\":[\"https:\/\/elpuucnoticias.com\"],\"url\":\"https:\/\/elpuucnoticias.com\/?author=1\"}]}<\/script>\n<!-- \/ Yoast SEO plugin. -->","yoast_head_json":{"title":"Quintana Roo respalda a Claudia en hist\u00f3rica rendici\u00f3n de cuentas ante m\u00e1s de 400 mil personas - El Puuc Noticias","robots":{"index":"index","follow":"follow","max-snippet":"max-snippet:-1","max-image-preview":"max-image-preview:large","max-video-preview":"max-video-preview:-1"},"canonical":"https:\/\/elpuucnoticias.com\/?p=21421","og_locale":"es_ES","og_type":"article","og_title":"Quintana Roo respalda a Claudia en hist\u00f3rica rendici\u00f3n de cuentas ante m\u00e1s de 400 mil personas - El Puuc Noticias","og_description":"\u201cDesde Quintana Roo apoyamos a la Presidenta de M\u00e9xico, Claudia Sheinbaum, en el acto hist\u00f3rico de rendici\u00f3n de","og_url":"https:\/\/elpuucnoticias.com\/?p=21421","og_site_name":"El Puuc Noticias","article_published_time":"2025-10-06T19:57:56+00:00","article_modified_time":"2025-10-06T19:57:57+00:00","og_image":[{"width":811,"height":658,"url":"https:\/\/elpuucnoticias.com\/wp-content\/uploads\/2025\/10\/img-20251005-wa0025-copia.jpg","type":"image\/jpeg"}],"twitter_card":"summary_large_image","twitter_misc":{"Escrito por":"elpuucnoticias","Tiempo de lectura":"1 minuto"},"schema":{"@context":"https:\/\/schema.org","@graph":[{"@type":"WebSite","@id":"https:\/\/elpuucnoticias.com\/#website","url":"https:\/\/elpuucnoticias.com\/","name":"El Puuc Noticias","description":"Noticias - Entretenimiento - Deportes","potentialAction":[{"@type":"SearchAction","target":{"@type":"EntryPoint","urlTemplate":"https:\/\/elpuucnoticias.com\/?s={search_term_string}"},"query-input":"required name=search_term_string"}],"inLanguage":"es"},{"@type":"ImageObject","@id":"https:\/\/elpuucnoticias.com\/?p=21421#primaryimage","inLanguage":"es","url":"https:\/\/elpuucnoticias.com\/wp-content\/uploads\/2025\/10\/img-20251005-wa0025-copia.jpg","contentUrl":"https:\/\/elpuucnoticias.com\/wp-content\/uploads\/2025\/10\/img-20251005-wa0025-copia.jpg","width":811,"height":658},{"@type":"WebPage","@id":"https:\/\/elpuucnoticias.com\/?p=21421#webpage","url":"https:\/\/elpuucnoticias.com\/?p=21421","name":"Quintana Roo respalda a Claudia en hist\u00f3rica rendici\u00f3n de cuentas ante m\u00e1s de 400 mil personas - El Puuc Noticias","isPartOf":{"@id":"https:\/\/elpuucnoticias.com\/#website"},"primaryImageOfPage":{"@id":"https:\/\/elpuucnoticias.com\/?p=21421#primaryimage"},"datePublished":"2025-10-06T19:57:56+00:00","dateModified":"2025-10-06T19:57:57+00:00","author":{"@id":"https:\/\/elpuucnoticias.com\/#\/schema\/person\/d2ea09e4c97f0160b11cdfb1d856bd9e"},"breadcrumb":{"@id":"https:\/\/elpuucnoticias.com\/?p=21421#breadcrumb"},"inLanguage":"es","potentialAction":[{"@type":"ReadAction","target":["https:\/\/elpuucnoticias.com\/?p=21421"]}]},{"@type":"BreadcrumbList","@id":"https:\/\/elpuucnoticias.com\/?p=21421#breadcrumb","itemListElement":[{"@type":"ListItem","position":1,"name":"Portada","item":"https:\/\/elpuucnoticias.com\/"},{"@type":"ListItem","position":2,"name":"Quintana Roo respalda a Claudia en hist\u00f3rica rendici\u00f3n de cuentas ante m\u00e1s de 400 mil personas"}]},{"@type":"Person","@id":"https:\/\/elpuucnoticias.com\/#\/schema\/person\/d2ea09e4c97f0160b11cdfb1d856bd9e","name":"elpuucnoticias","image":{"@type":"ImageObject","@id":"https:\/\/elpuucnoticias.com\/#personlogo","inLanguage":"es","url":"https:\/\/secure.gravatar.com\/avatar\/5290a43657c74ffa15701dbe5b846bd85cc71930d803c84e91046a7333de6ce2?s=96&d=mm&r=g","contentUrl":"https:\/\/secure.gravatar.com\/avatar\/5290a43657c74ffa15701dbe5b846bd85cc71930d803c84e91046a7333de6ce2?s=96&d=mm&r=g","caption":"elpuucnoticias"},"sameAs":["https:\/\/elpuucnoticias.com"],"url":"https:\/\/elpuucnoticias.com\/?author=1"}]}},"_links":{"self":[{"href":"https:\/\/elpuucnoticias.com\/index.php?rest_route=\/wp\/v2\/posts\/21421","targetHints":{"allow":["GET"]}}],"collection":[{"href":"https:\/\/elpuucnoticias.com\/index.php?rest_route=\/wp\/v2\/posts"}],"about":[{"href":"https:\/\/elpuucnoticias.com\/index.php?rest_route=\/wp\/v2\/types\/post"}],"author":[{"embeddable":true,"href":"https:\/\/elpuucnoticias.com\/index.php?rest_route=\/wp\/v2\/users\/1"}],"replies":[{"embeddable":true,"href":"https:\/\/elpuucnoticias.com\/index.php?rest_route=%2Fwp%2Fv2%2Fcomments&post=21421"}],"version-history":[{"count":1,"href":"https:\/\/elpuucnoticias.com\/index.php?rest_route=\/wp\/v2\/posts\/21421\/revisions"}],"predecessor-version":[{"id":21423,"href":"https:\/\/elpuucnoticias.com\/index.php?rest_route=\/wp\/v2\/posts\/21421\/revisions\/21423"}],"wp:featuredmedia":[{"embeddable":true,"href":"https:\/\/elpuucnoticias.com\/index.php?rest_route=\/wp\/v2\/media\/21422"}],"wp:attachment":[{"href":"https:\/\/elpuucnoticias.com\/index.php?rest_route=%2Fwp%2Fv2%2Fmedia&parent=21421"}],"wp:term":[{"taxonomy":"category","embeddable":true,"href":"https:\/\/elpuucnoticias.com\/index.php?rest_route=%2Fwp%2Fv2%2Fcategories&post=21421"},{"taxonomy":"post_tag","embeddable":true,"href":"https:\/\/elpuucnoticias.com\/index.php?rest_route=%2Fwp%2Fv2%2Ftags&post=21421"}],"curies":[{"name":"wp","href":"https:\/\/api.w.org\/{rel}","templated":true}]}}