{"id":21424,"date":"2025-10-06T14:00:12","date_gmt":"2025-10-06T20:00:12","guid":{"rendered":"https:\/\/elpuucnoticias.com\/?p=21424"},"modified":"2025-10-06T14:00:13","modified_gmt":"2025-10-06T20:00:13","slug":"quintanarroenses-decidiran-el-transporte-publico-con-la-consulta-ciudadana-de-movilidad","status":"publish","type":"post","link":"https:\/\/elpuucnoticias.com\/?p=21424","title":{"rendered":"Quintanarroenses decidir\u00e1n el transporte p\u00fablico con la Consulta Ciudadana de Movilidad"},"content":{"rendered":"\n<p>Este domingo, la ciudadan\u00eda quintanarroense tiene una cita con el futuro del transporte p\u00fablico. Se llevar\u00e1 a cabo la Consulta Ciudadana en Materia de Movilidad, un ejercicio \u00fanico en el estado que pone la decisi\u00f3n en manos de la gente.<\/p>\n\n\n\n<figure class=\"wp-block-image is-style-default\"><a href=\"https:\/\/cgc.qroo.gob.mx\/cjg\/wp-content\/uploads\/2025\/10\/IMG-20251005-WA0032.jpg\"><img decoding=\"async\" src=\"https:\/\/cgc.qroo.gob.mx\/cjg\/wp-content\/uploads\/2025\/10\/IMG-20251005-WA0032-585x780.jpg\" alt=\"\" title=\"IMG-20251005-WA0032\"\/><\/a><\/figure>\n\n\n\n<p>El Gobierno de Quintana Roo, en coordinaci\u00f3n con el Instituto de Movilidad (IMOVEQROO), invita a todas las familias a ser parte de este proceso democr\u00e1tico. La consulta es una oportunidad para compartir un momento especial y decidir c\u00f3mo queremos que sea el transporte que diariamente nos lleva al trabajo, la escuela, el parque y a nuestras actividades cotidianas.<\/p>\n\n\n\n<figure class=\"wp-block-image is-style-default\"><a href=\"https:\/\/cgc.qroo.gob.mx\/cjg\/wp-content\/uploads\/2025\/10\/IMG-20251005-WA0036.jpg\"><img decoding=\"async\" src=\"https:\/\/cgc.qroo.gob.mx\/cjg\/wp-content\/uploads\/2025\/10\/IMG-20251005-WA0036-585x329.jpg\" alt=\"\" title=\"IMG-20251005-WA0036\"\/><\/a><\/figure>\n\n\n\n<p>\u201cTu Voz Nos Mueve\u201d es m\u00e1s que un lema: es la certeza de que cada opini\u00f3n cuenta y de que la transformaci\u00f3n de la movilidad empieza con la participaci\u00f3n ciudadana, destac\u00f3 el titular del IMOVEQROO, Rafael Hern\u00e1ndez Kotasek.<\/p>\n\n\n\n<figure class=\"wp-block-image is-style-default\"><a href=\"https:\/\/cgc.qroo.gob.mx\/cjg\/wp-content\/uploads\/2025\/10\/IMG-20251005-WA0034.jpg\"><img decoding=\"async\" src=\"https:\/\/cgc.qroo.gob.mx\/cjg\/wp-content\/uploads\/2025\/10\/IMG-20251005-WA0034-585x780.jpg\" alt=\"\" title=\"IMG-20251005-WA0034\"\/><\/a><\/figure>\n\n\n\n<p>La movilidad nos une todos los d\u00edas. Por ello, se ha preparado una jornada especial donde ni\u00f1as y ni\u00f1os tambi\u00e9n tendr\u00e1n un espacio para expresarse. Mientras los adultos participan con su encuesta, coloc\u00e1ndola en los buzones de consulta que estar\u00e1n disponibles en cada municipio, ubicados en domos deportivos, parques, edificios municipales y otros puntos estrat\u00e9gicos, en un horario de 9:00 de la ma\u00f1ana a 4:00 de la tarde.<\/p>\n\n\n\n<figure class=\"wp-block-image is-style-default\"><a href=\"https:\/\/cgc.qroo.gob.mx\/cjg\/wp-content\/uploads\/2025\/10\/IMG-20251005-WA0035.jpg\"><img decoding=\"async\" src=\"https:\/\/cgc.qroo.gob.mx\/cjg\/wp-content\/uploads\/2025\/10\/IMG-20251005-WA0035-585x780.jpg\" alt=\"\" title=\"IMG-20251005-WA0035\"\/><\/a><\/figure>\n\n\n\n<p>Queremos que este domingo sea una verdadera fiesta ciudadana: un momento para compartir en familia y construir, entre grandes y peque\u00f1os, el futuro de Quintana Roo, donde la confianza, la transparencia y la voz de la comunidad sean protagonistas.<\/p>\n\n\n\n<p>El proceso contar\u00e1 con el acompa\u00f1amiento de observadores juveniles, universidades y sociedad organizada, para garantizar que cada opini\u00f3n sea escuchada y respetada.<\/p>\n\n\n\n<figure class=\"wp-block-image is-style-default\"><a href=\"https:\/\/cgc.qroo.gob.mx\/cjg\/wp-content\/uploads\/2025\/10\/IMG-20251005-WA0033.jpg\"><img decoding=\"async\" src=\"https:\/\/cgc.qroo.gob.mx\/cjg\/wp-content\/uploads\/2025\/10\/IMG-20251005-WA0033-585x780.jpg\" alt=\"\" title=\"IMG-20251005-WA0033\"\/><\/a><\/figure>\n\n\n\n<p>El transporte p\u00fablico es un tema que nos conecta como sociedad y como familia. Al participar juntos, ense\u00f1amos a los m\u00e1s j\u00f3venes el valor de la participaci\u00f3n ciudadana y el poder de sus ideas. Porque decidir el transporte p\u00fablico es una fiesta ciudadana.<\/p>\n\n\n\n<figure class=\"wp-block-image is-style-default\"><a href=\"https:\/\/cgc.qroo.gob.mx\/cjg\/wp-content\/uploads\/2025\/10\/IMG-20251005-WA0031.jpg\"><img decoding=\"async\" src=\"https:\/\/cgc.qroo.gob.mx\/cjg\/wp-content\/uploads\/2025\/10\/IMG-20251005-WA0031-585x329.jpg\" alt=\"\" title=\"IMG-20251005-WA0031\"\/><\/a><\/figure>\n\n\n\n<p>Al elegir sobre un transporte m\u00e1s eficiente, seguro y c\u00f3modo, decidimos tambi\u00e9n sobre una mejor calidad de vida para todas y todos. El beneficio es colectivo. Ven con tus seres queridos y comparte este momento. Porque juntos, grandes y peque\u00f1os, construimos el futuro.<\/p>\n","protected":false},"excerpt":{"rendered":"<p>Este domingo, la ciudadan\u00eda quintanarroense tiene una cita con el futuro del transporte p\u00fablico. Se llevar\u00e1 a cabo<\/p>\n","protected":false},"author":1,"featured_media":21425,"comment_status":"closed","ping_status":"open","sticky":false,"template":"","format":"standard","meta":{"_monsterinsights_skip_tracking":false,"_monsterinsights_sitenote_active":false,"_monsterinsights_sitenote_note":"","_monsterinsights_sitenote_category":0,"footnotes":""},"categories":[11,24],"tags":[],"class_list":["post-21424","post","type-post","status-publish","format-standard","has-post-thumbnail","hentry","category-noticias","category-quintana-roo"],"yoast_head":"<!-- This site is optimized with the Yoast SEO plugin v18.3 - https:\/\/yoast.com\/wordpress\/plugins\/seo\/ -->\n<title>Quintanarroenses decidir\u00e1n el transporte p\u00fablico con la Consulta Ciudadana de Movilidad - El Puuc Noticias<\/title>\n<meta name=\"robots\" content=\"index, follow, max-snippet:-1, max-image-preview:large, max-video-preview:-1\" \/>\n<link rel=\"canonical\" href=\"https:\/\/elpuucnoticias.com\/?p=21424\" \/>\n<meta property=\"og:locale\" content=\"es_ES\" \/>\n<meta property=\"og:type\" content=\"article\" \/>\n<meta property=\"og:title\" content=\"Quintanarroenses decidir\u00e1n el transporte p\u00fablico con la Consulta Ciudadana de Movilidad - El Puuc Noticias\" \/>\n<meta property=\"og:description\" content=\"Este domingo, la ciudadan\u00eda quintanarroense tiene una cita con el futuro del transporte p\u00fablico. Se llevar\u00e1 a cabo\" \/>\n<meta property=\"og:url\" content=\"https:\/\/elpuucnoticias.com\/?p=21424\" \/>\n<meta property=\"og:site_name\" content=\"El Puuc Noticias\" \/>\n<meta property=\"article:published_time\" content=\"2025-10-06T20:00:12+00:00\" \/>\n<meta property=\"article:modified_time\" content=\"2025-10-06T20:00:13+00:00\" \/>\n<meta property=\"og:image\" content=\"https:\/\/elpuucnoticias.com\/wp-content\/uploads\/2025\/10\/img-20251005-wa0029.jpg\" \/>\n\t<meta property=\"og:image:width\" content=\"960\" \/>\n\t<meta property=\"og:image:height\" content=\"1280\" \/>\n\t<meta property=\"og:image:type\" content=\"image\/jpeg\" \/>\n<meta name=\"twitter:card\" content=\"summary_large_image\" \/>\n<meta name=\"twitter:label1\" content=\"Escrito por\" \/>\n\t<meta name=\"twitter:data1\" content=\"elpuucnoticias\" \/>\n\t<meta name=\"twitter:label2\" content=\"Tiempo de lectura\" \/>\n\t<meta name=\"twitter:data2\" content=\"2 minutos\" \/>\n<script type=\"application\/ld+json\" class=\"yoast-schema-graph\">{\"@context\":\"https:\/\/schema.org\",\"@graph\":[{\"@type\":\"WebSite\",\"@id\":\"https:\/\/elpuucnoticias.com\/#website\",\"url\":\"https:\/\/elpuucnoticias.com\/\",\"name\":\"El Puuc Noticias\",\"description\":\"Noticias - Entretenimiento - Deportes\",\"potentialAction\":[{\"@type\":\"SearchAction\",\"target\":{\"@type\":\"EntryPoint\",\"urlTemplate\":\"https:\/\/elpuucnoticias.com\/?s={search_term_string}\"},\"query-input\":\"required name=search_term_string\"}],\"inLanguage\":\"es\"},{\"@type\":\"ImageObject\",\"@id\":\"https:\/\/elpuucnoticias.com\/?p=21424#primaryimage\",\"inLanguage\":\"es\",\"url\":\"https:\/\/elpuucnoticias.com\/wp-content\/uploads\/2025\/10\/img-20251005-wa0029.jpg\",\"contentUrl\":\"https:\/\/elpuucnoticias.com\/wp-content\/uploads\/2025\/10\/img-20251005-wa0029.jpg\",\"width\":960,\"height\":1280},{\"@type\":\"WebPage\",\"@id\":\"https:\/\/elpuucnoticias.com\/?p=21424#webpage\",\"url\":\"https:\/\/elpuucnoticias.com\/?p=21424\",\"name\":\"Quintanarroenses decidir\u00e1n el transporte p\u00fablico con la Consulta Ciudadana de Movilidad - El Puuc Noticias\",\"isPartOf\":{\"@id\":\"https:\/\/elpuucnoticias.com\/#website\"},\"primaryImageOfPage\":{\"@id\":\"https:\/\/elpuucnoticias.com\/?p=21424#primaryimage\"},\"datePublished\":\"2025-10-06T20:00:12+00:00\",\"dateModified\":\"2025-10-06T20:00:13+00:00\",\"author\":{\"@id\":\"https:\/\/elpuucnoticias.com\/#\/schema\/person\/d2ea09e4c97f0160b11cdfb1d856bd9e\"},\"breadcrumb\":{\"@id\":\"https:\/\/elpuucnoticias.com\/?p=21424#breadcrumb\"},\"inLanguage\":\"es\",\"potentialAction\":[{\"@type\":\"ReadAction\",\"target\":[\"https:\/\/elpuucnoticias.com\/?p=21424\"]}]},{\"@type\":\"BreadcrumbList\",\"@id\":\"https:\/\/elpuucnoticias.com\/?p=21424#breadcrumb\",\"itemListElement\":[{\"@type\":\"ListItem\",\"position\":1,\"name\":\"Portada\",\"item\":\"https:\/\/elpuucnoticias.com\/\"},{\"@type\":\"ListItem\",\"position\":2,\"name\":\"Quintanarroenses decidir\u00e1n el transporte p\u00fablico con la Consulta Ciudadana de Movilidad\"}]},{\"@type\":\"Person\",\"@id\":\"https:\/\/elpuucnoticias.com\/#\/schema\/person\/d2ea09e4c97f0160b11cdfb1d856bd9e\",\"name\":\"elpuucnoticias\",\"image\":{\"@type\":\"ImageObject\",\"@id\":\"https:\/\/elpuucnoticias.com\/#personlogo\",\"inLanguage\":\"es\",\"url\":\"https:\/\/secure.gravatar.com\/avatar\/5290a43657c74ffa15701dbe5b846bd85cc71930d803c84e91046a7333de6ce2?s=96&d=mm&r=g\",\"contentUrl\":\"https:\/\/secure.gravatar.com\/avatar\/5290a43657c74ffa15701dbe5b846bd85cc71930d803c84e91046a7333de6ce2?s=96&d=mm&r=g\",\"caption\":\"elpuucnoticias\"},\"sameAs\":[\"https:\/\/elpuucnoticias.com\"],\"url\":\"https:\/\/elpuucnoticias.com\/?author=1\"}]}<\/script>\n<!-- \/ Yoast SEO plugin. -->","yoast_head_json":{"title":"Quintanarroenses decidir\u00e1n el transporte p\u00fablico con la Consulta Ciudadana de Movilidad - El Puuc Noticias","robots":{"index":"index","follow":"follow","max-snippet":"max-snippet:-1","max-image-preview":"max-image-preview:large","max-video-preview":"max-video-preview:-1"},"canonical":"https:\/\/elpuucnoticias.com\/?p=21424","og_locale":"es_ES","og_type":"article","og_title":"Quintanarroenses decidir\u00e1n el transporte p\u00fablico con la Consulta Ciudadana de Movilidad - El Puuc Noticias","og_description":"Este domingo, la ciudadan\u00eda quintanarroense tiene una cita con el futuro del transporte p\u00fablico. Se llevar\u00e1 a cabo","og_url":"https:\/\/elpuucnoticias.com\/?p=21424","og_site_name":"El Puuc Noticias","article_published_time":"2025-10-06T20:00:12+00:00","article_modified_time":"2025-10-06T20:00:13+00:00","og_image":[{"width":960,"height":1280,"url":"https:\/\/elpuucnoticias.com\/wp-content\/uploads\/2025\/10\/img-20251005-wa0029.jpg","type":"image\/jpeg"}],"twitter_card":"summary_large_image","twitter_misc":{"Escrito por":"elpuucnoticias","Tiempo de lectura":"2 minutos"},"schema":{"@context":"https:\/\/schema.org","@graph":[{"@type":"WebSite","@id":"https:\/\/elpuucnoticias.com\/#website","url":"https:\/\/elpuucnoticias.com\/","name":"El Puuc Noticias","description":"Noticias - Entretenimiento - Deportes","potentialAction":[{"@type":"SearchAction","target":{"@type":"EntryPoint","urlTemplate":"https:\/\/elpuucnoticias.com\/?s={search_term_string}"},"query-input":"required name=search_term_string"}],"inLanguage":"es"},{"@type":"ImageObject","@id":"https:\/\/elpuucnoticias.com\/?p=21424#primaryimage","inLanguage":"es","url":"https:\/\/elpuucnoticias.com\/wp-content\/uploads\/2025\/10\/img-20251005-wa0029.jpg","contentUrl":"https:\/\/elpuucnoticias.com\/wp-content\/uploads\/2025\/10\/img-20251005-wa0029.jpg","width":960,"height":1280},{"@type":"WebPage","@id":"https:\/\/elpuucnoticias.com\/?p=21424#webpage","url":"https:\/\/elpuucnoticias.com\/?p=21424","name":"Quintanarroenses decidir\u00e1n el transporte p\u00fablico con la Consulta Ciudadana de Movilidad - El Puuc Noticias","isPartOf":{"@id":"https:\/\/elpuucnoticias.com\/#website"},"primaryImageOfPage":{"@id":"https:\/\/elpuucnoticias.com\/?p=21424#primaryimage"},"datePublished":"2025-10-06T20:00:12+00:00","dateModified":"2025-10-06T20:00:13+00:00","author":{"@id":"https:\/\/elpuucnoticias.com\/#\/schema\/person\/d2ea09e4c97f0160b11cdfb1d856bd9e"},"breadcrumb":{"@id":"https:\/\/elpuucnoticias.com\/?p=21424#breadcrumb"},"inLanguage":"es","potentialAction":[{"@type":"ReadAction","target":["https:\/\/elpuucnoticias.com\/?p=21424"]}]},{"@type":"BreadcrumbList","@id":"https:\/\/elpuucnoticias.com\/?p=21424#breadcrumb","itemListElement":[{"@type":"ListItem","position":1,"name":"Portada","item":"https:\/\/elpuucnoticias.com\/"},{"@type":"ListItem","position":2,"name":"Quintanarroenses decidir\u00e1n el transporte p\u00fablico con la Consulta Ciudadana de Movilidad"}]},{"@type":"Person","@id":"https:\/\/elpuucnoticias.com\/#\/schema\/person\/d2ea09e4c97f0160b11cdfb1d856bd9e","name":"elpuucnoticias","image":{"@type":"ImageObject","@id":"https:\/\/elpuucnoticias.com\/#personlogo","inLanguage":"es","url":"https:\/\/secure.gravatar.com\/avatar\/5290a43657c74ffa15701dbe5b846bd85cc71930d803c84e91046a7333de6ce2?s=96&d=mm&r=g","contentUrl":"https:\/\/secure.gravatar.com\/avatar\/5290a43657c74ffa15701dbe5b846bd85cc71930d803c84e91046a7333de6ce2?s=96&d=mm&r=g","caption":"elpuucnoticias"},"sameAs":["https:\/\/elpuucnoticias.com"],"url":"https:\/\/elpuucnoticias.com\/?author=1"}]}},"_links":{"self":[{"href":"https:\/\/elpuucnoticias.com\/index.php?rest_route=\/wp\/v2\/posts\/21424","targetHints":{"allow":["GET"]}}],"collection":[{"href":"https:\/\/elpuucnoticias.com\/index.php?rest_route=\/wp\/v2\/posts"}],"about":[{"href":"https:\/\/elpuucnoticias.com\/index.php?rest_route=\/wp\/v2\/types\/post"}],"author":[{"embeddable":true,"href":"https:\/\/elpuucnoticias.com\/index.php?rest_route=\/wp\/v2\/users\/1"}],"replies":[{"embeddable":true,"href":"https:\/\/elpuucnoticias.com\/index.php?rest_route=%2Fwp%2Fv2%2Fcomments&post=21424"}],"version-history":[{"count":1,"href":"https:\/\/elpuucnoticias.com\/index.php?rest_route=\/wp\/v2\/posts\/21424\/revisions"}],"predecessor-version":[{"id":21426,"href":"https:\/\/elpuucnoticias.com\/index.php?rest_route=\/wp\/v2\/posts\/21424\/revisions\/21426"}],"wp:featuredmedia":[{"embeddable":true,"href":"https:\/\/elpuucnoticias.com\/index.php?rest_route=\/wp\/v2\/media\/21425"}],"wp:attachment":[{"href":"https:\/\/elpuucnoticias.com\/index.php?rest_route=%2Fwp%2Fv2%2Fmedia&parent=21424"}],"wp:term":[{"taxonomy":"category","embeddable":true,"href":"https:\/\/elpuucnoticias.com\/index.php?rest_route=%2Fwp%2Fv2%2Fcategories&post=21424"},{"taxonomy":"post_tag","embeddable":true,"href":"https:\/\/elpuucnoticias.com\/index.php?rest_route=%2Fwp%2Fv2%2Ftags&post=21424"}],"curies":[{"name":"wp","href":"https:\/\/api.w.org\/{rel}","templated":true}]}}