{"id":21430,"date":"2025-10-07T16:18:39","date_gmt":"2025-10-07T22:18:39","guid":{"rendered":"https:\/\/elpuucnoticias.com\/?p=21430"},"modified":"2025-10-07T16:18:40","modified_gmt":"2025-10-07T22:18:40","slug":"incendio-en-casa-habitacion-controlado-en-el-fraccionamiento-los-almendros-de-ciudad-caucel","status":"publish","type":"post","link":"https:\/\/elpuucnoticias.com\/?p=21430","title":{"rendered":"Incendio en casa habitaci\u00f3n controlado. en el fraccionamiento los Almendros de Ciudad Caucel"},"content":{"rendered":"\n<p>La Secretar\u00eda de Seguridad P\u00fablica (SSP) reafirma su compromiso con la atenci\u00f3n inmediata de emergencias y salvaguardar la integridad de las personas, a trav\u00e9s de la labor coordinada de sus cuerpos operativos y de rescate.<\/p>\n\n\n\n<figure class=\"wp-block-gallery has-nested-images columns-default is-cropped wp-block-gallery-1 is-layout-flex wp-block-gallery-is-layout-flex\">\n<figure class=\"wp-block-image size-large is-style-default\"><img loading=\"lazy\" decoding=\"async\" width=\"897\" height=\"897\" data-id=\"21432\" src=\"https:\/\/elpuucnoticias.com\/wp-content\/uploads\/2025\/10\/558459547_1223399706487895_4353657080670520126_n.jpg\" alt=\"\" class=\"wp-image-21432\" srcset=\"https:\/\/elpuucnoticias.com\/wp-content\/uploads\/2025\/10\/558459547_1223399706487895_4353657080670520126_n.jpg 897w, https:\/\/elpuucnoticias.com\/wp-content\/uploads\/2025\/10\/558459547_1223399706487895_4353657080670520126_n-300x300.jpg 300w, https:\/\/elpuucnoticias.com\/wp-content\/uploads\/2025\/10\/558459547_1223399706487895_4353657080670520126_n-150x150.jpg 150w, https:\/\/elpuucnoticias.com\/wp-content\/uploads\/2025\/10\/558459547_1223399706487895_4353657080670520126_n-768x768.jpg 768w, https:\/\/elpuucnoticias.com\/wp-content\/uploads\/2025\/10\/558459547_1223399706487895_4353657080670520126_n-320x320.jpg 320w\" sizes=\"auto, (max-width: 897px) 100vw, 897px\" \/><\/figure>\n\n\n\n<figure class=\"wp-block-image size-large is-style-default\"><img loading=\"lazy\" decoding=\"async\" width=\"897\" height=\"897\" data-id=\"21431\" src=\"https:\/\/elpuucnoticias.com\/wp-content\/uploads\/2025\/10\/557947480_1223399713154561_5185179262590654448_n.jpg\" alt=\"\" class=\"wp-image-21431\" srcset=\"https:\/\/elpuucnoticias.com\/wp-content\/uploads\/2025\/10\/557947480_1223399713154561_5185179262590654448_n.jpg 897w, https:\/\/elpuucnoticias.com\/wp-content\/uploads\/2025\/10\/557947480_1223399713154561_5185179262590654448_n-300x300.jpg 300w, https:\/\/elpuucnoticias.com\/wp-content\/uploads\/2025\/10\/557947480_1223399713154561_5185179262590654448_n-150x150.jpg 150w, https:\/\/elpuucnoticias.com\/wp-content\/uploads\/2025\/10\/557947480_1223399713154561_5185179262590654448_n-768x768.jpg 768w, https:\/\/elpuucnoticias.com\/wp-content\/uploads\/2025\/10\/557947480_1223399713154561_5185179262590654448_n-320x320.jpg 320w\" sizes=\"auto, (max-width: 897px) 100vw, 897px\" \/><\/figure>\n<\/figure>\n\n\n\n<p><br>A trav\u00e9s del n\u00famero de emergencias 9-1-1 se report\u00f3 un incendio en una vivienda ubicada en la calle 59-A por 108 y 110 del fraccionamiento Los Almendros III de Ciudad Caucel, en M\u00e9rida. Elementos de seguridad, param\u00e9dicos y bomberos de la SSP arribaron al sitio y lograron sofocar el fuego que afect\u00f3 una habitaci\u00f3n del segundo piso, el siniestro fue originado por un corto circuito en el cable de un cargador de celular, no se registraron personas lesionadas.<\/p>\n\n\n\n<figure class=\"wp-block-image size-full is-style-default\"><img loading=\"lazy\" decoding=\"async\" width=\"897\" height=\"897\" src=\"https:\/\/elpuucnoticias.com\/wp-content\/uploads\/2025\/10\/558211157_1223399709821228_8339021988569170964_n.jpg\" alt=\"\" class=\"wp-image-21433\" srcset=\"https:\/\/elpuucnoticias.com\/wp-content\/uploads\/2025\/10\/558211157_1223399709821228_8339021988569170964_n.jpg 897w, https:\/\/elpuucnoticias.com\/wp-content\/uploads\/2025\/10\/558211157_1223399709821228_8339021988569170964_n-300x300.jpg 300w, https:\/\/elpuucnoticias.com\/wp-content\/uploads\/2025\/10\/558211157_1223399709821228_8339021988569170964_n-150x150.jpg 150w, https:\/\/elpuucnoticias.com\/wp-content\/uploads\/2025\/10\/558211157_1223399709821228_8339021988569170964_n-768x768.jpg 768w, https:\/\/elpuucnoticias.com\/wp-content\/uploads\/2025\/10\/558211157_1223399709821228_8339021988569170964_n-320x320.jpg 320w\" sizes=\"auto, (max-width: 897px) 100vw, 897px\" \/><\/figure>\n\n\n\n<p><br>Se exhorta a la ciudadan\u00eda a revisar peri\u00f3dicamente las instalaciones el\u00e9ctricas y el estado de los cargadores o extensiones para prevenir incidentes similares.<\/p>\n\n\n\n<p><br>Se reconoce la labor de los elementos de seguridad, bomberos y param\u00e9dicos por su respuesta inmediata, as\u00ed como la colaboraci\u00f3n de los vecinos que reportaron el hecho de manera oportuna.<\/p>\n","protected":false},"excerpt":{"rendered":"<p>La Secretar\u00eda de Seguridad P\u00fablica (SSP) reafirma su compromiso con la atenci\u00f3n inmediata de emergencias y salvaguardar la<\/p>\n","protected":false},"author":1,"featured_media":21434,"comment_status":"closed","ping_status":"open","sticky":false,"template":"","format":"standard","meta":{"_monsterinsights_skip_tracking":false,"_monsterinsights_sitenote_active":false,"_monsterinsights_sitenote_note":"","_monsterinsights_sitenote_category":0,"footnotes":""},"categories":[11,3],"tags":[],"class_list":["post-21430","post","type-post","status-publish","format-standard","has-post-thumbnail","hentry","category-noticias","category-policiacas"],"yoast_head":"<!-- This site is optimized with the Yoast SEO plugin v18.3 - https:\/\/yoast.com\/wordpress\/plugins\/seo\/ -->\n<title>Incendio en casa habitaci\u00f3n controlado. en el fraccionamiento los Almendros de Ciudad Caucel - El Puuc Noticias<\/title>\n<meta name=\"robots\" content=\"index, follow, max-snippet:-1, max-image-preview:large, max-video-preview:-1\" \/>\n<link rel=\"canonical\" href=\"https:\/\/elpuucnoticias.com\/?p=21430\" \/>\n<meta property=\"og:locale\" content=\"es_ES\" \/>\n<meta property=\"og:type\" content=\"article\" \/>\n<meta property=\"og:title\" content=\"Incendio en casa habitaci\u00f3n controlado. en el fraccionamiento los Almendros de Ciudad Caucel - El Puuc Noticias\" \/>\n<meta property=\"og:description\" content=\"La Secretar\u00eda de Seguridad P\u00fablica (SSP) reafirma su compromiso con la atenci\u00f3n inmediata de emergencias y salvaguardar la\" \/>\n<meta property=\"og:url\" content=\"https:\/\/elpuucnoticias.com\/?p=21430\" \/>\n<meta property=\"og:site_name\" content=\"El Puuc Noticias\" \/>\n<meta property=\"article:published_time\" content=\"2025-10-07T22:18:39+00:00\" \/>\n<meta property=\"article:modified_time\" content=\"2025-10-07T22:18:40+00:00\" \/>\n<meta property=\"og:image\" content=\"https:\/\/elpuucnoticias.com\/wp-content\/uploads\/2025\/10\/558540617_1223399716487894_8371740572972679177_n.jpg\" \/>\n\t<meta property=\"og:image:width\" content=\"897\" \/>\n\t<meta property=\"og:image:height\" content=\"897\" \/>\n\t<meta property=\"og:image:type\" content=\"image\/jpeg\" \/>\n<meta name=\"twitter:card\" content=\"summary_large_image\" \/>\n<meta name=\"twitter:label1\" content=\"Escrito por\" \/>\n\t<meta name=\"twitter:data1\" content=\"elpuucnoticias\" \/>\n\t<meta name=\"twitter:label2\" content=\"Tiempo de lectura\" \/>\n\t<meta name=\"twitter:data2\" content=\"1 minuto\" \/>\n<script type=\"application\/ld+json\" class=\"yoast-schema-graph\">{\"@context\":\"https:\/\/schema.org\",\"@graph\":[{\"@type\":\"WebSite\",\"@id\":\"https:\/\/elpuucnoticias.com\/#website\",\"url\":\"https:\/\/elpuucnoticias.com\/\",\"name\":\"El Puuc Noticias\",\"description\":\"Noticias - Entretenimiento - Deportes\",\"potentialAction\":[{\"@type\":\"SearchAction\",\"target\":{\"@type\":\"EntryPoint\",\"urlTemplate\":\"https:\/\/elpuucnoticias.com\/?s={search_term_string}\"},\"query-input\":\"required name=search_term_string\"}],\"inLanguage\":\"es\"},{\"@type\":\"ImageObject\",\"@id\":\"https:\/\/elpuucnoticias.com\/?p=21430#primaryimage\",\"inLanguage\":\"es\",\"url\":\"https:\/\/elpuucnoticias.com\/wp-content\/uploads\/2025\/10\/558540617_1223399716487894_8371740572972679177_n.jpg\",\"contentUrl\":\"https:\/\/elpuucnoticias.com\/wp-content\/uploads\/2025\/10\/558540617_1223399716487894_8371740572972679177_n.jpg\",\"width\":897,\"height\":897},{\"@type\":\"WebPage\",\"@id\":\"https:\/\/elpuucnoticias.com\/?p=21430#webpage\",\"url\":\"https:\/\/elpuucnoticias.com\/?p=21430\",\"name\":\"Incendio en casa habitaci\u00f3n controlado. en el fraccionamiento los Almendros de Ciudad Caucel - El Puuc Noticias\",\"isPartOf\":{\"@id\":\"https:\/\/elpuucnoticias.com\/#website\"},\"primaryImageOfPage\":{\"@id\":\"https:\/\/elpuucnoticias.com\/?p=21430#primaryimage\"},\"datePublished\":\"2025-10-07T22:18:39+00:00\",\"dateModified\":\"2025-10-07T22:18:40+00:00\",\"author\":{\"@id\":\"https:\/\/elpuucnoticias.com\/#\/schema\/person\/d2ea09e4c97f0160b11cdfb1d856bd9e\"},\"breadcrumb\":{\"@id\":\"https:\/\/elpuucnoticias.com\/?p=21430#breadcrumb\"},\"inLanguage\":\"es\",\"potentialAction\":[{\"@type\":\"ReadAction\",\"target\":[\"https:\/\/elpuucnoticias.com\/?p=21430\"]}]},{\"@type\":\"BreadcrumbList\",\"@id\":\"https:\/\/elpuucnoticias.com\/?p=21430#breadcrumb\",\"itemListElement\":[{\"@type\":\"ListItem\",\"position\":1,\"name\":\"Portada\",\"item\":\"https:\/\/elpuucnoticias.com\/\"},{\"@type\":\"ListItem\",\"position\":2,\"name\":\"Incendio en casa habitaci\u00f3n controlado. en el fraccionamiento los Almendros de Ciudad Caucel\"}]},{\"@type\":\"Person\",\"@id\":\"https:\/\/elpuucnoticias.com\/#\/schema\/person\/d2ea09e4c97f0160b11cdfb1d856bd9e\",\"name\":\"elpuucnoticias\",\"image\":{\"@type\":\"ImageObject\",\"@id\":\"https:\/\/elpuucnoticias.com\/#personlogo\",\"inLanguage\":\"es\",\"url\":\"https:\/\/secure.gravatar.com\/avatar\/5290a43657c74ffa15701dbe5b846bd85cc71930d803c84e91046a7333de6ce2?s=96&d=mm&r=g\",\"contentUrl\":\"https:\/\/secure.gravatar.com\/avatar\/5290a43657c74ffa15701dbe5b846bd85cc71930d803c84e91046a7333de6ce2?s=96&d=mm&r=g\",\"caption\":\"elpuucnoticias\"},\"sameAs\":[\"https:\/\/elpuucnoticias.com\"],\"url\":\"https:\/\/elpuucnoticias.com\/?author=1\"}]}<\/script>\n<!-- \/ Yoast SEO plugin. -->","yoast_head_json":{"title":"Incendio en casa habitaci\u00f3n controlado. en el fraccionamiento los Almendros de Ciudad Caucel - El Puuc Noticias","robots":{"index":"index","follow":"follow","max-snippet":"max-snippet:-1","max-image-preview":"max-image-preview:large","max-video-preview":"max-video-preview:-1"},"canonical":"https:\/\/elpuucnoticias.com\/?p=21430","og_locale":"es_ES","og_type":"article","og_title":"Incendio en casa habitaci\u00f3n controlado. en el fraccionamiento los Almendros de Ciudad Caucel - El Puuc Noticias","og_description":"La Secretar\u00eda de Seguridad P\u00fablica (SSP) reafirma su compromiso con la atenci\u00f3n inmediata de emergencias y salvaguardar la","og_url":"https:\/\/elpuucnoticias.com\/?p=21430","og_site_name":"El Puuc Noticias","article_published_time":"2025-10-07T22:18:39+00:00","article_modified_time":"2025-10-07T22:18:40+00:00","og_image":[{"width":897,"height":897,"url":"https:\/\/elpuucnoticias.com\/wp-content\/uploads\/2025\/10\/558540617_1223399716487894_8371740572972679177_n.jpg","type":"image\/jpeg"}],"twitter_card":"summary_large_image","twitter_misc":{"Escrito por":"elpuucnoticias","Tiempo de lectura":"1 minuto"},"schema":{"@context":"https:\/\/schema.org","@graph":[{"@type":"WebSite","@id":"https:\/\/elpuucnoticias.com\/#website","url":"https:\/\/elpuucnoticias.com\/","name":"El Puuc Noticias","description":"Noticias - Entretenimiento - Deportes","potentialAction":[{"@type":"SearchAction","target":{"@type":"EntryPoint","urlTemplate":"https:\/\/elpuucnoticias.com\/?s={search_term_string}"},"query-input":"required name=search_term_string"}],"inLanguage":"es"},{"@type":"ImageObject","@id":"https:\/\/elpuucnoticias.com\/?p=21430#primaryimage","inLanguage":"es","url":"https:\/\/elpuucnoticias.com\/wp-content\/uploads\/2025\/10\/558540617_1223399716487894_8371740572972679177_n.jpg","contentUrl":"https:\/\/elpuucnoticias.com\/wp-content\/uploads\/2025\/10\/558540617_1223399716487894_8371740572972679177_n.jpg","width":897,"height":897},{"@type":"WebPage","@id":"https:\/\/elpuucnoticias.com\/?p=21430#webpage","url":"https:\/\/elpuucnoticias.com\/?p=21430","name":"Incendio en casa habitaci\u00f3n controlado. en el fraccionamiento los Almendros de Ciudad Caucel - El Puuc Noticias","isPartOf":{"@id":"https:\/\/elpuucnoticias.com\/#website"},"primaryImageOfPage":{"@id":"https:\/\/elpuucnoticias.com\/?p=21430#primaryimage"},"datePublished":"2025-10-07T22:18:39+00:00","dateModified":"2025-10-07T22:18:40+00:00","author":{"@id":"https:\/\/elpuucnoticias.com\/#\/schema\/person\/d2ea09e4c97f0160b11cdfb1d856bd9e"},"breadcrumb":{"@id":"https:\/\/elpuucnoticias.com\/?p=21430#breadcrumb"},"inLanguage":"es","potentialAction":[{"@type":"ReadAction","target":["https:\/\/elpuucnoticias.com\/?p=21430"]}]},{"@type":"BreadcrumbList","@id":"https:\/\/elpuucnoticias.com\/?p=21430#breadcrumb","itemListElement":[{"@type":"ListItem","position":1,"name":"Portada","item":"https:\/\/elpuucnoticias.com\/"},{"@type":"ListItem","position":2,"name":"Incendio en casa habitaci\u00f3n controlado. en el fraccionamiento los Almendros de Ciudad Caucel"}]},{"@type":"Person","@id":"https:\/\/elpuucnoticias.com\/#\/schema\/person\/d2ea09e4c97f0160b11cdfb1d856bd9e","name":"elpuucnoticias","image":{"@type":"ImageObject","@id":"https:\/\/elpuucnoticias.com\/#personlogo","inLanguage":"es","url":"https:\/\/secure.gravatar.com\/avatar\/5290a43657c74ffa15701dbe5b846bd85cc71930d803c84e91046a7333de6ce2?s=96&d=mm&r=g","contentUrl":"https:\/\/secure.gravatar.com\/avatar\/5290a43657c74ffa15701dbe5b846bd85cc71930d803c84e91046a7333de6ce2?s=96&d=mm&r=g","caption":"elpuucnoticias"},"sameAs":["https:\/\/elpuucnoticias.com"],"url":"https:\/\/elpuucnoticias.com\/?author=1"}]}},"_links":{"self":[{"href":"https:\/\/elpuucnoticias.com\/index.php?rest_route=\/wp\/v2\/posts\/21430","targetHints":{"allow":["GET"]}}],"collection":[{"href":"https:\/\/elpuucnoticias.com\/index.php?rest_route=\/wp\/v2\/posts"}],"about":[{"href":"https:\/\/elpuucnoticias.com\/index.php?rest_route=\/wp\/v2\/types\/post"}],"author":[{"embeddable":true,"href":"https:\/\/elpuucnoticias.com\/index.php?rest_route=\/wp\/v2\/users\/1"}],"replies":[{"embeddable":true,"href":"https:\/\/elpuucnoticias.com\/index.php?rest_route=%2Fwp%2Fv2%2Fcomments&post=21430"}],"version-history":[{"count":1,"href":"https:\/\/elpuucnoticias.com\/index.php?rest_route=\/wp\/v2\/posts\/21430\/revisions"}],"predecessor-version":[{"id":21435,"href":"https:\/\/elpuucnoticias.com\/index.php?rest_route=\/wp\/v2\/posts\/21430\/revisions\/21435"}],"wp:featuredmedia":[{"embeddable":true,"href":"https:\/\/elpuucnoticias.com\/index.php?rest_route=\/wp\/v2\/media\/21434"}],"wp:attachment":[{"href":"https:\/\/elpuucnoticias.com\/index.php?rest_route=%2Fwp%2Fv2%2Fmedia&parent=21430"}],"wp:term":[{"taxonomy":"category","embeddable":true,"href":"https:\/\/elpuucnoticias.com\/index.php?rest_route=%2Fwp%2Fv2%2Fcategories&post=21430"},{"taxonomy":"post_tag","embeddable":true,"href":"https:\/\/elpuucnoticias.com\/index.php?rest_route=%2Fwp%2Fv2%2Ftags&post=21430"}],"curies":[{"name":"wp","href":"https:\/\/api.w.org\/{rel}","templated":true}]}}