{"id":21438,"date":"2025-10-07T16:49:45","date_gmt":"2025-10-07T22:49:45","guid":{"rendered":"https:\/\/elpuucnoticias.com\/?p=21438"},"modified":"2025-10-07T16:49:45","modified_gmt":"2025-10-07T22:49:45","slug":"imputado-por-violencia-familiar-en-tzucacab","status":"publish","type":"post","link":"https:\/\/elpuucnoticias.com\/?p=21438","title":{"rendered":"Imputado por violencia familiar en Tzucacab"},"content":{"rendered":"\n<p>La Fiscal\u00eda General del Estado (FGE) formul\u00f3 la imputaci\u00f3n a M.E.C.N. por violencia familiar, luego de que presuntamente agredi\u00f3 f\u00edsica y verbalmente a su pareja sentimental en el poblado de Tzucacab.<\/p>\n\n\n\n<p>En la indagatoria se estableci\u00f3 que el pasado dos de octubre del presente a\u00f1o, el arriba se\u00f1alado se encontraba en el interior de un predio de la colonia San Sebasti\u00e1n de Tzucacab, en donde ingres\u00f3 y ejerci\u00f3 actos abusivos de poder en contra de la mujer a quien agredi\u00f3 f\u00edsica, psicol\u00f3gica y verbalmente.<\/p>\n\n\n\n<p>Una llamada de auxilio hizo llegar a agentes de la Direcci\u00f3n de Seguridad P\u00fablica de Tzucacab, quienes detuvieron al agresor en virtud del se\u00f1alamiento realizado por la v\u00edctima, para ponerlo bajo resguardo de las autoridades ministeriales, en tanto la afectada acud\u00eda a interponer la denuncia correspondiente.<\/p>\n\n\n\n<p>Durante la reciente audiencia y dando seguimiento a la causa penal 122\/2025, esta representaci\u00f3n social solicit\u00f3 que se impusieran medidas cautelares, determinando la juez prisi\u00f3n preventiva justificada por todo el tiempo que dure el proceso, en tanto la audiencia de vinculaci\u00f3n se realizar\u00e1 en fecha pr\u00f3xima.<\/p>\n","protected":false},"excerpt":{"rendered":"<p>La Fiscal\u00eda General del Estado (FGE) formul\u00f3 la imputaci\u00f3n a M.E.C.N. por violencia familiar, luego de que presuntamente<\/p>\n","protected":false},"author":1,"featured_media":4487,"comment_status":"closed","ping_status":"open","sticky":false,"template":"","format":"standard","meta":{"_monsterinsights_skip_tracking":false,"_monsterinsights_sitenote_active":false,"_monsterinsights_sitenote_note":"","_monsterinsights_sitenote_category":0,"footnotes":""},"categories":[11,3],"tags":[],"class_list":["post-21438","post","type-post","status-publish","format-standard","has-post-thumbnail","hentry","category-noticias","category-policiacas"],"yoast_head":"<!-- This site is optimized with the Yoast SEO plugin v18.3 - https:\/\/yoast.com\/wordpress\/plugins\/seo\/ -->\n<title>Imputado por violencia familiar en Tzucacab - El Puuc Noticias<\/title>\n<meta name=\"robots\" content=\"index, follow, max-snippet:-1, max-image-preview:large, max-video-preview:-1\" \/>\n<link rel=\"canonical\" href=\"https:\/\/elpuucnoticias.com\/?p=21438\" \/>\n<meta property=\"og:locale\" content=\"es_ES\" \/>\n<meta property=\"og:type\" content=\"article\" \/>\n<meta property=\"og:title\" content=\"Imputado por violencia familiar en Tzucacab - El Puuc Noticias\" \/>\n<meta property=\"og:description\" content=\"La Fiscal\u00eda General del Estado (FGE) formul\u00f3 la imputaci\u00f3n a M.E.C.N. por violencia familiar, luego de que presuntamente\" \/>\n<meta property=\"og:url\" content=\"https:\/\/elpuucnoticias.com\/?p=21438\" \/>\n<meta property=\"og:site_name\" content=\"El Puuc Noticias\" \/>\n<meta property=\"article:published_time\" content=\"2025-10-07T22:49:45+00:00\" \/>\n<meta property=\"og:image\" content=\"https:\/\/elpuucnoticias.com\/wp-content\/uploads\/2022\/11\/fiscalia-7.jpg\" \/>\n\t<meta property=\"og:image:width\" content=\"1459\" \/>\n\t<meta property=\"og:image:height\" content=\"973\" \/>\n\t<meta property=\"og:image:type\" content=\"image\/jpeg\" \/>\n<meta name=\"twitter:card\" content=\"summary_large_image\" \/>\n<meta name=\"twitter:label1\" content=\"Escrito por\" \/>\n\t<meta name=\"twitter:data1\" content=\"elpuucnoticias\" \/>\n\t<meta name=\"twitter:label2\" content=\"Tiempo de lectura\" \/>\n\t<meta name=\"twitter:data2\" content=\"1 minuto\" \/>\n<script type=\"application\/ld+json\" class=\"yoast-schema-graph\">{\"@context\":\"https:\/\/schema.org\",\"@graph\":[{\"@type\":\"WebSite\",\"@id\":\"https:\/\/elpuucnoticias.com\/#website\",\"url\":\"https:\/\/elpuucnoticias.com\/\",\"name\":\"El Puuc Noticias\",\"description\":\"Noticias - Entretenimiento - Deportes\",\"potentialAction\":[{\"@type\":\"SearchAction\",\"target\":{\"@type\":\"EntryPoint\",\"urlTemplate\":\"https:\/\/elpuucnoticias.com\/?s={search_term_string}\"},\"query-input\":\"required name=search_term_string\"}],\"inLanguage\":\"es\"},{\"@type\":\"ImageObject\",\"@id\":\"https:\/\/elpuucnoticias.com\/?p=21438#primaryimage\",\"inLanguage\":\"es\",\"url\":\"https:\/\/elpuucnoticias.com\/wp-content\/uploads\/2022\/11\/fiscalia-7.jpg\",\"contentUrl\":\"https:\/\/elpuucnoticias.com\/wp-content\/uploads\/2022\/11\/fiscalia-7.jpg\",\"width\":1459,\"height\":973},{\"@type\":\"WebPage\",\"@id\":\"https:\/\/elpuucnoticias.com\/?p=21438#webpage\",\"url\":\"https:\/\/elpuucnoticias.com\/?p=21438\",\"name\":\"Imputado por violencia familiar en Tzucacab - El Puuc Noticias\",\"isPartOf\":{\"@id\":\"https:\/\/elpuucnoticias.com\/#website\"},\"primaryImageOfPage\":{\"@id\":\"https:\/\/elpuucnoticias.com\/?p=21438#primaryimage\"},\"datePublished\":\"2025-10-07T22:49:45+00:00\",\"dateModified\":\"2025-10-07T22:49:45+00:00\",\"author\":{\"@id\":\"https:\/\/elpuucnoticias.com\/#\/schema\/person\/d2ea09e4c97f0160b11cdfb1d856bd9e\"},\"breadcrumb\":{\"@id\":\"https:\/\/elpuucnoticias.com\/?p=21438#breadcrumb\"},\"inLanguage\":\"es\",\"potentialAction\":[{\"@type\":\"ReadAction\",\"target\":[\"https:\/\/elpuucnoticias.com\/?p=21438\"]}]},{\"@type\":\"BreadcrumbList\",\"@id\":\"https:\/\/elpuucnoticias.com\/?p=21438#breadcrumb\",\"itemListElement\":[{\"@type\":\"ListItem\",\"position\":1,\"name\":\"Portada\",\"item\":\"https:\/\/elpuucnoticias.com\/\"},{\"@type\":\"ListItem\",\"position\":2,\"name\":\"Imputado por violencia familiar en Tzucacab\"}]},{\"@type\":\"Person\",\"@id\":\"https:\/\/elpuucnoticias.com\/#\/schema\/person\/d2ea09e4c97f0160b11cdfb1d856bd9e\",\"name\":\"elpuucnoticias\",\"image\":{\"@type\":\"ImageObject\",\"@id\":\"https:\/\/elpuucnoticias.com\/#personlogo\",\"inLanguage\":\"es\",\"url\":\"https:\/\/secure.gravatar.com\/avatar\/5290a43657c74ffa15701dbe5b846bd85cc71930d803c84e91046a7333de6ce2?s=96&d=mm&r=g\",\"contentUrl\":\"https:\/\/secure.gravatar.com\/avatar\/5290a43657c74ffa15701dbe5b846bd85cc71930d803c84e91046a7333de6ce2?s=96&d=mm&r=g\",\"caption\":\"elpuucnoticias\"},\"sameAs\":[\"https:\/\/elpuucnoticias.com\"],\"url\":\"https:\/\/elpuucnoticias.com\/?author=1\"}]}<\/script>\n<!-- \/ Yoast SEO plugin. -->","yoast_head_json":{"title":"Imputado por violencia familiar en Tzucacab - El Puuc Noticias","robots":{"index":"index","follow":"follow","max-snippet":"max-snippet:-1","max-image-preview":"max-image-preview:large","max-video-preview":"max-video-preview:-1"},"canonical":"https:\/\/elpuucnoticias.com\/?p=21438","og_locale":"es_ES","og_type":"article","og_title":"Imputado por violencia familiar en Tzucacab - El Puuc Noticias","og_description":"La Fiscal\u00eda General del Estado (FGE) formul\u00f3 la imputaci\u00f3n a M.E.C.N. por violencia familiar, luego de que presuntamente","og_url":"https:\/\/elpuucnoticias.com\/?p=21438","og_site_name":"El Puuc Noticias","article_published_time":"2025-10-07T22:49:45+00:00","og_image":[{"width":1459,"height":973,"url":"https:\/\/elpuucnoticias.com\/wp-content\/uploads\/2022\/11\/fiscalia-7.jpg","type":"image\/jpeg"}],"twitter_card":"summary_large_image","twitter_misc":{"Escrito por":"elpuucnoticias","Tiempo de lectura":"1 minuto"},"schema":{"@context":"https:\/\/schema.org","@graph":[{"@type":"WebSite","@id":"https:\/\/elpuucnoticias.com\/#website","url":"https:\/\/elpuucnoticias.com\/","name":"El Puuc Noticias","description":"Noticias - Entretenimiento - Deportes","potentialAction":[{"@type":"SearchAction","target":{"@type":"EntryPoint","urlTemplate":"https:\/\/elpuucnoticias.com\/?s={search_term_string}"},"query-input":"required name=search_term_string"}],"inLanguage":"es"},{"@type":"ImageObject","@id":"https:\/\/elpuucnoticias.com\/?p=21438#primaryimage","inLanguage":"es","url":"https:\/\/elpuucnoticias.com\/wp-content\/uploads\/2022\/11\/fiscalia-7.jpg","contentUrl":"https:\/\/elpuucnoticias.com\/wp-content\/uploads\/2022\/11\/fiscalia-7.jpg","width":1459,"height":973},{"@type":"WebPage","@id":"https:\/\/elpuucnoticias.com\/?p=21438#webpage","url":"https:\/\/elpuucnoticias.com\/?p=21438","name":"Imputado por violencia familiar en Tzucacab - El Puuc Noticias","isPartOf":{"@id":"https:\/\/elpuucnoticias.com\/#website"},"primaryImageOfPage":{"@id":"https:\/\/elpuucnoticias.com\/?p=21438#primaryimage"},"datePublished":"2025-10-07T22:49:45+00:00","dateModified":"2025-10-07T22:49:45+00:00","author":{"@id":"https:\/\/elpuucnoticias.com\/#\/schema\/person\/d2ea09e4c97f0160b11cdfb1d856bd9e"},"breadcrumb":{"@id":"https:\/\/elpuucnoticias.com\/?p=21438#breadcrumb"},"inLanguage":"es","potentialAction":[{"@type":"ReadAction","target":["https:\/\/elpuucnoticias.com\/?p=21438"]}]},{"@type":"BreadcrumbList","@id":"https:\/\/elpuucnoticias.com\/?p=21438#breadcrumb","itemListElement":[{"@type":"ListItem","position":1,"name":"Portada","item":"https:\/\/elpuucnoticias.com\/"},{"@type":"ListItem","position":2,"name":"Imputado por violencia familiar en Tzucacab"}]},{"@type":"Person","@id":"https:\/\/elpuucnoticias.com\/#\/schema\/person\/d2ea09e4c97f0160b11cdfb1d856bd9e","name":"elpuucnoticias","image":{"@type":"ImageObject","@id":"https:\/\/elpuucnoticias.com\/#personlogo","inLanguage":"es","url":"https:\/\/secure.gravatar.com\/avatar\/5290a43657c74ffa15701dbe5b846bd85cc71930d803c84e91046a7333de6ce2?s=96&d=mm&r=g","contentUrl":"https:\/\/secure.gravatar.com\/avatar\/5290a43657c74ffa15701dbe5b846bd85cc71930d803c84e91046a7333de6ce2?s=96&d=mm&r=g","caption":"elpuucnoticias"},"sameAs":["https:\/\/elpuucnoticias.com"],"url":"https:\/\/elpuucnoticias.com\/?author=1"}]}},"_links":{"self":[{"href":"https:\/\/elpuucnoticias.com\/index.php?rest_route=\/wp\/v2\/posts\/21438","targetHints":{"allow":["GET"]}}],"collection":[{"href":"https:\/\/elpuucnoticias.com\/index.php?rest_route=\/wp\/v2\/posts"}],"about":[{"href":"https:\/\/elpuucnoticias.com\/index.php?rest_route=\/wp\/v2\/types\/post"}],"author":[{"embeddable":true,"href":"https:\/\/elpuucnoticias.com\/index.php?rest_route=\/wp\/v2\/users\/1"}],"replies":[{"embeddable":true,"href":"https:\/\/elpuucnoticias.com\/index.php?rest_route=%2Fwp%2Fv2%2Fcomments&post=21438"}],"version-history":[{"count":1,"href":"https:\/\/elpuucnoticias.com\/index.php?rest_route=\/wp\/v2\/posts\/21438\/revisions"}],"predecessor-version":[{"id":21439,"href":"https:\/\/elpuucnoticias.com\/index.php?rest_route=\/wp\/v2\/posts\/21438\/revisions\/21439"}],"wp:featuredmedia":[{"embeddable":true,"href":"https:\/\/elpuucnoticias.com\/index.php?rest_route=\/wp\/v2\/media\/4487"}],"wp:attachment":[{"href":"https:\/\/elpuucnoticias.com\/index.php?rest_route=%2Fwp%2Fv2%2Fmedia&parent=21438"}],"wp:term":[{"taxonomy":"category","embeddable":true,"href":"https:\/\/elpuucnoticias.com\/index.php?rest_route=%2Fwp%2Fv2%2Fcategories&post=21438"},{"taxonomy":"post_tag","embeddable":true,"href":"https:\/\/elpuucnoticias.com\/index.php?rest_route=%2Fwp%2Fv2%2Ftags&post=21438"}],"curies":[{"name":"wp","href":"https:\/\/api.w.org\/{rel}","templated":true}]}}