{"id":21449,"date":"2025-10-09T12:44:39","date_gmt":"2025-10-09T18:44:39","guid":{"rendered":"https:\/\/elpuucnoticias.com\/?p=21449"},"modified":"2025-10-09T12:44:40","modified_gmt":"2025-10-09T18:44:40","slug":"dan-inicio-a-pruebas-del-camion-electrico-taruk-100-mexicano-para-avanzar-a-un-transporte-publico-eficiente-y-sustentable-en-chetumal","status":"publish","type":"post","link":"https:\/\/elpuucnoticias.com\/?p=21449","title":{"rendered":"Dan inicio a pruebas del cami\u00f3n el\u00e9ctrico Taruk, 100% mexicano, para avanzar a un transporte p\u00fablico eficiente y sustentable en Chetumal"},"content":{"rendered":"\n<p>La gobernadora Mara Lezama Espinosa present\u00f3 el cami\u00f3n Taruk, el cami\u00f3n 100% el\u00e9ctrico y fabricado en M\u00e9xico, que estar\u00e1 en pruebas operativas como parte del proyecto del servicio de transporte p\u00fablico en Chetumal, la capital del estado.<\/p>\n\n\n\n<figure class=\"wp-block-image is-style-default\"><a href=\"https:\/\/cgc.qroo.gob.mx\/cjg\/wp-content\/uploads\/2025\/10\/eeaf86f7-dc33-4360-93d7-44cf0b8ec40d.jpg\"><img decoding=\"async\" src=\"https:\/\/cgc.qroo.gob.mx\/cjg\/wp-content\/uploads\/2025\/10\/eeaf86f7-dc33-4360-93d7-44cf0b8ec40d-585x390.jpg\" alt=\"\" title=\"eeaf86f7-dc33-4360-93d7-44cf0b8ec40d\"\/><\/a><\/figure>\n\n\n\n<p>Junto con el director del IMOVEQROO, Rafael Hern\u00e1ndez Kotasek, la gobernadora de Quintana Roo asegur\u00f3 que el transporte p\u00fablico digno ser\u00e1 una realidad; siguen las pruebas, pero ser\u00e1 una realidad a inicios de a\u00f1o.<\/p>\n\n\n\n<figure class=\"wp-block-image is-style-default\"><a href=\"https:\/\/cgc.qroo.gob.mx\/cjg\/wp-content\/uploads\/2025\/10\/06f80746-037e-4fdc-9ca3-08e990c232c6.jpg\"><img decoding=\"async\" src=\"https:\/\/cgc.qroo.gob.mx\/cjg\/wp-content\/uploads\/2025\/10\/06f80746-037e-4fdc-9ca3-08e990c232c6-585x390.jpg\" alt=\"\" title=\"06f80746-037e-4fdc-9ca3-08e990c232c6\"\/><\/a><\/figure>\n\n\n\n<p>Esta unidad de demostraci\u00f3n har\u00e1 pruebas operativas del 6 al 11 de octubre en las dos rutas piloto: Caribe y Sian Ka\u2019an, integr\u00e1ndose a la operaci\u00f3n diaria para que los usuarios puedan abordarla y evaluar, explic\u00f3 la Gobernadora. Posteriormente, los d\u00edas 10 y 11 de octubre, las pruebas continuar\u00e1n en rutas nuevas, sin pasajeros.<\/p>\n\n\n\n<figure class=\"wp-block-image is-style-default\"><a href=\"https:\/\/cgc.qroo.gob.mx\/cjg\/wp-content\/uploads\/2025\/10\/291e96d6-17be-4f5d-875b-57950584c5e0.jpg\"><img decoding=\"async\" src=\"https:\/\/cgc.qroo.gob.mx\/cjg\/wp-content\/uploads\/2025\/10\/291e96d6-17be-4f5d-875b-57950584c5e0-585x390.jpg\" alt=\"\" title=\"291e96d6-17be-4f5d-875b-57950584c5e0\"\/><\/a><\/figure>\n\n\n\n<p>El director del IMOVEQROO a\u00f1adi\u00f3 que el objetivo es evaluar el desempe\u00f1o real del autob\u00fas en escenarios cotidianos, considerando su comportamiento t\u00e9cnico, operativo, energ\u00e9tico y econ\u00f3mico, as\u00ed como la experiencia de las y los usuarios.<\/p>\n\n\n\n<figure class=\"wp-block-image is-style-default\"><a href=\"https:\/\/cgc.qroo.gob.mx\/cjg\/wp-content\/uploads\/2025\/10\/c429901d-740e-4459-9b8e-11da5999efc5.jpg\"><img decoding=\"async\" src=\"https:\/\/cgc.qroo.gob.mx\/cjg\/wp-content\/uploads\/2025\/10\/c429901d-740e-4459-9b8e-11da5999efc5-585x406.jpg\" alt=\"\" title=\"c429901d-740e-4459-9b8e-11da5999efc5\"\/><\/a><\/figure>\n\n\n\n<p>Con una longitud de 9.5 metros y capacidad total para 60 pasajeros (28 sentados), la unidad combina dise\u00f1o urbano compacto con una autonom\u00eda de hasta 350 kil\u00f3metros, suficiente para cubrir rutas completas sin necesidad de recargas frecuentes.<\/p>\n\n\n\n<p>Su motor el\u00e9ctrico de 100 KW ofrece un desempe\u00f1o eficiente y silencioso, eliminando emisiones contaminantes durante su operaci\u00f3n y contribuyendo as\u00ed a mejorar la calidad del aire en la ciudad.<\/p>\n\n\n\n<figure class=\"wp-block-image is-style-default\"><a href=\"https:\/\/cgc.qroo.gob.mx\/cjg\/wp-content\/uploads\/2025\/10\/cfbee524-4bcc-4e25-8d06-ef160433fc90.jpg\"><img decoding=\"async\" src=\"https:\/\/cgc.qroo.gob.mx\/cjg\/wp-content\/uploads\/2025\/10\/cfbee524-4bcc-4e25-8d06-ef160433fc90-585x390.jpg\" alt=\"\" title=\"cfbee524-4bcc-4e25-8d06-ef160433fc90\"\/><\/a><\/figure>\n\n\n\n<p>La gobernadora Mara Lezama precis\u00f3 que el Taruk representa un avance en la soberan\u00eda tecnol\u00f3gica nacional, al ser un veh\u00edculo el\u00e9ctrico dise\u00f1ado, producido y patentado en M\u00e9xico, con el respaldo de Megaflux, el Conahcyt y la Facultad de Ingenier\u00eda de la UNAM, pero tambi\u00e9n significa generaci\u00f3n de empleo para las y los mexicanos.<\/p>\n\n\n\n<p>A\u00f1adi\u00f3 que tiene accesibilidad universal para todas y todos, con espacios para sillas de ruedas. \u201cEl objetivo es que tengan un traslado seguro hacia la escuela, hacia la oficina, hacia la casa. Simboliza justicia social, bienestar para la gente\u201d.<\/p>\n","protected":false},"excerpt":{"rendered":"<p>La gobernadora Mara Lezama Espinosa present\u00f3 el cami\u00f3n Taruk, el cami\u00f3n 100% el\u00e9ctrico y fabricado en M\u00e9xico, que<\/p>\n","protected":false},"author":1,"featured_media":21450,"comment_status":"closed","ping_status":"open","sticky":false,"template":"","format":"standard","meta":{"_monsterinsights_skip_tracking":false,"_monsterinsights_sitenote_active":false,"_monsterinsights_sitenote_note":"","_monsterinsights_sitenote_category":0,"footnotes":""},"categories":[11,24],"tags":[],"class_list":["post-21449","post","type-post","status-publish","format-standard","has-post-thumbnail","hentry","category-noticias","category-quintana-roo"],"yoast_head":"<!-- This site is optimized with the Yoast SEO plugin v18.3 - https:\/\/yoast.com\/wordpress\/plugins\/seo\/ -->\n<title>Dan inicio a pruebas del cami\u00f3n el\u00e9ctrico Taruk, 100% mexicano, para avanzar a un transporte p\u00fablico eficiente y sustentable en Chetumal - El Puuc Noticias<\/title>\n<meta name=\"robots\" content=\"index, follow, max-snippet:-1, max-image-preview:large, max-video-preview:-1\" \/>\n<link rel=\"canonical\" href=\"https:\/\/elpuucnoticias.com\/?p=21449\" \/>\n<meta property=\"og:locale\" content=\"es_ES\" \/>\n<meta property=\"og:type\" content=\"article\" \/>\n<meta property=\"og:title\" content=\"Dan inicio a pruebas del cami\u00f3n el\u00e9ctrico Taruk, 100% mexicano, para avanzar a un transporte p\u00fablico eficiente y sustentable en Chetumal - El Puuc Noticias\" \/>\n<meta property=\"og:description\" content=\"La gobernadora Mara Lezama Espinosa present\u00f3 el cami\u00f3n Taruk, el cami\u00f3n 100% el\u00e9ctrico y fabricado en M\u00e9xico, que\" \/>\n<meta property=\"og:url\" content=\"https:\/\/elpuucnoticias.com\/?p=21449\" \/>\n<meta property=\"og:site_name\" content=\"El Puuc Noticias\" \/>\n<meta property=\"article:published_time\" content=\"2025-10-09T18:44:39+00:00\" \/>\n<meta property=\"article:modified_time\" content=\"2025-10-09T18:44:40+00:00\" \/>\n<meta property=\"og:image\" content=\"https:\/\/elpuucnoticias.com\/wp-content\/uploads\/2025\/10\/359b4391-2277-4e6e-ad3b-c5140698adf3.jpg\" \/>\n\t<meta property=\"og:image:width\" content=\"1280\" \/>\n\t<meta property=\"og:image:height\" content=\"854\" \/>\n\t<meta property=\"og:image:type\" content=\"image\/jpeg\" \/>\n<meta name=\"twitter:card\" content=\"summary_large_image\" \/>\n<meta name=\"twitter:label1\" content=\"Escrito por\" \/>\n\t<meta name=\"twitter:data1\" content=\"elpuucnoticias\" \/>\n\t<meta name=\"twitter:label2\" content=\"Tiempo de lectura\" \/>\n\t<meta name=\"twitter:data2\" content=\"2 minutos\" \/>\n<script type=\"application\/ld+json\" class=\"yoast-schema-graph\">{\"@context\":\"https:\/\/schema.org\",\"@graph\":[{\"@type\":\"WebSite\",\"@id\":\"https:\/\/elpuucnoticias.com\/#website\",\"url\":\"https:\/\/elpuucnoticias.com\/\",\"name\":\"El Puuc Noticias\",\"description\":\"Noticias - Entretenimiento - Deportes\",\"potentialAction\":[{\"@type\":\"SearchAction\",\"target\":{\"@type\":\"EntryPoint\",\"urlTemplate\":\"https:\/\/elpuucnoticias.com\/?s={search_term_string}\"},\"query-input\":\"required name=search_term_string\"}],\"inLanguage\":\"es\"},{\"@type\":\"ImageObject\",\"@id\":\"https:\/\/elpuucnoticias.com\/?p=21449#primaryimage\",\"inLanguage\":\"es\",\"url\":\"https:\/\/elpuucnoticias.com\/wp-content\/uploads\/2025\/10\/359b4391-2277-4e6e-ad3b-c5140698adf3.jpg\",\"contentUrl\":\"https:\/\/elpuucnoticias.com\/wp-content\/uploads\/2025\/10\/359b4391-2277-4e6e-ad3b-c5140698adf3.jpg\",\"width\":1280,\"height\":854},{\"@type\":\"WebPage\",\"@id\":\"https:\/\/elpuucnoticias.com\/?p=21449#webpage\",\"url\":\"https:\/\/elpuucnoticias.com\/?p=21449\",\"name\":\"Dan inicio a pruebas del cami\u00f3n el\u00e9ctrico Taruk, 100% mexicano, para avanzar a un transporte p\u00fablico eficiente y sustentable en Chetumal - El Puuc Noticias\",\"isPartOf\":{\"@id\":\"https:\/\/elpuucnoticias.com\/#website\"},\"primaryImageOfPage\":{\"@id\":\"https:\/\/elpuucnoticias.com\/?p=21449#primaryimage\"},\"datePublished\":\"2025-10-09T18:44:39+00:00\",\"dateModified\":\"2025-10-09T18:44:40+00:00\",\"author\":{\"@id\":\"https:\/\/elpuucnoticias.com\/#\/schema\/person\/d2ea09e4c97f0160b11cdfb1d856bd9e\"},\"breadcrumb\":{\"@id\":\"https:\/\/elpuucnoticias.com\/?p=21449#breadcrumb\"},\"inLanguage\":\"es\",\"potentialAction\":[{\"@type\":\"ReadAction\",\"target\":[\"https:\/\/elpuucnoticias.com\/?p=21449\"]}]},{\"@type\":\"BreadcrumbList\",\"@id\":\"https:\/\/elpuucnoticias.com\/?p=21449#breadcrumb\",\"itemListElement\":[{\"@type\":\"ListItem\",\"position\":1,\"name\":\"Portada\",\"item\":\"https:\/\/elpuucnoticias.com\/\"},{\"@type\":\"ListItem\",\"position\":2,\"name\":\"Dan inicio a pruebas del cami\u00f3n el\u00e9ctrico Taruk, 100% mexicano, para avanzar a un transporte p\u00fablico eficiente y sustentable en Chetumal\"}]},{\"@type\":\"Person\",\"@id\":\"https:\/\/elpuucnoticias.com\/#\/schema\/person\/d2ea09e4c97f0160b11cdfb1d856bd9e\",\"name\":\"elpuucnoticias\",\"image\":{\"@type\":\"ImageObject\",\"@id\":\"https:\/\/elpuucnoticias.com\/#personlogo\",\"inLanguage\":\"es\",\"url\":\"https:\/\/secure.gravatar.com\/avatar\/5290a43657c74ffa15701dbe5b846bd85cc71930d803c84e91046a7333de6ce2?s=96&d=mm&r=g\",\"contentUrl\":\"https:\/\/secure.gravatar.com\/avatar\/5290a43657c74ffa15701dbe5b846bd85cc71930d803c84e91046a7333de6ce2?s=96&d=mm&r=g\",\"caption\":\"elpuucnoticias\"},\"sameAs\":[\"https:\/\/elpuucnoticias.com\"],\"url\":\"https:\/\/elpuucnoticias.com\/?author=1\"}]}<\/script>\n<!-- \/ Yoast SEO plugin. -->","yoast_head_json":{"title":"Dan inicio a pruebas del cami\u00f3n el\u00e9ctrico Taruk, 100% mexicano, para avanzar a un transporte p\u00fablico eficiente y sustentable en Chetumal - El Puuc Noticias","robots":{"index":"index","follow":"follow","max-snippet":"max-snippet:-1","max-image-preview":"max-image-preview:large","max-video-preview":"max-video-preview:-1"},"canonical":"https:\/\/elpuucnoticias.com\/?p=21449","og_locale":"es_ES","og_type":"article","og_title":"Dan inicio a pruebas del cami\u00f3n el\u00e9ctrico Taruk, 100% mexicano, para avanzar a un transporte p\u00fablico eficiente y sustentable en Chetumal - El Puuc Noticias","og_description":"La gobernadora Mara Lezama Espinosa present\u00f3 el cami\u00f3n Taruk, el cami\u00f3n 100% el\u00e9ctrico y fabricado en M\u00e9xico, que","og_url":"https:\/\/elpuucnoticias.com\/?p=21449","og_site_name":"El Puuc Noticias","article_published_time":"2025-10-09T18:44:39+00:00","article_modified_time":"2025-10-09T18:44:40+00:00","og_image":[{"width":1280,"height":854,"url":"https:\/\/elpuucnoticias.com\/wp-content\/uploads\/2025\/10\/359b4391-2277-4e6e-ad3b-c5140698adf3.jpg","type":"image\/jpeg"}],"twitter_card":"summary_large_image","twitter_misc":{"Escrito por":"elpuucnoticias","Tiempo de lectura":"2 minutos"},"schema":{"@context":"https:\/\/schema.org","@graph":[{"@type":"WebSite","@id":"https:\/\/elpuucnoticias.com\/#website","url":"https:\/\/elpuucnoticias.com\/","name":"El Puuc Noticias","description":"Noticias - Entretenimiento - Deportes","potentialAction":[{"@type":"SearchAction","target":{"@type":"EntryPoint","urlTemplate":"https:\/\/elpuucnoticias.com\/?s={search_term_string}"},"query-input":"required name=search_term_string"}],"inLanguage":"es"},{"@type":"ImageObject","@id":"https:\/\/elpuucnoticias.com\/?p=21449#primaryimage","inLanguage":"es","url":"https:\/\/elpuucnoticias.com\/wp-content\/uploads\/2025\/10\/359b4391-2277-4e6e-ad3b-c5140698adf3.jpg","contentUrl":"https:\/\/elpuucnoticias.com\/wp-content\/uploads\/2025\/10\/359b4391-2277-4e6e-ad3b-c5140698adf3.jpg","width":1280,"height":854},{"@type":"WebPage","@id":"https:\/\/elpuucnoticias.com\/?p=21449#webpage","url":"https:\/\/elpuucnoticias.com\/?p=21449","name":"Dan inicio a pruebas del cami\u00f3n el\u00e9ctrico Taruk, 100% mexicano, para avanzar a un transporte p\u00fablico eficiente y sustentable en Chetumal - El Puuc Noticias","isPartOf":{"@id":"https:\/\/elpuucnoticias.com\/#website"},"primaryImageOfPage":{"@id":"https:\/\/elpuucnoticias.com\/?p=21449#primaryimage"},"datePublished":"2025-10-09T18:44:39+00:00","dateModified":"2025-10-09T18:44:40+00:00","author":{"@id":"https:\/\/elpuucnoticias.com\/#\/schema\/person\/d2ea09e4c97f0160b11cdfb1d856bd9e"},"breadcrumb":{"@id":"https:\/\/elpuucnoticias.com\/?p=21449#breadcrumb"},"inLanguage":"es","potentialAction":[{"@type":"ReadAction","target":["https:\/\/elpuucnoticias.com\/?p=21449"]}]},{"@type":"BreadcrumbList","@id":"https:\/\/elpuucnoticias.com\/?p=21449#breadcrumb","itemListElement":[{"@type":"ListItem","position":1,"name":"Portada","item":"https:\/\/elpuucnoticias.com\/"},{"@type":"ListItem","position":2,"name":"Dan inicio a pruebas del cami\u00f3n el\u00e9ctrico Taruk, 100% mexicano, para avanzar a un transporte p\u00fablico eficiente y sustentable en Chetumal"}]},{"@type":"Person","@id":"https:\/\/elpuucnoticias.com\/#\/schema\/person\/d2ea09e4c97f0160b11cdfb1d856bd9e","name":"elpuucnoticias","image":{"@type":"ImageObject","@id":"https:\/\/elpuucnoticias.com\/#personlogo","inLanguage":"es","url":"https:\/\/secure.gravatar.com\/avatar\/5290a43657c74ffa15701dbe5b846bd85cc71930d803c84e91046a7333de6ce2?s=96&d=mm&r=g","contentUrl":"https:\/\/secure.gravatar.com\/avatar\/5290a43657c74ffa15701dbe5b846bd85cc71930d803c84e91046a7333de6ce2?s=96&d=mm&r=g","caption":"elpuucnoticias"},"sameAs":["https:\/\/elpuucnoticias.com"],"url":"https:\/\/elpuucnoticias.com\/?author=1"}]}},"_links":{"self":[{"href":"https:\/\/elpuucnoticias.com\/index.php?rest_route=\/wp\/v2\/posts\/21449","targetHints":{"allow":["GET"]}}],"collection":[{"href":"https:\/\/elpuucnoticias.com\/index.php?rest_route=\/wp\/v2\/posts"}],"about":[{"href":"https:\/\/elpuucnoticias.com\/index.php?rest_route=\/wp\/v2\/types\/post"}],"author":[{"embeddable":true,"href":"https:\/\/elpuucnoticias.com\/index.php?rest_route=\/wp\/v2\/users\/1"}],"replies":[{"embeddable":true,"href":"https:\/\/elpuucnoticias.com\/index.php?rest_route=%2Fwp%2Fv2%2Fcomments&post=21449"}],"version-history":[{"count":1,"href":"https:\/\/elpuucnoticias.com\/index.php?rest_route=\/wp\/v2\/posts\/21449\/revisions"}],"predecessor-version":[{"id":21451,"href":"https:\/\/elpuucnoticias.com\/index.php?rest_route=\/wp\/v2\/posts\/21449\/revisions\/21451"}],"wp:featuredmedia":[{"embeddable":true,"href":"https:\/\/elpuucnoticias.com\/index.php?rest_route=\/wp\/v2\/media\/21450"}],"wp:attachment":[{"href":"https:\/\/elpuucnoticias.com\/index.php?rest_route=%2Fwp%2Fv2%2Fmedia&parent=21449"}],"wp:term":[{"taxonomy":"category","embeddable":true,"href":"https:\/\/elpuucnoticias.com\/index.php?rest_route=%2Fwp%2Fv2%2Fcategories&post=21449"},{"taxonomy":"post_tag","embeddable":true,"href":"https:\/\/elpuucnoticias.com\/index.php?rest_route=%2Fwp%2Fv2%2Ftags&post=21449"}],"curies":[{"name":"wp","href":"https:\/\/api.w.org\/{rel}","templated":true}]}}