{"id":21455,"date":"2025-10-09T12:51:24","date_gmt":"2025-10-09T18:51:24","guid":{"rendered":"https:\/\/elpuucnoticias.com\/?p=21455"},"modified":"2025-10-09T12:51:25","modified_gmt":"2025-10-09T18:51:25","slug":"destacada-participacion-quintanarroense-en-la-paradanza-deportiva-dentro-de-la-paralimpiada-nacional-conade-2025","status":"publish","type":"post","link":"https:\/\/elpuucnoticias.com\/?p=21455","title":{"rendered":"Destacada participaci\u00f3n quintanarroense en la Paradanza Deportiva dentro de la Paralimpiada Nacional CONADE 2025"},"content":{"rendered":"\n<p>Luego de dos d\u00edas de intensa y fruct\u00edfera actividad, la Selecci\u00f3n de Quintana Roo en la disciplina de Paradanza Deportiva conquist\u00f3 un total de 21 medallas, de las cuales fueron seis de oro, nueve de plata y seis m\u00e1s de bronce, esto durante su participaci\u00f3n en la Paralimpiada Nacional CONADE 2025, que se disput\u00f3 en el Gimnasio de la Universidad Aut\u00f3noma de Aguascalientes (UTA). Adem\u00e1s, con esto, Quintana Roo lleg\u00f3 a las 60 medallas en el medallero general.<\/p>\n\n\n\n<figure class=\"wp-block-image is-style-default\"><a href=\"https:\/\/cgc.qroo.gob.mx\/cjg\/wp-content\/uploads\/2025\/10\/505a5fff-0858-410a-83cd-9981717713b5.jpg\"><img decoding=\"async\" src=\"https:\/\/cgc.qroo.gob.mx\/cjg\/wp-content\/uploads\/2025\/10\/505a5fff-0858-410a-83cd-9981717713b5-585x391.jpg\" alt=\"\" title=\"505a5fff-0858-410a-83cd-9981717713b5\"\/><\/a><\/figure>\n\n\n\n<p>Este equipo estatal hizo el viaje para representar a Quintana Roo, con el respaldo y apoyo de la Comisi\u00f3n del Deporte de Quintana Roo (CODEQ), presidida por Jacobo Arzate Hop, enmarcando las acciones del Nuevo Acuerdo por el Bienestar y Desarrollo, que impulsa la gobernadora Mara Lezama Espinosa.<\/p>\n\n\n\n<p>Las y los integrantes de la delegaci\u00f3n quintanarroense tuvieron destacadas rutinas sobre la pista de baile, lo que provoc\u00f3 una productiva cosecha de metales, que adem\u00e1s aport\u00f3 al medallero general de la entidad, que ya suma 60 preseas, de las cuales son 23 de oro, 20 de plata y 17 de bronce.<\/p>\n\n\n\n<figure class=\"wp-block-image is-style-default\"><a href=\"https:\/\/cgc.qroo.gob.mx\/cjg\/wp-content\/uploads\/2025\/10\/7f7c8aef-02f6-4b79-86ea-933985974c3d.jpg\"><img decoding=\"async\" src=\"https:\/\/cgc.qroo.gob.mx\/cjg\/wp-content\/uploads\/2025\/10\/7f7c8aef-02f6-4b79-86ea-933985974c3d-585x391.jpg\" alt=\"\" title=\"7f7c8aef-02f6-4b79-86ea-933985974c3d\"\/><\/a><\/figure>\n\n\n\n<p>Pasando a los resultados, las primeras medallas de oro llegaron por conducto de la pareja conformada por Daniela Ixchel Pi\u00f1a Garc\u00eda y Xavier Eugenio Ugalde Gonz\u00e1lez, quienes se colgaron el oro en las pruebas de Combinado Est\u00e1ndar Convencional y Combinado Latin, en la categor\u00eda Juvenil Menor, Clase 1.<\/p>\n\n\n\n<p>Por su parte, el paratleta Cristian Jos\u00e9 Gonz\u00e1lez V\u00e1zquez tambi\u00e9n se proclam\u00f3 campe\u00f3n nacional en dos pruebas distintas: la primera fue en la modalidad Single Varonil Convencional y la segunda en Single Freestyle, ambas correspondientes a la categor\u00eda Juvenil Menor de la Clase LWD 1.<\/p>\n\n\n\n<figure class=\"wp-block-image is-style-default\"><a href=\"https:\/\/cgc.qroo.gob.mx\/cjg\/wp-content\/uploads\/2025\/10\/11ab6fd0-5f46-4b2a-a1a5-9cb14fe2aec5.jpg\"><img decoding=\"async\" src=\"https:\/\/cgc.qroo.gob.mx\/cjg\/wp-content\/uploads\/2025\/10\/11ab6fd0-5f46-4b2a-a1a5-9cb14fe2aec5-585x391.jpg\" alt=\"\" title=\"11ab6fd0-5f46-4b2a-a1a5-9cb14fe2aec5\"\/><\/a><\/figure>\n\n\n\n<p>Otra paratleta que consigui\u00f3 doblete dorado fue Yurahi Jael Dzib Coli, quien subi\u00f3 a lo m\u00e1s alto del podio en Single Femenil Convencional y en Single Freestyle, ambas dentro de la categor\u00eda Juvenil Mayor, Clase LWD 2.<\/p>\n\n\n\n<p>En lo que respecta a las medallas de plata, la primera fue conseguida por Daniela Ixchel Pi\u00f1a Garc\u00eda; en tanto, Lizbeth Sayr\u00fa Hern\u00e1ndez Jim\u00e9nez cosech\u00f3 dos plateadas; por otro lado, Cristopher Alexis Ram\u00edrez Pacheco se adjudic\u00f3 una presea de plata de manera individual; pero adem\u00e1s, el mismo Cristopher aport\u00f3 tres metales plateados m\u00e1s en dueto: una fue con Xiomara Caamal Cahuich y dos con Danna Novelo Hern\u00e1ndez.<\/p>\n\n\n\n<figure class=\"wp-block-image is-style-default\"><a href=\"https:\/\/cgc.qroo.gob.mx\/cjg\/wp-content\/uploads\/2025\/10\/45adbce3-aa11-4dc7-84ba-7eea97f9b6e6.jpg\"><img decoding=\"async\" src=\"https:\/\/cgc.qroo.gob.mx\/cjg\/wp-content\/uploads\/2025\/10\/45adbce3-aa11-4dc7-84ba-7eea97f9b6e6-585x391.jpg\" alt=\"\" title=\"45adbce3-aa11-4dc7-84ba-7eea97f9b6e6\"\/><\/a><\/figure>\n\n\n\n<p>Las \u00faltimas dos preseas de plata se las adjudic\u00f3 la pareja conformada por Danna Novelo Hern\u00e1ndez y Yael Jes\u00fas Hern\u00e1ndez Jim\u00e9nez.<\/p>\n\n\n\n<p>Finalmente, las seis preseas de bronce llegaron gracias al dueto integrado por Lizbeth Sayr\u00fa Hern\u00e1ndez Jim\u00e9nez y Erick Alejandro Castillo Gonz\u00e1lez; tambi\u00e9n aport\u00f3 Cristian Gonz\u00e1lez V\u00e1zquez en dueto con Johana Huerta Beltr\u00e1n; as\u00ed como Yurahi Jael Dzib Coli en dueto con Leonardo Poot Chan; y, de manera individual, Georgina Elizabeth Cerd\u00e1n Garc\u00eda logr\u00f3 dos preseas, y Danna Novelo Hern\u00e1ndez una.<\/p>\n","protected":false},"excerpt":{"rendered":"<p>Luego de dos d\u00edas de intensa y fruct\u00edfera actividad, la Selecci\u00f3n de Quintana Roo en la disciplina de<\/p>\n","protected":false},"author":1,"featured_media":21456,"comment_status":"closed","ping_status":"open","sticky":false,"template":"","format":"standard","meta":{"_monsterinsights_skip_tracking":false,"_monsterinsights_sitenote_active":false,"_monsterinsights_sitenote_note":"","_monsterinsights_sitenote_category":0,"footnotes":""},"categories":[11,24],"tags":[],"class_list":["post-21455","post","type-post","status-publish","format-standard","has-post-thumbnail","hentry","category-noticias","category-quintana-roo"],"yoast_head":"<!-- This site is optimized with the Yoast SEO plugin v18.3 - https:\/\/yoast.com\/wordpress\/plugins\/seo\/ -->\n<title>Destacada participaci\u00f3n quintanarroense en la Paradanza Deportiva dentro de la Paralimpiada Nacional CONADE 2025 - El Puuc Noticias<\/title>\n<meta name=\"robots\" content=\"index, follow, max-snippet:-1, max-image-preview:large, max-video-preview:-1\" \/>\n<link rel=\"canonical\" href=\"https:\/\/elpuucnoticias.com\/?p=21455\" \/>\n<meta property=\"og:locale\" content=\"es_ES\" \/>\n<meta property=\"og:type\" content=\"article\" \/>\n<meta property=\"og:title\" content=\"Destacada participaci\u00f3n quintanarroense en la Paradanza Deportiva dentro de la Paralimpiada Nacional CONADE 2025 - El Puuc Noticias\" \/>\n<meta property=\"og:description\" content=\"Luego de dos d\u00edas de intensa y fruct\u00edfera actividad, la Selecci\u00f3n de Quintana Roo en la disciplina de\" \/>\n<meta property=\"og:url\" content=\"https:\/\/elpuucnoticias.com\/?p=21455\" \/>\n<meta property=\"og:site_name\" content=\"El Puuc Noticias\" \/>\n<meta property=\"article:published_time\" content=\"2025-10-09T18:51:24+00:00\" \/>\n<meta property=\"article:modified_time\" content=\"2025-10-09T18:51:25+00:00\" \/>\n<meta property=\"og:image\" content=\"https:\/\/elpuucnoticias.com\/wp-content\/uploads\/2025\/10\/c60e462c-f6f1-4173-a8f9-4ee4f55c94ec.jpg\" \/>\n\t<meta property=\"og:image:width\" content=\"1600\" \/>\n\t<meta property=\"og:image:height\" content=\"1068\" \/>\n\t<meta property=\"og:image:type\" content=\"image\/jpeg\" \/>\n<meta name=\"twitter:card\" content=\"summary_large_image\" \/>\n<meta name=\"twitter:label1\" content=\"Escrito por\" \/>\n\t<meta name=\"twitter:data1\" content=\"elpuucnoticias\" \/>\n\t<meta name=\"twitter:label2\" content=\"Tiempo de lectura\" \/>\n\t<meta name=\"twitter:data2\" content=\"2 minutos\" \/>\n<script type=\"application\/ld+json\" class=\"yoast-schema-graph\">{\"@context\":\"https:\/\/schema.org\",\"@graph\":[{\"@type\":\"WebSite\",\"@id\":\"https:\/\/elpuucnoticias.com\/#website\",\"url\":\"https:\/\/elpuucnoticias.com\/\",\"name\":\"El Puuc Noticias\",\"description\":\"Noticias - Entretenimiento - Deportes\",\"potentialAction\":[{\"@type\":\"SearchAction\",\"target\":{\"@type\":\"EntryPoint\",\"urlTemplate\":\"https:\/\/elpuucnoticias.com\/?s={search_term_string}\"},\"query-input\":\"required name=search_term_string\"}],\"inLanguage\":\"es\"},{\"@type\":\"ImageObject\",\"@id\":\"https:\/\/elpuucnoticias.com\/?p=21455#primaryimage\",\"inLanguage\":\"es\",\"url\":\"https:\/\/elpuucnoticias.com\/wp-content\/uploads\/2025\/10\/c60e462c-f6f1-4173-a8f9-4ee4f55c94ec.jpg\",\"contentUrl\":\"https:\/\/elpuucnoticias.com\/wp-content\/uploads\/2025\/10\/c60e462c-f6f1-4173-a8f9-4ee4f55c94ec.jpg\",\"width\":1600,\"height\":1068},{\"@type\":\"WebPage\",\"@id\":\"https:\/\/elpuucnoticias.com\/?p=21455#webpage\",\"url\":\"https:\/\/elpuucnoticias.com\/?p=21455\",\"name\":\"Destacada participaci\u00f3n quintanarroense en la Paradanza Deportiva dentro de la Paralimpiada Nacional CONADE 2025 - El Puuc Noticias\",\"isPartOf\":{\"@id\":\"https:\/\/elpuucnoticias.com\/#website\"},\"primaryImageOfPage\":{\"@id\":\"https:\/\/elpuucnoticias.com\/?p=21455#primaryimage\"},\"datePublished\":\"2025-10-09T18:51:24+00:00\",\"dateModified\":\"2025-10-09T18:51:25+00:00\",\"author\":{\"@id\":\"https:\/\/elpuucnoticias.com\/#\/schema\/person\/d2ea09e4c97f0160b11cdfb1d856bd9e\"},\"breadcrumb\":{\"@id\":\"https:\/\/elpuucnoticias.com\/?p=21455#breadcrumb\"},\"inLanguage\":\"es\",\"potentialAction\":[{\"@type\":\"ReadAction\",\"target\":[\"https:\/\/elpuucnoticias.com\/?p=21455\"]}]},{\"@type\":\"BreadcrumbList\",\"@id\":\"https:\/\/elpuucnoticias.com\/?p=21455#breadcrumb\",\"itemListElement\":[{\"@type\":\"ListItem\",\"position\":1,\"name\":\"Portada\",\"item\":\"https:\/\/elpuucnoticias.com\/\"},{\"@type\":\"ListItem\",\"position\":2,\"name\":\"Destacada participaci\u00f3n quintanarroense en la Paradanza Deportiva dentro de la Paralimpiada Nacional CONADE 2025\"}]},{\"@type\":\"Person\",\"@id\":\"https:\/\/elpuucnoticias.com\/#\/schema\/person\/d2ea09e4c97f0160b11cdfb1d856bd9e\",\"name\":\"elpuucnoticias\",\"image\":{\"@type\":\"ImageObject\",\"@id\":\"https:\/\/elpuucnoticias.com\/#personlogo\",\"inLanguage\":\"es\",\"url\":\"https:\/\/secure.gravatar.com\/avatar\/5290a43657c74ffa15701dbe5b846bd85cc71930d803c84e91046a7333de6ce2?s=96&d=mm&r=g\",\"contentUrl\":\"https:\/\/secure.gravatar.com\/avatar\/5290a43657c74ffa15701dbe5b846bd85cc71930d803c84e91046a7333de6ce2?s=96&d=mm&r=g\",\"caption\":\"elpuucnoticias\"},\"sameAs\":[\"https:\/\/elpuucnoticias.com\"],\"url\":\"https:\/\/elpuucnoticias.com\/?author=1\"}]}<\/script>\n<!-- \/ Yoast SEO plugin. -->","yoast_head_json":{"title":"Destacada participaci\u00f3n quintanarroense en la Paradanza Deportiva dentro de la Paralimpiada Nacional CONADE 2025 - El Puuc Noticias","robots":{"index":"index","follow":"follow","max-snippet":"max-snippet:-1","max-image-preview":"max-image-preview:large","max-video-preview":"max-video-preview:-1"},"canonical":"https:\/\/elpuucnoticias.com\/?p=21455","og_locale":"es_ES","og_type":"article","og_title":"Destacada participaci\u00f3n quintanarroense en la Paradanza Deportiva dentro de la Paralimpiada Nacional CONADE 2025 - El Puuc Noticias","og_description":"Luego de dos d\u00edas de intensa y fruct\u00edfera actividad, la Selecci\u00f3n de Quintana Roo en la disciplina de","og_url":"https:\/\/elpuucnoticias.com\/?p=21455","og_site_name":"El Puuc Noticias","article_published_time":"2025-10-09T18:51:24+00:00","article_modified_time":"2025-10-09T18:51:25+00:00","og_image":[{"width":1600,"height":1068,"url":"https:\/\/elpuucnoticias.com\/wp-content\/uploads\/2025\/10\/c60e462c-f6f1-4173-a8f9-4ee4f55c94ec.jpg","type":"image\/jpeg"}],"twitter_card":"summary_large_image","twitter_misc":{"Escrito por":"elpuucnoticias","Tiempo de lectura":"2 minutos"},"schema":{"@context":"https:\/\/schema.org","@graph":[{"@type":"WebSite","@id":"https:\/\/elpuucnoticias.com\/#website","url":"https:\/\/elpuucnoticias.com\/","name":"El Puuc Noticias","description":"Noticias - Entretenimiento - Deportes","potentialAction":[{"@type":"SearchAction","target":{"@type":"EntryPoint","urlTemplate":"https:\/\/elpuucnoticias.com\/?s={search_term_string}"},"query-input":"required name=search_term_string"}],"inLanguage":"es"},{"@type":"ImageObject","@id":"https:\/\/elpuucnoticias.com\/?p=21455#primaryimage","inLanguage":"es","url":"https:\/\/elpuucnoticias.com\/wp-content\/uploads\/2025\/10\/c60e462c-f6f1-4173-a8f9-4ee4f55c94ec.jpg","contentUrl":"https:\/\/elpuucnoticias.com\/wp-content\/uploads\/2025\/10\/c60e462c-f6f1-4173-a8f9-4ee4f55c94ec.jpg","width":1600,"height":1068},{"@type":"WebPage","@id":"https:\/\/elpuucnoticias.com\/?p=21455#webpage","url":"https:\/\/elpuucnoticias.com\/?p=21455","name":"Destacada participaci\u00f3n quintanarroense en la Paradanza Deportiva dentro de la Paralimpiada Nacional CONADE 2025 - El Puuc Noticias","isPartOf":{"@id":"https:\/\/elpuucnoticias.com\/#website"},"primaryImageOfPage":{"@id":"https:\/\/elpuucnoticias.com\/?p=21455#primaryimage"},"datePublished":"2025-10-09T18:51:24+00:00","dateModified":"2025-10-09T18:51:25+00:00","author":{"@id":"https:\/\/elpuucnoticias.com\/#\/schema\/person\/d2ea09e4c97f0160b11cdfb1d856bd9e"},"breadcrumb":{"@id":"https:\/\/elpuucnoticias.com\/?p=21455#breadcrumb"},"inLanguage":"es","potentialAction":[{"@type":"ReadAction","target":["https:\/\/elpuucnoticias.com\/?p=21455"]}]},{"@type":"BreadcrumbList","@id":"https:\/\/elpuucnoticias.com\/?p=21455#breadcrumb","itemListElement":[{"@type":"ListItem","position":1,"name":"Portada","item":"https:\/\/elpuucnoticias.com\/"},{"@type":"ListItem","position":2,"name":"Destacada participaci\u00f3n quintanarroense en la Paradanza Deportiva dentro de la Paralimpiada Nacional CONADE 2025"}]},{"@type":"Person","@id":"https:\/\/elpuucnoticias.com\/#\/schema\/person\/d2ea09e4c97f0160b11cdfb1d856bd9e","name":"elpuucnoticias","image":{"@type":"ImageObject","@id":"https:\/\/elpuucnoticias.com\/#personlogo","inLanguage":"es","url":"https:\/\/secure.gravatar.com\/avatar\/5290a43657c74ffa15701dbe5b846bd85cc71930d803c84e91046a7333de6ce2?s=96&d=mm&r=g","contentUrl":"https:\/\/secure.gravatar.com\/avatar\/5290a43657c74ffa15701dbe5b846bd85cc71930d803c84e91046a7333de6ce2?s=96&d=mm&r=g","caption":"elpuucnoticias"},"sameAs":["https:\/\/elpuucnoticias.com"],"url":"https:\/\/elpuucnoticias.com\/?author=1"}]}},"_links":{"self":[{"href":"https:\/\/elpuucnoticias.com\/index.php?rest_route=\/wp\/v2\/posts\/21455","targetHints":{"allow":["GET"]}}],"collection":[{"href":"https:\/\/elpuucnoticias.com\/index.php?rest_route=\/wp\/v2\/posts"}],"about":[{"href":"https:\/\/elpuucnoticias.com\/index.php?rest_route=\/wp\/v2\/types\/post"}],"author":[{"embeddable":true,"href":"https:\/\/elpuucnoticias.com\/index.php?rest_route=\/wp\/v2\/users\/1"}],"replies":[{"embeddable":true,"href":"https:\/\/elpuucnoticias.com\/index.php?rest_route=%2Fwp%2Fv2%2Fcomments&post=21455"}],"version-history":[{"count":1,"href":"https:\/\/elpuucnoticias.com\/index.php?rest_route=\/wp\/v2\/posts\/21455\/revisions"}],"predecessor-version":[{"id":21457,"href":"https:\/\/elpuucnoticias.com\/index.php?rest_route=\/wp\/v2\/posts\/21455\/revisions\/21457"}],"wp:featuredmedia":[{"embeddable":true,"href":"https:\/\/elpuucnoticias.com\/index.php?rest_route=\/wp\/v2\/media\/21456"}],"wp:attachment":[{"href":"https:\/\/elpuucnoticias.com\/index.php?rest_route=%2Fwp%2Fv2%2Fmedia&parent=21455"}],"wp:term":[{"taxonomy":"category","embeddable":true,"href":"https:\/\/elpuucnoticias.com\/index.php?rest_route=%2Fwp%2Fv2%2Fcategories&post=21455"},{"taxonomy":"post_tag","embeddable":true,"href":"https:\/\/elpuucnoticias.com\/index.php?rest_route=%2Fwp%2Fv2%2Ftags&post=21455"}],"curies":[{"name":"wp","href":"https:\/\/api.w.org\/{rel}","templated":true}]}}