{"id":21458,"date":"2025-10-09T12:55:45","date_gmt":"2025-10-09T18:55:45","guid":{"rendered":"https:\/\/elpuucnoticias.com\/?p=21458"},"modified":"2025-10-09T12:55:45","modified_gmt":"2025-10-09T18:55:45","slug":"en-el-51-aniversario-de-quintana-roo-mara-lezama-resalta-la-transformacion-que-impulsa-bienestar-y-prosperidad-compartida-en-el-izamiento-de-bandera","status":"publish","type":"post","link":"https:\/\/elpuucnoticias.com\/?p=21458","title":{"rendered":"En el 51 aniversario de Quintana Roo, Mara Lezama resalta la transformaci\u00f3n que impulsa bienestar y prosperidad compartida en el Izamiento de Bandera"},"content":{"rendered":"\n<p>La gobernadora Mara Lezama Espinosa encabez\u00f3 la ceremonia de izamiento de la bandera de Quintana Roo en ocasi\u00f3n del 51 aniversario de su creaci\u00f3n como Estado Libre y Soberano, evento en el que se estren\u00f3 la Banda de Guerra Monumental de m\u00e1s de 112 elementos, ni\u00f1os y j\u00f3venes, as\u00ed como las escoltas de Bandera Nacional y Estatal que se integra con 8 organizaciones c\u00edvicas libres y planteles educativos.<\/p>\n\n\n\n<figure class=\"wp-block-image is-style-default\"><a href=\"https:\/\/cgc.qroo.gob.mx\/cjg\/wp-content\/uploads\/2025\/10\/IMG-20251008-WA0073.jpg\"><img decoding=\"async\" src=\"https:\/\/cgc.qroo.gob.mx\/cjg\/wp-content\/uploads\/2025\/10\/IMG-20251008-WA0073-585x473.jpg\" alt=\"\" title=\"IMG-20251008-WA0073\"\/><\/a><\/figure>\n\n\n\n<p>Este evento magno conmemorativo se llev\u00f3 a cabo en la Explanada de la Bandera, frente al Palacio de Gobierno, con la presencia de presidentas y presidentes municipales, representantes de los Poderes del Estado, as\u00ed como autoridades militares destacamentados en la entidad.<\/p>\n\n\n\n<figure class=\"wp-block-image is-style-default\"><a href=\"https:\/\/cgc.qroo.gob.mx\/cjg\/wp-content\/uploads\/2025\/10\/IMG-20251008-WA0068.jpg\"><img decoding=\"async\" src=\"https:\/\/cgc.qroo.gob.mx\/cjg\/wp-content\/uploads\/2025\/10\/IMG-20251008-WA0068-585x390.jpg\" alt=\"\" title=\"IMG-20251008-WA0068\"\/><\/a><\/figure>\n\n\n\n<p>La Banda de Guerra Monumental la integran alumnas y alumnos de diversas escuelas, cuyas bandas est\u00e1n identificadas como \u201cTitanes de Chetumal\u201d; \u201cHuracanes\u201d del COBACH Chetumal 2; \u201cLinces de Chetumal\u201d, agrupaci\u00f3n libre; \u201cGuerreros Caribe\u201d, libre; \u201cPanteras\u201d de la Secundaria General 7; \u201cMapaches\u201d del ITCH; \u201cJaguares Negros\u201d del ITZM; y \u201cB\u00fahos\u201d de la Secundaria General 11.<\/p>\n\n\n\n<figure class=\"wp-block-image is-style-default\"><a href=\"https:\/\/cgc.qroo.gob.mx\/cjg\/wp-content\/uploads\/2025\/10\/IMG-20251008-WA0069.jpg\"><img decoding=\"async\" src=\"https:\/\/cgc.qroo.gob.mx\/cjg\/wp-content\/uploads\/2025\/10\/IMG-20251008-WA0069-585x390.jpg\" alt=\"\" title=\"IMG-20251008-WA0069\"\/><\/a><\/figure>\n\n\n\n<p>La escolta de Bandera Nacional estuvo a cargo de \u201cTitanes de Chetumal\u201d; de Bandera Estatal, \u201cLinces de Chetumal Libre\u201d; y la Escolta Monumental de Bandera de Quintana Roo, por el Club de Escoltas \u201cPumas\u201d de Chetumal.<\/p>\n\n\n\n<figure class=\"wp-block-image is-style-default\"><a href=\"https:\/\/cgc.qroo.gob.mx\/cjg\/wp-content\/uploads\/2025\/10\/IMG-20251008-WA0070.jpg\"><img decoding=\"async\" src=\"https:\/\/cgc.qroo.gob.mx\/cjg\/wp-content\/uploads\/2025\/10\/IMG-20251008-WA0070-585x390.jpg\" alt=\"\" title=\"IMG-20251008-WA0070\"\/><\/a><\/figure>\n\n\n\n<p>En total, fueron 150 ni\u00f1as, ni\u00f1os y j\u00f3venes, con sus instructores y promotores, quienes con su participaci\u00f3n c\u00edvica dieron realce a este evento conmemorativo de la creaci\u00f3n del Estado Libre y Soberano de Quintana Roo.<\/p>\n\n\n\n<figure class=\"wp-block-image is-style-default\"><a href=\"https:\/\/cgc.qroo.gob.mx\/cjg\/wp-content\/uploads\/2025\/10\/IMG-20251008-WA0071.jpg\"><img decoding=\"async\" src=\"https:\/\/cgc.qroo.gob.mx\/cjg\/wp-content\/uploads\/2025\/10\/IMG-20251008-WA0071-585x390.jpg\" alt=\"\" title=\"IMG-20251008-WA0071\"\/><\/a><\/figure>\n\n\n\n<p>Junto con la gobernadora Mara Lezama, estuvieron en esta ceremonia la presidenta honoraria del Sistema DIF Quintana Roo, Ver\u00f3nica Lezama Espinosa; el presidente de la Junta de Gobierno y Coordinaci\u00f3n Pol\u00edtica del Congreso del Estado, Ren\u00e1n S\u00e1nchez Tajonar; el representante del Poder Judicial, Rafael Ponce, presidente del \u00d3rgano de Administraci\u00f3n; la presidenta municipal de Oth\u00f3n P. Blanco, Yensunni Mart\u00ednez Hern\u00e1ndez.<\/p>\n\n\n\n<figure class=\"wp-block-image is-style-default\"><a href=\"https:\/\/cgc.qroo.gob.mx\/cjg\/wp-content\/uploads\/2025\/10\/IMG-20251008-WA0072.jpg\"><img decoding=\"async\" src=\"https:\/\/cgc.qroo.gob.mx\/cjg\/wp-content\/uploads\/2025\/10\/IMG-20251008-WA0072-585x904.jpg\" alt=\"\" title=\"IMG-20251008-WA0072\"\/><\/a><\/figure>\n\n\n\n<p>Por las fuerzas armadas, el Vicealmirante C.G DEM Marco Antonio Mu\u00f1oz Hern\u00e1ndez, comandante de la 11\u00ba Zona Naval; Teniente Coronel de Sanidad Francisco Reyes Morales, en representaci\u00f3n de la 34\u00aa Zona Militar; el Capit\u00e1n de Guardia Nacional Aureliano Alonso Garc\u00eda, coordinador regional de la Guardia Nacional en Chetumal; as\u00ed como presidentas y presidentes municipales.<\/p>\n","protected":false},"excerpt":{"rendered":"<p>La gobernadora Mara Lezama Espinosa encabez\u00f3 la ceremonia de izamiento de la bandera de Quintana Roo en ocasi\u00f3n<\/p>\n","protected":false},"author":1,"featured_media":21459,"comment_status":"closed","ping_status":"open","sticky":false,"template":"","format":"standard","meta":{"_monsterinsights_skip_tracking":false,"_monsterinsights_sitenote_active":false,"_monsterinsights_sitenote_note":"","_monsterinsights_sitenote_category":0,"footnotes":""},"categories":[11,24],"tags":[],"class_list":["post-21458","post","type-post","status-publish","format-standard","has-post-thumbnail","hentry","category-noticias","category-quintana-roo"],"yoast_head":"<!-- This site is optimized with the Yoast SEO plugin v18.3 - https:\/\/yoast.com\/wordpress\/plugins\/seo\/ -->\n<title>En el 51 aniversario de Quintana Roo, Mara Lezama resalta la transformaci\u00f3n que impulsa bienestar y prosperidad compartida en el Izamiento de Bandera - El Puuc Noticias<\/title>\n<meta name=\"robots\" content=\"index, follow, max-snippet:-1, max-image-preview:large, max-video-preview:-1\" \/>\n<link rel=\"canonical\" href=\"https:\/\/elpuucnoticias.com\/?p=21458\" \/>\n<meta property=\"og:locale\" content=\"es_ES\" \/>\n<meta property=\"og:type\" content=\"article\" \/>\n<meta property=\"og:title\" content=\"En el 51 aniversario de Quintana Roo, Mara Lezama resalta la transformaci\u00f3n que impulsa bienestar y prosperidad compartida en el Izamiento de Bandera - El Puuc Noticias\" \/>\n<meta property=\"og:description\" content=\"La gobernadora Mara Lezama Espinosa encabez\u00f3 la ceremonia de izamiento de la bandera de Quintana Roo en ocasi\u00f3n\" \/>\n<meta property=\"og:url\" content=\"https:\/\/elpuucnoticias.com\/?p=21458\" \/>\n<meta property=\"og:site_name\" content=\"El Puuc Noticias\" \/>\n<meta property=\"article:published_time\" content=\"2025-10-09T18:55:45+00:00\" \/>\n<meta property=\"og:image\" content=\"https:\/\/elpuucnoticias.com\/wp-content\/uploads\/2025\/10\/imagen-de-whatsapp-2025-10-08-a-las-11.14.33_9b254478.jpg\" \/>\n\t<meta property=\"og:image:width\" content=\"1280\" \/>\n\t<meta property=\"og:image:height\" content=\"854\" \/>\n\t<meta property=\"og:image:type\" content=\"image\/jpeg\" \/>\n<meta name=\"twitter:card\" content=\"summary_large_image\" \/>\n<meta name=\"twitter:label1\" content=\"Escrito por\" \/>\n\t<meta name=\"twitter:data1\" content=\"elpuucnoticias\" \/>\n\t<meta name=\"twitter:label2\" content=\"Tiempo de lectura\" \/>\n\t<meta name=\"twitter:data2\" content=\"2 minutos\" \/>\n<script type=\"application\/ld+json\" class=\"yoast-schema-graph\">{\"@context\":\"https:\/\/schema.org\",\"@graph\":[{\"@type\":\"WebSite\",\"@id\":\"https:\/\/elpuucnoticias.com\/#website\",\"url\":\"https:\/\/elpuucnoticias.com\/\",\"name\":\"El Puuc Noticias\",\"description\":\"Noticias - Entretenimiento - Deportes\",\"potentialAction\":[{\"@type\":\"SearchAction\",\"target\":{\"@type\":\"EntryPoint\",\"urlTemplate\":\"https:\/\/elpuucnoticias.com\/?s={search_term_string}\"},\"query-input\":\"required name=search_term_string\"}],\"inLanguage\":\"es\"},{\"@type\":\"ImageObject\",\"@id\":\"https:\/\/elpuucnoticias.com\/?p=21458#primaryimage\",\"inLanguage\":\"es\",\"url\":\"https:\/\/elpuucnoticias.com\/wp-content\/uploads\/2025\/10\/imagen-de-whatsapp-2025-10-08-a-las-11.14.33_9b254478.jpg\",\"contentUrl\":\"https:\/\/elpuucnoticias.com\/wp-content\/uploads\/2025\/10\/imagen-de-whatsapp-2025-10-08-a-las-11.14.33_9b254478.jpg\",\"width\":1280,\"height\":854},{\"@type\":\"WebPage\",\"@id\":\"https:\/\/elpuucnoticias.com\/?p=21458#webpage\",\"url\":\"https:\/\/elpuucnoticias.com\/?p=21458\",\"name\":\"En el 51 aniversario de Quintana Roo, Mara Lezama resalta la transformaci\u00f3n que impulsa bienestar y prosperidad compartida en el Izamiento de Bandera - El Puuc Noticias\",\"isPartOf\":{\"@id\":\"https:\/\/elpuucnoticias.com\/#website\"},\"primaryImageOfPage\":{\"@id\":\"https:\/\/elpuucnoticias.com\/?p=21458#primaryimage\"},\"datePublished\":\"2025-10-09T18:55:45+00:00\",\"dateModified\":\"2025-10-09T18:55:45+00:00\",\"author\":{\"@id\":\"https:\/\/elpuucnoticias.com\/#\/schema\/person\/d2ea09e4c97f0160b11cdfb1d856bd9e\"},\"breadcrumb\":{\"@id\":\"https:\/\/elpuucnoticias.com\/?p=21458#breadcrumb\"},\"inLanguage\":\"es\",\"potentialAction\":[{\"@type\":\"ReadAction\",\"target\":[\"https:\/\/elpuucnoticias.com\/?p=21458\"]}]},{\"@type\":\"BreadcrumbList\",\"@id\":\"https:\/\/elpuucnoticias.com\/?p=21458#breadcrumb\",\"itemListElement\":[{\"@type\":\"ListItem\",\"position\":1,\"name\":\"Portada\",\"item\":\"https:\/\/elpuucnoticias.com\/\"},{\"@type\":\"ListItem\",\"position\":2,\"name\":\"En el 51 aniversario de Quintana Roo, Mara Lezama resalta la transformaci\u00f3n que impulsa bienestar y prosperidad compartida en el Izamiento de Bandera\"}]},{\"@type\":\"Person\",\"@id\":\"https:\/\/elpuucnoticias.com\/#\/schema\/person\/d2ea09e4c97f0160b11cdfb1d856bd9e\",\"name\":\"elpuucnoticias\",\"image\":{\"@type\":\"ImageObject\",\"@id\":\"https:\/\/elpuucnoticias.com\/#personlogo\",\"inLanguage\":\"es\",\"url\":\"https:\/\/secure.gravatar.com\/avatar\/5290a43657c74ffa15701dbe5b846bd85cc71930d803c84e91046a7333de6ce2?s=96&d=mm&r=g\",\"contentUrl\":\"https:\/\/secure.gravatar.com\/avatar\/5290a43657c74ffa15701dbe5b846bd85cc71930d803c84e91046a7333de6ce2?s=96&d=mm&r=g\",\"caption\":\"elpuucnoticias\"},\"sameAs\":[\"https:\/\/elpuucnoticias.com\"],\"url\":\"https:\/\/elpuucnoticias.com\/?author=1\"}]}<\/script>\n<!-- \/ Yoast SEO plugin. -->","yoast_head_json":{"title":"En el 51 aniversario de Quintana Roo, Mara Lezama resalta la transformaci\u00f3n que impulsa bienestar y prosperidad compartida en el Izamiento de Bandera - El Puuc Noticias","robots":{"index":"index","follow":"follow","max-snippet":"max-snippet:-1","max-image-preview":"max-image-preview:large","max-video-preview":"max-video-preview:-1"},"canonical":"https:\/\/elpuucnoticias.com\/?p=21458","og_locale":"es_ES","og_type":"article","og_title":"En el 51 aniversario de Quintana Roo, Mara Lezama resalta la transformaci\u00f3n que impulsa bienestar y prosperidad compartida en el Izamiento de Bandera - El Puuc Noticias","og_description":"La gobernadora Mara Lezama Espinosa encabez\u00f3 la ceremonia de izamiento de la bandera de Quintana Roo en ocasi\u00f3n","og_url":"https:\/\/elpuucnoticias.com\/?p=21458","og_site_name":"El Puuc Noticias","article_published_time":"2025-10-09T18:55:45+00:00","og_image":[{"width":1280,"height":854,"url":"https:\/\/elpuucnoticias.com\/wp-content\/uploads\/2025\/10\/imagen-de-whatsapp-2025-10-08-a-las-11.14.33_9b254478.jpg","type":"image\/jpeg"}],"twitter_card":"summary_large_image","twitter_misc":{"Escrito por":"elpuucnoticias","Tiempo de lectura":"2 minutos"},"schema":{"@context":"https:\/\/schema.org","@graph":[{"@type":"WebSite","@id":"https:\/\/elpuucnoticias.com\/#website","url":"https:\/\/elpuucnoticias.com\/","name":"El Puuc Noticias","description":"Noticias - Entretenimiento - Deportes","potentialAction":[{"@type":"SearchAction","target":{"@type":"EntryPoint","urlTemplate":"https:\/\/elpuucnoticias.com\/?s={search_term_string}"},"query-input":"required name=search_term_string"}],"inLanguage":"es"},{"@type":"ImageObject","@id":"https:\/\/elpuucnoticias.com\/?p=21458#primaryimage","inLanguage":"es","url":"https:\/\/elpuucnoticias.com\/wp-content\/uploads\/2025\/10\/imagen-de-whatsapp-2025-10-08-a-las-11.14.33_9b254478.jpg","contentUrl":"https:\/\/elpuucnoticias.com\/wp-content\/uploads\/2025\/10\/imagen-de-whatsapp-2025-10-08-a-las-11.14.33_9b254478.jpg","width":1280,"height":854},{"@type":"WebPage","@id":"https:\/\/elpuucnoticias.com\/?p=21458#webpage","url":"https:\/\/elpuucnoticias.com\/?p=21458","name":"En el 51 aniversario de Quintana Roo, Mara Lezama resalta la transformaci\u00f3n que impulsa bienestar y prosperidad compartida en el Izamiento de Bandera - El Puuc Noticias","isPartOf":{"@id":"https:\/\/elpuucnoticias.com\/#website"},"primaryImageOfPage":{"@id":"https:\/\/elpuucnoticias.com\/?p=21458#primaryimage"},"datePublished":"2025-10-09T18:55:45+00:00","dateModified":"2025-10-09T18:55:45+00:00","author":{"@id":"https:\/\/elpuucnoticias.com\/#\/schema\/person\/d2ea09e4c97f0160b11cdfb1d856bd9e"},"breadcrumb":{"@id":"https:\/\/elpuucnoticias.com\/?p=21458#breadcrumb"},"inLanguage":"es","potentialAction":[{"@type":"ReadAction","target":["https:\/\/elpuucnoticias.com\/?p=21458"]}]},{"@type":"BreadcrumbList","@id":"https:\/\/elpuucnoticias.com\/?p=21458#breadcrumb","itemListElement":[{"@type":"ListItem","position":1,"name":"Portada","item":"https:\/\/elpuucnoticias.com\/"},{"@type":"ListItem","position":2,"name":"En el 51 aniversario de Quintana Roo, Mara Lezama resalta la transformaci\u00f3n que impulsa bienestar y prosperidad compartida en el Izamiento de Bandera"}]},{"@type":"Person","@id":"https:\/\/elpuucnoticias.com\/#\/schema\/person\/d2ea09e4c97f0160b11cdfb1d856bd9e","name":"elpuucnoticias","image":{"@type":"ImageObject","@id":"https:\/\/elpuucnoticias.com\/#personlogo","inLanguage":"es","url":"https:\/\/secure.gravatar.com\/avatar\/5290a43657c74ffa15701dbe5b846bd85cc71930d803c84e91046a7333de6ce2?s=96&d=mm&r=g","contentUrl":"https:\/\/secure.gravatar.com\/avatar\/5290a43657c74ffa15701dbe5b846bd85cc71930d803c84e91046a7333de6ce2?s=96&d=mm&r=g","caption":"elpuucnoticias"},"sameAs":["https:\/\/elpuucnoticias.com"],"url":"https:\/\/elpuucnoticias.com\/?author=1"}]}},"_links":{"self":[{"href":"https:\/\/elpuucnoticias.com\/index.php?rest_route=\/wp\/v2\/posts\/21458","targetHints":{"allow":["GET"]}}],"collection":[{"href":"https:\/\/elpuucnoticias.com\/index.php?rest_route=\/wp\/v2\/posts"}],"about":[{"href":"https:\/\/elpuucnoticias.com\/index.php?rest_route=\/wp\/v2\/types\/post"}],"author":[{"embeddable":true,"href":"https:\/\/elpuucnoticias.com\/index.php?rest_route=\/wp\/v2\/users\/1"}],"replies":[{"embeddable":true,"href":"https:\/\/elpuucnoticias.com\/index.php?rest_route=%2Fwp%2Fv2%2Fcomments&post=21458"}],"version-history":[{"count":1,"href":"https:\/\/elpuucnoticias.com\/index.php?rest_route=\/wp\/v2\/posts\/21458\/revisions"}],"predecessor-version":[{"id":21460,"href":"https:\/\/elpuucnoticias.com\/index.php?rest_route=\/wp\/v2\/posts\/21458\/revisions\/21460"}],"wp:featuredmedia":[{"embeddable":true,"href":"https:\/\/elpuucnoticias.com\/index.php?rest_route=\/wp\/v2\/media\/21459"}],"wp:attachment":[{"href":"https:\/\/elpuucnoticias.com\/index.php?rest_route=%2Fwp%2Fv2%2Fmedia&parent=21458"}],"wp:term":[{"taxonomy":"category","embeddable":true,"href":"https:\/\/elpuucnoticias.com\/index.php?rest_route=%2Fwp%2Fv2%2Fcategories&post=21458"},{"taxonomy":"post_tag","embeddable":true,"href":"https:\/\/elpuucnoticias.com\/index.php?rest_route=%2Fwp%2Fv2%2Ftags&post=21458"}],"curies":[{"name":"wp","href":"https:\/\/api.w.org\/{rel}","templated":true}]}}