{"id":21464,"date":"2025-10-09T13:17:41","date_gmt":"2025-10-09T19:17:41","guid":{"rendered":"https:\/\/elpuucnoticias.com\/?p=21464"},"modified":"2025-10-09T13:17:42","modified_gmt":"2025-10-09T19:17:42","slug":"la-secretaria-de-desarrollo-economico-reafirma-el-liderazgo-economico-de-quintana-roo-durante-su-comparecencia-ante-la-xviii-legislatura","status":"publish","type":"post","link":"https:\/\/elpuucnoticias.com\/?p=21464","title":{"rendered":"La Secretar\u00eda de Desarrollo Econ\u00f3mico reafirma el liderazgo econ\u00f3mico de Quintana Roo durante su comparecencia ante la XVIII Legislatura"},"content":{"rendered":"\n<p>En cumplimiento al mandato constitucional, la Secretar\u00eda de Desarrollo Econ\u00f3mico (SEDE), encabezada por Paul Carrillo de C\u00e1ceres, compareci\u00f3 ante la D\u00e9cimo Octava Legislatura para rendir cuentas del tercer a\u00f1o de gobierno de la administraci\u00f3n de la gobernadora Mara Lezama Espinosa, con resultados que consolidan un modelo humanista, incluyente y sostenible orientado a la prosperidad compartida. \u201cTrabajamos para que el progreso llegue a todos los municipios, con igualdad de oportunidades y bienestar para cada familia quintanarroense\u201d, subray\u00f3 el Secretario.<\/p>\n\n\n\n<figure class=\"wp-block-image is-style-default\"><a href=\"https:\/\/cgc.qroo.gob.mx\/cjg\/wp-content\/uploads\/2025\/10\/a50beae6-cbd2-461a-9323-7878536ed499.jpg\"><img decoding=\"async\" src=\"https:\/\/cgc.qroo.gob.mx\/cjg\/wp-content\/uploads\/2025\/10\/a50beae6-cbd2-461a-9323-7878536ed499-585x390.jpg\" alt=\"\" title=\"a50beae6-cbd2-461a-9323-7878536ed499\"\/><\/a><\/figure>\n\n\n\n<p>Bajo las directrices del Nuevo Acuerdo por el Bienestar y Desarrollo, impulsado por la gobernadora Mara Lezama, se destacaron pol\u00edticas p\u00fablicas que priorizan el crecimiento con justicia territorial, la diversificaci\u00f3n productiva y la sostenibilidad, articulando turismo, infraestructura, desarrollo empresarial y formaci\u00f3n de capital humano para elevar productividad y competitividad en todas las regiones.<\/p>\n\n\n\n<figure class=\"wp-block-image is-style-default\"><a href=\"https:\/\/cgc.qroo.gob.mx\/cjg\/wp-content\/uploads\/2025\/10\/3f24c67d-4da4-418a-8dc9-de717d500a76.jpg\"><img decoding=\"async\" src=\"https:\/\/cgc.qroo.gob.mx\/cjg\/wp-content\/uploads\/2025\/10\/3f24c67d-4da4-418a-8dc9-de717d500a76-585x390.jpg\" alt=\"\" title=\"3f24c67d-4da4-418a-8dc9-de717d500a76\"\/><\/a><\/figure>\n\n\n\n<p>En materia econ\u00f3mica, 2023 fue un a\u00f1o extraordinario: Quintana Roo lider\u00f3 el pa\u00eds con una variaci\u00f3n anual del PIB de 13.2% y un PIB de 403,785.2 MMDP (valores constantes). El impulso a la obra p\u00fablica se reflej\u00f3 en la construcci\u00f3n (+283.1%), con un reequilibrio sectorial: el secundario creci\u00f3 de 9.6% a 22.9% y el terciario pas\u00f3 de 89.4% a 76.3%. Para 2024, el Indicador Trimestral anticipa una variaci\u00f3n anual de \u20134.4%, explicada por la conclusi\u00f3n de grandes obras (Tren Maya y Aeropuerto de Tulum). Descontando construcci\u00f3n, la econom\u00eda creci\u00f3 1.0%, tendencia corroborada por el empleo, que mantiene dinamismo y formalizaci\u00f3n.<\/p>\n\n\n\n<p>En tres a\u00f1os se generaron 55,238 nuevos empleos formales, alcanzando 527,401 personas aseguradas al junio de 2025. El norte y centro concentran 498,963 empleos (+52,173; +11.7%), mientras que el sur suma 28,438 (+3,065; +12.1%), con fuerte tracci\u00f3n en alojamiento, alimentos y bebidas, comercio y construcci\u00f3n. La Inversi\u00f3n Extranjera Directa (IED) acumul\u00f3 2,008.1 MMDD (dic-2024), de los cuales 1,631.1 MMDD (81.2%) correspondieron al sector hotelero. Se registraron m\u00e1ximos en 2023 (1,021 MMDD) y 2024 (921.3 MMDD); en el primer semestre de 2025, la IED trimestral fue de 509.1 MMDD, manteniendo a la entidad l\u00edder del sur-sureste.<\/p>\n\n\n\n<figure class=\"wp-block-image is-style-default\"><a href=\"https:\/\/cgc.qroo.gob.mx\/cjg\/wp-content\/uploads\/2025\/10\/42f97ae3-d1cd-4fac-89dc-f61cc6bf84f2.jpg\"><img decoding=\"async\" src=\"https:\/\/cgc.qroo.gob.mx\/cjg\/wp-content\/uploads\/2025\/10\/42f97ae3-d1cd-4fac-89dc-f61cc6bf84f2-585x390.jpg\" alt=\"\" title=\"42f97ae3-d1cd-4fac-89dc-f61cc6bf84f2\"\/><\/a><\/figure>\n\n\n\n<p>Para emprendimiento y capacitaci\u00f3n, se reportan 14,847 personas formadas (10,533 mujeres) en tres a\u00f1os; en el \u00faltimo a\u00f1o 7,201 (5,202 mujeres). Destacan Becas Santander Futuro del Trabajo (2,184), Conectadas Sur-Sureste (314), Mujeres Capacitadas (393) y el Diplomado Empresario a Empresario (28 directivos), con contenidos en IA, ciberseguridad, marketing y gesti\u00f3n.<\/p>\n\n\n\n<p>En financiamiento inclusivo, se otorgaron 495 cr\u00e9ditos por $249.046 MDP; mediante FOFINQROO se incorporaron $10.583 MDP que beneficiaron a 392 mujeres, artesanas y micronegocios (derrama $21.176 MDP). Con NAFIN, una contragarant\u00eda estatal de $69 MDP deton\u00f3 una bolsa hist\u00f3rica de $826.8 MDP (derrama $227.92 MDP); el programa Transforma tu PyME elev\u00f3 el ticket individual de $50 mil a $70 mil, con 70% de cr\u00e9ditos para mujeres.<\/p>\n\n\n\n<figure class=\"wp-block-image is-style-default\"><a href=\"https:\/\/cgc.qroo.gob.mx\/cjg\/wp-content\/uploads\/2025\/10\/66824a02-7c90-4daa-bbe9-d0bf1e120313.jpg\"><img decoding=\"async\" src=\"https:\/\/cgc.qroo.gob.mx\/cjg\/wp-content\/uploads\/2025\/10\/66824a02-7c90-4daa-bbe9-d0bf1e120313-585x390.jpg\" alt=\"\" title=\"66824a02-7c90-4daa-bbe9-d0bf1e120313\"\/><\/a><\/figure>\n\n\n\n<p>El distintivo \u201cHecho en Quintana Roo\u201d se consolid\u00f3 con 309 productos y servicios; hubo 516 acciones de vinculaci\u00f3n comercial y avances como la indicaci\u00f3n geogr\u00e1fica del Chicle Maya. El Programa de Diversificaci\u00f3n y Marketing Artesanal realiz\u00f3 1,400 acciones (inversi\u00f3n $4.52 MDP), y Transforma con Calidad Hecho en QROO apoy\u00f3 a 29 productoras\/es con etiquetado y tabla nutrimental para su expansi\u00f3n en mercados.<\/p>\n\n\n\n<p>Finalmente, se reportaron avances del PODECOBI Chetumal, que integrar\u00e1 878,010 m\u00b2 para actividades industriales y log\u00edsticas (agroindustria, forestal-mueble, textil para turismo, energ\u00edas renovables, almacenaje y comercio exterior), en sinergia con el Recinto Fiscalizado Estrat\u00e9gico y el Tren Maya, respaldado por un programa de incentivos estatales. \u201cQuintana Roo avanza hacia una econom\u00eda moderna, competitiva y sostenible; cada logro se traduce en bienestar y oportunidades para todas y todos\u201d, concluy\u00f3 Paul Carrillo.<\/p>\n","protected":false},"excerpt":{"rendered":"<p>En cumplimiento al mandato constitucional, la Secretar\u00eda de Desarrollo Econ\u00f3mico (SEDE), encabezada por Paul Carrillo de C\u00e1ceres, compareci\u00f3<\/p>\n","protected":false},"author":1,"featured_media":21465,"comment_status":"closed","ping_status":"open","sticky":false,"template":"","format":"standard","meta":{"_monsterinsights_skip_tracking":false,"_monsterinsights_sitenote_active":false,"_monsterinsights_sitenote_note":"","_monsterinsights_sitenote_category":0,"footnotes":""},"categories":[11,24],"tags":[],"class_list":["post-21464","post","type-post","status-publish","format-standard","has-post-thumbnail","hentry","category-noticias","category-quintana-roo"],"yoast_head":"<!-- This site is optimized with the Yoast SEO plugin v18.3 - https:\/\/yoast.com\/wordpress\/plugins\/seo\/ -->\n<title>La Secretar\u00eda de Desarrollo Econ\u00f3mico reafirma el liderazgo econ\u00f3mico de Quintana Roo durante su comparecencia ante la XVIII Legislatura - El Puuc Noticias<\/title>\n<meta name=\"robots\" content=\"index, follow, max-snippet:-1, max-image-preview:large, max-video-preview:-1\" \/>\n<link rel=\"canonical\" href=\"https:\/\/elpuucnoticias.com\/?p=21464\" \/>\n<meta property=\"og:locale\" content=\"es_ES\" \/>\n<meta property=\"og:type\" content=\"article\" \/>\n<meta property=\"og:title\" content=\"La Secretar\u00eda de Desarrollo Econ\u00f3mico reafirma el liderazgo econ\u00f3mico de Quintana Roo durante su comparecencia ante la XVIII Legislatura - El Puuc Noticias\" \/>\n<meta property=\"og:description\" content=\"En cumplimiento al mandato constitucional, la Secretar\u00eda de Desarrollo Econ\u00f3mico (SEDE), encabezada por Paul Carrillo de C\u00e1ceres, compareci\u00f3\" \/>\n<meta property=\"og:url\" content=\"https:\/\/elpuucnoticias.com\/?p=21464\" \/>\n<meta property=\"og:site_name\" content=\"El Puuc Noticias\" \/>\n<meta property=\"article:published_time\" content=\"2025-10-09T19:17:41+00:00\" \/>\n<meta property=\"article:modified_time\" content=\"2025-10-09T19:17:42+00:00\" \/>\n<meta property=\"og:image\" content=\"https:\/\/elpuucnoticias.com\/wp-content\/uploads\/2025\/10\/f88b867c-0d38-4dce-950f-788da3fa44ca.jpg\" \/>\n\t<meta property=\"og:image:width\" content=\"1600\" \/>\n\t<meta property=\"og:image:height\" content=\"1066\" \/>\n\t<meta property=\"og:image:type\" content=\"image\/jpeg\" \/>\n<meta name=\"twitter:card\" content=\"summary_large_image\" \/>\n<meta name=\"twitter:label1\" content=\"Escrito por\" \/>\n\t<meta name=\"twitter:data1\" content=\"elpuucnoticias\" \/>\n\t<meta name=\"twitter:label2\" content=\"Tiempo de lectura\" \/>\n\t<meta name=\"twitter:data2\" content=\"3 minutos\" \/>\n<script type=\"application\/ld+json\" class=\"yoast-schema-graph\">{\"@context\":\"https:\/\/schema.org\",\"@graph\":[{\"@type\":\"WebSite\",\"@id\":\"https:\/\/elpuucnoticias.com\/#website\",\"url\":\"https:\/\/elpuucnoticias.com\/\",\"name\":\"El Puuc Noticias\",\"description\":\"Noticias - Entretenimiento - Deportes\",\"potentialAction\":[{\"@type\":\"SearchAction\",\"target\":{\"@type\":\"EntryPoint\",\"urlTemplate\":\"https:\/\/elpuucnoticias.com\/?s={search_term_string}\"},\"query-input\":\"required name=search_term_string\"}],\"inLanguage\":\"es\"},{\"@type\":\"ImageObject\",\"@id\":\"https:\/\/elpuucnoticias.com\/?p=21464#primaryimage\",\"inLanguage\":\"es\",\"url\":\"https:\/\/elpuucnoticias.com\/wp-content\/uploads\/2025\/10\/f88b867c-0d38-4dce-950f-788da3fa44ca.jpg\",\"contentUrl\":\"https:\/\/elpuucnoticias.com\/wp-content\/uploads\/2025\/10\/f88b867c-0d38-4dce-950f-788da3fa44ca.jpg\",\"width\":1600,\"height\":1066},{\"@type\":\"WebPage\",\"@id\":\"https:\/\/elpuucnoticias.com\/?p=21464#webpage\",\"url\":\"https:\/\/elpuucnoticias.com\/?p=21464\",\"name\":\"La Secretar\u00eda de Desarrollo Econ\u00f3mico reafirma el liderazgo econ\u00f3mico de Quintana Roo durante su comparecencia ante la XVIII Legislatura - El Puuc Noticias\",\"isPartOf\":{\"@id\":\"https:\/\/elpuucnoticias.com\/#website\"},\"primaryImageOfPage\":{\"@id\":\"https:\/\/elpuucnoticias.com\/?p=21464#primaryimage\"},\"datePublished\":\"2025-10-09T19:17:41+00:00\",\"dateModified\":\"2025-10-09T19:17:42+00:00\",\"author\":{\"@id\":\"https:\/\/elpuucnoticias.com\/#\/schema\/person\/d2ea09e4c97f0160b11cdfb1d856bd9e\"},\"breadcrumb\":{\"@id\":\"https:\/\/elpuucnoticias.com\/?p=21464#breadcrumb\"},\"inLanguage\":\"es\",\"potentialAction\":[{\"@type\":\"ReadAction\",\"target\":[\"https:\/\/elpuucnoticias.com\/?p=21464\"]}]},{\"@type\":\"BreadcrumbList\",\"@id\":\"https:\/\/elpuucnoticias.com\/?p=21464#breadcrumb\",\"itemListElement\":[{\"@type\":\"ListItem\",\"position\":1,\"name\":\"Portada\",\"item\":\"https:\/\/elpuucnoticias.com\/\"},{\"@type\":\"ListItem\",\"position\":2,\"name\":\"La Secretar\u00eda de Desarrollo Econ\u00f3mico reafirma el liderazgo econ\u00f3mico de Quintana Roo durante su comparecencia ante la XVIII Legislatura\"}]},{\"@type\":\"Person\",\"@id\":\"https:\/\/elpuucnoticias.com\/#\/schema\/person\/d2ea09e4c97f0160b11cdfb1d856bd9e\",\"name\":\"elpuucnoticias\",\"image\":{\"@type\":\"ImageObject\",\"@id\":\"https:\/\/elpuucnoticias.com\/#personlogo\",\"inLanguage\":\"es\",\"url\":\"https:\/\/secure.gravatar.com\/avatar\/5290a43657c74ffa15701dbe5b846bd85cc71930d803c84e91046a7333de6ce2?s=96&d=mm&r=g\",\"contentUrl\":\"https:\/\/secure.gravatar.com\/avatar\/5290a43657c74ffa15701dbe5b846bd85cc71930d803c84e91046a7333de6ce2?s=96&d=mm&r=g\",\"caption\":\"elpuucnoticias\"},\"sameAs\":[\"https:\/\/elpuucnoticias.com\"],\"url\":\"https:\/\/elpuucnoticias.com\/?author=1\"}]}<\/script>\n<!-- \/ Yoast SEO plugin. -->","yoast_head_json":{"title":"La Secretar\u00eda de Desarrollo Econ\u00f3mico reafirma el liderazgo econ\u00f3mico de Quintana Roo durante su comparecencia ante la XVIII Legislatura - El Puuc Noticias","robots":{"index":"index","follow":"follow","max-snippet":"max-snippet:-1","max-image-preview":"max-image-preview:large","max-video-preview":"max-video-preview:-1"},"canonical":"https:\/\/elpuucnoticias.com\/?p=21464","og_locale":"es_ES","og_type":"article","og_title":"La Secretar\u00eda de Desarrollo Econ\u00f3mico reafirma el liderazgo econ\u00f3mico de Quintana Roo durante su comparecencia ante la XVIII Legislatura - El Puuc Noticias","og_description":"En cumplimiento al mandato constitucional, la Secretar\u00eda de Desarrollo Econ\u00f3mico (SEDE), encabezada por Paul Carrillo de C\u00e1ceres, compareci\u00f3","og_url":"https:\/\/elpuucnoticias.com\/?p=21464","og_site_name":"El Puuc Noticias","article_published_time":"2025-10-09T19:17:41+00:00","article_modified_time":"2025-10-09T19:17:42+00:00","og_image":[{"width":1600,"height":1066,"url":"https:\/\/elpuucnoticias.com\/wp-content\/uploads\/2025\/10\/f88b867c-0d38-4dce-950f-788da3fa44ca.jpg","type":"image\/jpeg"}],"twitter_card":"summary_large_image","twitter_misc":{"Escrito por":"elpuucnoticias","Tiempo de lectura":"3 minutos"},"schema":{"@context":"https:\/\/schema.org","@graph":[{"@type":"WebSite","@id":"https:\/\/elpuucnoticias.com\/#website","url":"https:\/\/elpuucnoticias.com\/","name":"El Puuc Noticias","description":"Noticias - Entretenimiento - Deportes","potentialAction":[{"@type":"SearchAction","target":{"@type":"EntryPoint","urlTemplate":"https:\/\/elpuucnoticias.com\/?s={search_term_string}"},"query-input":"required name=search_term_string"}],"inLanguage":"es"},{"@type":"ImageObject","@id":"https:\/\/elpuucnoticias.com\/?p=21464#primaryimage","inLanguage":"es","url":"https:\/\/elpuucnoticias.com\/wp-content\/uploads\/2025\/10\/f88b867c-0d38-4dce-950f-788da3fa44ca.jpg","contentUrl":"https:\/\/elpuucnoticias.com\/wp-content\/uploads\/2025\/10\/f88b867c-0d38-4dce-950f-788da3fa44ca.jpg","width":1600,"height":1066},{"@type":"WebPage","@id":"https:\/\/elpuucnoticias.com\/?p=21464#webpage","url":"https:\/\/elpuucnoticias.com\/?p=21464","name":"La Secretar\u00eda de Desarrollo Econ\u00f3mico reafirma el liderazgo econ\u00f3mico de Quintana Roo durante su comparecencia ante la XVIII Legislatura - El Puuc Noticias","isPartOf":{"@id":"https:\/\/elpuucnoticias.com\/#website"},"primaryImageOfPage":{"@id":"https:\/\/elpuucnoticias.com\/?p=21464#primaryimage"},"datePublished":"2025-10-09T19:17:41+00:00","dateModified":"2025-10-09T19:17:42+00:00","author":{"@id":"https:\/\/elpuucnoticias.com\/#\/schema\/person\/d2ea09e4c97f0160b11cdfb1d856bd9e"},"breadcrumb":{"@id":"https:\/\/elpuucnoticias.com\/?p=21464#breadcrumb"},"inLanguage":"es","potentialAction":[{"@type":"ReadAction","target":["https:\/\/elpuucnoticias.com\/?p=21464"]}]},{"@type":"BreadcrumbList","@id":"https:\/\/elpuucnoticias.com\/?p=21464#breadcrumb","itemListElement":[{"@type":"ListItem","position":1,"name":"Portada","item":"https:\/\/elpuucnoticias.com\/"},{"@type":"ListItem","position":2,"name":"La Secretar\u00eda de Desarrollo Econ\u00f3mico reafirma el liderazgo econ\u00f3mico de Quintana Roo durante su comparecencia ante la XVIII Legislatura"}]},{"@type":"Person","@id":"https:\/\/elpuucnoticias.com\/#\/schema\/person\/d2ea09e4c97f0160b11cdfb1d856bd9e","name":"elpuucnoticias","image":{"@type":"ImageObject","@id":"https:\/\/elpuucnoticias.com\/#personlogo","inLanguage":"es","url":"https:\/\/secure.gravatar.com\/avatar\/5290a43657c74ffa15701dbe5b846bd85cc71930d803c84e91046a7333de6ce2?s=96&d=mm&r=g","contentUrl":"https:\/\/secure.gravatar.com\/avatar\/5290a43657c74ffa15701dbe5b846bd85cc71930d803c84e91046a7333de6ce2?s=96&d=mm&r=g","caption":"elpuucnoticias"},"sameAs":["https:\/\/elpuucnoticias.com"],"url":"https:\/\/elpuucnoticias.com\/?author=1"}]}},"_links":{"self":[{"href":"https:\/\/elpuucnoticias.com\/index.php?rest_route=\/wp\/v2\/posts\/21464","targetHints":{"allow":["GET"]}}],"collection":[{"href":"https:\/\/elpuucnoticias.com\/index.php?rest_route=\/wp\/v2\/posts"}],"about":[{"href":"https:\/\/elpuucnoticias.com\/index.php?rest_route=\/wp\/v2\/types\/post"}],"author":[{"embeddable":true,"href":"https:\/\/elpuucnoticias.com\/index.php?rest_route=\/wp\/v2\/users\/1"}],"replies":[{"embeddable":true,"href":"https:\/\/elpuucnoticias.com\/index.php?rest_route=%2Fwp%2Fv2%2Fcomments&post=21464"}],"version-history":[{"count":1,"href":"https:\/\/elpuucnoticias.com\/index.php?rest_route=\/wp\/v2\/posts\/21464\/revisions"}],"predecessor-version":[{"id":21466,"href":"https:\/\/elpuucnoticias.com\/index.php?rest_route=\/wp\/v2\/posts\/21464\/revisions\/21466"}],"wp:featuredmedia":[{"embeddable":true,"href":"https:\/\/elpuucnoticias.com\/index.php?rest_route=\/wp\/v2\/media\/21465"}],"wp:attachment":[{"href":"https:\/\/elpuucnoticias.com\/index.php?rest_route=%2Fwp%2Fv2%2Fmedia&parent=21464"}],"wp:term":[{"taxonomy":"category","embeddable":true,"href":"https:\/\/elpuucnoticias.com\/index.php?rest_route=%2Fwp%2Fv2%2Fcategories&post=21464"},{"taxonomy":"post_tag","embeddable":true,"href":"https:\/\/elpuucnoticias.com\/index.php?rest_route=%2Fwp%2Fv2%2Ftags&post=21464"}],"curies":[{"name":"wp","href":"https:\/\/api.w.org\/{rel}","templated":true}]}}