{"id":21470,"date":"2025-10-09T13:24:57","date_gmt":"2025-10-09T19:24:57","guid":{"rendered":"https:\/\/elpuucnoticias.com\/?p=21470"},"modified":"2025-10-09T13:24:58","modified_gmt":"2025-10-09T19:24:58","slug":"celebran-el-50-aniversario-del-instituto-tecnologico-de-chetumal-5-decadas-formando-talento-para-quintana-roo","status":"publish","type":"post","link":"https:\/\/elpuucnoticias.com\/?p=21470","title":{"rendered":"Celebran el 50 aniversario del Instituto Tecnol\u00f3gico de Chetumal, 5 d\u00e9cadas formando talento para Quintana Roo"},"content":{"rendered":"\n<p>Con la presencia de la gobernadora Mara Lezama Espinosa y el director general del Tecnol\u00f3gico Nacional de M\u00e9xico, Ram\u00f3n Jim\u00e9nez L\u00f3pez, el Instituto Tecnol\u00f3gico de Chetumal celebr\u00f3 su 50 aniversario de fundaci\u00f3n, consolid\u00e1ndose como una de las instituciones de educaci\u00f3n superior m\u00e1s emblem\u00e1ticas del sur del pa\u00eds y pilar en la formaci\u00f3n profesional de generaciones que han contribuido al desarrollo de Quintana Roo.<\/p>\n\n\n\n<figure class=\"wp-block-image is-style-default\"><a href=\"https:\/\/cgc.qroo.gob.mx\/cjg\/wp-content\/uploads\/2025\/10\/96f3dc02-9954-4297-8004-e512c8d830de.jpg\"><img decoding=\"async\" src=\"https:\/\/cgc.qroo.gob.mx\/cjg\/wp-content\/uploads\/2025\/10\/96f3dc02-9954-4297-8004-e512c8d830de-585x390.jpg\" alt=\"\" title=\"96f3dc02-9954-4297-8004-e512c8d830de\"\/><\/a><\/figure>\n\n\n\n<p>Durante la ceremonia conmemorativa, Mara Lezama destac\u00f3 que el Tecnol\u00f3gico naci\u00f3 pr\u00e1cticamente junto con el Estado, en 1975, y desde entonces ha sido \u201ccuna de sue\u00f1os y esperanza\u201d, formando a egresadas y egresados que hoy impulsan el crecimiento econ\u00f3mico, cient\u00edfico y social de la entidad.<\/p>\n\n\n\n<figure class=\"wp-block-image is-style-default\"><a href=\"https:\/\/cgc.qroo.gob.mx\/cjg\/wp-content\/uploads\/2025\/10\/1e9ad93c-5f6a-4393-93ed-b0b209164b6e.jpg\"><img decoding=\"async\" src=\"https:\/\/cgc.qroo.gob.mx\/cjg\/wp-content\/uploads\/2025\/10\/1e9ad93c-5f6a-4393-93ed-b0b209164b6e-585x390.jpg\" alt=\"\" title=\"1e9ad93c-5f6a-4393-93ed-b0b209164b6e\"\/><\/a><\/figure>\n\n\n\n<p>\u201cEl tecnol\u00f3gico de Chetumal naci\u00f3 con Quintana Roo y desde entonces estas aulas han sido cuna de sue\u00f1os, de esperanzas. Aqu\u00ed se han formado hombres y mujeres que levantaron empresas, construyeron instituciones, que han impulsado la ciencia, la tecnolog\u00eda, la cultura. Aqu\u00ed naci\u00f3 el esp\u00edritu de una educaci\u00f3n que cambia destinos\u201d, expres\u00f3 la titular del Ejecutivo.<\/p>\n\n\n\n<figure class=\"wp-block-image is-style-default\"><a href=\"https:\/\/cgc.qroo.gob.mx\/cjg\/wp-content\/uploads\/2025\/10\/6f894fb3-a4e5-40e5-90c1-939c19abe139.jpg\"><img decoding=\"async\" src=\"https:\/\/cgc.qroo.gob.mx\/cjg\/wp-content\/uploads\/2025\/10\/6f894fb3-a4e5-40e5-90c1-939c19abe139-585x390.jpg\" alt=\"\" title=\"6f894fb3-a4e5-40e5-90c1-939c19abe139\"\/><\/a><\/figure>\n\n\n\n<p>Actualmente, el Instituto forma parte del Tecnol\u00f3gico Nacional de M\u00e9xico (TecNM), la red educativa m\u00e1s grande de Am\u00e9rica Latina, Europa, \u00c1frica y Ocean\u00eda, que integra a m\u00e1s de 600 mil estudiantes en todo el pa\u00eds, destac\u00f3 su director nacional Ram\u00f3n Jim\u00e9nez, quien reconoci\u00f3 la trayectoria del plantel y su contribuci\u00f3n al desarrollo regional.<\/p>\n\n\n\n<p>A\u00f1adi\u00f3 que el alumnado del Tecnol\u00f3gico Nacional de M\u00e9xico contribuye con el Plan M\u00e9xico que impulsa la Presidenta Claudia Sheinbaum, como su participaci\u00f3n en la creaci\u00f3n del primer auto el\u00e9ctrico con tecnolog\u00eda nacional, y en el desarrollo y dise\u00f1o de semiconductores.<\/p>\n\n\n\n<p>Dijo que aqu\u00ed, en el Instituto Tecnol\u00f3gico de Chetumal, inici\u00f3 una carrera nueva dentro del paquete de ingenier\u00edas que iniciamos el a\u00f1o pasado, ingenier\u00eda en inteligencia artificial, ingenier\u00eda en ciencia de datos, ingenier\u00eda en ciberseguridad e ingenier\u00eda en aplicaciones.<\/p>\n\n\n\n<figure class=\"wp-block-image is-style-default\"><a href=\"https:\/\/cgc.qroo.gob.mx\/cjg\/wp-content\/uploads\/2025\/10\/7fd85470-f4b3-4f0f-a150-2d883ce4187e.jpg\"><img decoding=\"async\" src=\"https:\/\/cgc.qroo.gob.mx\/cjg\/wp-content\/uploads\/2025\/10\/7fd85470-f4b3-4f0f-a150-2d883ce4187e-585x390.jpg\" alt=\"\" title=\"7fd85470-f4b3-4f0f-a150-2d883ce4187e\"\/><\/a><\/figure>\n\n\n\n<p>La gobernadora Mara Lezama Espinosa, acompa\u00f1ada de la presidenta honoraria del DIF Quintana Roo, expres\u00f3 su reconocimiento al maestro Mario Vicente Gonz\u00e1lez Robles, director del Instituto Tecnol\u00f3gico de Chetumal, por su liderazgo y compromiso con la excelencia acad\u00e9mica, destacando los avances logrados en programas educativos, investigaci\u00f3n y vinculaci\u00f3n social.<\/p>\n\n\n\n<p>A las y los alumnos, la gobernadora Mara Lezama los exhort\u00f3 a continuar por el camino del bienestar y de la prosperidad compartida, que se alejen de las actitudes autodestructivas, que aprovechen que est\u00e1n vivas y vivos, que busquen la felicidad, la paz y que tengan mucho \u00e9xito, en un futuro en donde no quepa la violencia.<\/p>\n\n\n\n<p>Asimismo, dej\u00f3 en claro que en Quintana Roo, la educaci\u00f3n no es un gasto, es la mejor inversi\u00f3n. \u201cGracias al Tecnol\u00f3gico de Chetumal por 50 a\u00f1os de entrega, sabidur\u00eda y amor por nuestro Estado\u201d, concluy\u00f3.<\/p>\n\n\n\n<p>Por su parte, el director del ITCH, Mario Vicente Gonz\u00e1lez Robles, expres\u00f3 su satisfacci\u00f3n porque este Instituto se ha consolidado como pilar educativo de la regi\u00f3n, con 13 carreras, 5 a distancia, 5 maestr\u00edas y un doctorado.<\/p>\n\n\n\n<figure class=\"wp-block-image is-style-default\"><a href=\"https:\/\/cgc.qroo.gob.mx\/cjg\/wp-content\/uploads\/2025\/10\/55e100b8-9026-4154-ba01-c93a00fc1b7a.jpg\"><img decoding=\"async\" src=\"https:\/\/cgc.qroo.gob.mx\/cjg\/wp-content\/uploads\/2025\/10\/55e100b8-9026-4154-ba01-c93a00fc1b7a-585x390.jpg\" alt=\"\" title=\"55e100b8-9026-4154-ba01-c93a00fc1b7a\"\/><\/a><\/figure>\n\n\n\n<p>El evento incluy\u00f3 reconocimientos, presentaciones culturales, corte del pastel con la participaci\u00f3n de estudiantes, docentes y egresados, quienes celebraron medio siglo de historia y reafirmaron su compromiso con la transformaci\u00f3n y el bienestar de Quintana Roo.<\/p>\n\n\n\n<p>En el pres\u00eddium estuvieron la presidenta municipal de Oth\u00f3n P. Blanco, Yensunni Mart\u00ednez Hern\u00e1ndez, y el diputado Ren\u00e1n S\u00e1nchez Tajonar, presidente de la Junta de Gobierno y Coordinaci\u00f3n Pol\u00edtica del Congreso del Estado.<\/p>\n","protected":false},"excerpt":{"rendered":"<p>Con la presencia de la gobernadora Mara Lezama Espinosa y el director general del Tecnol\u00f3gico Nacional de M\u00e9xico,<\/p>\n","protected":false},"author":1,"featured_media":21471,"comment_status":"closed","ping_status":"open","sticky":false,"template":"","format":"standard","meta":{"_monsterinsights_skip_tracking":false,"_monsterinsights_sitenote_active":false,"_monsterinsights_sitenote_note":"","_monsterinsights_sitenote_category":0,"footnotes":""},"categories":[42,24],"tags":[],"class_list":["post-21470","post","type-post","status-publish","format-standard","has-post-thumbnail","hentry","category-nacional","category-quintana-roo"],"yoast_head":"<!-- This site is optimized with the Yoast SEO plugin v18.3 - https:\/\/yoast.com\/wordpress\/plugins\/seo\/ -->\n<title>Celebran el 50 aniversario del Instituto Tecnol\u00f3gico de Chetumal, 5 d\u00e9cadas formando talento para Quintana Roo - El Puuc Noticias<\/title>\n<meta name=\"robots\" content=\"index, follow, max-snippet:-1, max-image-preview:large, max-video-preview:-1\" \/>\n<link rel=\"canonical\" href=\"https:\/\/elpuucnoticias.com\/?p=21470\" \/>\n<meta property=\"og:locale\" content=\"es_ES\" \/>\n<meta property=\"og:type\" content=\"article\" \/>\n<meta property=\"og:title\" content=\"Celebran el 50 aniversario del Instituto Tecnol\u00f3gico de Chetumal, 5 d\u00e9cadas formando talento para Quintana Roo - El Puuc Noticias\" \/>\n<meta property=\"og:description\" content=\"Con la presencia de la gobernadora Mara Lezama Espinosa y el director general del Tecnol\u00f3gico Nacional de M\u00e9xico,\" \/>\n<meta property=\"og:url\" content=\"https:\/\/elpuucnoticias.com\/?p=21470\" \/>\n<meta property=\"og:site_name\" content=\"El Puuc Noticias\" \/>\n<meta property=\"article:published_time\" content=\"2025-10-09T19:24:57+00:00\" \/>\n<meta property=\"article:modified_time\" content=\"2025-10-09T19:24:58+00:00\" \/>\n<meta property=\"og:image\" content=\"https:\/\/elpuucnoticias.com\/wp-content\/uploads\/2025\/10\/9c100265-2d73-431a-afd2-dd5004657094.jpg\" \/>\n\t<meta property=\"og:image:width\" content=\"1280\" \/>\n\t<meta property=\"og:image:height\" content=\"634\" \/>\n\t<meta property=\"og:image:type\" content=\"image\/jpeg\" \/>\n<meta name=\"twitter:card\" content=\"summary_large_image\" \/>\n<meta name=\"twitter:label1\" content=\"Escrito por\" \/>\n\t<meta name=\"twitter:data1\" content=\"elpuucnoticias\" \/>\n\t<meta name=\"twitter:label2\" content=\"Tiempo de lectura\" \/>\n\t<meta name=\"twitter:data2\" content=\"3 minutos\" \/>\n<script type=\"application\/ld+json\" class=\"yoast-schema-graph\">{\"@context\":\"https:\/\/schema.org\",\"@graph\":[{\"@type\":\"WebSite\",\"@id\":\"https:\/\/elpuucnoticias.com\/#website\",\"url\":\"https:\/\/elpuucnoticias.com\/\",\"name\":\"El Puuc Noticias\",\"description\":\"Noticias - Entretenimiento - Deportes\",\"potentialAction\":[{\"@type\":\"SearchAction\",\"target\":{\"@type\":\"EntryPoint\",\"urlTemplate\":\"https:\/\/elpuucnoticias.com\/?s={search_term_string}\"},\"query-input\":\"required name=search_term_string\"}],\"inLanguage\":\"es\"},{\"@type\":\"ImageObject\",\"@id\":\"https:\/\/elpuucnoticias.com\/?p=21470#primaryimage\",\"inLanguage\":\"es\",\"url\":\"https:\/\/elpuucnoticias.com\/wp-content\/uploads\/2025\/10\/9c100265-2d73-431a-afd2-dd5004657094.jpg\",\"contentUrl\":\"https:\/\/elpuucnoticias.com\/wp-content\/uploads\/2025\/10\/9c100265-2d73-431a-afd2-dd5004657094.jpg\",\"width\":1280,\"height\":634},{\"@type\":\"WebPage\",\"@id\":\"https:\/\/elpuucnoticias.com\/?p=21470#webpage\",\"url\":\"https:\/\/elpuucnoticias.com\/?p=21470\",\"name\":\"Celebran el 50 aniversario del Instituto Tecnol\u00f3gico de Chetumal, 5 d\u00e9cadas formando talento para Quintana Roo - El Puuc Noticias\",\"isPartOf\":{\"@id\":\"https:\/\/elpuucnoticias.com\/#website\"},\"primaryImageOfPage\":{\"@id\":\"https:\/\/elpuucnoticias.com\/?p=21470#primaryimage\"},\"datePublished\":\"2025-10-09T19:24:57+00:00\",\"dateModified\":\"2025-10-09T19:24:58+00:00\",\"author\":{\"@id\":\"https:\/\/elpuucnoticias.com\/#\/schema\/person\/d2ea09e4c97f0160b11cdfb1d856bd9e\"},\"breadcrumb\":{\"@id\":\"https:\/\/elpuucnoticias.com\/?p=21470#breadcrumb\"},\"inLanguage\":\"es\",\"potentialAction\":[{\"@type\":\"ReadAction\",\"target\":[\"https:\/\/elpuucnoticias.com\/?p=21470\"]}]},{\"@type\":\"BreadcrumbList\",\"@id\":\"https:\/\/elpuucnoticias.com\/?p=21470#breadcrumb\",\"itemListElement\":[{\"@type\":\"ListItem\",\"position\":1,\"name\":\"Portada\",\"item\":\"https:\/\/elpuucnoticias.com\/\"},{\"@type\":\"ListItem\",\"position\":2,\"name\":\"Celebran el 50 aniversario del Instituto Tecnol\u00f3gico de Chetumal, 5 d\u00e9cadas formando talento para Quintana Roo\"}]},{\"@type\":\"Person\",\"@id\":\"https:\/\/elpuucnoticias.com\/#\/schema\/person\/d2ea09e4c97f0160b11cdfb1d856bd9e\",\"name\":\"elpuucnoticias\",\"image\":{\"@type\":\"ImageObject\",\"@id\":\"https:\/\/elpuucnoticias.com\/#personlogo\",\"inLanguage\":\"es\",\"url\":\"https:\/\/secure.gravatar.com\/avatar\/5290a43657c74ffa15701dbe5b846bd85cc71930d803c84e91046a7333de6ce2?s=96&d=mm&r=g\",\"contentUrl\":\"https:\/\/secure.gravatar.com\/avatar\/5290a43657c74ffa15701dbe5b846bd85cc71930d803c84e91046a7333de6ce2?s=96&d=mm&r=g\",\"caption\":\"elpuucnoticias\"},\"sameAs\":[\"https:\/\/elpuucnoticias.com\"],\"url\":\"https:\/\/elpuucnoticias.com\/?author=1\"}]}<\/script>\n<!-- \/ Yoast SEO plugin. -->","yoast_head_json":{"title":"Celebran el 50 aniversario del Instituto Tecnol\u00f3gico de Chetumal, 5 d\u00e9cadas formando talento para Quintana Roo - El Puuc Noticias","robots":{"index":"index","follow":"follow","max-snippet":"max-snippet:-1","max-image-preview":"max-image-preview:large","max-video-preview":"max-video-preview:-1"},"canonical":"https:\/\/elpuucnoticias.com\/?p=21470","og_locale":"es_ES","og_type":"article","og_title":"Celebran el 50 aniversario del Instituto Tecnol\u00f3gico de Chetumal, 5 d\u00e9cadas formando talento para Quintana Roo - El Puuc Noticias","og_description":"Con la presencia de la gobernadora Mara Lezama Espinosa y el director general del Tecnol\u00f3gico Nacional de M\u00e9xico,","og_url":"https:\/\/elpuucnoticias.com\/?p=21470","og_site_name":"El Puuc Noticias","article_published_time":"2025-10-09T19:24:57+00:00","article_modified_time":"2025-10-09T19:24:58+00:00","og_image":[{"width":1280,"height":634,"url":"https:\/\/elpuucnoticias.com\/wp-content\/uploads\/2025\/10\/9c100265-2d73-431a-afd2-dd5004657094.jpg","type":"image\/jpeg"}],"twitter_card":"summary_large_image","twitter_misc":{"Escrito por":"elpuucnoticias","Tiempo de lectura":"3 minutos"},"schema":{"@context":"https:\/\/schema.org","@graph":[{"@type":"WebSite","@id":"https:\/\/elpuucnoticias.com\/#website","url":"https:\/\/elpuucnoticias.com\/","name":"El Puuc Noticias","description":"Noticias - Entretenimiento - Deportes","potentialAction":[{"@type":"SearchAction","target":{"@type":"EntryPoint","urlTemplate":"https:\/\/elpuucnoticias.com\/?s={search_term_string}"},"query-input":"required name=search_term_string"}],"inLanguage":"es"},{"@type":"ImageObject","@id":"https:\/\/elpuucnoticias.com\/?p=21470#primaryimage","inLanguage":"es","url":"https:\/\/elpuucnoticias.com\/wp-content\/uploads\/2025\/10\/9c100265-2d73-431a-afd2-dd5004657094.jpg","contentUrl":"https:\/\/elpuucnoticias.com\/wp-content\/uploads\/2025\/10\/9c100265-2d73-431a-afd2-dd5004657094.jpg","width":1280,"height":634},{"@type":"WebPage","@id":"https:\/\/elpuucnoticias.com\/?p=21470#webpage","url":"https:\/\/elpuucnoticias.com\/?p=21470","name":"Celebran el 50 aniversario del Instituto Tecnol\u00f3gico de Chetumal, 5 d\u00e9cadas formando talento para Quintana Roo - El Puuc Noticias","isPartOf":{"@id":"https:\/\/elpuucnoticias.com\/#website"},"primaryImageOfPage":{"@id":"https:\/\/elpuucnoticias.com\/?p=21470#primaryimage"},"datePublished":"2025-10-09T19:24:57+00:00","dateModified":"2025-10-09T19:24:58+00:00","author":{"@id":"https:\/\/elpuucnoticias.com\/#\/schema\/person\/d2ea09e4c97f0160b11cdfb1d856bd9e"},"breadcrumb":{"@id":"https:\/\/elpuucnoticias.com\/?p=21470#breadcrumb"},"inLanguage":"es","potentialAction":[{"@type":"ReadAction","target":["https:\/\/elpuucnoticias.com\/?p=21470"]}]},{"@type":"BreadcrumbList","@id":"https:\/\/elpuucnoticias.com\/?p=21470#breadcrumb","itemListElement":[{"@type":"ListItem","position":1,"name":"Portada","item":"https:\/\/elpuucnoticias.com\/"},{"@type":"ListItem","position":2,"name":"Celebran el 50 aniversario del Instituto Tecnol\u00f3gico de Chetumal, 5 d\u00e9cadas formando talento para Quintana Roo"}]},{"@type":"Person","@id":"https:\/\/elpuucnoticias.com\/#\/schema\/person\/d2ea09e4c97f0160b11cdfb1d856bd9e","name":"elpuucnoticias","image":{"@type":"ImageObject","@id":"https:\/\/elpuucnoticias.com\/#personlogo","inLanguage":"es","url":"https:\/\/secure.gravatar.com\/avatar\/5290a43657c74ffa15701dbe5b846bd85cc71930d803c84e91046a7333de6ce2?s=96&d=mm&r=g","contentUrl":"https:\/\/secure.gravatar.com\/avatar\/5290a43657c74ffa15701dbe5b846bd85cc71930d803c84e91046a7333de6ce2?s=96&d=mm&r=g","caption":"elpuucnoticias"},"sameAs":["https:\/\/elpuucnoticias.com"],"url":"https:\/\/elpuucnoticias.com\/?author=1"}]}},"_links":{"self":[{"href":"https:\/\/elpuucnoticias.com\/index.php?rest_route=\/wp\/v2\/posts\/21470","targetHints":{"allow":["GET"]}}],"collection":[{"href":"https:\/\/elpuucnoticias.com\/index.php?rest_route=\/wp\/v2\/posts"}],"about":[{"href":"https:\/\/elpuucnoticias.com\/index.php?rest_route=\/wp\/v2\/types\/post"}],"author":[{"embeddable":true,"href":"https:\/\/elpuucnoticias.com\/index.php?rest_route=\/wp\/v2\/users\/1"}],"replies":[{"embeddable":true,"href":"https:\/\/elpuucnoticias.com\/index.php?rest_route=%2Fwp%2Fv2%2Fcomments&post=21470"}],"version-history":[{"count":1,"href":"https:\/\/elpuucnoticias.com\/index.php?rest_route=\/wp\/v2\/posts\/21470\/revisions"}],"predecessor-version":[{"id":21472,"href":"https:\/\/elpuucnoticias.com\/index.php?rest_route=\/wp\/v2\/posts\/21470\/revisions\/21472"}],"wp:featuredmedia":[{"embeddable":true,"href":"https:\/\/elpuucnoticias.com\/index.php?rest_route=\/wp\/v2\/media\/21471"}],"wp:attachment":[{"href":"https:\/\/elpuucnoticias.com\/index.php?rest_route=%2Fwp%2Fv2%2Fmedia&parent=21470"}],"wp:term":[{"taxonomy":"category","embeddable":true,"href":"https:\/\/elpuucnoticias.com\/index.php?rest_route=%2Fwp%2Fv2%2Fcategories&post=21470"},{"taxonomy":"post_tag","embeddable":true,"href":"https:\/\/elpuucnoticias.com\/index.php?rest_route=%2Fwp%2Fv2%2Ftags&post=21470"}],"curies":[{"name":"wp","href":"https:\/\/api.w.org\/{rel}","templated":true}]}}