{"id":21473,"date":"2025-10-09T13:30:16","date_gmt":"2025-10-09T19:30:16","guid":{"rendered":"https:\/\/elpuucnoticias.com\/?p=21473"},"modified":"2025-10-09T13:30:17","modified_gmt":"2025-10-09T19:30:17","slug":"mara-lezama-enciende-la-campana-actua-en-rosa-e-ilumina-quintana-roo-contra-el-cancer-de-mama","status":"publish","type":"post","link":"https:\/\/elpuucnoticias.com\/?p=21473","title":{"rendered":"Mara Lezama enciende la campa\u00f1a \u201cAct\u00faa en Rosa\u201d e ilumina Quintana Roo contra el c\u00e1ncer de mama"},"content":{"rendered":"\n<p>En el marco del Mes de la Sensibilizaci\u00f3n sobre el C\u00e1ncer de Mama \u201cAct\u00faa en Rosa\u201d, la gobernadora Mara Lezama Espinosa encabez\u00f3 junto con la presidenta honoraria del Sistema DIF Estatal, Ver\u00f3nica Lezama Espinosa, el encendido de los edificios p\u00fablicos y palacios municipales que durante octubre se iluminan de color rosa como s\u00edmbolo de esperanza, solidaridad y prevenci\u00f3n.<\/p>\n\n\n\n<figure class=\"wp-block-image is-style-default\"><a href=\"https:\/\/cgc.qroo.gob.mx\/cjg\/wp-content\/uploads\/2025\/10\/ced6a991-46db-4d4d-9e84-1c6eb2ee05c5.jpg\"><img decoding=\"async\" src=\"https:\/\/cgc.qroo.gob.mx\/cjg\/wp-content\/uploads\/2025\/10\/ced6a991-46db-4d4d-9e84-1c6eb2ee05c5-585x390.jpg\" alt=\"\" title=\"ced6a991-46db-4d4d-9e84-1c6eb2ee05c5\"\/><\/a><\/figure>\n\n\n\n<p>Durante el evento en los bajos del Palacio de Gobierno, la mandataria destac\u00f3 la importancia de la detecci\u00f3n temprana y de la autoexploraci\u00f3n como herramientas fundamentales para salvar vidas. \u201cEl c\u00e1ncer de mama puede cambiarnos la vida en un instante, pero tambi\u00e9n podemos combatirlo y curarlo si actuamos a tiempo\u201d, afirm\u00f3.<\/p>\n\n\n\n<figure class=\"wp-block-image is-style-default\"><a href=\"https:\/\/cgc.qroo.gob.mx\/cjg\/wp-content\/uploads\/2025\/10\/2c18f1c5-50f4-459b-943d-ae8db2d105fd.jpg\"><img decoding=\"async\" src=\"https:\/\/cgc.qroo.gob.mx\/cjg\/wp-content\/uploads\/2025\/10\/2c18f1c5-50f4-459b-943d-ae8db2d105fd-585x300.jpg\" alt=\"\" title=\"2c18f1c5-50f4-459b-943d-ae8db2d105fd\"\/><\/a><\/figure>\n\n\n\n<p>Acompa\u00f1ada de mujeres sobrevivientes y familias que han enfrentado esta enfermedad, la gobernadora subray\u00f3 que la campa\u00f1a \u201cAct\u00faa en Rosa\u201d busca recordar que la autoexploraci\u00f3n es una forma de autocuidado y un acto cotidiano de amor propio que salva vidas.<\/p>\n\n\n\n<p>\u201cCada edificio iluminado representa un abrazo solidario y un recordatorio para todas las mujeres de que no est\u00e1n solas. En este gobierno humanista, con coraz\u00f3n feminista, trabajamos por la salud, la prevenci\u00f3n y el bienestar de todas y todos\u201d, expres\u00f3.<\/p>\n\n\n\n<figure class=\"wp-block-image is-style-default\"><a href=\"https:\/\/cgc.qroo.gob.mx\/cjg\/wp-content\/uploads\/2025\/10\/5bec7282-a2b8-43d7-b4fe-8b4825486e99.jpg\"><img decoding=\"async\" src=\"https:\/\/cgc.qroo.gob.mx\/cjg\/wp-content\/uploads\/2025\/10\/5bec7282-a2b8-43d7-b4fe-8b4825486e99-585x390.jpg\" alt=\"\" title=\"5bec7282-a2b8-43d7-b4fe-8b4825486e99\"\/><\/a><\/figure>\n\n\n\n<p>Las y los asistentes participaron en el armado de un mosaico humano como s\u00edmbolo de unidad, lucha y esperanza frente a esta enfermedad, bajo el lema \u201cAct\u00faa en Rosa\u201d.<\/p>\n\n\n\n<p>La presidenta del DIF Estatal, Ver\u00f3nica Lezama, reiter\u00f3 el llamado a la poblaci\u00f3n para fomentar la conciencia sobre la importancia de la prevenci\u00f3n y exhort\u00f3 a familiares y amigos a motivar a las mujeres de su entorno a realizarse revisiones peri\u00f3dicas.<\/p>\n\n\n\n<figure class=\"wp-block-image is-style-default\"><a href=\"https:\/\/cgc.qroo.gob.mx\/cjg\/wp-content\/uploads\/2025\/10\/5f659e15-8368-4383-8033-676375716f8b.jpg\"><img decoding=\"async\" src=\"https:\/\/cgc.qroo.gob.mx\/cjg\/wp-content\/uploads\/2025\/10\/5f659e15-8368-4383-8033-676375716f8b-585x384.jpg\" alt=\"\" title=\"5f659e15-8368-4383-8033-676375716f8b\"\/><\/a><\/figure>\n\n\n\n<p>Durante todo el mes de octubre, los 11 municipios de Quintana Roo participar\u00e1n con actividades de sensibilizaci\u00f3n, pl\u00e1ticas informativas y jornadas m\u00e9dicas, reafirmando el compromiso del estado con la salud y la vida de las mujeres.<\/p>\n\n\n\n<p>\u201cLa autoexploraci\u00f3n es autocuidado y la detecci\u00f3n a tiempo salva vidas. Este mes y todos los d\u00edas, actuemos en rosa\u201d, concluy\u00f3 la Gobernadora.<\/p>\n\n\n\n<figure class=\"wp-block-image is-style-default\"><a href=\"https:\/\/cgc.qroo.gob.mx\/cjg\/wp-content\/uploads\/2025\/10\/39e4d63b-1e05-47b1-a75a-5c4f6b162a2b.jpg\"><img decoding=\"async\" src=\"https:\/\/cgc.qroo.gob.mx\/cjg\/wp-content\/uploads\/2025\/10\/39e4d63b-1e05-47b1-a75a-5c4f6b162a2b-585x390.jpg\" alt=\"\" title=\"39e4d63b-1e05-47b1-a75a-5c4f6b162a2b\"\/><\/a><\/figure>\n\n\n\n<p>Por su parte, Ver\u00f3nica Lezama Espinosa invit\u00f3 a las mujeres quintanarroenses a realizarse la autoexploraci\u00f3n mensual y acudir a revisiones m\u00e9dicas, haciendo un llamado a las familias para involucrarse activamente en el cuidado integral de la salud.<\/p>\n\n\n\n<p>\u201cPrevenir, detectar a tiempo, tratar y controlar el c\u00e1ncer de mama es responsabilidad de todas y todos\u201d, expres\u00f3.<\/p>\n\n\n\n<figure class=\"wp-block-image is-style-default\"><a href=\"https:\/\/cgc.qroo.gob.mx\/cjg\/wp-content\/uploads\/2025\/10\/57544302-d049-4457-bc26-d55d9d7ac215.jpg\"><img decoding=\"async\" src=\"https:\/\/cgc.qroo.gob.mx\/cjg\/wp-content\/uploads\/2025\/10\/57544302-d049-4457-bc26-d55d9d7ac215-585x390.jpg\" alt=\"\" title=\"57544302-d049-4457-bc26-d55d9d7ac215\"\/><\/a><\/figure>\n\n\n\n<p>Como parte de la jornada, Adriana Gabriela Ming\u00fcer L\u00f3pez, sobreviviente de c\u00e1ncer de mama, comparti\u00f3 un emotivo testimonio de fortaleza, esperanza y superaci\u00f3n, motivando a las asistentes a no bajar la guardia y acudir oportunamente al m\u00e9dico.<\/p>\n\n\n\n<figure class=\"wp-block-image is-style-default\"><a href=\"https:\/\/cgc.qroo.gob.mx\/cjg\/wp-content\/uploads\/2025\/10\/aa1fb791-a048-4002-86b2-b3d3445ce034.jpg\"><img decoding=\"async\" src=\"https:\/\/cgc.qroo.gob.mx\/cjg\/wp-content\/uploads\/2025\/10\/aa1fb791-a048-4002-86b2-b3d3445ce034-585x390.jpg\" alt=\"\" title=\"aa1fb791-a048-4002-86b2-b3d3445ce034\"\/><\/a><\/figure>\n\n\n\n<p>Presidieron este encendido rosa, junto con Mara y Ver\u00f3nica Lezama, la presidenta municipal de Oth\u00f3n P. Blanco, Yensunni Mart\u00ednez Hern\u00e1ndez; diputada Silvia Dzul S\u00e1nchez, en representaci\u00f3n de la XVIII Legislatura del Congreso del Estado; magistrada Elizabeth Moreno Rej\u00f3n, en representaci\u00f3n del Poder Judicial; Abril Sabido Alc\u00e9rreca, directora general del Sistema DIF Quintana Roo, y los diputados Alexa Murgu\u00eda Trujillo, Diana Guti\u00e9rrez Garc\u00eda y Saulo Aguilar Bern\u00e9s.<\/p>\n\n\n\n<p><\/p>\n","protected":false},"excerpt":{"rendered":"<p>En el marco del Mes de la Sensibilizaci\u00f3n sobre el C\u00e1ncer de Mama \u201cAct\u00faa en Rosa\u201d, la gobernadora<\/p>\n","protected":false},"author":1,"featured_media":21474,"comment_status":"closed","ping_status":"open","sticky":false,"template":"","format":"standard","meta":{"_monsterinsights_skip_tracking":false,"_monsterinsights_sitenote_active":false,"_monsterinsights_sitenote_note":"","_monsterinsights_sitenote_category":0,"footnotes":""},"categories":[11,24],"tags":[],"class_list":["post-21473","post","type-post","status-publish","format-standard","has-post-thumbnail","hentry","category-noticias","category-quintana-roo"],"yoast_head":"<!-- This site is optimized with the Yoast SEO plugin v18.3 - https:\/\/yoast.com\/wordpress\/plugins\/seo\/ -->\n<title>Mara Lezama enciende la campa\u00f1a \u201cAct\u00faa en Rosa\u201d e ilumina Quintana Roo contra el c\u00e1ncer de mama - El Puuc Noticias<\/title>\n<meta name=\"robots\" content=\"index, follow, max-snippet:-1, max-image-preview:large, max-video-preview:-1\" \/>\n<link rel=\"canonical\" href=\"https:\/\/elpuucnoticias.com\/?p=21473\" \/>\n<meta property=\"og:locale\" content=\"es_ES\" \/>\n<meta property=\"og:type\" content=\"article\" \/>\n<meta property=\"og:title\" content=\"Mara Lezama enciende la campa\u00f1a \u201cAct\u00faa en Rosa\u201d e ilumina Quintana Roo contra el c\u00e1ncer de mama - El Puuc Noticias\" \/>\n<meta property=\"og:description\" content=\"En el marco del Mes de la Sensibilizaci\u00f3n sobre el C\u00e1ncer de Mama \u201cAct\u00faa en Rosa\u201d, la gobernadora\" \/>\n<meta property=\"og:url\" content=\"https:\/\/elpuucnoticias.com\/?p=21473\" \/>\n<meta property=\"og:site_name\" content=\"El Puuc Noticias\" \/>\n<meta property=\"article:published_time\" content=\"2025-10-09T19:30:16+00:00\" \/>\n<meta property=\"article:modified_time\" content=\"2025-10-09T19:30:17+00:00\" \/>\n<meta property=\"og:image\" content=\"https:\/\/elpuucnoticias.com\/wp-content\/uploads\/2025\/10\/22bcdf45-64a9-445e-a871-91d4ba59f408.jpg\" \/>\n\t<meta property=\"og:image:width\" content=\"1280\" \/>\n\t<meta property=\"og:image:height\" content=\"854\" \/>\n\t<meta property=\"og:image:type\" content=\"image\/jpeg\" \/>\n<meta name=\"twitter:card\" content=\"summary_large_image\" \/>\n<meta name=\"twitter:label1\" content=\"Escrito por\" \/>\n\t<meta name=\"twitter:data1\" content=\"elpuucnoticias\" \/>\n\t<meta name=\"twitter:label2\" content=\"Tiempo de lectura\" \/>\n\t<meta name=\"twitter:data2\" content=\"3 minutos\" \/>\n<script type=\"application\/ld+json\" class=\"yoast-schema-graph\">{\"@context\":\"https:\/\/schema.org\",\"@graph\":[{\"@type\":\"WebSite\",\"@id\":\"https:\/\/elpuucnoticias.com\/#website\",\"url\":\"https:\/\/elpuucnoticias.com\/\",\"name\":\"El Puuc Noticias\",\"description\":\"Noticias - Entretenimiento - Deportes\",\"potentialAction\":[{\"@type\":\"SearchAction\",\"target\":{\"@type\":\"EntryPoint\",\"urlTemplate\":\"https:\/\/elpuucnoticias.com\/?s={search_term_string}\"},\"query-input\":\"required name=search_term_string\"}],\"inLanguage\":\"es\"},{\"@type\":\"ImageObject\",\"@id\":\"https:\/\/elpuucnoticias.com\/?p=21473#primaryimage\",\"inLanguage\":\"es\",\"url\":\"https:\/\/elpuucnoticias.com\/wp-content\/uploads\/2025\/10\/22bcdf45-64a9-445e-a871-91d4ba59f408.jpg\",\"contentUrl\":\"https:\/\/elpuucnoticias.com\/wp-content\/uploads\/2025\/10\/22bcdf45-64a9-445e-a871-91d4ba59f408.jpg\",\"width\":1280,\"height\":854},{\"@type\":\"WebPage\",\"@id\":\"https:\/\/elpuucnoticias.com\/?p=21473#webpage\",\"url\":\"https:\/\/elpuucnoticias.com\/?p=21473\",\"name\":\"Mara Lezama enciende la campa\u00f1a \u201cAct\u00faa en Rosa\u201d e ilumina Quintana Roo contra el c\u00e1ncer de mama - El Puuc Noticias\",\"isPartOf\":{\"@id\":\"https:\/\/elpuucnoticias.com\/#website\"},\"primaryImageOfPage\":{\"@id\":\"https:\/\/elpuucnoticias.com\/?p=21473#primaryimage\"},\"datePublished\":\"2025-10-09T19:30:16+00:00\",\"dateModified\":\"2025-10-09T19:30:17+00:00\",\"author\":{\"@id\":\"https:\/\/elpuucnoticias.com\/#\/schema\/person\/d2ea09e4c97f0160b11cdfb1d856bd9e\"},\"breadcrumb\":{\"@id\":\"https:\/\/elpuucnoticias.com\/?p=21473#breadcrumb\"},\"inLanguage\":\"es\",\"potentialAction\":[{\"@type\":\"ReadAction\",\"target\":[\"https:\/\/elpuucnoticias.com\/?p=21473\"]}]},{\"@type\":\"BreadcrumbList\",\"@id\":\"https:\/\/elpuucnoticias.com\/?p=21473#breadcrumb\",\"itemListElement\":[{\"@type\":\"ListItem\",\"position\":1,\"name\":\"Portada\",\"item\":\"https:\/\/elpuucnoticias.com\/\"},{\"@type\":\"ListItem\",\"position\":2,\"name\":\"Mara Lezama enciende la campa\u00f1a \u201cAct\u00faa en Rosa\u201d e ilumina Quintana Roo contra el c\u00e1ncer de mama\"}]},{\"@type\":\"Person\",\"@id\":\"https:\/\/elpuucnoticias.com\/#\/schema\/person\/d2ea09e4c97f0160b11cdfb1d856bd9e\",\"name\":\"elpuucnoticias\",\"image\":{\"@type\":\"ImageObject\",\"@id\":\"https:\/\/elpuucnoticias.com\/#personlogo\",\"inLanguage\":\"es\",\"url\":\"https:\/\/secure.gravatar.com\/avatar\/5290a43657c74ffa15701dbe5b846bd85cc71930d803c84e91046a7333de6ce2?s=96&d=mm&r=g\",\"contentUrl\":\"https:\/\/secure.gravatar.com\/avatar\/5290a43657c74ffa15701dbe5b846bd85cc71930d803c84e91046a7333de6ce2?s=96&d=mm&r=g\",\"caption\":\"elpuucnoticias\"},\"sameAs\":[\"https:\/\/elpuucnoticias.com\"],\"url\":\"https:\/\/elpuucnoticias.com\/?author=1\"}]}<\/script>\n<!-- \/ Yoast SEO plugin. -->","yoast_head_json":{"title":"Mara Lezama enciende la campa\u00f1a \u201cAct\u00faa en Rosa\u201d e ilumina Quintana Roo contra el c\u00e1ncer de mama - El Puuc Noticias","robots":{"index":"index","follow":"follow","max-snippet":"max-snippet:-1","max-image-preview":"max-image-preview:large","max-video-preview":"max-video-preview:-1"},"canonical":"https:\/\/elpuucnoticias.com\/?p=21473","og_locale":"es_ES","og_type":"article","og_title":"Mara Lezama enciende la campa\u00f1a \u201cAct\u00faa en Rosa\u201d e ilumina Quintana Roo contra el c\u00e1ncer de mama - El Puuc Noticias","og_description":"En el marco del Mes de la Sensibilizaci\u00f3n sobre el C\u00e1ncer de Mama \u201cAct\u00faa en Rosa\u201d, la gobernadora","og_url":"https:\/\/elpuucnoticias.com\/?p=21473","og_site_name":"El Puuc Noticias","article_published_time":"2025-10-09T19:30:16+00:00","article_modified_time":"2025-10-09T19:30:17+00:00","og_image":[{"width":1280,"height":854,"url":"https:\/\/elpuucnoticias.com\/wp-content\/uploads\/2025\/10\/22bcdf45-64a9-445e-a871-91d4ba59f408.jpg","type":"image\/jpeg"}],"twitter_card":"summary_large_image","twitter_misc":{"Escrito por":"elpuucnoticias","Tiempo de lectura":"3 minutos"},"schema":{"@context":"https:\/\/schema.org","@graph":[{"@type":"WebSite","@id":"https:\/\/elpuucnoticias.com\/#website","url":"https:\/\/elpuucnoticias.com\/","name":"El Puuc Noticias","description":"Noticias - Entretenimiento - Deportes","potentialAction":[{"@type":"SearchAction","target":{"@type":"EntryPoint","urlTemplate":"https:\/\/elpuucnoticias.com\/?s={search_term_string}"},"query-input":"required name=search_term_string"}],"inLanguage":"es"},{"@type":"ImageObject","@id":"https:\/\/elpuucnoticias.com\/?p=21473#primaryimage","inLanguage":"es","url":"https:\/\/elpuucnoticias.com\/wp-content\/uploads\/2025\/10\/22bcdf45-64a9-445e-a871-91d4ba59f408.jpg","contentUrl":"https:\/\/elpuucnoticias.com\/wp-content\/uploads\/2025\/10\/22bcdf45-64a9-445e-a871-91d4ba59f408.jpg","width":1280,"height":854},{"@type":"WebPage","@id":"https:\/\/elpuucnoticias.com\/?p=21473#webpage","url":"https:\/\/elpuucnoticias.com\/?p=21473","name":"Mara Lezama enciende la campa\u00f1a \u201cAct\u00faa en Rosa\u201d e ilumina Quintana Roo contra el c\u00e1ncer de mama - El Puuc Noticias","isPartOf":{"@id":"https:\/\/elpuucnoticias.com\/#website"},"primaryImageOfPage":{"@id":"https:\/\/elpuucnoticias.com\/?p=21473#primaryimage"},"datePublished":"2025-10-09T19:30:16+00:00","dateModified":"2025-10-09T19:30:17+00:00","author":{"@id":"https:\/\/elpuucnoticias.com\/#\/schema\/person\/d2ea09e4c97f0160b11cdfb1d856bd9e"},"breadcrumb":{"@id":"https:\/\/elpuucnoticias.com\/?p=21473#breadcrumb"},"inLanguage":"es","potentialAction":[{"@type":"ReadAction","target":["https:\/\/elpuucnoticias.com\/?p=21473"]}]},{"@type":"BreadcrumbList","@id":"https:\/\/elpuucnoticias.com\/?p=21473#breadcrumb","itemListElement":[{"@type":"ListItem","position":1,"name":"Portada","item":"https:\/\/elpuucnoticias.com\/"},{"@type":"ListItem","position":2,"name":"Mara Lezama enciende la campa\u00f1a \u201cAct\u00faa en Rosa\u201d e ilumina Quintana Roo contra el c\u00e1ncer de mama"}]},{"@type":"Person","@id":"https:\/\/elpuucnoticias.com\/#\/schema\/person\/d2ea09e4c97f0160b11cdfb1d856bd9e","name":"elpuucnoticias","image":{"@type":"ImageObject","@id":"https:\/\/elpuucnoticias.com\/#personlogo","inLanguage":"es","url":"https:\/\/secure.gravatar.com\/avatar\/5290a43657c74ffa15701dbe5b846bd85cc71930d803c84e91046a7333de6ce2?s=96&d=mm&r=g","contentUrl":"https:\/\/secure.gravatar.com\/avatar\/5290a43657c74ffa15701dbe5b846bd85cc71930d803c84e91046a7333de6ce2?s=96&d=mm&r=g","caption":"elpuucnoticias"},"sameAs":["https:\/\/elpuucnoticias.com"],"url":"https:\/\/elpuucnoticias.com\/?author=1"}]}},"_links":{"self":[{"href":"https:\/\/elpuucnoticias.com\/index.php?rest_route=\/wp\/v2\/posts\/21473","targetHints":{"allow":["GET"]}}],"collection":[{"href":"https:\/\/elpuucnoticias.com\/index.php?rest_route=\/wp\/v2\/posts"}],"about":[{"href":"https:\/\/elpuucnoticias.com\/index.php?rest_route=\/wp\/v2\/types\/post"}],"author":[{"embeddable":true,"href":"https:\/\/elpuucnoticias.com\/index.php?rest_route=\/wp\/v2\/users\/1"}],"replies":[{"embeddable":true,"href":"https:\/\/elpuucnoticias.com\/index.php?rest_route=%2Fwp%2Fv2%2Fcomments&post=21473"}],"version-history":[{"count":1,"href":"https:\/\/elpuucnoticias.com\/index.php?rest_route=\/wp\/v2\/posts\/21473\/revisions"}],"predecessor-version":[{"id":21475,"href":"https:\/\/elpuucnoticias.com\/index.php?rest_route=\/wp\/v2\/posts\/21473\/revisions\/21475"}],"wp:featuredmedia":[{"embeddable":true,"href":"https:\/\/elpuucnoticias.com\/index.php?rest_route=\/wp\/v2\/media\/21474"}],"wp:attachment":[{"href":"https:\/\/elpuucnoticias.com\/index.php?rest_route=%2Fwp%2Fv2%2Fmedia&parent=21473"}],"wp:term":[{"taxonomy":"category","embeddable":true,"href":"https:\/\/elpuucnoticias.com\/index.php?rest_route=%2Fwp%2Fv2%2Fcategories&post=21473"},{"taxonomy":"post_tag","embeddable":true,"href":"https:\/\/elpuucnoticias.com\/index.php?rest_route=%2Fwp%2Fv2%2Ftags&post=21473"}],"curies":[{"name":"wp","href":"https:\/\/api.w.org\/{rel}","templated":true}]}}