{"id":21481,"date":"2025-10-14T13:44:08","date_gmt":"2025-10-14T19:44:08","guid":{"rendered":"https:\/\/elpuucnoticias.com\/?p=21481"},"modified":"2025-10-14T13:44:09","modified_gmt":"2025-10-14T19:44:09","slug":"inaugura-la-fundacion-de-parques-y-museos-de-cozumel-instalacion-artistica-iguanas-reyes-de-la-tierra-y-la-consciencia-humana-del-artista-local-daniel-aguilar-arreguin","status":"publish","type":"post","link":"https:\/\/elpuucnoticias.com\/?p=21481","title":{"rendered":"Inaugura la Fundaci\u00f3n de Parques y Museos de Cozumel instalaci\u00f3n art\u00edstica \u201cIguanas: Reyes de la Tierra y la Consciencia Humana\u201d, del artista local Daniel Aguilar Arregu\u00edn"},"content":{"rendered":"\n<p>La Fundaci\u00f3n de Parques y Museos de Cozumel (FPMC) inaugur\u00f3 la instalaci\u00f3n de arte conceptual \u201cIguanas: Reyes de la Tierra y la Consciencia Humana\u201d, del artista multidisciplinario Daniel Aguilar Arregu\u00edn, quien ofreci\u00f3 un performance en homenaje a este reptil emblem\u00e1tico dentro de la cultura maya.<\/p>\n\n\n\n<figure class=\"wp-block-image is-style-default\"><a href=\"https:\/\/cgc.qroo.gob.mx\/cjg\/wp-content\/uploads\/2025\/10\/IMG-20251011-WA0030.jpg\"><img decoding=\"async\" src=\"https:\/\/cgc.qroo.gob.mx\/cjg\/wp-content\/uploads\/2025\/10\/IMG-20251011-WA0030-585x390.jpg\" alt=\"\" title=\"IMG-20251011-WA0030\"\/><\/a><\/figure>\n\n\n\n<p>El evento, que tuvo lugar en la planta alta del Museo de la Isla, fue encabezado por la directora del recinto cultural y art\u00edstico, Isela Carrillo Cupul, quien estuvo acompa\u00f1ada del consejero de la FPMC, Alejandro Queb Franco y la muse\u00f3grafa Satoko Kitamura.<\/p>\n\n\n\n<figure class=\"wp-block-image is-style-default\"><a href=\"https:\/\/cgc.qroo.gob.mx\/cjg\/wp-content\/uploads\/2025\/10\/IMG-20251011-WA0026.jpg\"><img decoding=\"async\" src=\"https:\/\/cgc.qroo.gob.mx\/cjg\/wp-content\/uploads\/2025\/10\/IMG-20251011-WA0026-585x390.jpg\" alt=\"\" title=\"IMG-20251011-WA0026\"\/><\/a><\/figure>\n\n\n\n<p>Durante su mensaje, Isela Carrillo destac\u00f3 la trayectoria polifac\u00e9tica de Daniel Aguilar, quien ha incursionado en la instalaci\u00f3n art\u00edstica, el arte objeto, la pintura, la fotograf\u00eda, la poes\u00eda y el arte de acci\u00f3n, consolid\u00e1ndose como una figura vers\u00e1til dentro del panorama art\u00edstico contempor\u00e1neo regional.<\/p>\n\n\n\n<figure class=\"wp-block-image is-style-default\"><a href=\"https:\/\/cgc.qroo.gob.mx\/cjg\/wp-content\/uploads\/2025\/10\/IMG-20251011-WA0024.jpg\"><img decoding=\"async\" src=\"https:\/\/cgc.qroo.gob.mx\/cjg\/wp-content\/uploads\/2025\/10\/IMG-20251011-WA0024-585x390.jpg\" alt=\"\" title=\"IMG-20251011-WA0024\"\/><\/a><\/figure>\n\n\n\n<p>Por su parte, el artista agradeci\u00f3 la oportunidad de compartir su obra con el p\u00fablico cozumele\u00f1o y explic\u00f3 que \u201cIguanas: Reyes de la Tierra y la Consciencia Humana\u201d es un homenaje al reptil como s\u00edmbolo de sabidur\u00eda, equilibrio y resistencia, al que calific\u00f3 como \u201cun observador paciente del entorno peninsular y un pilar del cosmos terrestre\u201d.<\/p>\n\n\n\n<figure class=\"wp-block-image is-style-default\"><a href=\"https:\/\/cgc.qroo.gob.mx\/cjg\/wp-content\/uploads\/2025\/10\/IMG-20251011-WA0027.jpg\"><img decoding=\"async\" src=\"https:\/\/cgc.qroo.gob.mx\/cjg\/wp-content\/uploads\/2025\/10\/IMG-20251011-WA0027-585x390.jpg\" alt=\"\" title=\"IMG-20251011-WA0027\"\/><\/a><\/figure>\n\n\n\n<p>\u201cLa iguana trasciende su papel ecol\u00f3gico para convertirse en un ser de profunda significaci\u00f3n espiritual. Su asociaci\u00f3n con el dios Itzamn\u00e1, deidad de la sabidur\u00eda y el conocimiento, refuerza su conexi\u00f3n ancestral con lo divino\u201d, expres\u00f3 Aguilar Arregu\u00edn.<\/p>\n\n\n\n<figure class=\"wp-block-image is-style-default\"><a href=\"https:\/\/cgc.qroo.gob.mx\/cjg\/wp-content\/uploads\/2025\/10\/IMG-20251011-WA0028.jpg\"><img decoding=\"async\" src=\"https:\/\/cgc.qroo.gob.mx\/cjg\/wp-content\/uploads\/2025\/10\/IMG-20251011-WA0028-585x363.jpg\" alt=\"\" title=\"IMG-20251011-WA0028\"\/><\/a><\/figure>\n\n\n\n<p>La exposici\u00f3n incluye un mural y una colecci\u00f3n de 60 fotograf\u00edas que capturan a este reptil en distintos escenarios urbanos y naturales de Cozumel, desde hogares y bardas hasta zonas selv\u00e1ticas, evidenciando su presencia cotidiana y simb\u00f3lica en la isla.<\/p>\n\n\n\n<figure class=\"wp-block-image is-style-default\"><a href=\"https:\/\/cgc.qroo.gob.mx\/cjg\/wp-content\/uploads\/2025\/10\/IMG-20251011-WA0029.jpg\"><img decoding=\"async\" src=\"https:\/\/cgc.qroo.gob.mx\/cjg\/wp-content\/uploads\/2025\/10\/IMG-20251011-WA0029-585x389.jpg\" alt=\"\" title=\"IMG-20251011-WA0029\"\/><\/a><\/figure>\n\n\n\n<p>En representaci\u00f3n de la directora general de la FPMC, Juanita Alonso Marrufo, el consejero Alejandro Franco entreg\u00f3 un reconocimiento al artista y reafirm\u00f3 el compromiso de la instituci\u00f3n con la promoci\u00f3n de las artes y la cultura, en congruencia con el Nuevo Acuerdo por el Bienestar y Desarrollo de Quintana Roo, impulsado por la gobernadora Mara Lezama Espinosa.<\/p>\n\n\n\n<figure class=\"wp-block-image is-style-default\"><img decoding=\"async\" src=\"https:\/\/cgc.qroo.gob.mx\/cjg\/wp-content\/uploads\/2025\/10\/IMG-20251011-WA0033-585x383.jpg\" alt=\"\" title=\"IMG-20251011-WA0033\"\/><\/figure>\n\n\n\n<p>Con esta exposici\u00f3n, la FPMC contin\u00faa fortaleciendo su labor de difusi\u00f3n cultural y fomento art\u00edstico, brindando espacios para la reflexi\u00f3n est\u00e9tica y el di\u00e1logo entre la tradici\u00f3n y la contemporaneidad.<\/p>\n","protected":false},"excerpt":{"rendered":"<p>La Fundaci\u00f3n de Parques y Museos de Cozumel (FPMC) inaugur\u00f3 la instalaci\u00f3n de arte conceptual \u201cIguanas: Reyes de<\/p>\n","protected":false},"author":1,"featured_media":21482,"comment_status":"closed","ping_status":"open","sticky":false,"template":"","format":"standard","meta":{"_monsterinsights_skip_tracking":false,"_monsterinsights_sitenote_active":false,"_monsterinsights_sitenote_note":"","_monsterinsights_sitenote_category":0,"footnotes":""},"categories":[11,24],"tags":[],"class_list":["post-21481","post","type-post","status-publish","format-standard","has-post-thumbnail","hentry","category-noticias","category-quintana-roo"],"yoast_head":"<!-- This site is optimized with the Yoast SEO plugin v18.3 - https:\/\/yoast.com\/wordpress\/plugins\/seo\/ -->\n<title>Inaugura la Fundaci\u00f3n de Parques y Museos de Cozumel instalaci\u00f3n art\u00edstica \u201cIguanas: Reyes de la Tierra y la Consciencia Humana\u201d, del artista local Daniel Aguilar Arregu\u00edn - El Puuc Noticias<\/title>\n<meta name=\"robots\" content=\"index, follow, max-snippet:-1, max-image-preview:large, max-video-preview:-1\" \/>\n<link rel=\"canonical\" href=\"https:\/\/elpuucnoticias.com\/?p=21481\" \/>\n<meta property=\"og:locale\" content=\"es_ES\" \/>\n<meta property=\"og:type\" content=\"article\" \/>\n<meta property=\"og:title\" content=\"Inaugura la Fundaci\u00f3n de Parques y Museos de Cozumel instalaci\u00f3n art\u00edstica \u201cIguanas: Reyes de la Tierra y la Consciencia Humana\u201d, del artista local Daniel Aguilar Arregu\u00edn - El Puuc Noticias\" \/>\n<meta property=\"og:description\" content=\"La Fundaci\u00f3n de Parques y Museos de Cozumel (FPMC) inaugur\u00f3 la instalaci\u00f3n de arte conceptual \u201cIguanas: Reyes de\" \/>\n<meta property=\"og:url\" content=\"https:\/\/elpuucnoticias.com\/?p=21481\" \/>\n<meta property=\"og:site_name\" content=\"El Puuc Noticias\" \/>\n<meta property=\"article:published_time\" content=\"2025-10-14T19:44:08+00:00\" \/>\n<meta property=\"article:modified_time\" content=\"2025-10-14T19:44:09+00:00\" \/>\n<meta property=\"og:image\" content=\"https:\/\/elpuucnoticias.com\/wp-content\/uploads\/2025\/10\/img-20251011-wa0025.jpg\" \/>\n\t<meta property=\"og:image:width\" content=\"1280\" \/>\n\t<meta property=\"og:image:height\" content=\"853\" \/>\n\t<meta property=\"og:image:type\" content=\"image\/jpeg\" \/>\n<meta name=\"twitter:card\" content=\"summary_large_image\" \/>\n<meta name=\"twitter:label1\" content=\"Escrito por\" \/>\n\t<meta name=\"twitter:data1\" content=\"elpuucnoticias\" \/>\n\t<meta name=\"twitter:label2\" content=\"Tiempo de lectura\" \/>\n\t<meta name=\"twitter:data2\" content=\"2 minutos\" \/>\n<script type=\"application\/ld+json\" class=\"yoast-schema-graph\">{\"@context\":\"https:\/\/schema.org\",\"@graph\":[{\"@type\":\"WebSite\",\"@id\":\"https:\/\/elpuucnoticias.com\/#website\",\"url\":\"https:\/\/elpuucnoticias.com\/\",\"name\":\"El Puuc Noticias\",\"description\":\"Noticias - Entretenimiento - Deportes\",\"potentialAction\":[{\"@type\":\"SearchAction\",\"target\":{\"@type\":\"EntryPoint\",\"urlTemplate\":\"https:\/\/elpuucnoticias.com\/?s={search_term_string}\"},\"query-input\":\"required name=search_term_string\"}],\"inLanguage\":\"es\"},{\"@type\":\"ImageObject\",\"@id\":\"https:\/\/elpuucnoticias.com\/?p=21481#primaryimage\",\"inLanguage\":\"es\",\"url\":\"https:\/\/elpuucnoticias.com\/wp-content\/uploads\/2025\/10\/img-20251011-wa0025.jpg\",\"contentUrl\":\"https:\/\/elpuucnoticias.com\/wp-content\/uploads\/2025\/10\/img-20251011-wa0025.jpg\",\"width\":1280,\"height\":853},{\"@type\":\"WebPage\",\"@id\":\"https:\/\/elpuucnoticias.com\/?p=21481#webpage\",\"url\":\"https:\/\/elpuucnoticias.com\/?p=21481\",\"name\":\"Inaugura la Fundaci\u00f3n de Parques y Museos de Cozumel instalaci\u00f3n art\u00edstica \u201cIguanas: Reyes de la Tierra y la Consciencia Humana\u201d, del artista local Daniel Aguilar Arregu\u00edn - El Puuc Noticias\",\"isPartOf\":{\"@id\":\"https:\/\/elpuucnoticias.com\/#website\"},\"primaryImageOfPage\":{\"@id\":\"https:\/\/elpuucnoticias.com\/?p=21481#primaryimage\"},\"datePublished\":\"2025-10-14T19:44:08+00:00\",\"dateModified\":\"2025-10-14T19:44:09+00:00\",\"author\":{\"@id\":\"https:\/\/elpuucnoticias.com\/#\/schema\/person\/d2ea09e4c97f0160b11cdfb1d856bd9e\"},\"breadcrumb\":{\"@id\":\"https:\/\/elpuucnoticias.com\/?p=21481#breadcrumb\"},\"inLanguage\":\"es\",\"potentialAction\":[{\"@type\":\"ReadAction\",\"target\":[\"https:\/\/elpuucnoticias.com\/?p=21481\"]}]},{\"@type\":\"BreadcrumbList\",\"@id\":\"https:\/\/elpuucnoticias.com\/?p=21481#breadcrumb\",\"itemListElement\":[{\"@type\":\"ListItem\",\"position\":1,\"name\":\"Portada\",\"item\":\"https:\/\/elpuucnoticias.com\/\"},{\"@type\":\"ListItem\",\"position\":2,\"name\":\"Inaugura la Fundaci\u00f3n de Parques y Museos de Cozumel instalaci\u00f3n art\u00edstica \u201cIguanas: Reyes de la Tierra y la Consciencia Humana\u201d, del artista local Daniel Aguilar Arregu\u00edn\"}]},{\"@type\":\"Person\",\"@id\":\"https:\/\/elpuucnoticias.com\/#\/schema\/person\/d2ea09e4c97f0160b11cdfb1d856bd9e\",\"name\":\"elpuucnoticias\",\"image\":{\"@type\":\"ImageObject\",\"@id\":\"https:\/\/elpuucnoticias.com\/#personlogo\",\"inLanguage\":\"es\",\"url\":\"https:\/\/secure.gravatar.com\/avatar\/5290a43657c74ffa15701dbe5b846bd85cc71930d803c84e91046a7333de6ce2?s=96&d=mm&r=g\",\"contentUrl\":\"https:\/\/secure.gravatar.com\/avatar\/5290a43657c74ffa15701dbe5b846bd85cc71930d803c84e91046a7333de6ce2?s=96&d=mm&r=g\",\"caption\":\"elpuucnoticias\"},\"sameAs\":[\"https:\/\/elpuucnoticias.com\"],\"url\":\"https:\/\/elpuucnoticias.com\/?author=1\"}]}<\/script>\n<!-- \/ Yoast SEO plugin. -->","yoast_head_json":{"title":"Inaugura la Fundaci\u00f3n de Parques y Museos de Cozumel instalaci\u00f3n art\u00edstica \u201cIguanas: Reyes de la Tierra y la Consciencia Humana\u201d, del artista local Daniel Aguilar Arregu\u00edn - El Puuc Noticias","robots":{"index":"index","follow":"follow","max-snippet":"max-snippet:-1","max-image-preview":"max-image-preview:large","max-video-preview":"max-video-preview:-1"},"canonical":"https:\/\/elpuucnoticias.com\/?p=21481","og_locale":"es_ES","og_type":"article","og_title":"Inaugura la Fundaci\u00f3n de Parques y Museos de Cozumel instalaci\u00f3n art\u00edstica \u201cIguanas: Reyes de la Tierra y la Consciencia Humana\u201d, del artista local Daniel Aguilar Arregu\u00edn - El Puuc Noticias","og_description":"La Fundaci\u00f3n de Parques y Museos de Cozumel (FPMC) inaugur\u00f3 la instalaci\u00f3n de arte conceptual \u201cIguanas: Reyes de","og_url":"https:\/\/elpuucnoticias.com\/?p=21481","og_site_name":"El Puuc Noticias","article_published_time":"2025-10-14T19:44:08+00:00","article_modified_time":"2025-10-14T19:44:09+00:00","og_image":[{"width":1280,"height":853,"url":"https:\/\/elpuucnoticias.com\/wp-content\/uploads\/2025\/10\/img-20251011-wa0025.jpg","type":"image\/jpeg"}],"twitter_card":"summary_large_image","twitter_misc":{"Escrito por":"elpuucnoticias","Tiempo de lectura":"2 minutos"},"schema":{"@context":"https:\/\/schema.org","@graph":[{"@type":"WebSite","@id":"https:\/\/elpuucnoticias.com\/#website","url":"https:\/\/elpuucnoticias.com\/","name":"El Puuc Noticias","description":"Noticias - Entretenimiento - Deportes","potentialAction":[{"@type":"SearchAction","target":{"@type":"EntryPoint","urlTemplate":"https:\/\/elpuucnoticias.com\/?s={search_term_string}"},"query-input":"required name=search_term_string"}],"inLanguage":"es"},{"@type":"ImageObject","@id":"https:\/\/elpuucnoticias.com\/?p=21481#primaryimage","inLanguage":"es","url":"https:\/\/elpuucnoticias.com\/wp-content\/uploads\/2025\/10\/img-20251011-wa0025.jpg","contentUrl":"https:\/\/elpuucnoticias.com\/wp-content\/uploads\/2025\/10\/img-20251011-wa0025.jpg","width":1280,"height":853},{"@type":"WebPage","@id":"https:\/\/elpuucnoticias.com\/?p=21481#webpage","url":"https:\/\/elpuucnoticias.com\/?p=21481","name":"Inaugura la Fundaci\u00f3n de Parques y Museos de Cozumel instalaci\u00f3n art\u00edstica \u201cIguanas: Reyes de la Tierra y la Consciencia Humana\u201d, del artista local Daniel Aguilar Arregu\u00edn - El Puuc Noticias","isPartOf":{"@id":"https:\/\/elpuucnoticias.com\/#website"},"primaryImageOfPage":{"@id":"https:\/\/elpuucnoticias.com\/?p=21481#primaryimage"},"datePublished":"2025-10-14T19:44:08+00:00","dateModified":"2025-10-14T19:44:09+00:00","author":{"@id":"https:\/\/elpuucnoticias.com\/#\/schema\/person\/d2ea09e4c97f0160b11cdfb1d856bd9e"},"breadcrumb":{"@id":"https:\/\/elpuucnoticias.com\/?p=21481#breadcrumb"},"inLanguage":"es","potentialAction":[{"@type":"ReadAction","target":["https:\/\/elpuucnoticias.com\/?p=21481"]}]},{"@type":"BreadcrumbList","@id":"https:\/\/elpuucnoticias.com\/?p=21481#breadcrumb","itemListElement":[{"@type":"ListItem","position":1,"name":"Portada","item":"https:\/\/elpuucnoticias.com\/"},{"@type":"ListItem","position":2,"name":"Inaugura la Fundaci\u00f3n de Parques y Museos de Cozumel instalaci\u00f3n art\u00edstica \u201cIguanas: Reyes de la Tierra y la Consciencia Humana\u201d, del artista local Daniel Aguilar Arregu\u00edn"}]},{"@type":"Person","@id":"https:\/\/elpuucnoticias.com\/#\/schema\/person\/d2ea09e4c97f0160b11cdfb1d856bd9e","name":"elpuucnoticias","image":{"@type":"ImageObject","@id":"https:\/\/elpuucnoticias.com\/#personlogo","inLanguage":"es","url":"https:\/\/secure.gravatar.com\/avatar\/5290a43657c74ffa15701dbe5b846bd85cc71930d803c84e91046a7333de6ce2?s=96&d=mm&r=g","contentUrl":"https:\/\/secure.gravatar.com\/avatar\/5290a43657c74ffa15701dbe5b846bd85cc71930d803c84e91046a7333de6ce2?s=96&d=mm&r=g","caption":"elpuucnoticias"},"sameAs":["https:\/\/elpuucnoticias.com"],"url":"https:\/\/elpuucnoticias.com\/?author=1"}]}},"_links":{"self":[{"href":"https:\/\/elpuucnoticias.com\/index.php?rest_route=\/wp\/v2\/posts\/21481","targetHints":{"allow":["GET"]}}],"collection":[{"href":"https:\/\/elpuucnoticias.com\/index.php?rest_route=\/wp\/v2\/posts"}],"about":[{"href":"https:\/\/elpuucnoticias.com\/index.php?rest_route=\/wp\/v2\/types\/post"}],"author":[{"embeddable":true,"href":"https:\/\/elpuucnoticias.com\/index.php?rest_route=\/wp\/v2\/users\/1"}],"replies":[{"embeddable":true,"href":"https:\/\/elpuucnoticias.com\/index.php?rest_route=%2Fwp%2Fv2%2Fcomments&post=21481"}],"version-history":[{"count":1,"href":"https:\/\/elpuucnoticias.com\/index.php?rest_route=\/wp\/v2\/posts\/21481\/revisions"}],"predecessor-version":[{"id":21483,"href":"https:\/\/elpuucnoticias.com\/index.php?rest_route=\/wp\/v2\/posts\/21481\/revisions\/21483"}],"wp:featuredmedia":[{"embeddable":true,"href":"https:\/\/elpuucnoticias.com\/index.php?rest_route=\/wp\/v2\/media\/21482"}],"wp:attachment":[{"href":"https:\/\/elpuucnoticias.com\/index.php?rest_route=%2Fwp%2Fv2%2Fmedia&parent=21481"}],"wp:term":[{"taxonomy":"category","embeddable":true,"href":"https:\/\/elpuucnoticias.com\/index.php?rest_route=%2Fwp%2Fv2%2Fcategories&post=21481"},{"taxonomy":"post_tag","embeddable":true,"href":"https:\/\/elpuucnoticias.com\/index.php?rest_route=%2Fwp%2Fv2%2Ftags&post=21481"}],"curies":[{"name":"wp","href":"https:\/\/api.w.org\/{rel}","templated":true}]}}