{"id":21487,"date":"2025-10-14T14:01:57","date_gmt":"2025-10-14T20:01:57","guid":{"rendered":"https:\/\/elpuucnoticias.com\/?p=21487"},"modified":"2025-10-14T14:01:57","modified_gmt":"2025-10-14T20:01:57","slug":"con-un-gobierno-humanista-y-solidario-mara-lezama-reafirma-su-compromiso-con-el-crit-quintana-roo-y-el-teleton-2025","status":"publish","type":"post","link":"https:\/\/elpuucnoticias.com\/?p=21487","title":{"rendered":"Con un gobierno humanista y solidario, Mara Lezama reafirma su compromiso con el CRIT Quintana Roo y el Telet\u00f3n 2025"},"content":{"rendered":"\n<p>Al participar en el Telet\u00f3n 2025 \u201cTelet\u00f3n Cambia Todo, T\u00fa Cambias Todo\u201d, la gobernadora Mara Lezama Espinosa expres\u00f3 a todas y todos a quienes integran esta gran familia que no est\u00e1n solas ni est\u00e1n solos, que este gobierno humanista con coraz\u00f3n feminista los acompa\u00f1ar\u00e1 como lo ha hecho a lo largo de 18 a\u00f1os.<\/p>\n\n\n\n<figure class=\"wp-block-image is-style-default\"><a href=\"https:\/\/cgc.qroo.gob.mx\/cjg\/wp-content\/uploads\/2025\/10\/IMG-20251011-WA0048.jpg\"><img decoding=\"async\" src=\"https:\/\/cgc.qroo.gob.mx\/cjg\/wp-content\/uploads\/2025\/10\/IMG-20251011-WA0048-585x390.jpg\" alt=\"\" title=\"IMG-20251011-WA0048\"\/><\/a><\/figure>\n\n\n\n<p>Mara Lezama destac\u00f3 que el Centro de Rehabilitaci\u00f3n Integral Telet\u00f3n (CRIT) es producto de una suma de voluntades, desde donde se ha logrado transformar la vida de muchos seres humanos. \u201cPero estamos aqu\u00ed para decirles que s\u00ed se puede, que estamos aqu\u00ed para apoyarles porque queremos que estas ni\u00f1as y ni\u00f1os cumplan sus sue\u00f1os\u201d, dijo.<\/p>\n\n\n\n<figure class=\"wp-block-image is-style-default\"><a href=\"https:\/\/cgc.qroo.gob.mx\/cjg\/wp-content\/uploads\/2025\/10\/IMG-20251011-WA0042.jpg\"><img decoding=\"async\" src=\"https:\/\/cgc.qroo.gob.mx\/cjg\/wp-content\/uploads\/2025\/10\/IMG-20251011-WA0042-585x390.jpg\" alt=\"\" title=\"IMG-20251011-WA0042\"\/><\/a><\/figure>\n\n\n\n<p>Durante el evento, la gobernadora de Quintana Roo invit\u00f3 a las y los quintanarroenses a donar, aportar y apoyar la tarea del CRIT de Quintana Roo, por lo que agradeci\u00f3 a todos los que se suman al boteo. \u201cHoy es el d\u00eda en que todos debemos donar para llegar a la meta de este a\u00f1o\u201d, dijo Mara Lezama.<\/p>\n\n\n\n<figure class=\"wp-block-image is-style-default\"><a href=\"https:\/\/cgc.qroo.gob.mx\/cjg\/wp-content\/uploads\/2025\/10\/IMG-20251011-WA0043.jpg\"><img decoding=\"async\" src=\"https:\/\/cgc.qroo.gob.mx\/cjg\/wp-content\/uploads\/2025\/10\/IMG-20251011-WA0043-585x390.jpg\" alt=\"\" title=\"IMG-20251011-WA0043\"\/><\/a><\/figure>\n\n\n\n<p>Acompa\u00f1ada de la presidenta honoraria del DIF Quintana Roo, Ver\u00f3nica Lezama Espinosa, agradeci\u00f3 el trabajo de todas las personas que hacen una labor extraordinaria, pero tambi\u00e9n a los cientos de mexicanas y mexicanos que con un granito se arena se hace posible.<\/p>\n\n\n\n<figure class=\"wp-block-image is-style-default\"><a href=\"https:\/\/cgc.qroo.gob.mx\/cjg\/wp-content\/uploads\/2025\/10\/IMG-20251011-WA0045.jpg\"><img decoding=\"async\" src=\"https:\/\/cgc.qroo.gob.mx\/cjg\/wp-content\/uploads\/2025\/10\/IMG-20251011-WA0045-585x390.jpg\" alt=\"\" title=\"IMG-20251011-WA0045\"\/><\/a><\/figure>\n\n\n\n<p>Paolo Sergio Montero J\u00e1quez, director general de CRIT Quintana Roo, destac\u00f3 que Mara Lezama se ha sumado a esta tarea voluntaria desde hace 18 a\u00f1os. \u201cSomos afortunados de tener este apoyo, pues trabajamos todos los d\u00edas para atender a las ni\u00f1as y ni\u00f1os de Quintana Roo\u201d, afirm\u00f3.<\/p>\n\n\n\n<p>Inform\u00f3 que ya son m\u00e1s de mil 200 ni\u00f1as y ni\u00f1os de Quintana Roo que reciben atenci\u00f3n en el CRIT.<\/p>\n\n\n\n<figure class=\"wp-block-image is-style-default\"><a href=\"https:\/\/cgc.qroo.gob.mx\/cjg\/wp-content\/uploads\/2025\/10\/IMG-20251011-WA0046.jpg\"><img decoding=\"async\" src=\"https:\/\/cgc.qroo.gob.mx\/cjg\/wp-content\/uploads\/2025\/10\/IMG-20251011-WA0046-585x390.jpg\" alt=\"\" title=\"IMG-20251011-WA0046\"\/><\/a><\/figure>\n\n\n\n<p>Durante su visita al CRIT, Mara Lezama atendi\u00f3 y escuch\u00f3 a quienes reciben atenci\u00f3n y servicios. Asimismo, entreg\u00f3 el donativo que corresponde al Gobierno del Estado. Adem\u00e1s, felicit\u00f3 a Cristian Jos\u00e9 Gonz\u00e1lez V\u00e1zquez, de 13 a\u00f1os de edad, que obtuvo 3 medallas, 2 de oro y una de bronce, en una reciente participaci\u00f3n en la disciplina de danza deportiva, en Aguascalientes.<\/p>\n\n\n\n<figure class=\"wp-block-image is-style-default\"><a href=\"https:\/\/cgc.qroo.gob.mx\/cjg\/wp-content\/uploads\/2025\/10\/IMG-20251011-WA0047.jpg\"><img decoding=\"async\" src=\"https:\/\/cgc.qroo.gob.mx\/cjg\/wp-content\/uploads\/2025\/10\/IMG-20251011-WA0047-585x390.jpg\" alt=\"\" title=\"IMG-20251011-WA0047\"\/><\/a><\/figure>\n\n\n\n<p>Estuvieron en esta visita el secretario de Salud Flavio Carlos Rosado; el secretario del Ayuntamiento de Benito Ju\u00e1rez, Pablo Guti\u00e9rrez Fern\u00e1ndez; la directora m\u00e9dica del CRIT, Azeneth Valdez Clara, as\u00ed como Elena, Evelyn y Zoe, quienes reciben atenci\u00f3n en este Centro.<\/p>\n\n\n\n<p><\/p>\n","protected":false},"excerpt":{"rendered":"<p>Al participar en el Telet\u00f3n 2025 \u201cTelet\u00f3n Cambia Todo, T\u00fa Cambias Todo\u201d, la gobernadora Mara Lezama Espinosa expres\u00f3<\/p>\n","protected":false},"author":1,"featured_media":21488,"comment_status":"closed","ping_status":"open","sticky":false,"template":"","format":"standard","meta":{"_monsterinsights_skip_tracking":false,"_monsterinsights_sitenote_active":false,"_monsterinsights_sitenote_note":"","_monsterinsights_sitenote_category":0,"footnotes":""},"categories":[11,24],"tags":[],"class_list":["post-21487","post","type-post","status-publish","format-standard","has-post-thumbnail","hentry","category-noticias","category-quintana-roo"],"yoast_head":"<!-- This site is optimized with the Yoast SEO plugin v18.3 - https:\/\/yoast.com\/wordpress\/plugins\/seo\/ -->\n<title>Con un gobierno humanista y solidario, Mara Lezama reafirma su compromiso con el CRIT Quintana Roo y el Telet\u00f3n 2025 - El Puuc Noticias<\/title>\n<meta name=\"robots\" content=\"index, follow, max-snippet:-1, max-image-preview:large, max-video-preview:-1\" \/>\n<link rel=\"canonical\" href=\"https:\/\/elpuucnoticias.com\/?p=21487\" \/>\n<meta property=\"og:locale\" content=\"es_ES\" \/>\n<meta property=\"og:type\" content=\"article\" \/>\n<meta property=\"og:title\" content=\"Con un gobierno humanista y solidario, Mara Lezama reafirma su compromiso con el CRIT Quintana Roo y el Telet\u00f3n 2025 - El Puuc Noticias\" \/>\n<meta property=\"og:description\" content=\"Al participar en el Telet\u00f3n 2025 \u201cTelet\u00f3n Cambia Todo, T\u00fa Cambias Todo\u201d, la gobernadora Mara Lezama Espinosa expres\u00f3\" \/>\n<meta property=\"og:url\" content=\"https:\/\/elpuucnoticias.com\/?p=21487\" \/>\n<meta property=\"og:site_name\" content=\"El Puuc Noticias\" \/>\n<meta property=\"article:published_time\" content=\"2025-10-14T20:01:57+00:00\" \/>\n<meta property=\"og:image\" content=\"https:\/\/elpuucnoticias.com\/wp-content\/uploads\/2025\/10\/img-20251011-wa0044.jpg\" \/>\n\t<meta property=\"og:image:width\" content=\"1280\" \/>\n\t<meta property=\"og:image:height\" content=\"854\" \/>\n\t<meta property=\"og:image:type\" content=\"image\/jpeg\" \/>\n<meta name=\"twitter:card\" content=\"summary_large_image\" \/>\n<meta name=\"twitter:label1\" content=\"Escrito por\" \/>\n\t<meta name=\"twitter:data1\" content=\"elpuucnoticias\" \/>\n\t<meta name=\"twitter:label2\" content=\"Tiempo de lectura\" \/>\n\t<meta name=\"twitter:data2\" content=\"2 minutos\" \/>\n<script type=\"application\/ld+json\" class=\"yoast-schema-graph\">{\"@context\":\"https:\/\/schema.org\",\"@graph\":[{\"@type\":\"WebSite\",\"@id\":\"https:\/\/elpuucnoticias.com\/#website\",\"url\":\"https:\/\/elpuucnoticias.com\/\",\"name\":\"El Puuc Noticias\",\"description\":\"Noticias - Entretenimiento - Deportes\",\"potentialAction\":[{\"@type\":\"SearchAction\",\"target\":{\"@type\":\"EntryPoint\",\"urlTemplate\":\"https:\/\/elpuucnoticias.com\/?s={search_term_string}\"},\"query-input\":\"required name=search_term_string\"}],\"inLanguage\":\"es\"},{\"@type\":\"ImageObject\",\"@id\":\"https:\/\/elpuucnoticias.com\/?p=21487#primaryimage\",\"inLanguage\":\"es\",\"url\":\"https:\/\/elpuucnoticias.com\/wp-content\/uploads\/2025\/10\/img-20251011-wa0044.jpg\",\"contentUrl\":\"https:\/\/elpuucnoticias.com\/wp-content\/uploads\/2025\/10\/img-20251011-wa0044.jpg\",\"width\":1280,\"height\":854},{\"@type\":\"WebPage\",\"@id\":\"https:\/\/elpuucnoticias.com\/?p=21487#webpage\",\"url\":\"https:\/\/elpuucnoticias.com\/?p=21487\",\"name\":\"Con un gobierno humanista y solidario, Mara Lezama reafirma su compromiso con el CRIT Quintana Roo y el Telet\u00f3n 2025 - El Puuc Noticias\",\"isPartOf\":{\"@id\":\"https:\/\/elpuucnoticias.com\/#website\"},\"primaryImageOfPage\":{\"@id\":\"https:\/\/elpuucnoticias.com\/?p=21487#primaryimage\"},\"datePublished\":\"2025-10-14T20:01:57+00:00\",\"dateModified\":\"2025-10-14T20:01:57+00:00\",\"author\":{\"@id\":\"https:\/\/elpuucnoticias.com\/#\/schema\/person\/d2ea09e4c97f0160b11cdfb1d856bd9e\"},\"breadcrumb\":{\"@id\":\"https:\/\/elpuucnoticias.com\/?p=21487#breadcrumb\"},\"inLanguage\":\"es\",\"potentialAction\":[{\"@type\":\"ReadAction\",\"target\":[\"https:\/\/elpuucnoticias.com\/?p=21487\"]}]},{\"@type\":\"BreadcrumbList\",\"@id\":\"https:\/\/elpuucnoticias.com\/?p=21487#breadcrumb\",\"itemListElement\":[{\"@type\":\"ListItem\",\"position\":1,\"name\":\"Portada\",\"item\":\"https:\/\/elpuucnoticias.com\/\"},{\"@type\":\"ListItem\",\"position\":2,\"name\":\"Con un gobierno humanista y solidario, Mara Lezama reafirma su compromiso con el CRIT Quintana Roo y el Telet\u00f3n 2025\"}]},{\"@type\":\"Person\",\"@id\":\"https:\/\/elpuucnoticias.com\/#\/schema\/person\/d2ea09e4c97f0160b11cdfb1d856bd9e\",\"name\":\"elpuucnoticias\",\"image\":{\"@type\":\"ImageObject\",\"@id\":\"https:\/\/elpuucnoticias.com\/#personlogo\",\"inLanguage\":\"es\",\"url\":\"https:\/\/secure.gravatar.com\/avatar\/5290a43657c74ffa15701dbe5b846bd85cc71930d803c84e91046a7333de6ce2?s=96&d=mm&r=g\",\"contentUrl\":\"https:\/\/secure.gravatar.com\/avatar\/5290a43657c74ffa15701dbe5b846bd85cc71930d803c84e91046a7333de6ce2?s=96&d=mm&r=g\",\"caption\":\"elpuucnoticias\"},\"sameAs\":[\"https:\/\/elpuucnoticias.com\"],\"url\":\"https:\/\/elpuucnoticias.com\/?author=1\"}]}<\/script>\n<!-- \/ Yoast SEO plugin. -->","yoast_head_json":{"title":"Con un gobierno humanista y solidario, Mara Lezama reafirma su compromiso con el CRIT Quintana Roo y el Telet\u00f3n 2025 - El Puuc Noticias","robots":{"index":"index","follow":"follow","max-snippet":"max-snippet:-1","max-image-preview":"max-image-preview:large","max-video-preview":"max-video-preview:-1"},"canonical":"https:\/\/elpuucnoticias.com\/?p=21487","og_locale":"es_ES","og_type":"article","og_title":"Con un gobierno humanista y solidario, Mara Lezama reafirma su compromiso con el CRIT Quintana Roo y el Telet\u00f3n 2025 - El Puuc Noticias","og_description":"Al participar en el Telet\u00f3n 2025 \u201cTelet\u00f3n Cambia Todo, T\u00fa Cambias Todo\u201d, la gobernadora Mara Lezama Espinosa expres\u00f3","og_url":"https:\/\/elpuucnoticias.com\/?p=21487","og_site_name":"El Puuc Noticias","article_published_time":"2025-10-14T20:01:57+00:00","og_image":[{"width":1280,"height":854,"url":"https:\/\/elpuucnoticias.com\/wp-content\/uploads\/2025\/10\/img-20251011-wa0044.jpg","type":"image\/jpeg"}],"twitter_card":"summary_large_image","twitter_misc":{"Escrito por":"elpuucnoticias","Tiempo de lectura":"2 minutos"},"schema":{"@context":"https:\/\/schema.org","@graph":[{"@type":"WebSite","@id":"https:\/\/elpuucnoticias.com\/#website","url":"https:\/\/elpuucnoticias.com\/","name":"El Puuc Noticias","description":"Noticias - Entretenimiento - Deportes","potentialAction":[{"@type":"SearchAction","target":{"@type":"EntryPoint","urlTemplate":"https:\/\/elpuucnoticias.com\/?s={search_term_string}"},"query-input":"required name=search_term_string"}],"inLanguage":"es"},{"@type":"ImageObject","@id":"https:\/\/elpuucnoticias.com\/?p=21487#primaryimage","inLanguage":"es","url":"https:\/\/elpuucnoticias.com\/wp-content\/uploads\/2025\/10\/img-20251011-wa0044.jpg","contentUrl":"https:\/\/elpuucnoticias.com\/wp-content\/uploads\/2025\/10\/img-20251011-wa0044.jpg","width":1280,"height":854},{"@type":"WebPage","@id":"https:\/\/elpuucnoticias.com\/?p=21487#webpage","url":"https:\/\/elpuucnoticias.com\/?p=21487","name":"Con un gobierno humanista y solidario, Mara Lezama reafirma su compromiso con el CRIT Quintana Roo y el Telet\u00f3n 2025 - El Puuc Noticias","isPartOf":{"@id":"https:\/\/elpuucnoticias.com\/#website"},"primaryImageOfPage":{"@id":"https:\/\/elpuucnoticias.com\/?p=21487#primaryimage"},"datePublished":"2025-10-14T20:01:57+00:00","dateModified":"2025-10-14T20:01:57+00:00","author":{"@id":"https:\/\/elpuucnoticias.com\/#\/schema\/person\/d2ea09e4c97f0160b11cdfb1d856bd9e"},"breadcrumb":{"@id":"https:\/\/elpuucnoticias.com\/?p=21487#breadcrumb"},"inLanguage":"es","potentialAction":[{"@type":"ReadAction","target":["https:\/\/elpuucnoticias.com\/?p=21487"]}]},{"@type":"BreadcrumbList","@id":"https:\/\/elpuucnoticias.com\/?p=21487#breadcrumb","itemListElement":[{"@type":"ListItem","position":1,"name":"Portada","item":"https:\/\/elpuucnoticias.com\/"},{"@type":"ListItem","position":2,"name":"Con un gobierno humanista y solidario, Mara Lezama reafirma su compromiso con el CRIT Quintana Roo y el Telet\u00f3n 2025"}]},{"@type":"Person","@id":"https:\/\/elpuucnoticias.com\/#\/schema\/person\/d2ea09e4c97f0160b11cdfb1d856bd9e","name":"elpuucnoticias","image":{"@type":"ImageObject","@id":"https:\/\/elpuucnoticias.com\/#personlogo","inLanguage":"es","url":"https:\/\/secure.gravatar.com\/avatar\/5290a43657c74ffa15701dbe5b846bd85cc71930d803c84e91046a7333de6ce2?s=96&d=mm&r=g","contentUrl":"https:\/\/secure.gravatar.com\/avatar\/5290a43657c74ffa15701dbe5b846bd85cc71930d803c84e91046a7333de6ce2?s=96&d=mm&r=g","caption":"elpuucnoticias"},"sameAs":["https:\/\/elpuucnoticias.com"],"url":"https:\/\/elpuucnoticias.com\/?author=1"}]}},"_links":{"self":[{"href":"https:\/\/elpuucnoticias.com\/index.php?rest_route=\/wp\/v2\/posts\/21487","targetHints":{"allow":["GET"]}}],"collection":[{"href":"https:\/\/elpuucnoticias.com\/index.php?rest_route=\/wp\/v2\/posts"}],"about":[{"href":"https:\/\/elpuucnoticias.com\/index.php?rest_route=\/wp\/v2\/types\/post"}],"author":[{"embeddable":true,"href":"https:\/\/elpuucnoticias.com\/index.php?rest_route=\/wp\/v2\/users\/1"}],"replies":[{"embeddable":true,"href":"https:\/\/elpuucnoticias.com\/index.php?rest_route=%2Fwp%2Fv2%2Fcomments&post=21487"}],"version-history":[{"count":1,"href":"https:\/\/elpuucnoticias.com\/index.php?rest_route=\/wp\/v2\/posts\/21487\/revisions"}],"predecessor-version":[{"id":21489,"href":"https:\/\/elpuucnoticias.com\/index.php?rest_route=\/wp\/v2\/posts\/21487\/revisions\/21489"}],"wp:featuredmedia":[{"embeddable":true,"href":"https:\/\/elpuucnoticias.com\/index.php?rest_route=\/wp\/v2\/media\/21488"}],"wp:attachment":[{"href":"https:\/\/elpuucnoticias.com\/index.php?rest_route=%2Fwp%2Fv2%2Fmedia&parent=21487"}],"wp:term":[{"taxonomy":"category","embeddable":true,"href":"https:\/\/elpuucnoticias.com\/index.php?rest_route=%2Fwp%2Fv2%2Fcategories&post=21487"},{"taxonomy":"post_tag","embeddable":true,"href":"https:\/\/elpuucnoticias.com\/index.php?rest_route=%2Fwp%2Fv2%2Ftags&post=21487"}],"curies":[{"name":"wp","href":"https:\/\/api.w.org\/{rel}","templated":true}]}}