{"id":21490,"date":"2025-10-14T14:11:25","date_gmt":"2025-10-14T20:11:25","guid":{"rendered":"https:\/\/elpuucnoticias.com\/?p=21490"},"modified":"2025-10-14T14:11:25","modified_gmt":"2025-10-14T20:11:25","slug":"paratletismo-quintanarroense-cierra-con-31-medallas-en-la-paralimpiada-nacional-conade-2025","status":"publish","type":"post","link":"https:\/\/elpuucnoticias.com\/?p=21490","title":{"rendered":"Paratletismo quintanarroense cierra con 31 medallas en la Paralimpiada Nacional CONADE 2025"},"content":{"rendered":"\n<p>La Delegaci\u00f3n de Quintana Roo en la disciplina de Paratletismo tuvo un brillante cierre de competencias en la Paralimpiada Nacional CONADE 2025, esto luego de que durante el \u00faltimo d\u00eda de pruebas de esta disciplina concret\u00f3 nueve preseas: dos de oro, tres de plata y cuatro m\u00e1s de bronce, durante la actividad que se realiz\u00f3 en el Estadio Ol\u00edmpico de Aguascalientes.<\/p>\n\n\n\n<figure class=\"wp-block-image is-style-default\"><a href=\"https:\/\/cgc.qroo.gob.mx\/cjg\/wp-content\/uploads\/2025\/10\/IMG-20251011-WA0058.jpg\"><img decoding=\"async\" src=\"https:\/\/cgc.qroo.gob.mx\/cjg\/wp-content\/uploads\/2025\/10\/IMG-20251011-WA0058-585x390.jpg\" alt=\"\" title=\"IMG-20251011-WA0058\"\/><\/a><\/figure>\n\n\n\n<p>Este equipo viaj\u00f3 y compiti\u00f3 en la justa deportiva nacional m\u00e1s importante del deporte adaptado, con el apoyo y respaldo de la Comisi\u00f3n del Deporte de Quintana Roo (CODEQ), que preside Jacobo Arzate Hop, reafirmando el compromiso de priorizar a las y los paratletas estatales, tal como lo marca el Nuevo Acuerdo por el Bienestar y Desarrollo, que promueve la gobernadora Mara Lezama Espinosa.<\/p>\n\n\n\n<figure class=\"wp-block-image is-style-default\"><a href=\"https:\/\/cgc.qroo.gob.mx\/cjg\/wp-content\/uploads\/2025\/10\/IMG-20251011-WA0054.jpg\"><img decoding=\"async\" src=\"https:\/\/cgc.qroo.gob.mx\/cjg\/wp-content\/uploads\/2025\/10\/IMG-20251011-WA0054-585x542.jpg\" alt=\"\" title=\"IMG-20251011-WA0054\"\/><\/a><\/figure>\n\n\n\n<p>Cabe resaltar que, con este resultado, el equipo de la disciplina de Paratletismo cerr\u00f3 su participaci\u00f3n con un total de 31 medallas, las cuales fueron 13 de oro, ocho de plata y 10 m\u00e1s de bronce.<\/p>\n\n\n\n<figure class=\"wp-block-image is-style-default\"><a href=\"https:\/\/cgc.qroo.gob.mx\/cjg\/wp-content\/uploads\/2025\/10\/IMG-20251011-WA0055.jpg\"><img decoding=\"async\" src=\"https:\/\/cgc.qroo.gob.mx\/cjg\/wp-content\/uploads\/2025\/10\/IMG-20251011-WA0055-585x391.jpg\" alt=\"\" title=\"IMG-20251011-WA0055\"\/><\/a><\/figure>\n\n\n\n<p>Al continuar con la jornada de competencias, la primera presea dorada lleg\u00f3 por conducto de Alejandra Leonor Pi\u00f1a G\u00f3mez, quien se proclam\u00f3 campeona nacional en la prueba de lanzamiento de disco, dentro de la clasificaci\u00f3n F25; el otro metal dorado se lo adjudic\u00f3 Luna Canto Burgos, quien subi\u00f3 a lo m\u00e1s alto del podio en la prueba de lanzamiento de jabalina, clasificaci\u00f3n F12\/F13.<\/p>\n\n\n\n<figure class=\"wp-block-image is-style-default\"><a href=\"https:\/\/cgc.qroo.gob.mx\/cjg\/wp-content\/uploads\/2025\/10\/IMG-20251011-WA0056.jpg\"><img decoding=\"async\" src=\"https:\/\/cgc.qroo.gob.mx\/cjg\/wp-content\/uploads\/2025\/10\/IMG-20251011-WA0056-585x391.jpg\" alt=\"\" title=\"IMG-20251011-WA0056\"\/><\/a><\/figure>\n\n\n\n<p>En m\u00e1s resultados de la jornada, las medallas de plata fueron gracias a las destacadas actuaciones de Dar\u00edo Ram\u00edrez Rodr\u00edguez en los 200 metros planos de la clasificaci\u00f3n T12; tambi\u00e9n aport\u00f3 Pedro Balam Arg\u00fcello con un segundo lugar en lanzamiento de jabalina de la F25; y cerraron los metales plateados con Karina L\u00f3pez Ram\u00edrez en lanzamiento de disco de la F56\/F57.<\/p>\n\n\n\n<figure class=\"wp-block-image is-style-default\"><a href=\"https:\/\/cgc.qroo.gob.mx\/cjg\/wp-content\/uploads\/2025\/10\/IMG-20251011-WA0057.jpg\"><img decoding=\"async\" src=\"https:\/\/cgc.qroo.gob.mx\/cjg\/wp-content\/uploads\/2025\/10\/IMG-20251011-WA0057-585x391.jpg\" alt=\"\" title=\"IMG-20251011-WA0057\"\/><\/a><\/figure>\n\n\n\n<p>En cuanto a las preseas de bronce, llegaron por conducto de Dar\u00edo Ram\u00edrez Rodr\u00edguez en la prueba de los 400 metros planos T12; Mariano Madrid Gonz\u00e1lez, en los 400 metros T20; Alejandra Leonor Pi\u00f1a G\u00f3mez, en lanzamiento de bala F25; y Hiland Mihalyi Soberano Sosa, en lanzamiento de jabalina F25.<\/p>\n\n\n\n<figure class=\"wp-block-image is-style-default\"><img decoding=\"async\" src=\"https:\/\/cgc.qroo.gob.mx\/cjg\/wp-content\/uploads\/2025\/10\/IMG-20251011-WA0062-585x391.jpg\" alt=\"\" title=\"IMG-20251011-WA0062\"\/><\/figure>\n\n\n\n<p>Cabe se\u00f1alar que, en lo que corresponde a esta disciplina, se dividi\u00f3 en dos bloques por categor\u00edas: en el primero, en las divisiones infantiles, Quintana Roo cosech\u00f3 18 medallas (nueve de oro, cinco de plata y cuatro de bronce); y en el segundo, que fue para los juveniles, logr\u00f3 13 medallas (cuatro de oro, tres de plata y seis de bronce).<\/p>\n","protected":false},"excerpt":{"rendered":"<p>La Delegaci\u00f3n de Quintana Roo en la disciplina de Paratletismo tuvo un brillante cierre de competencias en la<\/p>\n","protected":false},"author":1,"featured_media":21491,"comment_status":"closed","ping_status":"open","sticky":false,"template":"","format":"standard","meta":{"_monsterinsights_skip_tracking":false,"_monsterinsights_sitenote_active":false,"_monsterinsights_sitenote_note":"","_monsterinsights_sitenote_category":0,"footnotes":""},"categories":[11,24],"tags":[],"class_list":["post-21490","post","type-post","status-publish","format-standard","has-post-thumbnail","hentry","category-noticias","category-quintana-roo"],"yoast_head":"<!-- This site is optimized with the Yoast SEO plugin v18.3 - https:\/\/yoast.com\/wordpress\/plugins\/seo\/ -->\n<title>Paratletismo quintanarroense cierra con 31 medallas en la Paralimpiada Nacional CONADE 2025 - El Puuc Noticias<\/title>\n<meta name=\"robots\" content=\"index, follow, max-snippet:-1, max-image-preview:large, max-video-preview:-1\" \/>\n<link rel=\"canonical\" href=\"https:\/\/elpuucnoticias.com\/?p=21490\" \/>\n<meta property=\"og:locale\" content=\"es_ES\" \/>\n<meta property=\"og:type\" content=\"article\" \/>\n<meta property=\"og:title\" content=\"Paratletismo quintanarroense cierra con 31 medallas en la Paralimpiada Nacional CONADE 2025 - El Puuc Noticias\" \/>\n<meta property=\"og:description\" content=\"La Delegaci\u00f3n de Quintana Roo en la disciplina de Paratletismo tuvo un brillante cierre de competencias en la\" \/>\n<meta property=\"og:url\" content=\"https:\/\/elpuucnoticias.com\/?p=21490\" \/>\n<meta property=\"og:site_name\" content=\"El Puuc Noticias\" \/>\n<meta property=\"article:published_time\" content=\"2025-10-14T20:11:25+00:00\" \/>\n<meta property=\"og:image\" content=\"https:\/\/elpuucnoticias.com\/wp-content\/uploads\/2025\/10\/img-20251011-wa0061.jpg\" \/>\n\t<meta property=\"og:image:width\" content=\"1280\" \/>\n\t<meta property=\"og:image:height\" content=\"854\" \/>\n\t<meta property=\"og:image:type\" content=\"image\/jpeg\" \/>\n<meta name=\"twitter:card\" content=\"summary_large_image\" \/>\n<meta name=\"twitter:label1\" content=\"Escrito por\" \/>\n\t<meta name=\"twitter:data1\" content=\"elpuucnoticias\" \/>\n\t<meta name=\"twitter:label2\" content=\"Tiempo de lectura\" \/>\n\t<meta name=\"twitter:data2\" content=\"2 minutos\" \/>\n<script type=\"application\/ld+json\" class=\"yoast-schema-graph\">{\"@context\":\"https:\/\/schema.org\",\"@graph\":[{\"@type\":\"WebSite\",\"@id\":\"https:\/\/elpuucnoticias.com\/#website\",\"url\":\"https:\/\/elpuucnoticias.com\/\",\"name\":\"El Puuc Noticias\",\"description\":\"Noticias - Entretenimiento - Deportes\",\"potentialAction\":[{\"@type\":\"SearchAction\",\"target\":{\"@type\":\"EntryPoint\",\"urlTemplate\":\"https:\/\/elpuucnoticias.com\/?s={search_term_string}\"},\"query-input\":\"required name=search_term_string\"}],\"inLanguage\":\"es\"},{\"@type\":\"ImageObject\",\"@id\":\"https:\/\/elpuucnoticias.com\/?p=21490#primaryimage\",\"inLanguage\":\"es\",\"url\":\"https:\/\/elpuucnoticias.com\/wp-content\/uploads\/2025\/10\/img-20251011-wa0061.jpg\",\"contentUrl\":\"https:\/\/elpuucnoticias.com\/wp-content\/uploads\/2025\/10\/img-20251011-wa0061.jpg\",\"width\":1280,\"height\":854},{\"@type\":\"WebPage\",\"@id\":\"https:\/\/elpuucnoticias.com\/?p=21490#webpage\",\"url\":\"https:\/\/elpuucnoticias.com\/?p=21490\",\"name\":\"Paratletismo quintanarroense cierra con 31 medallas en la Paralimpiada Nacional CONADE 2025 - El Puuc Noticias\",\"isPartOf\":{\"@id\":\"https:\/\/elpuucnoticias.com\/#website\"},\"primaryImageOfPage\":{\"@id\":\"https:\/\/elpuucnoticias.com\/?p=21490#primaryimage\"},\"datePublished\":\"2025-10-14T20:11:25+00:00\",\"dateModified\":\"2025-10-14T20:11:25+00:00\",\"author\":{\"@id\":\"https:\/\/elpuucnoticias.com\/#\/schema\/person\/d2ea09e4c97f0160b11cdfb1d856bd9e\"},\"breadcrumb\":{\"@id\":\"https:\/\/elpuucnoticias.com\/?p=21490#breadcrumb\"},\"inLanguage\":\"es\",\"potentialAction\":[{\"@type\":\"ReadAction\",\"target\":[\"https:\/\/elpuucnoticias.com\/?p=21490\"]}]},{\"@type\":\"BreadcrumbList\",\"@id\":\"https:\/\/elpuucnoticias.com\/?p=21490#breadcrumb\",\"itemListElement\":[{\"@type\":\"ListItem\",\"position\":1,\"name\":\"Portada\",\"item\":\"https:\/\/elpuucnoticias.com\/\"},{\"@type\":\"ListItem\",\"position\":2,\"name\":\"Paratletismo quintanarroense cierra con 31 medallas en la Paralimpiada Nacional CONADE 2025\"}]},{\"@type\":\"Person\",\"@id\":\"https:\/\/elpuucnoticias.com\/#\/schema\/person\/d2ea09e4c97f0160b11cdfb1d856bd9e\",\"name\":\"elpuucnoticias\",\"image\":{\"@type\":\"ImageObject\",\"@id\":\"https:\/\/elpuucnoticias.com\/#personlogo\",\"inLanguage\":\"es\",\"url\":\"https:\/\/secure.gravatar.com\/avatar\/5290a43657c74ffa15701dbe5b846bd85cc71930d803c84e91046a7333de6ce2?s=96&d=mm&r=g\",\"contentUrl\":\"https:\/\/secure.gravatar.com\/avatar\/5290a43657c74ffa15701dbe5b846bd85cc71930d803c84e91046a7333de6ce2?s=96&d=mm&r=g\",\"caption\":\"elpuucnoticias\"},\"sameAs\":[\"https:\/\/elpuucnoticias.com\"],\"url\":\"https:\/\/elpuucnoticias.com\/?author=1\"}]}<\/script>\n<!-- \/ Yoast SEO plugin. -->","yoast_head_json":{"title":"Paratletismo quintanarroense cierra con 31 medallas en la Paralimpiada Nacional CONADE 2025 - El Puuc Noticias","robots":{"index":"index","follow":"follow","max-snippet":"max-snippet:-1","max-image-preview":"max-image-preview:large","max-video-preview":"max-video-preview:-1"},"canonical":"https:\/\/elpuucnoticias.com\/?p=21490","og_locale":"es_ES","og_type":"article","og_title":"Paratletismo quintanarroense cierra con 31 medallas en la Paralimpiada Nacional CONADE 2025 - El Puuc Noticias","og_description":"La Delegaci\u00f3n de Quintana Roo en la disciplina de Paratletismo tuvo un brillante cierre de competencias en la","og_url":"https:\/\/elpuucnoticias.com\/?p=21490","og_site_name":"El Puuc Noticias","article_published_time":"2025-10-14T20:11:25+00:00","og_image":[{"width":1280,"height":854,"url":"https:\/\/elpuucnoticias.com\/wp-content\/uploads\/2025\/10\/img-20251011-wa0061.jpg","type":"image\/jpeg"}],"twitter_card":"summary_large_image","twitter_misc":{"Escrito por":"elpuucnoticias","Tiempo de lectura":"2 minutos"},"schema":{"@context":"https:\/\/schema.org","@graph":[{"@type":"WebSite","@id":"https:\/\/elpuucnoticias.com\/#website","url":"https:\/\/elpuucnoticias.com\/","name":"El Puuc Noticias","description":"Noticias - Entretenimiento - Deportes","potentialAction":[{"@type":"SearchAction","target":{"@type":"EntryPoint","urlTemplate":"https:\/\/elpuucnoticias.com\/?s={search_term_string}"},"query-input":"required name=search_term_string"}],"inLanguage":"es"},{"@type":"ImageObject","@id":"https:\/\/elpuucnoticias.com\/?p=21490#primaryimage","inLanguage":"es","url":"https:\/\/elpuucnoticias.com\/wp-content\/uploads\/2025\/10\/img-20251011-wa0061.jpg","contentUrl":"https:\/\/elpuucnoticias.com\/wp-content\/uploads\/2025\/10\/img-20251011-wa0061.jpg","width":1280,"height":854},{"@type":"WebPage","@id":"https:\/\/elpuucnoticias.com\/?p=21490#webpage","url":"https:\/\/elpuucnoticias.com\/?p=21490","name":"Paratletismo quintanarroense cierra con 31 medallas en la Paralimpiada Nacional CONADE 2025 - El Puuc Noticias","isPartOf":{"@id":"https:\/\/elpuucnoticias.com\/#website"},"primaryImageOfPage":{"@id":"https:\/\/elpuucnoticias.com\/?p=21490#primaryimage"},"datePublished":"2025-10-14T20:11:25+00:00","dateModified":"2025-10-14T20:11:25+00:00","author":{"@id":"https:\/\/elpuucnoticias.com\/#\/schema\/person\/d2ea09e4c97f0160b11cdfb1d856bd9e"},"breadcrumb":{"@id":"https:\/\/elpuucnoticias.com\/?p=21490#breadcrumb"},"inLanguage":"es","potentialAction":[{"@type":"ReadAction","target":["https:\/\/elpuucnoticias.com\/?p=21490"]}]},{"@type":"BreadcrumbList","@id":"https:\/\/elpuucnoticias.com\/?p=21490#breadcrumb","itemListElement":[{"@type":"ListItem","position":1,"name":"Portada","item":"https:\/\/elpuucnoticias.com\/"},{"@type":"ListItem","position":2,"name":"Paratletismo quintanarroense cierra con 31 medallas en la Paralimpiada Nacional CONADE 2025"}]},{"@type":"Person","@id":"https:\/\/elpuucnoticias.com\/#\/schema\/person\/d2ea09e4c97f0160b11cdfb1d856bd9e","name":"elpuucnoticias","image":{"@type":"ImageObject","@id":"https:\/\/elpuucnoticias.com\/#personlogo","inLanguage":"es","url":"https:\/\/secure.gravatar.com\/avatar\/5290a43657c74ffa15701dbe5b846bd85cc71930d803c84e91046a7333de6ce2?s=96&d=mm&r=g","contentUrl":"https:\/\/secure.gravatar.com\/avatar\/5290a43657c74ffa15701dbe5b846bd85cc71930d803c84e91046a7333de6ce2?s=96&d=mm&r=g","caption":"elpuucnoticias"},"sameAs":["https:\/\/elpuucnoticias.com"],"url":"https:\/\/elpuucnoticias.com\/?author=1"}]}},"_links":{"self":[{"href":"https:\/\/elpuucnoticias.com\/index.php?rest_route=\/wp\/v2\/posts\/21490","targetHints":{"allow":["GET"]}}],"collection":[{"href":"https:\/\/elpuucnoticias.com\/index.php?rest_route=\/wp\/v2\/posts"}],"about":[{"href":"https:\/\/elpuucnoticias.com\/index.php?rest_route=\/wp\/v2\/types\/post"}],"author":[{"embeddable":true,"href":"https:\/\/elpuucnoticias.com\/index.php?rest_route=\/wp\/v2\/users\/1"}],"replies":[{"embeddable":true,"href":"https:\/\/elpuucnoticias.com\/index.php?rest_route=%2Fwp%2Fv2%2Fcomments&post=21490"}],"version-history":[{"count":1,"href":"https:\/\/elpuucnoticias.com\/index.php?rest_route=\/wp\/v2\/posts\/21490\/revisions"}],"predecessor-version":[{"id":21492,"href":"https:\/\/elpuucnoticias.com\/index.php?rest_route=\/wp\/v2\/posts\/21490\/revisions\/21492"}],"wp:featuredmedia":[{"embeddable":true,"href":"https:\/\/elpuucnoticias.com\/index.php?rest_route=\/wp\/v2\/media\/21491"}],"wp:attachment":[{"href":"https:\/\/elpuucnoticias.com\/index.php?rest_route=%2Fwp%2Fv2%2Fmedia&parent=21490"}],"wp:term":[{"taxonomy":"category","embeddable":true,"href":"https:\/\/elpuucnoticias.com\/index.php?rest_route=%2Fwp%2Fv2%2Fcategories&post=21490"},{"taxonomy":"post_tag","embeddable":true,"href":"https:\/\/elpuucnoticias.com\/index.php?rest_route=%2Fwp%2Fv2%2Ftags&post=21490"}],"curies":[{"name":"wp","href":"https:\/\/api.w.org\/{rel}","templated":true}]}}