{"id":21503,"date":"2025-10-14T14:49:33","date_gmt":"2025-10-14T20:49:33","guid":{"rendered":"https:\/\/elpuucnoticias.com\/?p=21503"},"modified":"2025-10-14T14:49:34","modified_gmt":"2025-10-14T20:49:34","slug":"supervisan-mara-y-veronica-lezama-espinosa-avances-del-segundo-centro-dif-pilares-en-la-region-234-de-cancun","status":"publish","type":"post","link":"https:\/\/elpuucnoticias.com\/?p=21503","title":{"rendered":"Supervisan Mara y Ver\u00f3nica Lezama Espinosa avances del segundo Centro DIF Pilares en la regi\u00f3n 234 de Canc\u00fan"},"content":{"rendered":"\n<p>La gobernadora Mara Lezama Espinosa, acompa\u00f1ada de la presidenta honoraria del Sistema DIF Quintana Roo, Ver\u00f3nica Lezama Espinosa, supervis\u00f3 la rehabilitaci\u00f3n y equipamiento del segundo Centro de Desarrollo Comunitario DIF Pilares, ubicado en la Regi\u00f3n 234 de Canc\u00fan.<\/p>\n\n\n\n<figure class=\"wp-block-image is-style-default\"><a href=\"https:\/\/cgc.qroo.gob.mx\/cjg\/wp-content\/uploads\/2025\/10\/IMG-20251012-WA0034.jpg\"><img decoding=\"async\" src=\"https:\/\/cgc.qroo.gob.mx\/cjg\/wp-content\/uploads\/2025\/10\/IMG-20251012-WA0034-585x390.jpg\" alt=\"\" title=\"IMG-20251012-WA0034\"\/><\/a><\/figure>\n\n\n\n<figure class=\"wp-block-image is-style-default\"><a href=\"https:\/\/cgc.qroo.gob.mx\/cjg\/wp-content\/uploads\/2025\/10\/IMG-20251012-WA0035.jpg\"><img decoding=\"async\" src=\"https:\/\/cgc.qroo.gob.mx\/cjg\/wp-content\/uploads\/2025\/10\/IMG-20251012-WA0035-585x390.jpg\" alt=\"\" title=\"IMG-20251012-WA0035\"\/><\/a><\/figure>\n\n\n\n<p>A trav\u00e9s del Sistema DIF Quintana Roo y la Secretar\u00eda de Obras P\u00fablicas que dirige Jos\u00e9 Rafael Lara D\u00edaz se invierten m\u00e1s de 25.5 millones de pesos, recursos del pueblo que regresan al pueblo, para la rehabilitaci\u00f3n integral y equipamiento de espacios que pronto estar\u00e1n llenos de vida, aprendizaje y sue\u00f1os por cumplir.<\/p>\n\n\n\n<figure class=\"wp-block-image is-style-default\"><a href=\"https:\/\/cgc.qroo.gob.mx\/cjg\/wp-content\/uploads\/2025\/10\/IMG-20251012-WA0029.jpg\"><img decoding=\"async\" src=\"https:\/\/cgc.qroo.gob.mx\/cjg\/wp-content\/uploads\/2025\/10\/IMG-20251012-WA0029-585x390.jpg\" alt=\"\" title=\"IMG-20251012-WA0029\"\/><\/a><\/figure>\n\n\n\n<p>Actualmente, el Centro DIF Pilares 234 atiende semanalmente a m\u00e1s de 465 personas y entrega m\u00e1s de mil apoyos alimentarios al mes. Con esta rehabilitaci\u00f3n, aumentar\u00e1 su capacidad para brindar servicios de calidad a m\u00e1s familias.<\/p>\n\n\n\n<figure class=\"wp-block-image is-style-default\"><a href=\"https:\/\/cgc.qroo.gob.mx\/cjg\/wp-content\/uploads\/2025\/10\/IMG-20251012-WA0028.jpg\"><img decoding=\"async\" src=\"https:\/\/cgc.qroo.gob.mx\/cjg\/wp-content\/uploads\/2025\/10\/IMG-20251012-WA0028-585x390.jpg\" alt=\"\" title=\"IMG-20251012-WA0028\"\/><\/a><\/figure>\n\n\n\n<p>\u201cEste Centro representa la esencia de nuestro gobierno humanista con coraz\u00f3n feminista, donde el desarrollo se mide en bienestar, en oportunidades y en esperanza. Cuando se combate la corrupci\u00f3n, el dinero alcanza para m\u00e1s y se transforma la vida de las comunidades\u201d, afirm\u00f3 la gobernadora Mara Lezama Espinosa.<\/p>\n\n\n\n<figure class=\"wp-block-image is-style-default\"><a href=\"https:\/\/cgc.qroo.gob.mx\/cjg\/wp-content\/uploads\/2025\/10\/IMG-20251012-WA0030.jpg\"><img decoding=\"async\" src=\"https:\/\/cgc.qroo.gob.mx\/cjg\/wp-content\/uploads\/2025\/10\/IMG-20251012-WA0030-585x390.jpg\" alt=\"\" title=\"IMG-20251012-WA0030\"\/><\/a><\/figure>\n\n\n\n<p>Por su parte, la presidenta honoraria del DIF Quintana Roo, Ver\u00f3nica Lezama Espinosa, destac\u00f3 que este espacio ser\u00e1 un punto de encuentro y apoyo para ni\u00f1as, ni\u00f1os y adolescentes:<\/p>\n\n\n\n<figure class=\"wp-block-image is-style-default\"><a href=\"https:\/\/cgc.qroo.gob.mx\/cjg\/wp-content\/uploads\/2025\/10\/IMG-20251012-WA0031.jpg\"><img decoding=\"async\" src=\"https:\/\/cgc.qroo.gob.mx\/cjg\/wp-content\/uploads\/2025\/10\/IMG-20251012-WA0031-585x390.jpg\" alt=\"\" title=\"IMG-20251012-WA0031\"\/><\/a><\/figure>\n\n\n\n<p>\u201cNos llena de emoci\u00f3n saber que muy pronto tendremos nuestro segundo DIF- Pilares con ludoteca, talleres, clases de c\u00f3mputo e ingl\u00e9s, adem\u00e1s de servicios de enfermer\u00eda, psicolog\u00eda, atenci\u00f3n jur\u00eddica y asistencia social, por que tenemos muy claro que nuestra prioridad es cuidar a las familias y transformar vidas.\u201d<\/p>\n\n\n\n<figure class=\"wp-block-image is-style-default\"><a href=\"https:\/\/cgc.qroo.gob.mx\/cjg\/wp-content\/uploads\/2025\/10\/IMG-20251012-WA0032.jpg\"><img decoding=\"async\" src=\"https:\/\/cgc.qroo.gob.mx\/cjg\/wp-content\/uploads\/2025\/10\/IMG-20251012-WA0032-585x390.jpg\" alt=\"\" title=\"IMG-20251012-WA0032\"\/><\/a><\/figure>\n\n\n\n<p>El nuevo Centro DIF Pilares 234 tambi\u00e9n contar\u00e1 con \u00e1reas deportivas y culturales, comedor comunitario, domo rehabilitado, juegos, andadores y bardas perimetrales para garantizar un entorno seguro.<\/p>\n","protected":false},"excerpt":{"rendered":"<p>La gobernadora Mara Lezama Espinosa, acompa\u00f1ada de la presidenta honoraria del Sistema DIF Quintana Roo, Ver\u00f3nica Lezama Espinosa,<\/p>\n","protected":false},"author":1,"featured_media":21504,"comment_status":"closed","ping_status":"open","sticky":false,"template":"","format":"standard","meta":{"_monsterinsights_skip_tracking":false,"_monsterinsights_sitenote_active":false,"_monsterinsights_sitenote_note":"","_monsterinsights_sitenote_category":0,"footnotes":""},"categories":[11,24],"tags":[],"class_list":["post-21503","post","type-post","status-publish","format-standard","has-post-thumbnail","hentry","category-noticias","category-quintana-roo"],"yoast_head":"<!-- This site is optimized with the Yoast SEO plugin v18.3 - https:\/\/yoast.com\/wordpress\/plugins\/seo\/ -->\n<title>Supervisan Mara y Ver\u00f3nica Lezama Espinosa avances del segundo Centro DIF Pilares en la regi\u00f3n 234 de Canc\u00fan - El Puuc Noticias<\/title>\n<meta name=\"robots\" content=\"index, follow, max-snippet:-1, max-image-preview:large, max-video-preview:-1\" \/>\n<link rel=\"canonical\" href=\"https:\/\/elpuucnoticias.com\/?p=21503\" \/>\n<meta property=\"og:locale\" content=\"es_ES\" \/>\n<meta property=\"og:type\" content=\"article\" \/>\n<meta property=\"og:title\" content=\"Supervisan Mara y Ver\u00f3nica Lezama Espinosa avances del segundo Centro DIF Pilares en la regi\u00f3n 234 de Canc\u00fan - El Puuc Noticias\" \/>\n<meta property=\"og:description\" content=\"La gobernadora Mara Lezama Espinosa, acompa\u00f1ada de la presidenta honoraria del Sistema DIF Quintana Roo, Ver\u00f3nica Lezama Espinosa,\" \/>\n<meta property=\"og:url\" content=\"https:\/\/elpuucnoticias.com\/?p=21503\" \/>\n<meta property=\"og:site_name\" content=\"El Puuc Noticias\" \/>\n<meta property=\"article:published_time\" content=\"2025-10-14T20:49:33+00:00\" \/>\n<meta property=\"article:modified_time\" content=\"2025-10-14T20:49:34+00:00\" \/>\n<meta property=\"og:image\" content=\"https:\/\/elpuucnoticias.com\/wp-content\/uploads\/2025\/10\/img-20251012-wa0033.jpg\" \/>\n\t<meta property=\"og:image:width\" content=\"1280\" \/>\n\t<meta property=\"og:image:height\" content=\"854\" \/>\n\t<meta property=\"og:image:type\" content=\"image\/jpeg\" \/>\n<meta name=\"twitter:card\" content=\"summary_large_image\" \/>\n<meta name=\"twitter:label1\" content=\"Escrito por\" \/>\n\t<meta name=\"twitter:data1\" content=\"elpuucnoticias\" \/>\n\t<meta name=\"twitter:label2\" content=\"Tiempo de lectura\" \/>\n\t<meta name=\"twitter:data2\" content=\"2 minutos\" \/>\n<script type=\"application\/ld+json\" class=\"yoast-schema-graph\">{\"@context\":\"https:\/\/schema.org\",\"@graph\":[{\"@type\":\"WebSite\",\"@id\":\"https:\/\/elpuucnoticias.com\/#website\",\"url\":\"https:\/\/elpuucnoticias.com\/\",\"name\":\"El Puuc Noticias\",\"description\":\"Noticias - Entretenimiento - Deportes\",\"potentialAction\":[{\"@type\":\"SearchAction\",\"target\":{\"@type\":\"EntryPoint\",\"urlTemplate\":\"https:\/\/elpuucnoticias.com\/?s={search_term_string}\"},\"query-input\":\"required name=search_term_string\"}],\"inLanguage\":\"es\"},{\"@type\":\"ImageObject\",\"@id\":\"https:\/\/elpuucnoticias.com\/?p=21503#primaryimage\",\"inLanguage\":\"es\",\"url\":\"https:\/\/elpuucnoticias.com\/wp-content\/uploads\/2025\/10\/img-20251012-wa0033.jpg\",\"contentUrl\":\"https:\/\/elpuucnoticias.com\/wp-content\/uploads\/2025\/10\/img-20251012-wa0033.jpg\",\"width\":1280,\"height\":854},{\"@type\":\"WebPage\",\"@id\":\"https:\/\/elpuucnoticias.com\/?p=21503#webpage\",\"url\":\"https:\/\/elpuucnoticias.com\/?p=21503\",\"name\":\"Supervisan Mara y Ver\u00f3nica Lezama Espinosa avances del segundo Centro DIF Pilares en la regi\u00f3n 234 de Canc\u00fan - El Puuc Noticias\",\"isPartOf\":{\"@id\":\"https:\/\/elpuucnoticias.com\/#website\"},\"primaryImageOfPage\":{\"@id\":\"https:\/\/elpuucnoticias.com\/?p=21503#primaryimage\"},\"datePublished\":\"2025-10-14T20:49:33+00:00\",\"dateModified\":\"2025-10-14T20:49:34+00:00\",\"author\":{\"@id\":\"https:\/\/elpuucnoticias.com\/#\/schema\/person\/d2ea09e4c97f0160b11cdfb1d856bd9e\"},\"breadcrumb\":{\"@id\":\"https:\/\/elpuucnoticias.com\/?p=21503#breadcrumb\"},\"inLanguage\":\"es\",\"potentialAction\":[{\"@type\":\"ReadAction\",\"target\":[\"https:\/\/elpuucnoticias.com\/?p=21503\"]}]},{\"@type\":\"BreadcrumbList\",\"@id\":\"https:\/\/elpuucnoticias.com\/?p=21503#breadcrumb\",\"itemListElement\":[{\"@type\":\"ListItem\",\"position\":1,\"name\":\"Portada\",\"item\":\"https:\/\/elpuucnoticias.com\/\"},{\"@type\":\"ListItem\",\"position\":2,\"name\":\"Supervisan Mara y Ver\u00f3nica Lezama Espinosa avances del segundo Centro DIF Pilares en la regi\u00f3n 234 de Canc\u00fan\"}]},{\"@type\":\"Person\",\"@id\":\"https:\/\/elpuucnoticias.com\/#\/schema\/person\/d2ea09e4c97f0160b11cdfb1d856bd9e\",\"name\":\"elpuucnoticias\",\"image\":{\"@type\":\"ImageObject\",\"@id\":\"https:\/\/elpuucnoticias.com\/#personlogo\",\"inLanguage\":\"es\",\"url\":\"https:\/\/secure.gravatar.com\/avatar\/5290a43657c74ffa15701dbe5b846bd85cc71930d803c84e91046a7333de6ce2?s=96&d=mm&r=g\",\"contentUrl\":\"https:\/\/secure.gravatar.com\/avatar\/5290a43657c74ffa15701dbe5b846bd85cc71930d803c84e91046a7333de6ce2?s=96&d=mm&r=g\",\"caption\":\"elpuucnoticias\"},\"sameAs\":[\"https:\/\/elpuucnoticias.com\"],\"url\":\"https:\/\/elpuucnoticias.com\/?author=1\"}]}<\/script>\n<!-- \/ Yoast SEO plugin. -->","yoast_head_json":{"title":"Supervisan Mara y Ver\u00f3nica Lezama Espinosa avances del segundo Centro DIF Pilares en la regi\u00f3n 234 de Canc\u00fan - El Puuc Noticias","robots":{"index":"index","follow":"follow","max-snippet":"max-snippet:-1","max-image-preview":"max-image-preview:large","max-video-preview":"max-video-preview:-1"},"canonical":"https:\/\/elpuucnoticias.com\/?p=21503","og_locale":"es_ES","og_type":"article","og_title":"Supervisan Mara y Ver\u00f3nica Lezama Espinosa avances del segundo Centro DIF Pilares en la regi\u00f3n 234 de Canc\u00fan - El Puuc Noticias","og_description":"La gobernadora Mara Lezama Espinosa, acompa\u00f1ada de la presidenta honoraria del Sistema DIF Quintana Roo, Ver\u00f3nica Lezama Espinosa,","og_url":"https:\/\/elpuucnoticias.com\/?p=21503","og_site_name":"El Puuc Noticias","article_published_time":"2025-10-14T20:49:33+00:00","article_modified_time":"2025-10-14T20:49:34+00:00","og_image":[{"width":1280,"height":854,"url":"https:\/\/elpuucnoticias.com\/wp-content\/uploads\/2025\/10\/img-20251012-wa0033.jpg","type":"image\/jpeg"}],"twitter_card":"summary_large_image","twitter_misc":{"Escrito por":"elpuucnoticias","Tiempo de lectura":"2 minutos"},"schema":{"@context":"https:\/\/schema.org","@graph":[{"@type":"WebSite","@id":"https:\/\/elpuucnoticias.com\/#website","url":"https:\/\/elpuucnoticias.com\/","name":"El Puuc Noticias","description":"Noticias - Entretenimiento - Deportes","potentialAction":[{"@type":"SearchAction","target":{"@type":"EntryPoint","urlTemplate":"https:\/\/elpuucnoticias.com\/?s={search_term_string}"},"query-input":"required name=search_term_string"}],"inLanguage":"es"},{"@type":"ImageObject","@id":"https:\/\/elpuucnoticias.com\/?p=21503#primaryimage","inLanguage":"es","url":"https:\/\/elpuucnoticias.com\/wp-content\/uploads\/2025\/10\/img-20251012-wa0033.jpg","contentUrl":"https:\/\/elpuucnoticias.com\/wp-content\/uploads\/2025\/10\/img-20251012-wa0033.jpg","width":1280,"height":854},{"@type":"WebPage","@id":"https:\/\/elpuucnoticias.com\/?p=21503#webpage","url":"https:\/\/elpuucnoticias.com\/?p=21503","name":"Supervisan Mara y Ver\u00f3nica Lezama Espinosa avances del segundo Centro DIF Pilares en la regi\u00f3n 234 de Canc\u00fan - El Puuc Noticias","isPartOf":{"@id":"https:\/\/elpuucnoticias.com\/#website"},"primaryImageOfPage":{"@id":"https:\/\/elpuucnoticias.com\/?p=21503#primaryimage"},"datePublished":"2025-10-14T20:49:33+00:00","dateModified":"2025-10-14T20:49:34+00:00","author":{"@id":"https:\/\/elpuucnoticias.com\/#\/schema\/person\/d2ea09e4c97f0160b11cdfb1d856bd9e"},"breadcrumb":{"@id":"https:\/\/elpuucnoticias.com\/?p=21503#breadcrumb"},"inLanguage":"es","potentialAction":[{"@type":"ReadAction","target":["https:\/\/elpuucnoticias.com\/?p=21503"]}]},{"@type":"BreadcrumbList","@id":"https:\/\/elpuucnoticias.com\/?p=21503#breadcrumb","itemListElement":[{"@type":"ListItem","position":1,"name":"Portada","item":"https:\/\/elpuucnoticias.com\/"},{"@type":"ListItem","position":2,"name":"Supervisan Mara y Ver\u00f3nica Lezama Espinosa avances del segundo Centro DIF Pilares en la regi\u00f3n 234 de Canc\u00fan"}]},{"@type":"Person","@id":"https:\/\/elpuucnoticias.com\/#\/schema\/person\/d2ea09e4c97f0160b11cdfb1d856bd9e","name":"elpuucnoticias","image":{"@type":"ImageObject","@id":"https:\/\/elpuucnoticias.com\/#personlogo","inLanguage":"es","url":"https:\/\/secure.gravatar.com\/avatar\/5290a43657c74ffa15701dbe5b846bd85cc71930d803c84e91046a7333de6ce2?s=96&d=mm&r=g","contentUrl":"https:\/\/secure.gravatar.com\/avatar\/5290a43657c74ffa15701dbe5b846bd85cc71930d803c84e91046a7333de6ce2?s=96&d=mm&r=g","caption":"elpuucnoticias"},"sameAs":["https:\/\/elpuucnoticias.com"],"url":"https:\/\/elpuucnoticias.com\/?author=1"}]}},"_links":{"self":[{"href":"https:\/\/elpuucnoticias.com\/index.php?rest_route=\/wp\/v2\/posts\/21503","targetHints":{"allow":["GET"]}}],"collection":[{"href":"https:\/\/elpuucnoticias.com\/index.php?rest_route=\/wp\/v2\/posts"}],"about":[{"href":"https:\/\/elpuucnoticias.com\/index.php?rest_route=\/wp\/v2\/types\/post"}],"author":[{"embeddable":true,"href":"https:\/\/elpuucnoticias.com\/index.php?rest_route=\/wp\/v2\/users\/1"}],"replies":[{"embeddable":true,"href":"https:\/\/elpuucnoticias.com\/index.php?rest_route=%2Fwp%2Fv2%2Fcomments&post=21503"}],"version-history":[{"count":1,"href":"https:\/\/elpuucnoticias.com\/index.php?rest_route=\/wp\/v2\/posts\/21503\/revisions"}],"predecessor-version":[{"id":21505,"href":"https:\/\/elpuucnoticias.com\/index.php?rest_route=\/wp\/v2\/posts\/21503\/revisions\/21505"}],"wp:featuredmedia":[{"embeddable":true,"href":"https:\/\/elpuucnoticias.com\/index.php?rest_route=\/wp\/v2\/media\/21504"}],"wp:attachment":[{"href":"https:\/\/elpuucnoticias.com\/index.php?rest_route=%2Fwp%2Fv2%2Fmedia&parent=21503"}],"wp:term":[{"taxonomy":"category","embeddable":true,"href":"https:\/\/elpuucnoticias.com\/index.php?rest_route=%2Fwp%2Fv2%2Fcategories&post=21503"},{"taxonomy":"post_tag","embeddable":true,"href":"https:\/\/elpuucnoticias.com\/index.php?rest_route=%2Fwp%2Fv2%2Ftags&post=21503"}],"curies":[{"name":"wp","href":"https:\/\/api.w.org\/{rel}","templated":true}]}}