{"id":21514,"date":"2025-10-14T15:02:23","date_gmt":"2025-10-14T21:02:23","guid":{"rendered":"https:\/\/elpuucnoticias.com\/?p=21514"},"modified":"2025-10-14T15:02:24","modified_gmt":"2025-10-14T21:02:24","slug":"firman-la-secretaria-de-educacion-de-quintana-roo-y-la-universidad-autonoma-de-quintana-roo-convenios-para-fortalecer-acciones-de-formacion-para-docentes-de-educacion-basica","status":"publish","type":"post","link":"https:\/\/elpuucnoticias.com\/?p=21514","title":{"rendered":"Firman la Secretar\u00eda de Educaci\u00f3n de Quintana Roo y la Universidad Aut\u00f3noma de Quintana Roo convenios para fortalecer acciones de formaci\u00f3n para docentes de educaci\u00f3n b\u00e1sica"},"content":{"rendered":"\n<p>La Secretar\u00eda de Educaci\u00f3n de Quintana Roo (SEQ) firm\u00f3 convenios espec\u00edficos de colaboraci\u00f3n con la Universidad Aut\u00f3noma de Quintana Roo (UQROO), para establecer bases y mecanismos que fortalezcan el desarrollo conjunto de acciones de formaci\u00f3n dirigidas a agentes educativos y docentes de educaci\u00f3n b\u00e1sica en el estado, con recursos del Programa para el Desarrollo Profesional Docente (PRODEP) 2025, Tipo B\u00e1sico.<\/p>\n\n\n\n<figure class=\"wp-block-image is-style-default\"><a href=\"https:\/\/cgc.qroo.gob.mx\/cjg\/wp-content\/uploads\/2025\/10\/fc79d626-bd4f-4af1-a13d-7a4ac8bbe795.jpg\"><img decoding=\"async\" src=\"https:\/\/cgc.qroo.gob.mx\/cjg\/wp-content\/uploads\/2025\/10\/fc79d626-bd4f-4af1-a13d-7a4ac8bbe795-585x453.jpg\" alt=\"\" title=\"fc79d626-bd4f-4af1-a13d-7a4ac8bbe795\"\/><\/a><\/figure>\n\n\n\n<p>A trav\u00e9s del Nuevo Acuerdo por el Bienestar y Desarrollo de Quintana Roo que impulsa la gobernadora Mara Lezama Espinosa, se establece una educaci\u00f3n de excelencia, humanista, solidaria e incluyente, privilegiando la colaboraci\u00f3n entre instituciones educativas en beneficio de las y los estudiantes.<\/p>\n\n\n\n<p>En su mensaje, la titular de la SEQ, Elda Xix Eu\u00e1n, se\u00f1al\u00f3 que hoy se da un paso significativo en el fortalecimiento de la ense\u00f1anza en Quintana Roo, construyendo un puente s\u00f3lido entre la educaci\u00f3n b\u00e1sica y la educaci\u00f3n superior.<\/p>\n\n\n\n<figure class=\"wp-block-image is-style-default\"><a href=\"https:\/\/cgc.qroo.gob.mx\/cjg\/wp-content\/uploads\/2025\/10\/3e1d393f-3ef9-4523-8d7c-b4631ae53fe7.jpg\"><img decoding=\"async\" src=\"https:\/\/cgc.qroo.gob.mx\/cjg\/wp-content\/uploads\/2025\/10\/3e1d393f-3ef9-4523-8d7c-b4631ae53fe7-585x345.jpg\" alt=\"\" title=\"3e1d393f-3ef9-4523-8d7c-b4631ae53fe7\"\/><\/a><\/figure>\n\n\n\n<p>\u201cNuestro prop\u00f3sito es claro: dotar a las maestras, maestros y agentes educativos de mejores herramientas para enfrentar los retos actuales de la ense\u00f1anza, desde la propuesta transformadora de la Nueva Escuela Mexicana y, con ello, fortalecer la calidad educativa en beneficio de nuestras ni\u00f1as, ni\u00f1os y adolescentes\u201d, afirm\u00f3.<\/p>\n\n\n\n<p>Por su parte, la rectora de la UQROO, Consuelo Natalia Fiorentini Ca\u00f1edo, explic\u00f3 que el trabajo coordinado beneficiar\u00e1 directamente a m\u00e1s de mil docentes de Cozumel, Canc\u00fan, Playa del Carmen, Felipe Carrillo Puerto y Chetumal.<\/p>\n\n\n\n<figure class=\"wp-block-image is-style-default\"><a href=\"https:\/\/cgc.qroo.gob.mx\/cjg\/wp-content\/uploads\/2025\/10\/d56f8bb2-de32-47c9-ab26-27ab8ccc2931.jpg\"><img decoding=\"async\" src=\"https:\/\/cgc.qroo.gob.mx\/cjg\/wp-content\/uploads\/2025\/10\/d56f8bb2-de32-47c9-ab26-27ab8ccc2931-585x378.jpg\" alt=\"\" title=\"d56f8bb2-de32-47c9-ab26-27ab8ccc2931\"\/><\/a><\/figure>\n\n\n\n<p>Por primera vez, destac\u00f3, se llevar\u00e1 la formaci\u00f3n continua a las comunidades de Javier Rojo G\u00f3mez, Nicol\u00e1s Bravo y Calderitas, esfuerzo que refleja una visi\u00f3n incluyente y equitativa: que la oportunidad de aprender llegue a cada rinc\u00f3n de nuestro estado.<\/p>\n","protected":false},"excerpt":{"rendered":"<p>La Secretar\u00eda de Educaci\u00f3n de Quintana Roo (SEQ) firm\u00f3 convenios espec\u00edficos de colaboraci\u00f3n con la Universidad Aut\u00f3noma de<\/p>\n","protected":false},"author":1,"featured_media":21515,"comment_status":"closed","ping_status":"open","sticky":false,"template":"","format":"standard","meta":{"_monsterinsights_skip_tracking":false,"_monsterinsights_sitenote_active":false,"_monsterinsights_sitenote_note":"","_monsterinsights_sitenote_category":0,"footnotes":""},"categories":[11,24],"tags":[],"class_list":["post-21514","post","type-post","status-publish","format-standard","has-post-thumbnail","hentry","category-noticias","category-quintana-roo"],"yoast_head":"<!-- This site is optimized with the Yoast SEO plugin v18.3 - https:\/\/yoast.com\/wordpress\/plugins\/seo\/ -->\n<title>Firman la Secretar\u00eda de Educaci\u00f3n de Quintana Roo y la Universidad Aut\u00f3noma de Quintana Roo convenios para fortalecer acciones de formaci\u00f3n para docentes de educaci\u00f3n b\u00e1sica - El Puuc Noticias<\/title>\n<meta name=\"robots\" content=\"index, follow, max-snippet:-1, max-image-preview:large, max-video-preview:-1\" \/>\n<link rel=\"canonical\" href=\"https:\/\/elpuucnoticias.com\/?p=21514\" \/>\n<meta property=\"og:locale\" content=\"es_ES\" \/>\n<meta property=\"og:type\" content=\"article\" \/>\n<meta property=\"og:title\" content=\"Firman la Secretar\u00eda de Educaci\u00f3n de Quintana Roo y la Universidad Aut\u00f3noma de Quintana Roo convenios para fortalecer acciones de formaci\u00f3n para docentes de educaci\u00f3n b\u00e1sica - El Puuc Noticias\" \/>\n<meta property=\"og:description\" content=\"La Secretar\u00eda de Educaci\u00f3n de Quintana Roo (SEQ) firm\u00f3 convenios espec\u00edficos de colaboraci\u00f3n con la Universidad Aut\u00f3noma de\" \/>\n<meta property=\"og:url\" content=\"https:\/\/elpuucnoticias.com\/?p=21514\" \/>\n<meta property=\"og:site_name\" content=\"El Puuc Noticias\" \/>\n<meta property=\"article:published_time\" content=\"2025-10-14T21:02:23+00:00\" \/>\n<meta property=\"article:modified_time\" content=\"2025-10-14T21:02:24+00:00\" \/>\n<meta property=\"og:image\" content=\"https:\/\/elpuucnoticias.com\/wp-content\/uploads\/2025\/10\/8344c1f8-2a0d-448a-bbb5-30d832639a9f.jpg\" \/>\n\t<meta property=\"og:image:width\" content=\"1280\" \/>\n\t<meta property=\"og:image:height\" content=\"640\" \/>\n\t<meta property=\"og:image:type\" content=\"image\/jpeg\" \/>\n<meta name=\"twitter:card\" content=\"summary_large_image\" \/>\n<meta name=\"twitter:label1\" content=\"Escrito por\" \/>\n\t<meta name=\"twitter:data1\" content=\"elpuucnoticias\" \/>\n\t<meta name=\"twitter:label2\" content=\"Tiempo de lectura\" \/>\n\t<meta name=\"twitter:data2\" content=\"1 minuto\" \/>\n<script type=\"application\/ld+json\" class=\"yoast-schema-graph\">{\"@context\":\"https:\/\/schema.org\",\"@graph\":[{\"@type\":\"WebSite\",\"@id\":\"https:\/\/elpuucnoticias.com\/#website\",\"url\":\"https:\/\/elpuucnoticias.com\/\",\"name\":\"El Puuc Noticias\",\"description\":\"Noticias - Entretenimiento - Deportes\",\"potentialAction\":[{\"@type\":\"SearchAction\",\"target\":{\"@type\":\"EntryPoint\",\"urlTemplate\":\"https:\/\/elpuucnoticias.com\/?s={search_term_string}\"},\"query-input\":\"required name=search_term_string\"}],\"inLanguage\":\"es\"},{\"@type\":\"ImageObject\",\"@id\":\"https:\/\/elpuucnoticias.com\/?p=21514#primaryimage\",\"inLanguage\":\"es\",\"url\":\"https:\/\/elpuucnoticias.com\/wp-content\/uploads\/2025\/10\/8344c1f8-2a0d-448a-bbb5-30d832639a9f.jpg\",\"contentUrl\":\"https:\/\/elpuucnoticias.com\/wp-content\/uploads\/2025\/10\/8344c1f8-2a0d-448a-bbb5-30d832639a9f.jpg\",\"width\":1280,\"height\":640},{\"@type\":\"WebPage\",\"@id\":\"https:\/\/elpuucnoticias.com\/?p=21514#webpage\",\"url\":\"https:\/\/elpuucnoticias.com\/?p=21514\",\"name\":\"Firman la Secretar\u00eda de Educaci\u00f3n de Quintana Roo y la Universidad Aut\u00f3noma de Quintana Roo convenios para fortalecer acciones de formaci\u00f3n para docentes de educaci\u00f3n b\u00e1sica - El Puuc Noticias\",\"isPartOf\":{\"@id\":\"https:\/\/elpuucnoticias.com\/#website\"},\"primaryImageOfPage\":{\"@id\":\"https:\/\/elpuucnoticias.com\/?p=21514#primaryimage\"},\"datePublished\":\"2025-10-14T21:02:23+00:00\",\"dateModified\":\"2025-10-14T21:02:24+00:00\",\"author\":{\"@id\":\"https:\/\/elpuucnoticias.com\/#\/schema\/person\/d2ea09e4c97f0160b11cdfb1d856bd9e\"},\"breadcrumb\":{\"@id\":\"https:\/\/elpuucnoticias.com\/?p=21514#breadcrumb\"},\"inLanguage\":\"es\",\"potentialAction\":[{\"@type\":\"ReadAction\",\"target\":[\"https:\/\/elpuucnoticias.com\/?p=21514\"]}]},{\"@type\":\"BreadcrumbList\",\"@id\":\"https:\/\/elpuucnoticias.com\/?p=21514#breadcrumb\",\"itemListElement\":[{\"@type\":\"ListItem\",\"position\":1,\"name\":\"Portada\",\"item\":\"https:\/\/elpuucnoticias.com\/\"},{\"@type\":\"ListItem\",\"position\":2,\"name\":\"Firman la Secretar\u00eda de Educaci\u00f3n de Quintana Roo y la Universidad Aut\u00f3noma de Quintana Roo convenios para fortalecer acciones de formaci\u00f3n para docentes de educaci\u00f3n b\u00e1sica\"}]},{\"@type\":\"Person\",\"@id\":\"https:\/\/elpuucnoticias.com\/#\/schema\/person\/d2ea09e4c97f0160b11cdfb1d856bd9e\",\"name\":\"elpuucnoticias\",\"image\":{\"@type\":\"ImageObject\",\"@id\":\"https:\/\/elpuucnoticias.com\/#personlogo\",\"inLanguage\":\"es\",\"url\":\"https:\/\/secure.gravatar.com\/avatar\/5290a43657c74ffa15701dbe5b846bd85cc71930d803c84e91046a7333de6ce2?s=96&d=mm&r=g\",\"contentUrl\":\"https:\/\/secure.gravatar.com\/avatar\/5290a43657c74ffa15701dbe5b846bd85cc71930d803c84e91046a7333de6ce2?s=96&d=mm&r=g\",\"caption\":\"elpuucnoticias\"},\"sameAs\":[\"https:\/\/elpuucnoticias.com\"],\"url\":\"https:\/\/elpuucnoticias.com\/?author=1\"}]}<\/script>\n<!-- \/ Yoast SEO plugin. -->","yoast_head_json":{"title":"Firman la Secretar\u00eda de Educaci\u00f3n de Quintana Roo y la Universidad Aut\u00f3noma de Quintana Roo convenios para fortalecer acciones de formaci\u00f3n para docentes de educaci\u00f3n b\u00e1sica - El Puuc Noticias","robots":{"index":"index","follow":"follow","max-snippet":"max-snippet:-1","max-image-preview":"max-image-preview:large","max-video-preview":"max-video-preview:-1"},"canonical":"https:\/\/elpuucnoticias.com\/?p=21514","og_locale":"es_ES","og_type":"article","og_title":"Firman la Secretar\u00eda de Educaci\u00f3n de Quintana Roo y la Universidad Aut\u00f3noma de Quintana Roo convenios para fortalecer acciones de formaci\u00f3n para docentes de educaci\u00f3n b\u00e1sica - El Puuc Noticias","og_description":"La Secretar\u00eda de Educaci\u00f3n de Quintana Roo (SEQ) firm\u00f3 convenios espec\u00edficos de colaboraci\u00f3n con la Universidad Aut\u00f3noma de","og_url":"https:\/\/elpuucnoticias.com\/?p=21514","og_site_name":"El Puuc Noticias","article_published_time":"2025-10-14T21:02:23+00:00","article_modified_time":"2025-10-14T21:02:24+00:00","og_image":[{"width":1280,"height":640,"url":"https:\/\/elpuucnoticias.com\/wp-content\/uploads\/2025\/10\/8344c1f8-2a0d-448a-bbb5-30d832639a9f.jpg","type":"image\/jpeg"}],"twitter_card":"summary_large_image","twitter_misc":{"Escrito por":"elpuucnoticias","Tiempo de lectura":"1 minuto"},"schema":{"@context":"https:\/\/schema.org","@graph":[{"@type":"WebSite","@id":"https:\/\/elpuucnoticias.com\/#website","url":"https:\/\/elpuucnoticias.com\/","name":"El Puuc Noticias","description":"Noticias - Entretenimiento - Deportes","potentialAction":[{"@type":"SearchAction","target":{"@type":"EntryPoint","urlTemplate":"https:\/\/elpuucnoticias.com\/?s={search_term_string}"},"query-input":"required name=search_term_string"}],"inLanguage":"es"},{"@type":"ImageObject","@id":"https:\/\/elpuucnoticias.com\/?p=21514#primaryimage","inLanguage":"es","url":"https:\/\/elpuucnoticias.com\/wp-content\/uploads\/2025\/10\/8344c1f8-2a0d-448a-bbb5-30d832639a9f.jpg","contentUrl":"https:\/\/elpuucnoticias.com\/wp-content\/uploads\/2025\/10\/8344c1f8-2a0d-448a-bbb5-30d832639a9f.jpg","width":1280,"height":640},{"@type":"WebPage","@id":"https:\/\/elpuucnoticias.com\/?p=21514#webpage","url":"https:\/\/elpuucnoticias.com\/?p=21514","name":"Firman la Secretar\u00eda de Educaci\u00f3n de Quintana Roo y la Universidad Aut\u00f3noma de Quintana Roo convenios para fortalecer acciones de formaci\u00f3n para docentes de educaci\u00f3n b\u00e1sica - El Puuc Noticias","isPartOf":{"@id":"https:\/\/elpuucnoticias.com\/#website"},"primaryImageOfPage":{"@id":"https:\/\/elpuucnoticias.com\/?p=21514#primaryimage"},"datePublished":"2025-10-14T21:02:23+00:00","dateModified":"2025-10-14T21:02:24+00:00","author":{"@id":"https:\/\/elpuucnoticias.com\/#\/schema\/person\/d2ea09e4c97f0160b11cdfb1d856bd9e"},"breadcrumb":{"@id":"https:\/\/elpuucnoticias.com\/?p=21514#breadcrumb"},"inLanguage":"es","potentialAction":[{"@type":"ReadAction","target":["https:\/\/elpuucnoticias.com\/?p=21514"]}]},{"@type":"BreadcrumbList","@id":"https:\/\/elpuucnoticias.com\/?p=21514#breadcrumb","itemListElement":[{"@type":"ListItem","position":1,"name":"Portada","item":"https:\/\/elpuucnoticias.com\/"},{"@type":"ListItem","position":2,"name":"Firman la Secretar\u00eda de Educaci\u00f3n de Quintana Roo y la Universidad Aut\u00f3noma de Quintana Roo convenios para fortalecer acciones de formaci\u00f3n para docentes de educaci\u00f3n b\u00e1sica"}]},{"@type":"Person","@id":"https:\/\/elpuucnoticias.com\/#\/schema\/person\/d2ea09e4c97f0160b11cdfb1d856bd9e","name":"elpuucnoticias","image":{"@type":"ImageObject","@id":"https:\/\/elpuucnoticias.com\/#personlogo","inLanguage":"es","url":"https:\/\/secure.gravatar.com\/avatar\/5290a43657c74ffa15701dbe5b846bd85cc71930d803c84e91046a7333de6ce2?s=96&d=mm&r=g","contentUrl":"https:\/\/secure.gravatar.com\/avatar\/5290a43657c74ffa15701dbe5b846bd85cc71930d803c84e91046a7333de6ce2?s=96&d=mm&r=g","caption":"elpuucnoticias"},"sameAs":["https:\/\/elpuucnoticias.com"],"url":"https:\/\/elpuucnoticias.com\/?author=1"}]}},"_links":{"self":[{"href":"https:\/\/elpuucnoticias.com\/index.php?rest_route=\/wp\/v2\/posts\/21514","targetHints":{"allow":["GET"]}}],"collection":[{"href":"https:\/\/elpuucnoticias.com\/index.php?rest_route=\/wp\/v2\/posts"}],"about":[{"href":"https:\/\/elpuucnoticias.com\/index.php?rest_route=\/wp\/v2\/types\/post"}],"author":[{"embeddable":true,"href":"https:\/\/elpuucnoticias.com\/index.php?rest_route=\/wp\/v2\/users\/1"}],"replies":[{"embeddable":true,"href":"https:\/\/elpuucnoticias.com\/index.php?rest_route=%2Fwp%2Fv2%2Fcomments&post=21514"}],"version-history":[{"count":1,"href":"https:\/\/elpuucnoticias.com\/index.php?rest_route=\/wp\/v2\/posts\/21514\/revisions"}],"predecessor-version":[{"id":21516,"href":"https:\/\/elpuucnoticias.com\/index.php?rest_route=\/wp\/v2\/posts\/21514\/revisions\/21516"}],"wp:featuredmedia":[{"embeddable":true,"href":"https:\/\/elpuucnoticias.com\/index.php?rest_route=\/wp\/v2\/media\/21515"}],"wp:attachment":[{"href":"https:\/\/elpuucnoticias.com\/index.php?rest_route=%2Fwp%2Fv2%2Fmedia&parent=21514"}],"wp:term":[{"taxonomy":"category","embeddable":true,"href":"https:\/\/elpuucnoticias.com\/index.php?rest_route=%2Fwp%2Fv2%2Fcategories&post=21514"},{"taxonomy":"post_tag","embeddable":true,"href":"https:\/\/elpuucnoticias.com\/index.php?rest_route=%2Fwp%2Fv2%2Ftags&post=21514"}],"curies":[{"name":"wp","href":"https:\/\/api.w.org\/{rel}","templated":true}]}}