{"id":21520,"date":"2025-10-14T15:07:42","date_gmt":"2025-10-14T21:07:42","guid":{"rendered":"https:\/\/elpuucnoticias.com\/?p=21520"},"modified":"2025-10-14T15:07:43","modified_gmt":"2025-10-14T21:07:43","slug":"impulsan-mara-lezama-y-veronica-lezama-la-campana-actua-en-rosa-para-fomentar-la-deteccion-temprana-y-el-autocuidado","status":"publish","type":"post","link":"https:\/\/elpuucnoticias.com\/?p=21520","title":{"rendered":"Impulsan Mara Lezama y Ver\u00f3nica Lezama la campa\u00f1a \u201cAct\u00faa en Rosa\u201d para fomentar la detecci\u00f3n temprana y el autocuidado"},"content":{"rendered":"\n<p>Con un mensaje de esperanza, unidad y prevenci\u00f3n, la gobernadora Mara Lezama Espinosa y la presidenta honoraria del Sistema DIF Quintana Roo, Ver\u00f3nica Lezama Espinosa, encabezaron el lanzamiento de la campa\u00f1a \u201cAct\u00faa en Rosa\u201d, que busca fortalecer la conciencia sobre la autoexploraci\u00f3n y la detecci\u00f3n temprana del c\u00e1ncer de mama en todo el estado.<\/p>\n\n\n\n<p>Durante todo el mes de octubre, Quintana Roo se ilumina de rosa, sumando a los 11 municipios en una gran cadena solidaria que promueve la salud, la prevenci\u00f3n y el amor propio.<\/p>\n\n\n\n<p>\u201cEl c\u00e1ncer de mama puede cambiar la vida en un instante, pero tambi\u00e9n puede combatirse y curarse si actuamos a tiempo. \u2018Act\u00faa en Rosa\u2019 es un llamado a que cada mujer se cuide, se explore y proteja su vida, porque prevenir es amar la vida\u201d, expres\u00f3 la gobernadora Mara Lezama.<\/p>\n\n\n\n<figure class=\"wp-block-image is-style-default\"><a href=\"https:\/\/cgc.qroo.gob.mx\/cjg\/wp-content\/uploads\/2025\/10\/WhatsApp-Image-2025-10-14-at-07.39.09.jpeg\"><img decoding=\"async\" src=\"https:\/\/cgc.qroo.gob.mx\/cjg\/wp-content\/uploads\/2025\/10\/WhatsApp-Image-2025-10-14-at-07.39.09-585x356.jpeg\" alt=\"\" title=\"WhatsApp Image 2025-10-14 at 07.39.09\"\/><\/a><\/figure>\n\n\n\n<p>La campa\u00f1a se realiza a trav\u00e9s del Sistema DIF Quintana Roo, en coordinaci\u00f3n con dependencias estatales y municipales, con el prop\u00f3sito de sensibilizar a la sociedad sobre la importancia de la autoexploraci\u00f3n, recordando que la salud de una mujer es tambi\u00e9n la salud de su familia.<\/p>\n\n\n\n<p>Por su parte, la presidenta honoraria del DIF estatal, Ver\u00f3nica Lezama, destac\u00f3 que esta acci\u00f3n representa un abrazo solidario para todas las mujeres que enfrentan o han enfrentado esta enfermedad, as\u00ed como un recordatorio a la sociedad de acompa\u00f1arlas en su camino de recuperaci\u00f3n.<\/p>\n\n\n\n<p>\u201cEste mes y todos los d\u00edas queremos decirles a las mujeres que no est\u00e1n solas, que su lucha tambi\u00e9n es la nuestra. Actuar en rosa es cuidarse, es amarse y es cuidar a quienes amamos\u201d, afirm\u00f3.<\/p>\n\n\n\n<p>Como parte de esta campa\u00f1a, edificios p\u00fablicos, palacios municipales y espacios emblem\u00e1ticos del estado permanecer\u00e1n iluminados de rosa, simbolizando la esperanza, la vida y el compromiso del Gobierno Humanista con coraz\u00f3n feminista que encabeza la gobernadora Mara Lezama Espinosa.<\/p>\n","protected":false},"excerpt":{"rendered":"<p>Con un mensaje de esperanza, unidad y prevenci\u00f3n, la gobernadora Mara Lezama Espinosa y la presidenta honoraria del<\/p>\n","protected":false},"author":1,"featured_media":21521,"comment_status":"closed","ping_status":"open","sticky":false,"template":"","format":"standard","meta":{"_monsterinsights_skip_tracking":false,"_monsterinsights_sitenote_active":false,"_monsterinsights_sitenote_note":"","_monsterinsights_sitenote_category":0,"footnotes":""},"categories":[11,24],"tags":[],"class_list":["post-21520","post","type-post","status-publish","format-standard","has-post-thumbnail","hentry","category-noticias","category-quintana-roo"],"yoast_head":"<!-- This site is optimized with the Yoast SEO plugin v18.3 - https:\/\/yoast.com\/wordpress\/plugins\/seo\/ -->\n<title>Impulsan Mara Lezama y Ver\u00f3nica Lezama la campa\u00f1a \u201cAct\u00faa en Rosa\u201d para fomentar la detecci\u00f3n temprana y el autocuidado - El Puuc Noticias<\/title>\n<meta name=\"robots\" content=\"index, follow, max-snippet:-1, max-image-preview:large, max-video-preview:-1\" \/>\n<link rel=\"canonical\" href=\"https:\/\/elpuucnoticias.com\/?p=21520\" \/>\n<meta property=\"og:locale\" content=\"es_ES\" \/>\n<meta property=\"og:type\" content=\"article\" \/>\n<meta property=\"og:title\" content=\"Impulsan Mara Lezama y Ver\u00f3nica Lezama la campa\u00f1a \u201cAct\u00faa en Rosa\u201d para fomentar la detecci\u00f3n temprana y el autocuidado - El Puuc Noticias\" \/>\n<meta property=\"og:description\" content=\"Con un mensaje de esperanza, unidad y prevenci\u00f3n, la gobernadora Mara Lezama Espinosa y la presidenta honoraria del\" \/>\n<meta property=\"og:url\" content=\"https:\/\/elpuucnoticias.com\/?p=21520\" \/>\n<meta property=\"og:site_name\" content=\"El Puuc Noticias\" \/>\n<meta property=\"article:published_time\" content=\"2025-10-14T21:07:42+00:00\" \/>\n<meta property=\"article:modified_time\" content=\"2025-10-14T21:07:43+00:00\" \/>\n<meta property=\"og:image\" content=\"https:\/\/elpuucnoticias.com\/wp-content\/uploads\/2025\/10\/whatsapp-image-2025-10-14-at-07.39.09-1.jpeg\" \/>\n\t<meta property=\"og:image:width\" content=\"1320\" \/>\n\t<meta property=\"og:image:height\" content=\"727\" \/>\n\t<meta property=\"og:image:type\" content=\"image\/jpeg\" \/>\n<meta name=\"twitter:card\" content=\"summary_large_image\" \/>\n<meta name=\"twitter:label1\" content=\"Escrito por\" \/>\n\t<meta name=\"twitter:data1\" content=\"elpuucnoticias\" \/>\n\t<meta name=\"twitter:label2\" content=\"Tiempo de lectura\" \/>\n\t<meta name=\"twitter:data2\" content=\"2 minutos\" \/>\n<script type=\"application\/ld+json\" class=\"yoast-schema-graph\">{\"@context\":\"https:\/\/schema.org\",\"@graph\":[{\"@type\":\"WebSite\",\"@id\":\"https:\/\/elpuucnoticias.com\/#website\",\"url\":\"https:\/\/elpuucnoticias.com\/\",\"name\":\"El Puuc Noticias\",\"description\":\"Noticias - Entretenimiento - Deportes\",\"potentialAction\":[{\"@type\":\"SearchAction\",\"target\":{\"@type\":\"EntryPoint\",\"urlTemplate\":\"https:\/\/elpuucnoticias.com\/?s={search_term_string}\"},\"query-input\":\"required name=search_term_string\"}],\"inLanguage\":\"es\"},{\"@type\":\"ImageObject\",\"@id\":\"https:\/\/elpuucnoticias.com\/?p=21520#primaryimage\",\"inLanguage\":\"es\",\"url\":\"https:\/\/elpuucnoticias.com\/wp-content\/uploads\/2025\/10\/whatsapp-image-2025-10-14-at-07.39.09-1.jpeg\",\"contentUrl\":\"https:\/\/elpuucnoticias.com\/wp-content\/uploads\/2025\/10\/whatsapp-image-2025-10-14-at-07.39.09-1.jpeg\",\"width\":1320,\"height\":727},{\"@type\":\"WebPage\",\"@id\":\"https:\/\/elpuucnoticias.com\/?p=21520#webpage\",\"url\":\"https:\/\/elpuucnoticias.com\/?p=21520\",\"name\":\"Impulsan Mara Lezama y Ver\u00f3nica Lezama la campa\u00f1a \u201cAct\u00faa en Rosa\u201d para fomentar la detecci\u00f3n temprana y el autocuidado - El Puuc Noticias\",\"isPartOf\":{\"@id\":\"https:\/\/elpuucnoticias.com\/#website\"},\"primaryImageOfPage\":{\"@id\":\"https:\/\/elpuucnoticias.com\/?p=21520#primaryimage\"},\"datePublished\":\"2025-10-14T21:07:42+00:00\",\"dateModified\":\"2025-10-14T21:07:43+00:00\",\"author\":{\"@id\":\"https:\/\/elpuucnoticias.com\/#\/schema\/person\/d2ea09e4c97f0160b11cdfb1d856bd9e\"},\"breadcrumb\":{\"@id\":\"https:\/\/elpuucnoticias.com\/?p=21520#breadcrumb\"},\"inLanguage\":\"es\",\"potentialAction\":[{\"@type\":\"ReadAction\",\"target\":[\"https:\/\/elpuucnoticias.com\/?p=21520\"]}]},{\"@type\":\"BreadcrumbList\",\"@id\":\"https:\/\/elpuucnoticias.com\/?p=21520#breadcrumb\",\"itemListElement\":[{\"@type\":\"ListItem\",\"position\":1,\"name\":\"Portada\",\"item\":\"https:\/\/elpuucnoticias.com\/\"},{\"@type\":\"ListItem\",\"position\":2,\"name\":\"Impulsan Mara Lezama y Ver\u00f3nica Lezama la campa\u00f1a \u201cAct\u00faa en Rosa\u201d para fomentar la detecci\u00f3n temprana y el autocuidado\"}]},{\"@type\":\"Person\",\"@id\":\"https:\/\/elpuucnoticias.com\/#\/schema\/person\/d2ea09e4c97f0160b11cdfb1d856bd9e\",\"name\":\"elpuucnoticias\",\"image\":{\"@type\":\"ImageObject\",\"@id\":\"https:\/\/elpuucnoticias.com\/#personlogo\",\"inLanguage\":\"es\",\"url\":\"https:\/\/secure.gravatar.com\/avatar\/5290a43657c74ffa15701dbe5b846bd85cc71930d803c84e91046a7333de6ce2?s=96&d=mm&r=g\",\"contentUrl\":\"https:\/\/secure.gravatar.com\/avatar\/5290a43657c74ffa15701dbe5b846bd85cc71930d803c84e91046a7333de6ce2?s=96&d=mm&r=g\",\"caption\":\"elpuucnoticias\"},\"sameAs\":[\"https:\/\/elpuucnoticias.com\"],\"url\":\"https:\/\/elpuucnoticias.com\/?author=1\"}]}<\/script>\n<!-- \/ Yoast SEO plugin. -->","yoast_head_json":{"title":"Impulsan Mara Lezama y Ver\u00f3nica Lezama la campa\u00f1a \u201cAct\u00faa en Rosa\u201d para fomentar la detecci\u00f3n temprana y el autocuidado - El Puuc Noticias","robots":{"index":"index","follow":"follow","max-snippet":"max-snippet:-1","max-image-preview":"max-image-preview:large","max-video-preview":"max-video-preview:-1"},"canonical":"https:\/\/elpuucnoticias.com\/?p=21520","og_locale":"es_ES","og_type":"article","og_title":"Impulsan Mara Lezama y Ver\u00f3nica Lezama la campa\u00f1a \u201cAct\u00faa en Rosa\u201d para fomentar la detecci\u00f3n temprana y el autocuidado - El Puuc Noticias","og_description":"Con un mensaje de esperanza, unidad y prevenci\u00f3n, la gobernadora Mara Lezama Espinosa y la presidenta honoraria del","og_url":"https:\/\/elpuucnoticias.com\/?p=21520","og_site_name":"El Puuc Noticias","article_published_time":"2025-10-14T21:07:42+00:00","article_modified_time":"2025-10-14T21:07:43+00:00","og_image":[{"width":1320,"height":727,"url":"https:\/\/elpuucnoticias.com\/wp-content\/uploads\/2025\/10\/whatsapp-image-2025-10-14-at-07.39.09-1.jpeg","type":"image\/jpeg"}],"twitter_card":"summary_large_image","twitter_misc":{"Escrito por":"elpuucnoticias","Tiempo de lectura":"2 minutos"},"schema":{"@context":"https:\/\/schema.org","@graph":[{"@type":"WebSite","@id":"https:\/\/elpuucnoticias.com\/#website","url":"https:\/\/elpuucnoticias.com\/","name":"El Puuc Noticias","description":"Noticias - Entretenimiento - Deportes","potentialAction":[{"@type":"SearchAction","target":{"@type":"EntryPoint","urlTemplate":"https:\/\/elpuucnoticias.com\/?s={search_term_string}"},"query-input":"required name=search_term_string"}],"inLanguage":"es"},{"@type":"ImageObject","@id":"https:\/\/elpuucnoticias.com\/?p=21520#primaryimage","inLanguage":"es","url":"https:\/\/elpuucnoticias.com\/wp-content\/uploads\/2025\/10\/whatsapp-image-2025-10-14-at-07.39.09-1.jpeg","contentUrl":"https:\/\/elpuucnoticias.com\/wp-content\/uploads\/2025\/10\/whatsapp-image-2025-10-14-at-07.39.09-1.jpeg","width":1320,"height":727},{"@type":"WebPage","@id":"https:\/\/elpuucnoticias.com\/?p=21520#webpage","url":"https:\/\/elpuucnoticias.com\/?p=21520","name":"Impulsan Mara Lezama y Ver\u00f3nica Lezama la campa\u00f1a \u201cAct\u00faa en Rosa\u201d para fomentar la detecci\u00f3n temprana y el autocuidado - El Puuc Noticias","isPartOf":{"@id":"https:\/\/elpuucnoticias.com\/#website"},"primaryImageOfPage":{"@id":"https:\/\/elpuucnoticias.com\/?p=21520#primaryimage"},"datePublished":"2025-10-14T21:07:42+00:00","dateModified":"2025-10-14T21:07:43+00:00","author":{"@id":"https:\/\/elpuucnoticias.com\/#\/schema\/person\/d2ea09e4c97f0160b11cdfb1d856bd9e"},"breadcrumb":{"@id":"https:\/\/elpuucnoticias.com\/?p=21520#breadcrumb"},"inLanguage":"es","potentialAction":[{"@type":"ReadAction","target":["https:\/\/elpuucnoticias.com\/?p=21520"]}]},{"@type":"BreadcrumbList","@id":"https:\/\/elpuucnoticias.com\/?p=21520#breadcrumb","itemListElement":[{"@type":"ListItem","position":1,"name":"Portada","item":"https:\/\/elpuucnoticias.com\/"},{"@type":"ListItem","position":2,"name":"Impulsan Mara Lezama y Ver\u00f3nica Lezama la campa\u00f1a \u201cAct\u00faa en Rosa\u201d para fomentar la detecci\u00f3n temprana y el autocuidado"}]},{"@type":"Person","@id":"https:\/\/elpuucnoticias.com\/#\/schema\/person\/d2ea09e4c97f0160b11cdfb1d856bd9e","name":"elpuucnoticias","image":{"@type":"ImageObject","@id":"https:\/\/elpuucnoticias.com\/#personlogo","inLanguage":"es","url":"https:\/\/secure.gravatar.com\/avatar\/5290a43657c74ffa15701dbe5b846bd85cc71930d803c84e91046a7333de6ce2?s=96&d=mm&r=g","contentUrl":"https:\/\/secure.gravatar.com\/avatar\/5290a43657c74ffa15701dbe5b846bd85cc71930d803c84e91046a7333de6ce2?s=96&d=mm&r=g","caption":"elpuucnoticias"},"sameAs":["https:\/\/elpuucnoticias.com"],"url":"https:\/\/elpuucnoticias.com\/?author=1"}]}},"_links":{"self":[{"href":"https:\/\/elpuucnoticias.com\/index.php?rest_route=\/wp\/v2\/posts\/21520","targetHints":{"allow":["GET"]}}],"collection":[{"href":"https:\/\/elpuucnoticias.com\/index.php?rest_route=\/wp\/v2\/posts"}],"about":[{"href":"https:\/\/elpuucnoticias.com\/index.php?rest_route=\/wp\/v2\/types\/post"}],"author":[{"embeddable":true,"href":"https:\/\/elpuucnoticias.com\/index.php?rest_route=\/wp\/v2\/users\/1"}],"replies":[{"embeddable":true,"href":"https:\/\/elpuucnoticias.com\/index.php?rest_route=%2Fwp%2Fv2%2Fcomments&post=21520"}],"version-history":[{"count":1,"href":"https:\/\/elpuucnoticias.com\/index.php?rest_route=\/wp\/v2\/posts\/21520\/revisions"}],"predecessor-version":[{"id":21522,"href":"https:\/\/elpuucnoticias.com\/index.php?rest_route=\/wp\/v2\/posts\/21520\/revisions\/21522"}],"wp:featuredmedia":[{"embeddable":true,"href":"https:\/\/elpuucnoticias.com\/index.php?rest_route=\/wp\/v2\/media\/21521"}],"wp:attachment":[{"href":"https:\/\/elpuucnoticias.com\/index.php?rest_route=%2Fwp%2Fv2%2Fmedia&parent=21520"}],"wp:term":[{"taxonomy":"category","embeddable":true,"href":"https:\/\/elpuucnoticias.com\/index.php?rest_route=%2Fwp%2Fv2%2Fcategories&post=21520"},{"taxonomy":"post_tag","embeddable":true,"href":"https:\/\/elpuucnoticias.com\/index.php?rest_route=%2Fwp%2Fv2%2Ftags&post=21520"}],"curies":[{"name":"wp","href":"https:\/\/api.w.org\/{rel}","templated":true}]}}