{"id":21523,"date":"2025-10-14T15:13:30","date_gmt":"2025-10-14T21:13:30","guid":{"rendered":"https:\/\/elpuucnoticias.com\/?p=21523"},"modified":"2025-10-14T15:13:30","modified_gmt":"2025-10-14T21:13:30","slug":"celebran-la-identidad-quintanarroense-humanista-con-corazon-feminista-en-tradicional-desayuno-del-sistema-dif-quintana-roo","status":"publish","type":"post","link":"https:\/\/elpuucnoticias.com\/?p=21523","title":{"rendered":"Celebran la identidad quintanarroense humanista con coraz\u00f3n feminista en tradicional desayuno del Sistema DIF Quintana Roo"},"content":{"rendered":"\n<p>Con el objetivo de celebrar la identidad quintanarroense y fortalecer las acciones en favor del Centro de Autismo de Chetumal, el Sistema DIF Quintana Roo llev\u00f3 a cabo el evento \u201cDesayuno a la Quintanarroense 2025\u201d, encabezado por la gobernadora Mara Lezama Espinosa y la presidenta honoraria del DIF estatal, Ver\u00f3nica Lezama Espinosa.<\/p>\n\n\n\n<figure class=\"wp-block-image is-style-default\"><a href=\"https:\/\/cgc.qroo.gob.mx\/cjg\/wp-content\/uploads\/2025\/10\/WhatsApp-Image-2025-10-14-at-13.55.29.jpeg\"><img decoding=\"async\" src=\"https:\/\/cgc.qroo.gob.mx\/cjg\/wp-content\/uploads\/2025\/10\/WhatsApp-Image-2025-10-14-at-13.55.29-585x390.jpeg\" alt=\"\" title=\"WhatsApp Image 2025-10-14 at 13.55.29\"\/><\/a><\/figure>\n\n\n\n<p>El evento realizado en el Centro Internacional de Negocios y Convenciones de Chetumal reuni\u00f3 a m\u00e1s de 700 personas, quienes disfrutaron de una muestra artesanal organizada por la Secretar\u00eda de Desarrollo Econ\u00f3mico del Estado, as\u00ed como de la participaci\u00f3n del Ballet Folkl\u00f3rico del Instituto de la Cultura y las Artes (ICA) y del DIF estatal.<\/p>\n\n\n\n<figure class=\"wp-block-image is-style-default\"><a href=\"https:\/\/cgc.qroo.gob.mx\/cjg\/wp-content\/uploads\/2025\/10\/WhatsApp-Image-2025-10-14-at-13.55.27.jpeg\"><img decoding=\"async\" src=\"https:\/\/cgc.qroo.gob.mx\/cjg\/wp-content\/uploads\/2025\/10\/WhatsApp-Image-2025-10-14-at-13.55.27-585x390.jpeg\" alt=\"\" title=\"WhatsApp Image 2025-10-14 at 13.55.27\"\/><\/a><\/figure>\n\n\n\n<p>\u201cDe eso se trata esta nueva forma de gobernar. Somos un gobierno diferente, que quiere la transformaci\u00f3n y bienestar de los seres humanos\u201d expres\u00f3 la Gobernadora.<\/p>\n\n\n\n<figure class=\"wp-block-image is-style-default\"><a href=\"https:\/\/cgc.qroo.gob.mx\/cjg\/wp-content\/uploads\/2025\/10\/WhatsApp-Image-2025-10-14-at-13.55.27-1.jpeg\"><img decoding=\"async\" src=\"https:\/\/cgc.qroo.gob.mx\/cjg\/wp-content\/uploads\/2025\/10\/WhatsApp-Image-2025-10-14-at-13.55.27-1-585x390.jpeg\" alt=\"\" title=\"WhatsApp Image 2025-10-14 at 13.55.27 (1)\"\/><\/a><\/figure>\n\n\n\n<p>La gobernadora Mara Lezama destac\u00f3 que esta convivencia tuvo como prop\u00f3sito reafirmar el compromiso social y la solidaridad hacia quienes m\u00e1s lo necesitan, especialmente ni\u00f1as, ni\u00f1os y adolescentes atendidos en el Centro de Autismo de Chetumal.<\/p>\n\n\n\n<figure class=\"wp-block-image is-style-default\"><a href=\"https:\/\/cgc.qroo.gob.mx\/cjg\/wp-content\/uploads\/2025\/10\/WhatsApp-Image-2025-10-14-at-13.55.28-2.jpeg\"><img decoding=\"async\" src=\"https:\/\/cgc.qroo.gob.mx\/cjg\/wp-content\/uploads\/2025\/10\/WhatsApp-Image-2025-10-14-at-13.55.28-2-585x325.jpeg\" alt=\"\" title=\"WhatsApp Image 2025-10-14 at 13.55.28 (2)\"\/><\/a><\/figure>\n\n\n\n<p>\u201cSin duda, un prop\u00f3sito claro es refrendar el compromiso de los voluntariados y diversos sectores del estado, quienes con la suma de alianzas y trabajo conjunto buscan mejorar la calidad de vida de los grupos prioritarios\u201d, se\u00f1al\u00f3.<\/p>\n\n\n\n<p>Durante el encuentro, se reconocieron las donaciones realizadas por la empresa Rent a Car Prisma de Isla Mujeres y por los voluntariados del CONALEP, Amigas Centro y Sur, Comuna Quintana Roo e IFEQROO, cuyas aportaciones contribuir\u00e1n directamente al fortalecimiento de los programas de asistencia social del DIF estatal.<\/p>\n\n\n\n<figure class=\"wp-block-image is-style-default\"><a href=\"https:\/\/cgc.qroo.gob.mx\/cjg\/wp-content\/uploads\/2025\/10\/WhatsApp-Image-2025-10-14-at-13.55.28.jpeg\"><img decoding=\"async\" src=\"https:\/\/cgc.qroo.gob.mx\/cjg\/wp-content\/uploads\/2025\/10\/WhatsApp-Image-2025-10-14-at-13.55.28-585x390.jpeg\" alt=\"\" title=\"WhatsApp Image 2025-10-14 at 13.55.28\"\/><\/a><\/figure>\n\n\n\n<p>Asimismo, la mandataria estatal reafirm\u00f3 su compromiso de seguir impulsando pol\u00edticas p\u00fablicas de inclusi\u00f3n y bienestar, que garanticen atenci\u00f3n integral y oportunidades de desarrollo para todas las familias quintanarroenses.<\/p>\n\n\n\n<p>Por su parte, la presidenta honoraria del DIF Quintana Roo, Ver\u00f3nica Lezama Espinosa, record\u00f3 la labor fundamental que realiza la instituci\u00f3n a trav\u00e9s de los Centros de Atenci\u00f3n al Autismo de Zona Norte y Zona Sur, que brindan acompa\u00f1amiento profesional y humano a ni\u00f1as, ni\u00f1os y adolescentes con Trastorno del Espectro Autista (TEA).<\/p>\n\n\n\n<figure class=\"wp-block-image is-style-default\"><a href=\"https:\/\/cgc.qroo.gob.mx\/cjg\/wp-content\/uploads\/2025\/10\/WhatsApp-Image-2025-10-14-at-13.55.29-1.jpeg\"><img decoding=\"async\" src=\"https:\/\/cgc.qroo.gob.mx\/cjg\/wp-content\/uploads\/2025\/10\/WhatsApp-Image-2025-10-14-at-13.55.29-1-585x390.jpeg\" alt=\"\" title=\"WhatsApp Image 2025-10-14 at 13.55.29 (1)\"\/><\/a><\/figure>\n\n\n\n<p>\u201cAgradezco de coraz\u00f3n esta suma de voluntades que ser\u00e1 de gran ayuda para quienes m\u00e1s lo necesitan. Los invito a seguir ayudando, porque juntos somos m\u00e1s fuertes: de norte a sur, uno solo, seres humanos ayudando a m\u00e1s seres humanos\u201d, enfatiz\u00f3.<\/p>\n\n\n\n<p>El evento cont\u00f3 tambi\u00e9n con la presencia de la directora general del DIF estatal, Abril Sabido Alc\u00e9rreca, autoridades municipales, representantes de los Sistemas Municipales DIF, empresarias, empresarios y miembros de la sociedad civil comprometidos con las causas sociales de Quintana Roo.<\/p>\n\n\n\n<figure class=\"wp-block-image is-style-default\"><a href=\"https:\/\/cgc.qroo.gob.mx\/cjg\/wp-content\/uploads\/2025\/10\/WhatsApp-Image-2025-10-14-at-13.55.29-2.jpeg\"><img decoding=\"async\" src=\"https:\/\/cgc.qroo.gob.mx\/cjg\/wp-content\/uploads\/2025\/10\/WhatsApp-Image-2025-10-14-at-13.55.29-2-585x390.jpeg\" alt=\"\" title=\"WhatsApp Image 2025-10-14 at 13.55.29 (2)\"\/><\/a><\/figure>\n\n\n\n<p>Estuvieron presentes el magistrado Heyden Cebada Rivas, presidente del Tribunal Superior de Justicia; el diputado Ren\u00e1n S\u00e1nchez Tajonar, presidente de la Junta de Gobierno y Coordinaci\u00f3n Pol\u00edtica del Congreso del Estado, as\u00ed como presidentas y presidentes municipales.<\/p>\n","protected":false},"excerpt":{"rendered":"<p>Con el objetivo de celebrar la identidad quintanarroense y fortalecer las acciones en favor del Centro de Autismo<\/p>\n","protected":false},"author":1,"featured_media":21524,"comment_status":"closed","ping_status":"open","sticky":false,"template":"","format":"standard","meta":{"_monsterinsights_skip_tracking":false,"_monsterinsights_sitenote_active":false,"_monsterinsights_sitenote_note":"","_monsterinsights_sitenote_category":0,"footnotes":""},"categories":[11,24],"tags":[],"class_list":["post-21523","post","type-post","status-publish","format-standard","has-post-thumbnail","hentry","category-noticias","category-quintana-roo"],"yoast_head":"<!-- This site is optimized with the Yoast SEO plugin v18.3 - https:\/\/yoast.com\/wordpress\/plugins\/seo\/ -->\n<title>Celebran la identidad quintanarroense humanista con coraz\u00f3n feminista en tradicional desayuno del Sistema DIF Quintana Roo - El Puuc Noticias<\/title>\n<meta name=\"robots\" content=\"index, follow, max-snippet:-1, max-image-preview:large, max-video-preview:-1\" \/>\n<link rel=\"canonical\" href=\"https:\/\/elpuucnoticias.com\/?p=21523\" \/>\n<meta property=\"og:locale\" content=\"es_ES\" \/>\n<meta property=\"og:type\" content=\"article\" \/>\n<meta property=\"og:title\" content=\"Celebran la identidad quintanarroense humanista con coraz\u00f3n feminista en tradicional desayuno del Sistema DIF Quintana Roo - El Puuc Noticias\" \/>\n<meta property=\"og:description\" content=\"Con el objetivo de celebrar la identidad quintanarroense y fortalecer las acciones en favor del Centro de Autismo\" \/>\n<meta property=\"og:url\" content=\"https:\/\/elpuucnoticias.com\/?p=21523\" \/>\n<meta property=\"og:site_name\" content=\"El Puuc Noticias\" \/>\n<meta property=\"article:published_time\" content=\"2025-10-14T21:13:30+00:00\" \/>\n<meta property=\"og:image\" content=\"https:\/\/elpuucnoticias.com\/wp-content\/uploads\/2025\/10\/whatsapp-image-2025-10-14-at-13.55.28-1.jpeg\" \/>\n\t<meta property=\"og:image:width\" content=\"1280\" \/>\n\t<meta property=\"og:image:height\" content=\"854\" \/>\n\t<meta property=\"og:image:type\" content=\"image\/jpeg\" \/>\n<meta name=\"twitter:card\" content=\"summary_large_image\" \/>\n<meta name=\"twitter:label1\" content=\"Escrito por\" \/>\n\t<meta name=\"twitter:data1\" content=\"elpuucnoticias\" \/>\n\t<meta name=\"twitter:label2\" content=\"Tiempo de lectura\" \/>\n\t<meta name=\"twitter:data2\" content=\"2 minutos\" \/>\n<script type=\"application\/ld+json\" class=\"yoast-schema-graph\">{\"@context\":\"https:\/\/schema.org\",\"@graph\":[{\"@type\":\"WebSite\",\"@id\":\"https:\/\/elpuucnoticias.com\/#website\",\"url\":\"https:\/\/elpuucnoticias.com\/\",\"name\":\"El Puuc Noticias\",\"description\":\"Noticias - Entretenimiento - Deportes\",\"potentialAction\":[{\"@type\":\"SearchAction\",\"target\":{\"@type\":\"EntryPoint\",\"urlTemplate\":\"https:\/\/elpuucnoticias.com\/?s={search_term_string}\"},\"query-input\":\"required name=search_term_string\"}],\"inLanguage\":\"es\"},{\"@type\":\"ImageObject\",\"@id\":\"https:\/\/elpuucnoticias.com\/?p=21523#primaryimage\",\"inLanguage\":\"es\",\"url\":\"https:\/\/elpuucnoticias.com\/wp-content\/uploads\/2025\/10\/whatsapp-image-2025-10-14-at-13.55.28-1.jpeg\",\"contentUrl\":\"https:\/\/elpuucnoticias.com\/wp-content\/uploads\/2025\/10\/whatsapp-image-2025-10-14-at-13.55.28-1.jpeg\",\"width\":1280,\"height\":854},{\"@type\":\"WebPage\",\"@id\":\"https:\/\/elpuucnoticias.com\/?p=21523#webpage\",\"url\":\"https:\/\/elpuucnoticias.com\/?p=21523\",\"name\":\"Celebran la identidad quintanarroense humanista con coraz\u00f3n feminista en tradicional desayuno del Sistema DIF Quintana Roo - El Puuc Noticias\",\"isPartOf\":{\"@id\":\"https:\/\/elpuucnoticias.com\/#website\"},\"primaryImageOfPage\":{\"@id\":\"https:\/\/elpuucnoticias.com\/?p=21523#primaryimage\"},\"datePublished\":\"2025-10-14T21:13:30+00:00\",\"dateModified\":\"2025-10-14T21:13:30+00:00\",\"author\":{\"@id\":\"https:\/\/elpuucnoticias.com\/#\/schema\/person\/d2ea09e4c97f0160b11cdfb1d856bd9e\"},\"breadcrumb\":{\"@id\":\"https:\/\/elpuucnoticias.com\/?p=21523#breadcrumb\"},\"inLanguage\":\"es\",\"potentialAction\":[{\"@type\":\"ReadAction\",\"target\":[\"https:\/\/elpuucnoticias.com\/?p=21523\"]}]},{\"@type\":\"BreadcrumbList\",\"@id\":\"https:\/\/elpuucnoticias.com\/?p=21523#breadcrumb\",\"itemListElement\":[{\"@type\":\"ListItem\",\"position\":1,\"name\":\"Portada\",\"item\":\"https:\/\/elpuucnoticias.com\/\"},{\"@type\":\"ListItem\",\"position\":2,\"name\":\"Celebran la identidad quintanarroense humanista con coraz\u00f3n feminista en tradicional desayuno del Sistema DIF Quintana Roo\"}]},{\"@type\":\"Person\",\"@id\":\"https:\/\/elpuucnoticias.com\/#\/schema\/person\/d2ea09e4c97f0160b11cdfb1d856bd9e\",\"name\":\"elpuucnoticias\",\"image\":{\"@type\":\"ImageObject\",\"@id\":\"https:\/\/elpuucnoticias.com\/#personlogo\",\"inLanguage\":\"es\",\"url\":\"https:\/\/secure.gravatar.com\/avatar\/5290a43657c74ffa15701dbe5b846bd85cc71930d803c84e91046a7333de6ce2?s=96&d=mm&r=g\",\"contentUrl\":\"https:\/\/secure.gravatar.com\/avatar\/5290a43657c74ffa15701dbe5b846bd85cc71930d803c84e91046a7333de6ce2?s=96&d=mm&r=g\",\"caption\":\"elpuucnoticias\"},\"sameAs\":[\"https:\/\/elpuucnoticias.com\"],\"url\":\"https:\/\/elpuucnoticias.com\/?author=1\"}]}<\/script>\n<!-- \/ Yoast SEO plugin. -->","yoast_head_json":{"title":"Celebran la identidad quintanarroense humanista con coraz\u00f3n feminista en tradicional desayuno del Sistema DIF Quintana Roo - El Puuc Noticias","robots":{"index":"index","follow":"follow","max-snippet":"max-snippet:-1","max-image-preview":"max-image-preview:large","max-video-preview":"max-video-preview:-1"},"canonical":"https:\/\/elpuucnoticias.com\/?p=21523","og_locale":"es_ES","og_type":"article","og_title":"Celebran la identidad quintanarroense humanista con coraz\u00f3n feminista en tradicional desayuno del Sistema DIF Quintana Roo - El Puuc Noticias","og_description":"Con el objetivo de celebrar la identidad quintanarroense y fortalecer las acciones en favor del Centro de Autismo","og_url":"https:\/\/elpuucnoticias.com\/?p=21523","og_site_name":"El Puuc Noticias","article_published_time":"2025-10-14T21:13:30+00:00","og_image":[{"width":1280,"height":854,"url":"https:\/\/elpuucnoticias.com\/wp-content\/uploads\/2025\/10\/whatsapp-image-2025-10-14-at-13.55.28-1.jpeg","type":"image\/jpeg"}],"twitter_card":"summary_large_image","twitter_misc":{"Escrito por":"elpuucnoticias","Tiempo de lectura":"2 minutos"},"schema":{"@context":"https:\/\/schema.org","@graph":[{"@type":"WebSite","@id":"https:\/\/elpuucnoticias.com\/#website","url":"https:\/\/elpuucnoticias.com\/","name":"El Puuc Noticias","description":"Noticias - Entretenimiento - Deportes","potentialAction":[{"@type":"SearchAction","target":{"@type":"EntryPoint","urlTemplate":"https:\/\/elpuucnoticias.com\/?s={search_term_string}"},"query-input":"required name=search_term_string"}],"inLanguage":"es"},{"@type":"ImageObject","@id":"https:\/\/elpuucnoticias.com\/?p=21523#primaryimage","inLanguage":"es","url":"https:\/\/elpuucnoticias.com\/wp-content\/uploads\/2025\/10\/whatsapp-image-2025-10-14-at-13.55.28-1.jpeg","contentUrl":"https:\/\/elpuucnoticias.com\/wp-content\/uploads\/2025\/10\/whatsapp-image-2025-10-14-at-13.55.28-1.jpeg","width":1280,"height":854},{"@type":"WebPage","@id":"https:\/\/elpuucnoticias.com\/?p=21523#webpage","url":"https:\/\/elpuucnoticias.com\/?p=21523","name":"Celebran la identidad quintanarroense humanista con coraz\u00f3n feminista en tradicional desayuno del Sistema DIF Quintana Roo - El Puuc Noticias","isPartOf":{"@id":"https:\/\/elpuucnoticias.com\/#website"},"primaryImageOfPage":{"@id":"https:\/\/elpuucnoticias.com\/?p=21523#primaryimage"},"datePublished":"2025-10-14T21:13:30+00:00","dateModified":"2025-10-14T21:13:30+00:00","author":{"@id":"https:\/\/elpuucnoticias.com\/#\/schema\/person\/d2ea09e4c97f0160b11cdfb1d856bd9e"},"breadcrumb":{"@id":"https:\/\/elpuucnoticias.com\/?p=21523#breadcrumb"},"inLanguage":"es","potentialAction":[{"@type":"ReadAction","target":["https:\/\/elpuucnoticias.com\/?p=21523"]}]},{"@type":"BreadcrumbList","@id":"https:\/\/elpuucnoticias.com\/?p=21523#breadcrumb","itemListElement":[{"@type":"ListItem","position":1,"name":"Portada","item":"https:\/\/elpuucnoticias.com\/"},{"@type":"ListItem","position":2,"name":"Celebran la identidad quintanarroense humanista con coraz\u00f3n feminista en tradicional desayuno del Sistema DIF Quintana Roo"}]},{"@type":"Person","@id":"https:\/\/elpuucnoticias.com\/#\/schema\/person\/d2ea09e4c97f0160b11cdfb1d856bd9e","name":"elpuucnoticias","image":{"@type":"ImageObject","@id":"https:\/\/elpuucnoticias.com\/#personlogo","inLanguage":"es","url":"https:\/\/secure.gravatar.com\/avatar\/5290a43657c74ffa15701dbe5b846bd85cc71930d803c84e91046a7333de6ce2?s=96&d=mm&r=g","contentUrl":"https:\/\/secure.gravatar.com\/avatar\/5290a43657c74ffa15701dbe5b846bd85cc71930d803c84e91046a7333de6ce2?s=96&d=mm&r=g","caption":"elpuucnoticias"},"sameAs":["https:\/\/elpuucnoticias.com"],"url":"https:\/\/elpuucnoticias.com\/?author=1"}]}},"_links":{"self":[{"href":"https:\/\/elpuucnoticias.com\/index.php?rest_route=\/wp\/v2\/posts\/21523","targetHints":{"allow":["GET"]}}],"collection":[{"href":"https:\/\/elpuucnoticias.com\/index.php?rest_route=\/wp\/v2\/posts"}],"about":[{"href":"https:\/\/elpuucnoticias.com\/index.php?rest_route=\/wp\/v2\/types\/post"}],"author":[{"embeddable":true,"href":"https:\/\/elpuucnoticias.com\/index.php?rest_route=\/wp\/v2\/users\/1"}],"replies":[{"embeddable":true,"href":"https:\/\/elpuucnoticias.com\/index.php?rest_route=%2Fwp%2Fv2%2Fcomments&post=21523"}],"version-history":[{"count":1,"href":"https:\/\/elpuucnoticias.com\/index.php?rest_route=\/wp\/v2\/posts\/21523\/revisions"}],"predecessor-version":[{"id":21525,"href":"https:\/\/elpuucnoticias.com\/index.php?rest_route=\/wp\/v2\/posts\/21523\/revisions\/21525"}],"wp:featuredmedia":[{"embeddable":true,"href":"https:\/\/elpuucnoticias.com\/index.php?rest_route=\/wp\/v2\/media\/21524"}],"wp:attachment":[{"href":"https:\/\/elpuucnoticias.com\/index.php?rest_route=%2Fwp%2Fv2%2Fmedia&parent=21523"}],"wp:term":[{"taxonomy":"category","embeddable":true,"href":"https:\/\/elpuucnoticias.com\/index.php?rest_route=%2Fwp%2Fv2%2Fcategories&post=21523"},{"taxonomy":"post_tag","embeddable":true,"href":"https:\/\/elpuucnoticias.com\/index.php?rest_route=%2Fwp%2Fv2%2Ftags&post=21523"}],"curies":[{"name":"wp","href":"https:\/\/api.w.org\/{rel}","templated":true}]}}