{"id":21543,"date":"2025-10-16T15:31:24","date_gmt":"2025-10-16T21:31:24","guid":{"rendered":"https:\/\/elpuucnoticias.com\/?p=21543"},"modified":"2025-10-16T15:31:25","modified_gmt":"2025-10-16T21:31:25","slug":"encabeza-mara-lezama-historico-apoyo-a-mujeres-rurales-para-garantizar-justicia-e-igualdad","status":"publish","type":"post","link":"https:\/\/elpuucnoticias.com\/?p=21543","title":{"rendered":"Encabeza Mara Lezama hist\u00f3rico apoyo a mujeres rurales para garantizar justicia e igualdad"},"content":{"rendered":"\n<p>En el marco del D\u00eda Internacional de las Mujeres Rurales, el Gobierno del Estado realiz\u00f3 un evento conmemorativo que reuni\u00f3 a mujeres rurales de toda la entidad en el Domo doble Cecilio Chi, en el coraz\u00f3n de la zona Maya.<\/p>\n\n\n\n<figure class=\"wp-block-image is-style-default\"><a href=\"https:\/\/cgc.qroo.gob.mx\/cjg\/wp-content\/uploads\/2025\/10\/7401f331-d236-46df-9deb-ae0c5666035a.jpg\"><img decoding=\"async\" src=\"https:\/\/cgc.qroo.gob.mx\/cjg\/wp-content\/uploads\/2025\/10\/7401f331-d236-46df-9deb-ae0c5666035a-585x390.jpg\" alt=\"\" title=\"7401f331-d236-46df-9deb-ae0c5666035a\"\/><\/a><\/figure>\n\n\n\n<p>La jornada incluy\u00f3 la Firma de Convenio de Colaboraci\u00f3n a Favor de las Mujeres Rurales de Quintana Roo; la entrega de 38 certificados de derechos sobre tierras de uso com\u00fan en la Caravana para Mujeres en la Propiedad Social y la inauguraci\u00f3n de la Expo de Mujeres Rurales que reuni\u00f3 a m\u00e1s de 100 mujeres productoras del campo.<\/p>\n\n\n\n<figure class=\"wp-block-image is-style-default\"><a href=\"https:\/\/cgc.qroo.gob.mx\/cjg\/wp-content\/uploads\/2025\/10\/2d410981-f926-478e-9d2f-88ddd20d1c89.jpg\"><img decoding=\"async\" src=\"https:\/\/cgc.qroo.gob.mx\/cjg\/wp-content\/uploads\/2025\/10\/2d410981-f926-478e-9d2f-88ddd20d1c89-585x390.jpg\" alt=\"\" title=\"2d410981-f926-478e-9d2f-88ddd20d1c89\"\/><\/a><\/figure>\n\n\n\n<p>\u201cMe da mucho gusto estar aqu\u00ed, y en esta tierra no le podemos venir a hablar de trabajo, porque si hay gente trabajadora son ustedes, mujeres extraordinarias, de resistencia, una tierra de amor por la vida y estamos unidas para celebrar algo que nos llena de emoci\u00f3n, su d\u00eda. Este D\u00eda Internacional de las Mujeres Rurales, que durante tanto tiempo no fueron visibilizadas, y pareciera que el \u00fanico que trabajaba el campo eran los hombres, que s\u00ed lo trabajan y lo hacen muy bien, pero las mujeres ah\u00ed con las manos, bajo el rayo del sol, jam\u00e1s habr\u00edan sido visibilizadas\u201d expres\u00f3 la titular del Ejecutivo.<\/p>\n\n\n\n<figure class=\"wp-block-image is-style-default\"><a href=\"https:\/\/cgc.qroo.gob.mx\/cjg\/wp-content\/uploads\/2025\/10\/4f7666a8-9305-4428-a73f-de1a8e9fde12.jpg\"><img decoding=\"async\" src=\"https:\/\/cgc.qroo.gob.mx\/cjg\/wp-content\/uploads\/2025\/10\/4f7666a8-9305-4428-a73f-de1a8e9fde12-585x390.jpg\" alt=\"\" title=\"4f7666a8-9305-4428-a73f-de1a8e9fde12\"\/><\/a><\/figure>\n\n\n\n<p>En un trabajo colaborativo entre la Procuradur\u00eda Agraria y la Secretar\u00eda de las Mujeres, la gobernadora Mara Lezama Espinosa, firm\u00f3 el Convenio de Colaboraci\u00f3n a Favor de las Mujeres Rurales de Quintana Roo, para impulsar pol\u00edticas p\u00fablicas con perspectiva de g\u00e9nero para las mujeres del campo, conseguir que participen en la toma de decisiones dentro de sus ejidos y garantizar la prosperidad compartida.<\/p>\n\n\n\n<figure class=\"wp-block-image is-style-default\"><a href=\"https:\/\/cgc.qroo.gob.mx\/cjg\/wp-content\/uploads\/2025\/10\/5e748460-c995-4a10-85e5-f82265c8b1c6.jpg\"><img decoding=\"async\" src=\"https:\/\/cgc.qroo.gob.mx\/cjg\/wp-content\/uploads\/2025\/10\/5e748460-c995-4a10-85e5-f82265c8b1c6-585x390.jpg\" alt=\"\" title=\"5e748460-c995-4a10-85e5-f82265c8b1c6\"\/><\/a><\/figure>\n\n\n\n<p>La Secretar\u00eda de las Mujeres, Esther Burgos Jim\u00e9nez, mencion\u00f3 que con la firma de este importante convenio, \u201cestamos colocando a las mujeres rurales en el centro de la toma de decisiones cumpliendo con la instrucci\u00f3n de la Gobernadora de trabajar en territorio creando pol\u00edticas p\u00fablicas que permitan a las mujeres de las comunidades ejercer sus derechos en libertad\u201d.<\/p>\n\n\n\n<figure class=\"wp-block-image is-style-default\"><a href=\"https:\/\/cgc.qroo.gob.mx\/cjg\/wp-content\/uploads\/2025\/10\/819a39c9-a886-4468-8794-fcedaccd4765.jpg\"><img decoding=\"async\" src=\"https:\/\/cgc.qroo.gob.mx\/cjg\/wp-content\/uploads\/2025\/10\/819a39c9-a886-4468-8794-fcedaccd4765-585x390.jpg\" alt=\"\" title=\"819a39c9-a886-4468-8794-fcedaccd4765\"\/><\/a><\/figure>\n\n\n\n<p>\u201cLas Mujeres del campo son ra\u00edz y sustento. Son quienes siembran la tierra, la esperanza, la memoria y el porvenir de sus comunidades. Este convenio es para ellas, para que nunca m\u00e1s su esfuerzo sea invisible, para que su liderazgo florezca con las mismas oportunidades que los hombres, y para que la tierra \u2014s\u00edmbolo de vida y dignidad\u2014 tambi\u00e9n les pertenezca en igualdad de condiciones\u201d, dijo Esther Burgos Jim\u00e9nez.<\/p>\n\n\n\n<figure class=\"wp-block-image is-style-default\"><a href=\"https:\/\/cgc.qroo.gob.mx\/cjg\/wp-content\/uploads\/2025\/10\/4313de61-4739-44a7-8185-f8c11e72864a.jpg\"><img decoding=\"async\" src=\"https:\/\/cgc.qroo.gob.mx\/cjg\/wp-content\/uploads\/2025\/10\/4313de61-4739-44a7-8185-f8c11e72864a-585x416.jpg\" alt=\"\" title=\"4313de61-4739-44a7-8185-f8c11e72864a\"\/><\/a><\/figure>\n\n\n\n<p>En la firma del convenio particip\u00f3 la representante de la Oficina de la Procuradur\u00eda Agraria en Quintana Roo, Linda Saray Cobos Castro; la presidenta honoraria del DIF Quintana Roo, Ver\u00f3nica Lezama Espinosa; la Secretaria de Gobierno, Mar\u00eda Cristina Torres G\u00f3mez; la presidenta municipal de Felipe Carrillo Puerto, Maricarmen Candelaria Hern\u00e1ndez Sol\u00eds y el Secretario de Desarrollo Agropecuario, Rural y Pesca (Sedarpe), Jorge Carlos Aguilar Osorio.<\/p>\n","protected":false},"excerpt":{"rendered":"<p>En el marco del D\u00eda Internacional de las Mujeres Rurales, el Gobierno del Estado realiz\u00f3 un evento conmemorativo<\/p>\n","protected":false},"author":1,"featured_media":21544,"comment_status":"closed","ping_status":"open","sticky":false,"template":"","format":"standard","meta":{"_monsterinsights_skip_tracking":false,"_monsterinsights_sitenote_active":false,"_monsterinsights_sitenote_note":"","_monsterinsights_sitenote_category":0,"footnotes":""},"categories":[42,24],"tags":[],"class_list":["post-21543","post","type-post","status-publish","format-standard","has-post-thumbnail","hentry","category-nacional","category-quintana-roo"],"yoast_head":"<!-- This site is optimized with the Yoast SEO plugin v18.3 - https:\/\/yoast.com\/wordpress\/plugins\/seo\/ -->\n<title>Encabeza Mara Lezama hist\u00f3rico apoyo a mujeres rurales para garantizar justicia e igualdad - El Puuc Noticias<\/title>\n<meta name=\"robots\" content=\"index, follow, max-snippet:-1, max-image-preview:large, max-video-preview:-1\" \/>\n<link rel=\"canonical\" href=\"https:\/\/elpuucnoticias.com\/?p=21543\" \/>\n<meta property=\"og:locale\" content=\"es_ES\" \/>\n<meta property=\"og:type\" content=\"article\" \/>\n<meta property=\"og:title\" content=\"Encabeza Mara Lezama hist\u00f3rico apoyo a mujeres rurales para garantizar justicia e igualdad - El Puuc Noticias\" \/>\n<meta property=\"og:description\" content=\"En el marco del D\u00eda Internacional de las Mujeres Rurales, el Gobierno del Estado realiz\u00f3 un evento conmemorativo\" \/>\n<meta property=\"og:url\" content=\"https:\/\/elpuucnoticias.com\/?p=21543\" \/>\n<meta property=\"og:site_name\" content=\"El Puuc Noticias\" \/>\n<meta property=\"article:published_time\" content=\"2025-10-16T21:31:24+00:00\" \/>\n<meta property=\"article:modified_time\" content=\"2025-10-16T21:31:25+00:00\" \/>\n<meta property=\"og:image\" content=\"https:\/\/elpuucnoticias.com\/wp-content\/uploads\/2025\/10\/b9c7c57b-f8fe-482a-a9d1-f8dd870f4358.jpg\" \/>\n\t<meta property=\"og:image:width\" content=\"1280\" \/>\n\t<meta property=\"og:image:height\" content=\"930\" \/>\n\t<meta property=\"og:image:type\" content=\"image\/jpeg\" \/>\n<meta name=\"twitter:card\" content=\"summary_large_image\" \/>\n<meta name=\"twitter:label1\" content=\"Escrito por\" \/>\n\t<meta name=\"twitter:data1\" content=\"elpuucnoticias\" \/>\n\t<meta name=\"twitter:label2\" content=\"Tiempo de lectura\" \/>\n\t<meta name=\"twitter:data2\" content=\"2 minutos\" \/>\n<script type=\"application\/ld+json\" class=\"yoast-schema-graph\">{\"@context\":\"https:\/\/schema.org\",\"@graph\":[{\"@type\":\"WebSite\",\"@id\":\"https:\/\/elpuucnoticias.com\/#website\",\"url\":\"https:\/\/elpuucnoticias.com\/\",\"name\":\"El Puuc Noticias\",\"description\":\"Noticias - Entretenimiento - Deportes\",\"potentialAction\":[{\"@type\":\"SearchAction\",\"target\":{\"@type\":\"EntryPoint\",\"urlTemplate\":\"https:\/\/elpuucnoticias.com\/?s={search_term_string}\"},\"query-input\":\"required name=search_term_string\"}],\"inLanguage\":\"es\"},{\"@type\":\"ImageObject\",\"@id\":\"https:\/\/elpuucnoticias.com\/?p=21543#primaryimage\",\"inLanguage\":\"es\",\"url\":\"https:\/\/elpuucnoticias.com\/wp-content\/uploads\/2025\/10\/b9c7c57b-f8fe-482a-a9d1-f8dd870f4358.jpg\",\"contentUrl\":\"https:\/\/elpuucnoticias.com\/wp-content\/uploads\/2025\/10\/b9c7c57b-f8fe-482a-a9d1-f8dd870f4358.jpg\",\"width\":1280,\"height\":930},{\"@type\":\"WebPage\",\"@id\":\"https:\/\/elpuucnoticias.com\/?p=21543#webpage\",\"url\":\"https:\/\/elpuucnoticias.com\/?p=21543\",\"name\":\"Encabeza Mara Lezama hist\u00f3rico apoyo a mujeres rurales para garantizar justicia e igualdad - El Puuc Noticias\",\"isPartOf\":{\"@id\":\"https:\/\/elpuucnoticias.com\/#website\"},\"primaryImageOfPage\":{\"@id\":\"https:\/\/elpuucnoticias.com\/?p=21543#primaryimage\"},\"datePublished\":\"2025-10-16T21:31:24+00:00\",\"dateModified\":\"2025-10-16T21:31:25+00:00\",\"author\":{\"@id\":\"https:\/\/elpuucnoticias.com\/#\/schema\/person\/d2ea09e4c97f0160b11cdfb1d856bd9e\"},\"breadcrumb\":{\"@id\":\"https:\/\/elpuucnoticias.com\/?p=21543#breadcrumb\"},\"inLanguage\":\"es\",\"potentialAction\":[{\"@type\":\"ReadAction\",\"target\":[\"https:\/\/elpuucnoticias.com\/?p=21543\"]}]},{\"@type\":\"BreadcrumbList\",\"@id\":\"https:\/\/elpuucnoticias.com\/?p=21543#breadcrumb\",\"itemListElement\":[{\"@type\":\"ListItem\",\"position\":1,\"name\":\"Portada\",\"item\":\"https:\/\/elpuucnoticias.com\/\"},{\"@type\":\"ListItem\",\"position\":2,\"name\":\"Encabeza Mara Lezama hist\u00f3rico apoyo a mujeres rurales para garantizar justicia e igualdad\"}]},{\"@type\":\"Person\",\"@id\":\"https:\/\/elpuucnoticias.com\/#\/schema\/person\/d2ea09e4c97f0160b11cdfb1d856bd9e\",\"name\":\"elpuucnoticias\",\"image\":{\"@type\":\"ImageObject\",\"@id\":\"https:\/\/elpuucnoticias.com\/#personlogo\",\"inLanguage\":\"es\",\"url\":\"https:\/\/secure.gravatar.com\/avatar\/5290a43657c74ffa15701dbe5b846bd85cc71930d803c84e91046a7333de6ce2?s=96&d=mm&r=g\",\"contentUrl\":\"https:\/\/secure.gravatar.com\/avatar\/5290a43657c74ffa15701dbe5b846bd85cc71930d803c84e91046a7333de6ce2?s=96&d=mm&r=g\",\"caption\":\"elpuucnoticias\"},\"sameAs\":[\"https:\/\/elpuucnoticias.com\"],\"url\":\"https:\/\/elpuucnoticias.com\/?author=1\"}]}<\/script>\n<!-- \/ Yoast SEO plugin. -->","yoast_head_json":{"title":"Encabeza Mara Lezama hist\u00f3rico apoyo a mujeres rurales para garantizar justicia e igualdad - El Puuc Noticias","robots":{"index":"index","follow":"follow","max-snippet":"max-snippet:-1","max-image-preview":"max-image-preview:large","max-video-preview":"max-video-preview:-1"},"canonical":"https:\/\/elpuucnoticias.com\/?p=21543","og_locale":"es_ES","og_type":"article","og_title":"Encabeza Mara Lezama hist\u00f3rico apoyo a mujeres rurales para garantizar justicia e igualdad - El Puuc Noticias","og_description":"En el marco del D\u00eda Internacional de las Mujeres Rurales, el Gobierno del Estado realiz\u00f3 un evento conmemorativo","og_url":"https:\/\/elpuucnoticias.com\/?p=21543","og_site_name":"El Puuc Noticias","article_published_time":"2025-10-16T21:31:24+00:00","article_modified_time":"2025-10-16T21:31:25+00:00","og_image":[{"width":1280,"height":930,"url":"https:\/\/elpuucnoticias.com\/wp-content\/uploads\/2025\/10\/b9c7c57b-f8fe-482a-a9d1-f8dd870f4358.jpg","type":"image\/jpeg"}],"twitter_card":"summary_large_image","twitter_misc":{"Escrito por":"elpuucnoticias","Tiempo de lectura":"2 minutos"},"schema":{"@context":"https:\/\/schema.org","@graph":[{"@type":"WebSite","@id":"https:\/\/elpuucnoticias.com\/#website","url":"https:\/\/elpuucnoticias.com\/","name":"El Puuc Noticias","description":"Noticias - Entretenimiento - Deportes","potentialAction":[{"@type":"SearchAction","target":{"@type":"EntryPoint","urlTemplate":"https:\/\/elpuucnoticias.com\/?s={search_term_string}"},"query-input":"required name=search_term_string"}],"inLanguage":"es"},{"@type":"ImageObject","@id":"https:\/\/elpuucnoticias.com\/?p=21543#primaryimage","inLanguage":"es","url":"https:\/\/elpuucnoticias.com\/wp-content\/uploads\/2025\/10\/b9c7c57b-f8fe-482a-a9d1-f8dd870f4358.jpg","contentUrl":"https:\/\/elpuucnoticias.com\/wp-content\/uploads\/2025\/10\/b9c7c57b-f8fe-482a-a9d1-f8dd870f4358.jpg","width":1280,"height":930},{"@type":"WebPage","@id":"https:\/\/elpuucnoticias.com\/?p=21543#webpage","url":"https:\/\/elpuucnoticias.com\/?p=21543","name":"Encabeza Mara Lezama hist\u00f3rico apoyo a mujeres rurales para garantizar justicia e igualdad - El Puuc Noticias","isPartOf":{"@id":"https:\/\/elpuucnoticias.com\/#website"},"primaryImageOfPage":{"@id":"https:\/\/elpuucnoticias.com\/?p=21543#primaryimage"},"datePublished":"2025-10-16T21:31:24+00:00","dateModified":"2025-10-16T21:31:25+00:00","author":{"@id":"https:\/\/elpuucnoticias.com\/#\/schema\/person\/d2ea09e4c97f0160b11cdfb1d856bd9e"},"breadcrumb":{"@id":"https:\/\/elpuucnoticias.com\/?p=21543#breadcrumb"},"inLanguage":"es","potentialAction":[{"@type":"ReadAction","target":["https:\/\/elpuucnoticias.com\/?p=21543"]}]},{"@type":"BreadcrumbList","@id":"https:\/\/elpuucnoticias.com\/?p=21543#breadcrumb","itemListElement":[{"@type":"ListItem","position":1,"name":"Portada","item":"https:\/\/elpuucnoticias.com\/"},{"@type":"ListItem","position":2,"name":"Encabeza Mara Lezama hist\u00f3rico apoyo a mujeres rurales para garantizar justicia e igualdad"}]},{"@type":"Person","@id":"https:\/\/elpuucnoticias.com\/#\/schema\/person\/d2ea09e4c97f0160b11cdfb1d856bd9e","name":"elpuucnoticias","image":{"@type":"ImageObject","@id":"https:\/\/elpuucnoticias.com\/#personlogo","inLanguage":"es","url":"https:\/\/secure.gravatar.com\/avatar\/5290a43657c74ffa15701dbe5b846bd85cc71930d803c84e91046a7333de6ce2?s=96&d=mm&r=g","contentUrl":"https:\/\/secure.gravatar.com\/avatar\/5290a43657c74ffa15701dbe5b846bd85cc71930d803c84e91046a7333de6ce2?s=96&d=mm&r=g","caption":"elpuucnoticias"},"sameAs":["https:\/\/elpuucnoticias.com"],"url":"https:\/\/elpuucnoticias.com\/?author=1"}]}},"_links":{"self":[{"href":"https:\/\/elpuucnoticias.com\/index.php?rest_route=\/wp\/v2\/posts\/21543","targetHints":{"allow":["GET"]}}],"collection":[{"href":"https:\/\/elpuucnoticias.com\/index.php?rest_route=\/wp\/v2\/posts"}],"about":[{"href":"https:\/\/elpuucnoticias.com\/index.php?rest_route=\/wp\/v2\/types\/post"}],"author":[{"embeddable":true,"href":"https:\/\/elpuucnoticias.com\/index.php?rest_route=\/wp\/v2\/users\/1"}],"replies":[{"embeddable":true,"href":"https:\/\/elpuucnoticias.com\/index.php?rest_route=%2Fwp%2Fv2%2Fcomments&post=21543"}],"version-history":[{"count":1,"href":"https:\/\/elpuucnoticias.com\/index.php?rest_route=\/wp\/v2\/posts\/21543\/revisions"}],"predecessor-version":[{"id":21545,"href":"https:\/\/elpuucnoticias.com\/index.php?rest_route=\/wp\/v2\/posts\/21543\/revisions\/21545"}],"wp:featuredmedia":[{"embeddable":true,"href":"https:\/\/elpuucnoticias.com\/index.php?rest_route=\/wp\/v2\/media\/21544"}],"wp:attachment":[{"href":"https:\/\/elpuucnoticias.com\/index.php?rest_route=%2Fwp%2Fv2%2Fmedia&parent=21543"}],"wp:term":[{"taxonomy":"category","embeddable":true,"href":"https:\/\/elpuucnoticias.com\/index.php?rest_route=%2Fwp%2Fv2%2Fcategories&post=21543"},{"taxonomy":"post_tag","embeddable":true,"href":"https:\/\/elpuucnoticias.com\/index.php?rest_route=%2Fwp%2Fv2%2Ftags&post=21543"}],"curies":[{"name":"wp","href":"https:\/\/api.w.org\/{rel}","templated":true}]}}