{"id":21552,"date":"2025-10-16T15:38:37","date_gmt":"2025-10-16T21:38:37","guid":{"rendered":"https:\/\/elpuucnoticias.com\/?p=21552"},"modified":"2025-10-16T15:38:38","modified_gmt":"2025-10-16T21:38:38","slug":"inicia-en-felipe-carrillo-puerto-la-construccion-del-mercado-publico-municipal-para-fortalecer-la-economia-y-la-prosperidad-compartida","status":"publish","type":"post","link":"https:\/\/elpuucnoticias.com\/?p=21552","title":{"rendered":"Inicia en Felipe Carrillo Puerto la construcci\u00f3n del Mercado P\u00fablico Municipal para fortalecer la econom\u00eda y la prosperidad compartida"},"content":{"rendered":"\n<p>Con una inversi\u00f3n municipal superior a los 26 millones de pesos, comenz\u00f3 la construcci\u00f3n del nuevo mercado p\u00fablico en Felipe Carrillo Puerto, una obra hist\u00f3rica que beneficiar\u00e1 a todo el municipio y sus comunidades.<\/p>\n\n\n\n<figure class=\"wp-block-image is-style-default\"><a href=\"https:\/\/cgc.qroo.gob.mx\/cjg\/wp-content\/uploads\/2025\/10\/16ae9b03-d126-4b9a-9219-88315742c1cf.jpg\"><img decoding=\"async\" src=\"https:\/\/cgc.qroo.gob.mx\/cjg\/wp-content\/uploads\/2025\/10\/16ae9b03-d126-4b9a-9219-88315742c1cf-585x390.jpg\" alt=\"\" title=\"16ae9b03-d126-4b9a-9219-88315742c1cf\"\/><\/a><\/figure>\n\n\n\n<figure class=\"wp-block-image is-style-default\"><a href=\"https:\/\/cgc.qroo.gob.mx\/cjg\/wp-content\/uploads\/2025\/10\/c79cad5d-ea4a-4930-be13-193deb9b0d0b.jpg\"><img decoding=\"async\" src=\"https:\/\/cgc.qroo.gob.mx\/cjg\/wp-content\/uploads\/2025\/10\/c79cad5d-ea4a-4930-be13-193deb9b0d0b-585x390.jpg\" alt=\"\" title=\"c79cad5d-ea4a-4930-be13-193deb9b0d0b\"\/><\/a><\/figure>\n\n\n\n<p>La gobernadora Mara Lezama Espinosa, acompa\u00f1ada por la presidenta municipal Mary Hern\u00e1ndez, destac\u00f3 que este proyecto responde a una demanda hist\u00f3rica de locatarias y locatarios, quienes durante a\u00f1os esperaron la modernizaci\u00f3n del espacio. \u201cMuy pronto ser\u00e1 una realidad y permitir\u00e1 a las familias carrilloportenses ofrecer y adquirir productos con higiene, comodidad y seguridad\u201d, asegur\u00f3 la Gobernadora.<\/p>\n\n\n\n<figure class=\"wp-block-image is-style-default\"><a href=\"https:\/\/cgc.qroo.gob.mx\/cjg\/wp-content\/uploads\/2025\/10\/9eaf1f57-4078-464e-b289-4af8abe9f42d.jpg\"><img decoding=\"async\" src=\"https:\/\/cgc.qroo.gob.mx\/cjg\/wp-content\/uploads\/2025\/10\/9eaf1f57-4078-464e-b289-4af8abe9f42d-585x390.jpg\" alt=\"\" title=\"9eaf1f57-4078-464e-b289-4af8abe9f42d\"\/><\/a><\/figure>\n\n\n\n<figure class=\"wp-block-image is-style-default\"><a href=\"https:\/\/cgc.qroo.gob.mx\/cjg\/wp-content\/uploads\/2025\/10\/3bc2532f-b594-4fb3-b66c-7464f189f4ab.jpg\"><img decoding=\"async\" src=\"https:\/\/cgc.qroo.gob.mx\/cjg\/wp-content\/uploads\/2025\/10\/3bc2532f-b594-4fb3-b66c-7464f189f4ab-585x390.jpg\" alt=\"\" title=\"3bc2532f-b594-4fb3-b66c-7464f189f4ab\"\/><\/a><\/figure>\n\n\n\n<p>La presidenta Mary Hern\u00e1ndez explic\u00f3 que el nuevo mercado, que contar\u00e1 con m\u00e1s de 3 mil 500 metros cuadrados, se convertir\u00e1 en un punto de encuentro para la vida diaria del municipio, donde se podr\u00e1n comercializar frutas, verduras y productos del campo, as\u00ed como disfrutar de comidas caseras en un ambiente seguro.<\/p>\n\n\n\n<figure class=\"wp-block-image is-style-default\"><a href=\"https:\/\/cgc.qroo.gob.mx\/cjg\/wp-content\/uploads\/2025\/10\/7394d33d-31d5-4994-8181-f40fe29e7f91.jpg\"><img decoding=\"async\" src=\"https:\/\/cgc.qroo.gob.mx\/cjg\/wp-content\/uploads\/2025\/10\/7394d33d-31d5-4994-8181-f40fe29e7f91-585x390.jpg\" alt=\"\" title=\"7394d33d-31d5-4994-8181-f40fe29e7f91\"\/><\/a><\/figure>\n\n\n\n<p>Durante el inicio de obra, se enfatiz\u00f3 que los trabajos se realizar\u00e1n en un plazo aproximado de 90 d\u00edas, generando empleo para la poblaci\u00f3n local y utilizando materiales de la regi\u00f3n. \u201cAs\u00ed gobernamos en esta nueva forma de gobierno, de la mano del pueblo y con certeza de que los recursos regresan a la comunidad\u201d, subray\u00f3 la Gobernadora.<\/p>\n\n\n\n<figure class=\"wp-block-image is-style-default\"><a href=\"https:\/\/cgc.qroo.gob.mx\/cjg\/wp-content\/uploads\/2025\/10\/35ba3346-2092-420e-ae3b-9c4a0e9e4096.jpg\"><img decoding=\"async\" src=\"https:\/\/cgc.qroo.gob.mx\/cjg\/wp-content\/uploads\/2025\/10\/35ba3346-2092-420e-ae3b-9c4a0e9e4096-585x390.jpg\" alt=\"\" title=\"35ba3346-2092-420e-ae3b-9c4a0e9e4096\"\/><\/a><\/figure>\n\n\n\n<p>Con esta inversi\u00f3n, Felipe Carrillo Puerto refuerza su econom\u00eda local y avanza en la transformaci\u00f3n social y comunitaria impulsada por los gobiernos de la Cuarta Transformaci\u00f3n, promoviendo la participaci\u00f3n activa de las mujeres en la gesti\u00f3n p\u00fablica.<\/p>\n","protected":false},"excerpt":{"rendered":"<p>Con una inversi\u00f3n municipal superior a los 26 millones de pesos, comenz\u00f3 la construcci\u00f3n del nuevo mercado p\u00fablico<\/p>\n","protected":false},"author":1,"featured_media":21553,"comment_status":"closed","ping_status":"open","sticky":false,"template":"","format":"standard","meta":{"_monsterinsights_skip_tracking":false,"_monsterinsights_sitenote_active":false,"_monsterinsights_sitenote_note":"","_monsterinsights_sitenote_category":0,"footnotes":""},"categories":[11,24],"tags":[],"class_list":["post-21552","post","type-post","status-publish","format-standard","has-post-thumbnail","hentry","category-noticias","category-quintana-roo"],"yoast_head":"<!-- This site is optimized with the Yoast SEO plugin v18.3 - https:\/\/yoast.com\/wordpress\/plugins\/seo\/ -->\n<title>Inicia en Felipe Carrillo Puerto la construcci\u00f3n del Mercado P\u00fablico Municipal para fortalecer la econom\u00eda y la prosperidad compartida - El Puuc Noticias<\/title>\n<meta name=\"robots\" content=\"index, follow, max-snippet:-1, max-image-preview:large, max-video-preview:-1\" \/>\n<link rel=\"canonical\" href=\"https:\/\/elpuucnoticias.com\/?p=21552\" \/>\n<meta property=\"og:locale\" content=\"es_ES\" \/>\n<meta property=\"og:type\" content=\"article\" \/>\n<meta property=\"og:title\" content=\"Inicia en Felipe Carrillo Puerto la construcci\u00f3n del Mercado P\u00fablico Municipal para fortalecer la econom\u00eda y la prosperidad compartida - El Puuc Noticias\" \/>\n<meta property=\"og:description\" content=\"Con una inversi\u00f3n municipal superior a los 26 millones de pesos, comenz\u00f3 la construcci\u00f3n del nuevo mercado p\u00fablico\" \/>\n<meta property=\"og:url\" content=\"https:\/\/elpuucnoticias.com\/?p=21552\" \/>\n<meta property=\"og:site_name\" content=\"El Puuc Noticias\" \/>\n<meta property=\"article:published_time\" content=\"2025-10-16T21:38:37+00:00\" \/>\n<meta property=\"article:modified_time\" content=\"2025-10-16T21:38:38+00:00\" \/>\n<meta property=\"og:image\" content=\"https:\/\/elpuucnoticias.com\/wp-content\/uploads\/2025\/10\/f9397d02-d3ad-4866-8a20-7de6a1ddc61f.jpg\" \/>\n\t<meta property=\"og:image:width\" content=\"1280\" \/>\n\t<meta property=\"og:image:height\" content=\"854\" \/>\n\t<meta property=\"og:image:type\" content=\"image\/jpeg\" \/>\n<meta name=\"twitter:card\" content=\"summary_large_image\" \/>\n<meta name=\"twitter:label1\" content=\"Escrito por\" \/>\n\t<meta name=\"twitter:data1\" content=\"elpuucnoticias\" \/>\n\t<meta name=\"twitter:label2\" content=\"Tiempo de lectura\" \/>\n\t<meta name=\"twitter:data2\" content=\"1 minuto\" \/>\n<script type=\"application\/ld+json\" class=\"yoast-schema-graph\">{\"@context\":\"https:\/\/schema.org\",\"@graph\":[{\"@type\":\"WebSite\",\"@id\":\"https:\/\/elpuucnoticias.com\/#website\",\"url\":\"https:\/\/elpuucnoticias.com\/\",\"name\":\"El Puuc Noticias\",\"description\":\"Noticias - Entretenimiento - Deportes\",\"potentialAction\":[{\"@type\":\"SearchAction\",\"target\":{\"@type\":\"EntryPoint\",\"urlTemplate\":\"https:\/\/elpuucnoticias.com\/?s={search_term_string}\"},\"query-input\":\"required name=search_term_string\"}],\"inLanguage\":\"es\"},{\"@type\":\"ImageObject\",\"@id\":\"https:\/\/elpuucnoticias.com\/?p=21552#primaryimage\",\"inLanguage\":\"es\",\"url\":\"https:\/\/elpuucnoticias.com\/wp-content\/uploads\/2025\/10\/f9397d02-d3ad-4866-8a20-7de6a1ddc61f.jpg\",\"contentUrl\":\"https:\/\/elpuucnoticias.com\/wp-content\/uploads\/2025\/10\/f9397d02-d3ad-4866-8a20-7de6a1ddc61f.jpg\",\"width\":1280,\"height\":854},{\"@type\":\"WebPage\",\"@id\":\"https:\/\/elpuucnoticias.com\/?p=21552#webpage\",\"url\":\"https:\/\/elpuucnoticias.com\/?p=21552\",\"name\":\"Inicia en Felipe Carrillo Puerto la construcci\u00f3n del Mercado P\u00fablico Municipal para fortalecer la econom\u00eda y la prosperidad compartida - El Puuc Noticias\",\"isPartOf\":{\"@id\":\"https:\/\/elpuucnoticias.com\/#website\"},\"primaryImageOfPage\":{\"@id\":\"https:\/\/elpuucnoticias.com\/?p=21552#primaryimage\"},\"datePublished\":\"2025-10-16T21:38:37+00:00\",\"dateModified\":\"2025-10-16T21:38:38+00:00\",\"author\":{\"@id\":\"https:\/\/elpuucnoticias.com\/#\/schema\/person\/d2ea09e4c97f0160b11cdfb1d856bd9e\"},\"breadcrumb\":{\"@id\":\"https:\/\/elpuucnoticias.com\/?p=21552#breadcrumb\"},\"inLanguage\":\"es\",\"potentialAction\":[{\"@type\":\"ReadAction\",\"target\":[\"https:\/\/elpuucnoticias.com\/?p=21552\"]}]},{\"@type\":\"BreadcrumbList\",\"@id\":\"https:\/\/elpuucnoticias.com\/?p=21552#breadcrumb\",\"itemListElement\":[{\"@type\":\"ListItem\",\"position\":1,\"name\":\"Portada\",\"item\":\"https:\/\/elpuucnoticias.com\/\"},{\"@type\":\"ListItem\",\"position\":2,\"name\":\"Inicia en Felipe Carrillo Puerto la construcci\u00f3n del Mercado P\u00fablico Municipal para fortalecer la econom\u00eda y la prosperidad compartida\"}]},{\"@type\":\"Person\",\"@id\":\"https:\/\/elpuucnoticias.com\/#\/schema\/person\/d2ea09e4c97f0160b11cdfb1d856bd9e\",\"name\":\"elpuucnoticias\",\"image\":{\"@type\":\"ImageObject\",\"@id\":\"https:\/\/elpuucnoticias.com\/#personlogo\",\"inLanguage\":\"es\",\"url\":\"https:\/\/secure.gravatar.com\/avatar\/5290a43657c74ffa15701dbe5b846bd85cc71930d803c84e91046a7333de6ce2?s=96&d=mm&r=g\",\"contentUrl\":\"https:\/\/secure.gravatar.com\/avatar\/5290a43657c74ffa15701dbe5b846bd85cc71930d803c84e91046a7333de6ce2?s=96&d=mm&r=g\",\"caption\":\"elpuucnoticias\"},\"sameAs\":[\"https:\/\/elpuucnoticias.com\"],\"url\":\"https:\/\/elpuucnoticias.com\/?author=1\"}]}<\/script>\n<!-- \/ Yoast SEO plugin. -->","yoast_head_json":{"title":"Inicia en Felipe Carrillo Puerto la construcci\u00f3n del Mercado P\u00fablico Municipal para fortalecer la econom\u00eda y la prosperidad compartida - El Puuc Noticias","robots":{"index":"index","follow":"follow","max-snippet":"max-snippet:-1","max-image-preview":"max-image-preview:large","max-video-preview":"max-video-preview:-1"},"canonical":"https:\/\/elpuucnoticias.com\/?p=21552","og_locale":"es_ES","og_type":"article","og_title":"Inicia en Felipe Carrillo Puerto la construcci\u00f3n del Mercado P\u00fablico Municipal para fortalecer la econom\u00eda y la prosperidad compartida - El Puuc Noticias","og_description":"Con una inversi\u00f3n municipal superior a los 26 millones de pesos, comenz\u00f3 la construcci\u00f3n del nuevo mercado p\u00fablico","og_url":"https:\/\/elpuucnoticias.com\/?p=21552","og_site_name":"El Puuc Noticias","article_published_time":"2025-10-16T21:38:37+00:00","article_modified_time":"2025-10-16T21:38:38+00:00","og_image":[{"width":1280,"height":854,"url":"https:\/\/elpuucnoticias.com\/wp-content\/uploads\/2025\/10\/f9397d02-d3ad-4866-8a20-7de6a1ddc61f.jpg","type":"image\/jpeg"}],"twitter_card":"summary_large_image","twitter_misc":{"Escrito por":"elpuucnoticias","Tiempo de lectura":"1 minuto"},"schema":{"@context":"https:\/\/schema.org","@graph":[{"@type":"WebSite","@id":"https:\/\/elpuucnoticias.com\/#website","url":"https:\/\/elpuucnoticias.com\/","name":"El Puuc Noticias","description":"Noticias - Entretenimiento - Deportes","potentialAction":[{"@type":"SearchAction","target":{"@type":"EntryPoint","urlTemplate":"https:\/\/elpuucnoticias.com\/?s={search_term_string}"},"query-input":"required name=search_term_string"}],"inLanguage":"es"},{"@type":"ImageObject","@id":"https:\/\/elpuucnoticias.com\/?p=21552#primaryimage","inLanguage":"es","url":"https:\/\/elpuucnoticias.com\/wp-content\/uploads\/2025\/10\/f9397d02-d3ad-4866-8a20-7de6a1ddc61f.jpg","contentUrl":"https:\/\/elpuucnoticias.com\/wp-content\/uploads\/2025\/10\/f9397d02-d3ad-4866-8a20-7de6a1ddc61f.jpg","width":1280,"height":854},{"@type":"WebPage","@id":"https:\/\/elpuucnoticias.com\/?p=21552#webpage","url":"https:\/\/elpuucnoticias.com\/?p=21552","name":"Inicia en Felipe Carrillo Puerto la construcci\u00f3n del Mercado P\u00fablico Municipal para fortalecer la econom\u00eda y la prosperidad compartida - El Puuc Noticias","isPartOf":{"@id":"https:\/\/elpuucnoticias.com\/#website"},"primaryImageOfPage":{"@id":"https:\/\/elpuucnoticias.com\/?p=21552#primaryimage"},"datePublished":"2025-10-16T21:38:37+00:00","dateModified":"2025-10-16T21:38:38+00:00","author":{"@id":"https:\/\/elpuucnoticias.com\/#\/schema\/person\/d2ea09e4c97f0160b11cdfb1d856bd9e"},"breadcrumb":{"@id":"https:\/\/elpuucnoticias.com\/?p=21552#breadcrumb"},"inLanguage":"es","potentialAction":[{"@type":"ReadAction","target":["https:\/\/elpuucnoticias.com\/?p=21552"]}]},{"@type":"BreadcrumbList","@id":"https:\/\/elpuucnoticias.com\/?p=21552#breadcrumb","itemListElement":[{"@type":"ListItem","position":1,"name":"Portada","item":"https:\/\/elpuucnoticias.com\/"},{"@type":"ListItem","position":2,"name":"Inicia en Felipe Carrillo Puerto la construcci\u00f3n del Mercado P\u00fablico Municipal para fortalecer la econom\u00eda y la prosperidad compartida"}]},{"@type":"Person","@id":"https:\/\/elpuucnoticias.com\/#\/schema\/person\/d2ea09e4c97f0160b11cdfb1d856bd9e","name":"elpuucnoticias","image":{"@type":"ImageObject","@id":"https:\/\/elpuucnoticias.com\/#personlogo","inLanguage":"es","url":"https:\/\/secure.gravatar.com\/avatar\/5290a43657c74ffa15701dbe5b846bd85cc71930d803c84e91046a7333de6ce2?s=96&d=mm&r=g","contentUrl":"https:\/\/secure.gravatar.com\/avatar\/5290a43657c74ffa15701dbe5b846bd85cc71930d803c84e91046a7333de6ce2?s=96&d=mm&r=g","caption":"elpuucnoticias"},"sameAs":["https:\/\/elpuucnoticias.com"],"url":"https:\/\/elpuucnoticias.com\/?author=1"}]}},"_links":{"self":[{"href":"https:\/\/elpuucnoticias.com\/index.php?rest_route=\/wp\/v2\/posts\/21552","targetHints":{"allow":["GET"]}}],"collection":[{"href":"https:\/\/elpuucnoticias.com\/index.php?rest_route=\/wp\/v2\/posts"}],"about":[{"href":"https:\/\/elpuucnoticias.com\/index.php?rest_route=\/wp\/v2\/types\/post"}],"author":[{"embeddable":true,"href":"https:\/\/elpuucnoticias.com\/index.php?rest_route=\/wp\/v2\/users\/1"}],"replies":[{"embeddable":true,"href":"https:\/\/elpuucnoticias.com\/index.php?rest_route=%2Fwp%2Fv2%2Fcomments&post=21552"}],"version-history":[{"count":1,"href":"https:\/\/elpuucnoticias.com\/index.php?rest_route=\/wp\/v2\/posts\/21552\/revisions"}],"predecessor-version":[{"id":21554,"href":"https:\/\/elpuucnoticias.com\/index.php?rest_route=\/wp\/v2\/posts\/21552\/revisions\/21554"}],"wp:featuredmedia":[{"embeddable":true,"href":"https:\/\/elpuucnoticias.com\/index.php?rest_route=\/wp\/v2\/media\/21553"}],"wp:attachment":[{"href":"https:\/\/elpuucnoticias.com\/index.php?rest_route=%2Fwp%2Fv2%2Fmedia&parent=21552"}],"wp:term":[{"taxonomy":"category","embeddable":true,"href":"https:\/\/elpuucnoticias.com\/index.php?rest_route=%2Fwp%2Fv2%2Fcategories&post=21552"},{"taxonomy":"post_tag","embeddable":true,"href":"https:\/\/elpuucnoticias.com\/index.php?rest_route=%2Fwp%2Fv2%2Ftags&post=21552"}],"curies":[{"name":"wp","href":"https:\/\/api.w.org\/{rel}","templated":true}]}}