{"id":21555,"date":"2025-10-16T15:42:10","date_gmt":"2025-10-16T21:42:10","guid":{"rendered":"https:\/\/elpuucnoticias.com\/?p=21555"},"modified":"2025-10-16T15:42:11","modified_gmt":"2025-10-16T21:42:11","slug":"realiza-sefiplan-segunda-subasta-publica-presencial-a-martillo-de-vehiculos-del-gobierno-del-estado","status":"publish","type":"post","link":"https:\/\/elpuucnoticias.com\/?p=21555","title":{"rendered":"Realiza SEFIPLAN Segunda Subasta P\u00fablica Presencial a Martillo de Veh\u00edculos del Gobierno del Estado"},"content":{"rendered":"\n<p>La Secretar\u00eda de Finanzas y Planeaci\u00f3n (SEFIPLAN), a trav\u00e9s de la Oficial\u00eda Mayor y la Direcci\u00f3n de Administraci\u00f3n de Bienes y Servicios, llev\u00f3 a cabo la Segunda Subasta P\u00fablica Presencial a Martillo de Veh\u00edculos propiedad del Gobierno del Estado de Quintana Roo, este 15 de octubre, en el Sal\u00f3n Bellavista, en la ciudad de Chetumal.<\/p>\n\n\n\n<figure class=\"wp-block-image is-style-default\"><a href=\"https:\/\/cgc.qroo.gob.mx\/cjg\/wp-content\/uploads\/2025\/10\/88ca2dd3-efa2-4f58-bdb6-d212246abb92.jpg\"><img decoding=\"async\" src=\"https:\/\/cgc.qroo.gob.mx\/cjg\/wp-content\/uploads\/2025\/10\/88ca2dd3-efa2-4f58-bdb6-d212246abb92-585x294.jpg\" alt=\"\" title=\"88ca2dd3-efa2-4f58-bdb6-d212246abb92\"\/><\/a><\/figure>\n\n\n\n<p>Durante el evento se subastaron 235 partidas, que incluyeron 211 veh\u00edculos y 24 lotes de desecho ferroso, pertenecientes a diversas dependencias estatales como CAPA, SESA, IFEQROO, DIF, IMOVEQROO, CODEQ y SEQ, entre otras.<\/p>\n\n\n\n<figure class=\"wp-block-image is-style-default\"><a href=\"https:\/\/cgc.qroo.gob.mx\/cjg\/wp-content\/uploads\/2025\/10\/2a5dc56d-10cf-404e-8287-9b7857d39b06.jpg\"><img decoding=\"async\" src=\"https:\/\/cgc.qroo.gob.mx\/cjg\/wp-content\/uploads\/2025\/10\/2a5dc56d-10cf-404e-8287-9b7857d39b06-585x360.jpg\" alt=\"\" title=\"2a5dc56d-10cf-404e-8287-9b7857d39b06\"\/><\/a><\/figure>\n\n\n\n<p>Martha Parroqu\u00edn dio el martillazo inicial y destac\u00f3 que con esta subasta de veh\u00edculos usados se cumple con el Nuevo Acuerdo por el Bienestar y Desarrollo de Quintana Roo, impulsado por la gobernadora Mara Lezama. Con estas acciones, el Gobierno del Estado reafirma su compromiso con un manejo honesto, transparente y eficiente de los bienes p\u00fablicos, garantizando procesos abiertos a la ciudadan\u00eda y en estricto apego a la normatividad vigente.<\/p>\n\n\n\n<figure class=\"wp-block-image is-style-default\"><a href=\"https:\/\/cgc.qroo.gob.mx\/cjg\/wp-content\/uploads\/2025\/10\/5e46d416-0ce0-4d68-87f3-61da34256571.jpg\"><img decoding=\"async\" src=\"https:\/\/cgc.qroo.gob.mx\/cjg\/wp-content\/uploads\/2025\/10\/5e46d416-0ce0-4d68-87f3-61da34256571-585x336.jpg\" alt=\"\" title=\"5e46d416-0ce0-4d68-87f3-61da34256571\"\/><\/a><\/figure>\n\n\n\n<p>Al acto asistieron autoridades estatales: Adri\u00e1n D\u00edaz Villanueva, Oficial Mayor de SEFIPLAN; Amadeo Condado Espinoza, Procurador Fiscal del Estado de Quintana Roo; Obet Gonz\u00e1lez Pe\u00f1a, Titular del OIC de SEFIPLAN; Norman Alejandro El\u00edas Angulo, Director de Administraci\u00f3n de Bienes y Servicios; y \u00d3scar Enrique de Luna Reyes, Subdirector de Inventarios.<\/p>\n\n\n\n<figure class=\"wp-block-image is-style-default\"><a href=\"https:\/\/cgc.qroo.gob.mx\/cjg\/wp-content\/uploads\/2025\/10\/23c8d823-f18e-46f8-9a5b-0c160d3dbfaa.jpg\"><img decoding=\"async\" src=\"https:\/\/cgc.qroo.gob.mx\/cjg\/wp-content\/uploads\/2025\/10\/23c8d823-f18e-46f8-9a5b-0c160d3dbfaa-585x383.jpg\" alt=\"\" title=\"23c8d823-f18e-46f8-9a5b-0c160d3dbfaa\"\/><\/a><\/figure>\n\n\n\n<p>Para participar en la subasta se inscribieron 77 postores, entre ellos personas de la localidad, de otros municipios y de distintos estados. La entrega de las unidades adjudicadas se realizar\u00e1 del 16 al 31 de octubre de 2025, conforme al calendario establecido por la Direcci\u00f3n de Administraci\u00f3n de Bienes y Servicios.<\/p>\n","protected":false},"excerpt":{"rendered":"<p>La Secretar\u00eda de Finanzas y Planeaci\u00f3n (SEFIPLAN), a trav\u00e9s de la Oficial\u00eda Mayor y la Direcci\u00f3n de Administraci\u00f3n<\/p>\n","protected":false},"author":1,"featured_media":21556,"comment_status":"closed","ping_status":"open","sticky":false,"template":"","format":"standard","meta":{"_monsterinsights_skip_tracking":false,"_monsterinsights_sitenote_active":false,"_monsterinsights_sitenote_note":"","_monsterinsights_sitenote_category":0,"footnotes":""},"categories":[11,24],"tags":[],"class_list":["post-21555","post","type-post","status-publish","format-standard","has-post-thumbnail","hentry","category-noticias","category-quintana-roo"],"yoast_head":"<!-- This site is optimized with the Yoast SEO plugin v18.3 - https:\/\/yoast.com\/wordpress\/plugins\/seo\/ -->\n<title>Realiza SEFIPLAN Segunda Subasta P\u00fablica Presencial a Martillo de Veh\u00edculos del Gobierno del Estado - El Puuc Noticias<\/title>\n<meta name=\"robots\" content=\"index, follow, max-snippet:-1, max-image-preview:large, max-video-preview:-1\" \/>\n<link rel=\"canonical\" href=\"https:\/\/elpuucnoticias.com\/?p=21555\" \/>\n<meta property=\"og:locale\" content=\"es_ES\" \/>\n<meta property=\"og:type\" content=\"article\" \/>\n<meta property=\"og:title\" content=\"Realiza SEFIPLAN Segunda Subasta P\u00fablica Presencial a Martillo de Veh\u00edculos del Gobierno del Estado - El Puuc Noticias\" \/>\n<meta property=\"og:description\" content=\"La Secretar\u00eda de Finanzas y Planeaci\u00f3n (SEFIPLAN), a trav\u00e9s de la Oficial\u00eda Mayor y la Direcci\u00f3n de Administraci\u00f3n\" \/>\n<meta property=\"og:url\" content=\"https:\/\/elpuucnoticias.com\/?p=21555\" \/>\n<meta property=\"og:site_name\" content=\"El Puuc Noticias\" \/>\n<meta property=\"article:published_time\" content=\"2025-10-16T21:42:10+00:00\" \/>\n<meta property=\"article:modified_time\" content=\"2025-10-16T21:42:11+00:00\" \/>\n<meta property=\"og:image\" content=\"https:\/\/elpuucnoticias.com\/wp-content\/uploads\/2025\/10\/7ab4fe81-9d40-48dc-9d86-a0deeb469068.jpg\" \/>\n\t<meta property=\"og:image:width\" content=\"1406\" \/>\n\t<meta property=\"og:image:height\" content=\"764\" \/>\n\t<meta property=\"og:image:type\" content=\"image\/jpeg\" \/>\n<meta name=\"twitter:card\" content=\"summary_large_image\" \/>\n<meta name=\"twitter:label1\" content=\"Escrito por\" \/>\n\t<meta name=\"twitter:data1\" content=\"elpuucnoticias\" \/>\n\t<meta name=\"twitter:label2\" content=\"Tiempo de lectura\" \/>\n\t<meta name=\"twitter:data2\" content=\"1 minuto\" \/>\n<script type=\"application\/ld+json\" class=\"yoast-schema-graph\">{\"@context\":\"https:\/\/schema.org\",\"@graph\":[{\"@type\":\"WebSite\",\"@id\":\"https:\/\/elpuucnoticias.com\/#website\",\"url\":\"https:\/\/elpuucnoticias.com\/\",\"name\":\"El Puuc Noticias\",\"description\":\"Noticias - Entretenimiento - Deportes\",\"potentialAction\":[{\"@type\":\"SearchAction\",\"target\":{\"@type\":\"EntryPoint\",\"urlTemplate\":\"https:\/\/elpuucnoticias.com\/?s={search_term_string}\"},\"query-input\":\"required name=search_term_string\"}],\"inLanguage\":\"es\"},{\"@type\":\"ImageObject\",\"@id\":\"https:\/\/elpuucnoticias.com\/?p=21555#primaryimage\",\"inLanguage\":\"es\",\"url\":\"https:\/\/elpuucnoticias.com\/wp-content\/uploads\/2025\/10\/7ab4fe81-9d40-48dc-9d86-a0deeb469068.jpg\",\"contentUrl\":\"https:\/\/elpuucnoticias.com\/wp-content\/uploads\/2025\/10\/7ab4fe81-9d40-48dc-9d86-a0deeb469068.jpg\",\"width\":1406,\"height\":764},{\"@type\":\"WebPage\",\"@id\":\"https:\/\/elpuucnoticias.com\/?p=21555#webpage\",\"url\":\"https:\/\/elpuucnoticias.com\/?p=21555\",\"name\":\"Realiza SEFIPLAN Segunda Subasta P\u00fablica Presencial a Martillo de Veh\u00edculos del Gobierno del Estado - El Puuc Noticias\",\"isPartOf\":{\"@id\":\"https:\/\/elpuucnoticias.com\/#website\"},\"primaryImageOfPage\":{\"@id\":\"https:\/\/elpuucnoticias.com\/?p=21555#primaryimage\"},\"datePublished\":\"2025-10-16T21:42:10+00:00\",\"dateModified\":\"2025-10-16T21:42:11+00:00\",\"author\":{\"@id\":\"https:\/\/elpuucnoticias.com\/#\/schema\/person\/d2ea09e4c97f0160b11cdfb1d856bd9e\"},\"breadcrumb\":{\"@id\":\"https:\/\/elpuucnoticias.com\/?p=21555#breadcrumb\"},\"inLanguage\":\"es\",\"potentialAction\":[{\"@type\":\"ReadAction\",\"target\":[\"https:\/\/elpuucnoticias.com\/?p=21555\"]}]},{\"@type\":\"BreadcrumbList\",\"@id\":\"https:\/\/elpuucnoticias.com\/?p=21555#breadcrumb\",\"itemListElement\":[{\"@type\":\"ListItem\",\"position\":1,\"name\":\"Portada\",\"item\":\"https:\/\/elpuucnoticias.com\/\"},{\"@type\":\"ListItem\",\"position\":2,\"name\":\"Realiza SEFIPLAN Segunda Subasta P\u00fablica Presencial a Martillo de Veh\u00edculos del Gobierno del Estado\"}]},{\"@type\":\"Person\",\"@id\":\"https:\/\/elpuucnoticias.com\/#\/schema\/person\/d2ea09e4c97f0160b11cdfb1d856bd9e\",\"name\":\"elpuucnoticias\",\"image\":{\"@type\":\"ImageObject\",\"@id\":\"https:\/\/elpuucnoticias.com\/#personlogo\",\"inLanguage\":\"es\",\"url\":\"https:\/\/secure.gravatar.com\/avatar\/5290a43657c74ffa15701dbe5b846bd85cc71930d803c84e91046a7333de6ce2?s=96&d=mm&r=g\",\"contentUrl\":\"https:\/\/secure.gravatar.com\/avatar\/5290a43657c74ffa15701dbe5b846bd85cc71930d803c84e91046a7333de6ce2?s=96&d=mm&r=g\",\"caption\":\"elpuucnoticias\"},\"sameAs\":[\"https:\/\/elpuucnoticias.com\"],\"url\":\"https:\/\/elpuucnoticias.com\/?author=1\"}]}<\/script>\n<!-- \/ Yoast SEO plugin. -->","yoast_head_json":{"title":"Realiza SEFIPLAN Segunda Subasta P\u00fablica Presencial a Martillo de Veh\u00edculos del Gobierno del Estado - El Puuc Noticias","robots":{"index":"index","follow":"follow","max-snippet":"max-snippet:-1","max-image-preview":"max-image-preview:large","max-video-preview":"max-video-preview:-1"},"canonical":"https:\/\/elpuucnoticias.com\/?p=21555","og_locale":"es_ES","og_type":"article","og_title":"Realiza SEFIPLAN Segunda Subasta P\u00fablica Presencial a Martillo de Veh\u00edculos del Gobierno del Estado - El Puuc Noticias","og_description":"La Secretar\u00eda de Finanzas y Planeaci\u00f3n (SEFIPLAN), a trav\u00e9s de la Oficial\u00eda Mayor y la Direcci\u00f3n de Administraci\u00f3n","og_url":"https:\/\/elpuucnoticias.com\/?p=21555","og_site_name":"El Puuc Noticias","article_published_time":"2025-10-16T21:42:10+00:00","article_modified_time":"2025-10-16T21:42:11+00:00","og_image":[{"width":1406,"height":764,"url":"https:\/\/elpuucnoticias.com\/wp-content\/uploads\/2025\/10\/7ab4fe81-9d40-48dc-9d86-a0deeb469068.jpg","type":"image\/jpeg"}],"twitter_card":"summary_large_image","twitter_misc":{"Escrito por":"elpuucnoticias","Tiempo de lectura":"1 minuto"},"schema":{"@context":"https:\/\/schema.org","@graph":[{"@type":"WebSite","@id":"https:\/\/elpuucnoticias.com\/#website","url":"https:\/\/elpuucnoticias.com\/","name":"El Puuc Noticias","description":"Noticias - Entretenimiento - Deportes","potentialAction":[{"@type":"SearchAction","target":{"@type":"EntryPoint","urlTemplate":"https:\/\/elpuucnoticias.com\/?s={search_term_string}"},"query-input":"required name=search_term_string"}],"inLanguage":"es"},{"@type":"ImageObject","@id":"https:\/\/elpuucnoticias.com\/?p=21555#primaryimage","inLanguage":"es","url":"https:\/\/elpuucnoticias.com\/wp-content\/uploads\/2025\/10\/7ab4fe81-9d40-48dc-9d86-a0deeb469068.jpg","contentUrl":"https:\/\/elpuucnoticias.com\/wp-content\/uploads\/2025\/10\/7ab4fe81-9d40-48dc-9d86-a0deeb469068.jpg","width":1406,"height":764},{"@type":"WebPage","@id":"https:\/\/elpuucnoticias.com\/?p=21555#webpage","url":"https:\/\/elpuucnoticias.com\/?p=21555","name":"Realiza SEFIPLAN Segunda Subasta P\u00fablica Presencial a Martillo de Veh\u00edculos del Gobierno del Estado - El Puuc Noticias","isPartOf":{"@id":"https:\/\/elpuucnoticias.com\/#website"},"primaryImageOfPage":{"@id":"https:\/\/elpuucnoticias.com\/?p=21555#primaryimage"},"datePublished":"2025-10-16T21:42:10+00:00","dateModified":"2025-10-16T21:42:11+00:00","author":{"@id":"https:\/\/elpuucnoticias.com\/#\/schema\/person\/d2ea09e4c97f0160b11cdfb1d856bd9e"},"breadcrumb":{"@id":"https:\/\/elpuucnoticias.com\/?p=21555#breadcrumb"},"inLanguage":"es","potentialAction":[{"@type":"ReadAction","target":["https:\/\/elpuucnoticias.com\/?p=21555"]}]},{"@type":"BreadcrumbList","@id":"https:\/\/elpuucnoticias.com\/?p=21555#breadcrumb","itemListElement":[{"@type":"ListItem","position":1,"name":"Portada","item":"https:\/\/elpuucnoticias.com\/"},{"@type":"ListItem","position":2,"name":"Realiza SEFIPLAN Segunda Subasta P\u00fablica Presencial a Martillo de Veh\u00edculos del Gobierno del Estado"}]},{"@type":"Person","@id":"https:\/\/elpuucnoticias.com\/#\/schema\/person\/d2ea09e4c97f0160b11cdfb1d856bd9e","name":"elpuucnoticias","image":{"@type":"ImageObject","@id":"https:\/\/elpuucnoticias.com\/#personlogo","inLanguage":"es","url":"https:\/\/secure.gravatar.com\/avatar\/5290a43657c74ffa15701dbe5b846bd85cc71930d803c84e91046a7333de6ce2?s=96&d=mm&r=g","contentUrl":"https:\/\/secure.gravatar.com\/avatar\/5290a43657c74ffa15701dbe5b846bd85cc71930d803c84e91046a7333de6ce2?s=96&d=mm&r=g","caption":"elpuucnoticias"},"sameAs":["https:\/\/elpuucnoticias.com"],"url":"https:\/\/elpuucnoticias.com\/?author=1"}]}},"_links":{"self":[{"href":"https:\/\/elpuucnoticias.com\/index.php?rest_route=\/wp\/v2\/posts\/21555","targetHints":{"allow":["GET"]}}],"collection":[{"href":"https:\/\/elpuucnoticias.com\/index.php?rest_route=\/wp\/v2\/posts"}],"about":[{"href":"https:\/\/elpuucnoticias.com\/index.php?rest_route=\/wp\/v2\/types\/post"}],"author":[{"embeddable":true,"href":"https:\/\/elpuucnoticias.com\/index.php?rest_route=\/wp\/v2\/users\/1"}],"replies":[{"embeddable":true,"href":"https:\/\/elpuucnoticias.com\/index.php?rest_route=%2Fwp%2Fv2%2Fcomments&post=21555"}],"version-history":[{"count":1,"href":"https:\/\/elpuucnoticias.com\/index.php?rest_route=\/wp\/v2\/posts\/21555\/revisions"}],"predecessor-version":[{"id":21557,"href":"https:\/\/elpuucnoticias.com\/index.php?rest_route=\/wp\/v2\/posts\/21555\/revisions\/21557"}],"wp:featuredmedia":[{"embeddable":true,"href":"https:\/\/elpuucnoticias.com\/index.php?rest_route=\/wp\/v2\/media\/21556"}],"wp:attachment":[{"href":"https:\/\/elpuucnoticias.com\/index.php?rest_route=%2Fwp%2Fv2%2Fmedia&parent=21555"}],"wp:term":[{"taxonomy":"category","embeddable":true,"href":"https:\/\/elpuucnoticias.com\/index.php?rest_route=%2Fwp%2Fv2%2Fcategories&post=21555"},{"taxonomy":"post_tag","embeddable":true,"href":"https:\/\/elpuucnoticias.com\/index.php?rest_route=%2Fwp%2Fv2%2Ftags&post=21555"}],"curies":[{"name":"wp","href":"https:\/\/api.w.org\/{rel}","templated":true}]}}