{"id":21558,"date":"2025-10-16T15:44:43","date_gmt":"2025-10-16T21:44:43","guid":{"rendered":"https:\/\/elpuucnoticias.com\/?p=21558"},"modified":"2025-10-16T15:44:43","modified_gmt":"2025-10-16T21:44:43","slug":"quintana-roo-y-unicef-fortalecen-la-proteccion-integral-de-la-ninez-con-nuevo-convenio-de-colaboracion","status":"publish","type":"post","link":"https:\/\/elpuucnoticias.com\/?p=21558","title":{"rendered":"Quintana Roo y UNICEF fortalecen la protecci\u00f3n integral de la ni\u00f1ez con nuevo convenio de colaboraci\u00f3n"},"content":{"rendered":"\n<p>En un paso firme hacia la protecci\u00f3n integral de la ni\u00f1ez y adolescencia, el gobierno de Quintana Roo y el Sistema DIF estatal firmaron un convenio de colaboraci\u00f3n con el Fondo de las Naciones Unidas para la Infancia (UNICEF), con el prop\u00f3sito de fortalecer acciones orientadas al respeto, garant\u00eda y promoci\u00f3n de los derechos de ni\u00f1as, ni\u00f1os y adolescentes.<\/p>\n\n\n\n<figure class=\"wp-block-image is-style-default\"><a href=\"https:\/\/cgc.qroo.gob.mx\/cjg\/wp-content\/uploads\/2025\/10\/5053908c-061a-4ca6-89e2-0c58887b1f3e.jpg\"><img decoding=\"async\" src=\"https:\/\/cgc.qroo.gob.mx\/cjg\/wp-content\/uploads\/2025\/10\/5053908c-061a-4ca6-89e2-0c58887b1f3e-585x390.jpg\" alt=\"\" title=\"5053908c-061a-4ca6-89e2-0c58887b1f3e\"\/><\/a><\/figure>\n\n\n\n<p>El acto se llev\u00f3 a cabo en el Auditorio del Complejo de Seguridad C5 de Canc\u00fan, con la presencia de la gobernadora Mara Lezama Espinosa y la presidenta honoraria del DIF Quintana Roo, Ver\u00f3nica Lezama Espinosa.<\/p>\n\n\n\n<p>Firmaron el convenio la gobernadora Mara Lezama Espinosa como testigo de honor; la presidenta honoraria del Sistema DIF Quintana Roo, Ver\u00f3nica Lezama Espinosa, y el representante de UNICEF, en M\u00e9xico, Luis Fernando Carrera Castro, quien destac\u00f3 que la semana pasada se estaba hablando de la educaci\u00f3n en ciencia, tecnolog\u00eda y matem\u00e1ticas para ni\u00f1as como una prioridad nacional para poder comenzar a superar la discriminaci\u00f3n, porque existe, que impide que muchas ni\u00f1as tengan esa capacidad de desarrollar su talento y su inter\u00e9s en la ciencia, la tecnolog\u00eda y las matem\u00e1ticas.<\/p>\n\n\n\n<figure class=\"wp-block-image is-style-default\"><a href=\"https:\/\/cgc.qroo.gob.mx\/cjg\/wp-content\/uploads\/2025\/10\/017f3f65-f3c2-4848-ae96-300461b0d697.jpg\"><img decoding=\"async\" src=\"https:\/\/cgc.qroo.gob.mx\/cjg\/wp-content\/uploads\/2025\/10\/017f3f65-f3c2-4848-ae96-300461b0d697-585x481.jpg\" alt=\"\" title=\"017f3f65-f3c2-4848-ae96-300461b0d697\"\/><\/a><\/figure>\n\n\n\n<p>Durante su intervenci\u00f3n, la gobernadora Mara Lezama subray\u00f3 la importancia de este acuerdo como una herramienta clave para sumar esfuerzos institucionales y sociales en favor del bienestar y desarrollo pleno de la ni\u00f1ez quintanarroense.<\/p>\n\n\n\n<p>\u201cEste convenio refleja nuestro compromiso con el desarrollo integral de ni\u00f1as, ni\u00f1os y adolescentes, colocando su bienestar en el centro de las pol\u00edticas p\u00fablicas. Trabajamos de la mano con UNICEF para garantizar un enfoque profesional y sensible que impulse su crecimiento, seguridad y felicidad\u201d, afirm\u00f3.<\/p>\n\n\n\n<p>A trav\u00e9s de esta colaboraci\u00f3n, se implementar\u00e1n foros, talleres, seminarios, capacitaciones y congresos enfocados en la protecci\u00f3n y promoci\u00f3n de los derechos de la infancia, as\u00ed como en la construcci\u00f3n de una sociedad m\u00e1s equitativa, justa e incluyente.<\/p>\n\n\n\n<figure class=\"wp-block-image is-style-default\"><a href=\"https:\/\/cgc.qroo.gob.mx\/cjg\/wp-content\/uploads\/2025\/10\/01f2bf01-b25c-4da3-af45-2dbeb6c6406d.jpg\"><img decoding=\"async\" src=\"https:\/\/cgc.qroo.gob.mx\/cjg\/wp-content\/uploads\/2025\/10\/01f2bf01-b25c-4da3-af45-2dbeb6c6406d-585x322.jpg\" alt=\"\" title=\"01f2bf01-b25c-4da3-af45-2dbeb6c6406d\"\/><\/a><\/figure>\n\n\n\n<p>La mandataria reiter\u00f3 que en este gobierno humanista, de coraz\u00f3n feminista y cercano a la gente, nadie se queda atr\u00e1s: \u201cEn Quintana Roo, las infancias est\u00e1n primero\u201d, puntualiz\u00f3.<\/p>\n\n\n\n<p>Por su parte, la presidenta honoraria del DIF Quintana Roo, Ver\u00f3nica Lezama Espinosa, destac\u00f3 que este convenio permitir\u00e1 dise\u00f1ar e implementar pol\u00edticas p\u00fablicas integrales en coordinaci\u00f3n con los tres niveles de gobierno y organismos internacionales.<\/p>\n\n\n\n<figure class=\"wp-block-image is-style-default\"><a href=\"https:\/\/cgc.qroo.gob.mx\/cjg\/wp-content\/uploads\/2025\/10\/7c74fcc3-e2de-4d9c-91ab-aeb337ae8781.jpg\"><img decoding=\"async\" src=\"https:\/\/cgc.qroo.gob.mx\/cjg\/wp-content\/uploads\/2025\/10\/7c74fcc3-e2de-4d9c-91ab-aeb337ae8781-585x390.jpg\" alt=\"\" title=\"7c74fcc3-e2de-4d9c-91ab-aeb337ae8781\"\/><\/a><\/figure>\n\n\n\n<p>\u201cNuestra misi\u00f3n es clara: garantizar que cada ni\u00f1a, ni\u00f1o y adolescente crezca en un entorno seguro, saludable, amoroso y con igualdad de oportunidades. Este acuerdo con UNICEF nos fortalece e inspira a seguir trabajando por y para ellos\u201d, subray\u00f3.<\/p>\n\n\n\n<p>El convenio se enmarca en el Programa de Pa\u00eds 2020\u20132025 acordado entre UNICEF y el Gobierno de M\u00e9xico, y contempla acciones estrat\u00e9gicas como el fortalecimiento de pol\u00edticas y servicios para la primera infancia, el impulso a los Centros de Atenci\u00f3n Integral (CIPIS) como espacios seguros, la colaboraci\u00f3n con la Procuradur\u00eda de Protecci\u00f3n de Ni\u00f1as, Ni\u00f1os y Adolescentes, y la promoci\u00f3n activa de la lactancia materna y de entornos alimentarios saludables.<\/p>\n\n\n\n<p>Asimismo, se fomentar\u00e1 la capacitaci\u00f3n para madres, padres y cuidadores, y el desarrollo de programas escolares de alimentaci\u00f3n y bienestar, que refuercen el acompa\u00f1amiento afectivo y respetuoso hacia la ni\u00f1ez.<\/p>\n\n\n\n<figure class=\"wp-block-image is-style-default\"><a href=\"https:\/\/cgc.qroo.gob.mx\/cjg\/wp-content\/uploads\/2025\/10\/3105edf8-6846-4ca6-aa81-166653c3b4ad.jpg\"><img decoding=\"async\" src=\"https:\/\/cgc.qroo.gob.mx\/cjg\/wp-content\/uploads\/2025\/10\/3105edf8-6846-4ca6-aa81-166653c3b4ad-585x390.jpg\" alt=\"\" title=\"3105edf8-6846-4ca6-aa81-166653c3b4ad\"\/><\/a><\/figure>\n\n\n\n<p>Este esfuerzo conjunto se alinea con los Objetivos de Desarrollo Sostenible (ODS) de la Agenda 2030 de las Naciones Unidas, especialmente los enfocados en salud, educaci\u00f3n, igualdad de g\u00e9nero y reducci\u00f3n de desigualdades, reafirmando el compromiso del Gobierno del Estado y del DIF Quintana Roo de construir un presente y un futuro con m\u00e1s oportunidades para todas las ni\u00f1as, ni\u00f1os y adolescentes.<\/p>\n","protected":false},"excerpt":{"rendered":"<p>En un paso firme hacia la protecci\u00f3n integral de la ni\u00f1ez y adolescencia, el gobierno de Quintana Roo<\/p>\n","protected":false},"author":1,"featured_media":21559,"comment_status":"closed","ping_status":"open","sticky":false,"template":"","format":"standard","meta":{"_monsterinsights_skip_tracking":false,"_monsterinsights_sitenote_active":false,"_monsterinsights_sitenote_note":"","_monsterinsights_sitenote_category":0,"footnotes":""},"categories":[11,24],"tags":[],"class_list":["post-21558","post","type-post","status-publish","format-standard","has-post-thumbnail","hentry","category-noticias","category-quintana-roo"],"yoast_head":"<!-- This site is optimized with the Yoast SEO plugin v18.3 - https:\/\/yoast.com\/wordpress\/plugins\/seo\/ -->\n<title>Quintana Roo y UNICEF fortalecen la protecci\u00f3n integral de la ni\u00f1ez con nuevo convenio de colaboraci\u00f3n - El Puuc Noticias<\/title>\n<meta name=\"robots\" content=\"index, follow, max-snippet:-1, max-image-preview:large, max-video-preview:-1\" \/>\n<link rel=\"canonical\" href=\"https:\/\/elpuucnoticias.com\/?p=21558\" \/>\n<meta property=\"og:locale\" content=\"es_ES\" \/>\n<meta property=\"og:type\" content=\"article\" \/>\n<meta property=\"og:title\" content=\"Quintana Roo y UNICEF fortalecen la protecci\u00f3n integral de la ni\u00f1ez con nuevo convenio de colaboraci\u00f3n - El Puuc Noticias\" \/>\n<meta property=\"og:description\" content=\"En un paso firme hacia la protecci\u00f3n integral de la ni\u00f1ez y adolescencia, el gobierno de Quintana Roo\" \/>\n<meta property=\"og:url\" content=\"https:\/\/elpuucnoticias.com\/?p=21558\" \/>\n<meta property=\"og:site_name\" content=\"El Puuc Noticias\" \/>\n<meta property=\"article:published_time\" content=\"2025-10-16T21:44:43+00:00\" \/>\n<meta property=\"og:image\" content=\"https:\/\/elpuucnoticias.com\/wp-content\/uploads\/2025\/10\/e130791e-7654-468e-86b3-025b820a00ec.jpg\" \/>\n\t<meta property=\"og:image:width\" content=\"1280\" \/>\n\t<meta property=\"og:image:height\" content=\"854\" \/>\n\t<meta property=\"og:image:type\" content=\"image\/jpeg\" \/>\n<meta name=\"twitter:card\" content=\"summary_large_image\" \/>\n<meta name=\"twitter:label1\" content=\"Escrito por\" \/>\n\t<meta name=\"twitter:data1\" content=\"elpuucnoticias\" \/>\n\t<meta name=\"twitter:label2\" content=\"Tiempo de lectura\" \/>\n\t<meta name=\"twitter:data2\" content=\"3 minutos\" \/>\n<script type=\"application\/ld+json\" class=\"yoast-schema-graph\">{\"@context\":\"https:\/\/schema.org\",\"@graph\":[{\"@type\":\"WebSite\",\"@id\":\"https:\/\/elpuucnoticias.com\/#website\",\"url\":\"https:\/\/elpuucnoticias.com\/\",\"name\":\"El Puuc Noticias\",\"description\":\"Noticias - Entretenimiento - Deportes\",\"potentialAction\":[{\"@type\":\"SearchAction\",\"target\":{\"@type\":\"EntryPoint\",\"urlTemplate\":\"https:\/\/elpuucnoticias.com\/?s={search_term_string}\"},\"query-input\":\"required name=search_term_string\"}],\"inLanguage\":\"es\"},{\"@type\":\"ImageObject\",\"@id\":\"https:\/\/elpuucnoticias.com\/?p=21558#primaryimage\",\"inLanguage\":\"es\",\"url\":\"https:\/\/elpuucnoticias.com\/wp-content\/uploads\/2025\/10\/e130791e-7654-468e-86b3-025b820a00ec.jpg\",\"contentUrl\":\"https:\/\/elpuucnoticias.com\/wp-content\/uploads\/2025\/10\/e130791e-7654-468e-86b3-025b820a00ec.jpg\",\"width\":1280,\"height\":854},{\"@type\":\"WebPage\",\"@id\":\"https:\/\/elpuucnoticias.com\/?p=21558#webpage\",\"url\":\"https:\/\/elpuucnoticias.com\/?p=21558\",\"name\":\"Quintana Roo y UNICEF fortalecen la protecci\u00f3n integral de la ni\u00f1ez con nuevo convenio de colaboraci\u00f3n - El Puuc Noticias\",\"isPartOf\":{\"@id\":\"https:\/\/elpuucnoticias.com\/#website\"},\"primaryImageOfPage\":{\"@id\":\"https:\/\/elpuucnoticias.com\/?p=21558#primaryimage\"},\"datePublished\":\"2025-10-16T21:44:43+00:00\",\"dateModified\":\"2025-10-16T21:44:43+00:00\",\"author\":{\"@id\":\"https:\/\/elpuucnoticias.com\/#\/schema\/person\/d2ea09e4c97f0160b11cdfb1d856bd9e\"},\"breadcrumb\":{\"@id\":\"https:\/\/elpuucnoticias.com\/?p=21558#breadcrumb\"},\"inLanguage\":\"es\",\"potentialAction\":[{\"@type\":\"ReadAction\",\"target\":[\"https:\/\/elpuucnoticias.com\/?p=21558\"]}]},{\"@type\":\"BreadcrumbList\",\"@id\":\"https:\/\/elpuucnoticias.com\/?p=21558#breadcrumb\",\"itemListElement\":[{\"@type\":\"ListItem\",\"position\":1,\"name\":\"Portada\",\"item\":\"https:\/\/elpuucnoticias.com\/\"},{\"@type\":\"ListItem\",\"position\":2,\"name\":\"Quintana Roo y UNICEF fortalecen la protecci\u00f3n integral de la ni\u00f1ez con nuevo convenio de colaboraci\u00f3n\"}]},{\"@type\":\"Person\",\"@id\":\"https:\/\/elpuucnoticias.com\/#\/schema\/person\/d2ea09e4c97f0160b11cdfb1d856bd9e\",\"name\":\"elpuucnoticias\",\"image\":{\"@type\":\"ImageObject\",\"@id\":\"https:\/\/elpuucnoticias.com\/#personlogo\",\"inLanguage\":\"es\",\"url\":\"https:\/\/secure.gravatar.com\/avatar\/5290a43657c74ffa15701dbe5b846bd85cc71930d803c84e91046a7333de6ce2?s=96&d=mm&r=g\",\"contentUrl\":\"https:\/\/secure.gravatar.com\/avatar\/5290a43657c74ffa15701dbe5b846bd85cc71930d803c84e91046a7333de6ce2?s=96&d=mm&r=g\",\"caption\":\"elpuucnoticias\"},\"sameAs\":[\"https:\/\/elpuucnoticias.com\"],\"url\":\"https:\/\/elpuucnoticias.com\/?author=1\"}]}<\/script>\n<!-- \/ Yoast SEO plugin. -->","yoast_head_json":{"title":"Quintana Roo y UNICEF fortalecen la protecci\u00f3n integral de la ni\u00f1ez con nuevo convenio de colaboraci\u00f3n - El Puuc Noticias","robots":{"index":"index","follow":"follow","max-snippet":"max-snippet:-1","max-image-preview":"max-image-preview:large","max-video-preview":"max-video-preview:-1"},"canonical":"https:\/\/elpuucnoticias.com\/?p=21558","og_locale":"es_ES","og_type":"article","og_title":"Quintana Roo y UNICEF fortalecen la protecci\u00f3n integral de la ni\u00f1ez con nuevo convenio de colaboraci\u00f3n - El Puuc Noticias","og_description":"En un paso firme hacia la protecci\u00f3n integral de la ni\u00f1ez y adolescencia, el gobierno de Quintana Roo","og_url":"https:\/\/elpuucnoticias.com\/?p=21558","og_site_name":"El Puuc Noticias","article_published_time":"2025-10-16T21:44:43+00:00","og_image":[{"width":1280,"height":854,"url":"https:\/\/elpuucnoticias.com\/wp-content\/uploads\/2025\/10\/e130791e-7654-468e-86b3-025b820a00ec.jpg","type":"image\/jpeg"}],"twitter_card":"summary_large_image","twitter_misc":{"Escrito por":"elpuucnoticias","Tiempo de lectura":"3 minutos"},"schema":{"@context":"https:\/\/schema.org","@graph":[{"@type":"WebSite","@id":"https:\/\/elpuucnoticias.com\/#website","url":"https:\/\/elpuucnoticias.com\/","name":"El Puuc Noticias","description":"Noticias - Entretenimiento - Deportes","potentialAction":[{"@type":"SearchAction","target":{"@type":"EntryPoint","urlTemplate":"https:\/\/elpuucnoticias.com\/?s={search_term_string}"},"query-input":"required name=search_term_string"}],"inLanguage":"es"},{"@type":"ImageObject","@id":"https:\/\/elpuucnoticias.com\/?p=21558#primaryimage","inLanguage":"es","url":"https:\/\/elpuucnoticias.com\/wp-content\/uploads\/2025\/10\/e130791e-7654-468e-86b3-025b820a00ec.jpg","contentUrl":"https:\/\/elpuucnoticias.com\/wp-content\/uploads\/2025\/10\/e130791e-7654-468e-86b3-025b820a00ec.jpg","width":1280,"height":854},{"@type":"WebPage","@id":"https:\/\/elpuucnoticias.com\/?p=21558#webpage","url":"https:\/\/elpuucnoticias.com\/?p=21558","name":"Quintana Roo y UNICEF fortalecen la protecci\u00f3n integral de la ni\u00f1ez con nuevo convenio de colaboraci\u00f3n - El Puuc Noticias","isPartOf":{"@id":"https:\/\/elpuucnoticias.com\/#website"},"primaryImageOfPage":{"@id":"https:\/\/elpuucnoticias.com\/?p=21558#primaryimage"},"datePublished":"2025-10-16T21:44:43+00:00","dateModified":"2025-10-16T21:44:43+00:00","author":{"@id":"https:\/\/elpuucnoticias.com\/#\/schema\/person\/d2ea09e4c97f0160b11cdfb1d856bd9e"},"breadcrumb":{"@id":"https:\/\/elpuucnoticias.com\/?p=21558#breadcrumb"},"inLanguage":"es","potentialAction":[{"@type":"ReadAction","target":["https:\/\/elpuucnoticias.com\/?p=21558"]}]},{"@type":"BreadcrumbList","@id":"https:\/\/elpuucnoticias.com\/?p=21558#breadcrumb","itemListElement":[{"@type":"ListItem","position":1,"name":"Portada","item":"https:\/\/elpuucnoticias.com\/"},{"@type":"ListItem","position":2,"name":"Quintana Roo y UNICEF fortalecen la protecci\u00f3n integral de la ni\u00f1ez con nuevo convenio de colaboraci\u00f3n"}]},{"@type":"Person","@id":"https:\/\/elpuucnoticias.com\/#\/schema\/person\/d2ea09e4c97f0160b11cdfb1d856bd9e","name":"elpuucnoticias","image":{"@type":"ImageObject","@id":"https:\/\/elpuucnoticias.com\/#personlogo","inLanguage":"es","url":"https:\/\/secure.gravatar.com\/avatar\/5290a43657c74ffa15701dbe5b846bd85cc71930d803c84e91046a7333de6ce2?s=96&d=mm&r=g","contentUrl":"https:\/\/secure.gravatar.com\/avatar\/5290a43657c74ffa15701dbe5b846bd85cc71930d803c84e91046a7333de6ce2?s=96&d=mm&r=g","caption":"elpuucnoticias"},"sameAs":["https:\/\/elpuucnoticias.com"],"url":"https:\/\/elpuucnoticias.com\/?author=1"}]}},"_links":{"self":[{"href":"https:\/\/elpuucnoticias.com\/index.php?rest_route=\/wp\/v2\/posts\/21558","targetHints":{"allow":["GET"]}}],"collection":[{"href":"https:\/\/elpuucnoticias.com\/index.php?rest_route=\/wp\/v2\/posts"}],"about":[{"href":"https:\/\/elpuucnoticias.com\/index.php?rest_route=\/wp\/v2\/types\/post"}],"author":[{"embeddable":true,"href":"https:\/\/elpuucnoticias.com\/index.php?rest_route=\/wp\/v2\/users\/1"}],"replies":[{"embeddable":true,"href":"https:\/\/elpuucnoticias.com\/index.php?rest_route=%2Fwp%2Fv2%2Fcomments&post=21558"}],"version-history":[{"count":1,"href":"https:\/\/elpuucnoticias.com\/index.php?rest_route=\/wp\/v2\/posts\/21558\/revisions"}],"predecessor-version":[{"id":21560,"href":"https:\/\/elpuucnoticias.com\/index.php?rest_route=\/wp\/v2\/posts\/21558\/revisions\/21560"}],"wp:featuredmedia":[{"embeddable":true,"href":"https:\/\/elpuucnoticias.com\/index.php?rest_route=\/wp\/v2\/media\/21559"}],"wp:attachment":[{"href":"https:\/\/elpuucnoticias.com\/index.php?rest_route=%2Fwp%2Fv2%2Fmedia&parent=21558"}],"wp:term":[{"taxonomy":"category","embeddable":true,"href":"https:\/\/elpuucnoticias.com\/index.php?rest_route=%2Fwp%2Fv2%2Fcategories&post=21558"},{"taxonomy":"post_tag","embeddable":true,"href":"https:\/\/elpuucnoticias.com\/index.php?rest_route=%2Fwp%2Fv2%2Ftags&post=21558"}],"curies":[{"name":"wp","href":"https:\/\/api.w.org\/{rel}","templated":true}]}}