{"id":21570,"date":"2025-10-16T15:54:33","date_gmt":"2025-10-16T21:54:33","guid":{"rendered":"https:\/\/elpuucnoticias.com\/?p=21570"},"modified":"2025-10-16T15:54:34","modified_gmt":"2025-10-16T21:54:34","slug":"participa-sema-en-la-tercera-sesion-ordinaria-de-la-comision-regional-de-cambio-climatico-de-la-peninsula-de-yucatan","status":"publish","type":"post","link":"https:\/\/elpuucnoticias.com\/?p=21570","title":{"rendered":"Participa SEMA en la Tercera Sesi\u00f3n Ordinaria de la Comisi\u00f3n Regional de Cambio Clim\u00e1tico de la Pen\u00ednsula de Yucat\u00e1n"},"content":{"rendered":"\n<p> <\/p>\n\n\n\n<p>Con el objetivo de consolidar alianzas regionales ante los retos ambientales y fortalecer acciones contra el cambio clim\u00e1tico, el Gobierno de Quintana Roo, a trav\u00e9s de la Secretar\u00eda de Ecolog\u00eda y Medio Ambiente, que encabeza \u00d3scar R\u00e9bora Aguilera, particip\u00f3 en la Tercera Sesi\u00f3n Ordinaria de la Comisi\u00f3n Regional de Cambio Clim\u00e1tico de la Pen\u00ednsula de Yucat\u00e1n, celebrada en la ciudad de Campeche.<\/p>\n\n\n\n<figure class=\"wp-block-image is-style-default\"><a href=\"https:\/\/cgc.qroo.gob.mx\/cjg\/wp-content\/uploads\/2025\/10\/WhatsApp-Image-2025-10-16-at-13.11.02-1.jpeg\"><img decoding=\"async\" src=\"https:\/\/cgc.qroo.gob.mx\/cjg\/wp-content\/uploads\/2025\/10\/WhatsApp-Image-2025-10-16-at-13.11.02-1-585x607.jpeg\" alt=\"\" title=\"WhatsApp Image 2025-10-16 at 13.11.02 (1)\"\/><\/a><\/figure>\n\n\n\n<p>Las acciones se enmarcan en el Nuevo Acuerdo por el Bienestar y Desarrollo de Quintana Roo, impulsado por la gobernadora Mara Lezama Espinosa, donde se trabaja de la mano con gobiernos estatales, organismos internacionales, instituciones acad\u00e9micas y organizaciones de la sociedad civil para construir una agenda clim\u00e1tica conjunta con justicia social.<\/p>\n\n\n\n<p>Entre los avances de Quintana Roo se resalt\u00f3 la consolidaci\u00f3n de instrumentos t\u00e9cnicos clave como el Programa Estatal de Acci\u00f3n ante el Cambio Clim\u00e1tico 2025\u20132035, el Inventario Estatal de Emisiones de Gases de Efecto Invernadero 2010\u20132023 y la actualizaci\u00f3n del Plan Estatal de Desarrollo 2023\u20132027, los cuales integran la sostenibilidad ambiental como eje transversal de las pol\u00edticas p\u00fablicas.<\/p>\n\n\n\n<figure class=\"wp-block-image is-style-default\"><a href=\"https:\/\/cgc.qroo.gob.mx\/cjg\/wp-content\/uploads\/2025\/10\/WhatsApp-Image-2025-10-16-at-13.11.02-3.jpeg\"><img decoding=\"async\" src=\"https:\/\/cgc.qroo.gob.mx\/cjg\/wp-content\/uploads\/2025\/10\/WhatsApp-Image-2025-10-16-at-13.11.02-3-585x543.jpeg\" alt=\"\" title=\"WhatsApp Image 2025-10-16 at 13.11.02 (3)\"\/><\/a><\/figure>\n\n\n\n<p>La Secretar\u00eda de Ecolog\u00eda y Medio Ambiente tambi\u00e9n particip\u00f3 en el Taller de Alianzas para el Territorio: Bioeconom\u00eda, Clima y Bosques de la Pen\u00ednsula de Yucat\u00e1n, convocado por Pronatura Pen\u00ednsula de Yucat\u00e1n A.C. y la Governors\u2019 Climate &amp; Forests Task Force (GCF Task Force), donde se reunieron representantes de los sectores ambiental y clim\u00e1tico de los tres estados, junto con instituciones y organizaciones de la sociedad civil, para construir una agenda regional hacia un modelo de desarrollo sostenible, resiliente y bajo en emisiones.<\/p>\n\n\n\n<figure class=\"wp-block-image is-style-default\"><a href=\"https:\/\/cgc.qroo.gob.mx\/cjg\/wp-content\/uploads\/2025\/10\/WhatsApp-Image-2025-10-16-at-13.11.03.jpeg\"><img decoding=\"async\" src=\"https:\/\/cgc.qroo.gob.mx\/cjg\/wp-content\/uploads\/2025\/10\/WhatsApp-Image-2025-10-16-at-13.11.03-585x275.jpeg\" alt=\"\" title=\"WhatsApp Image 2025-10-16 at 13.11.03\"\/><\/a><\/figure>\n\n\n\n<p>Durante el taller, Quintana Roo comparti\u00f3 sus avances y prioridades en materia de cambio clim\u00e1tico y bioeconom\u00eda, fortaleciendo la colaboraci\u00f3n regional que impulsa la conservaci\u00f3n de los bosques, la producci\u00f3n sustentable y el bienestar de las comunidades. A trav\u00e9s de mesas de trabajo sobre conservaci\u00f3n y restauraci\u00f3n; g\u00e9nero, juventud e inclusi\u00f3n; pol\u00edticas p\u00fablicas; producci\u00f3n sustentable y financiamiento, se generaron propuestas y alianzas estrat\u00e9gicas que fortalecen la acci\u00f3n clim\u00e1tica regional.<\/p>\n\n\n\n<figure class=\"wp-block-image is-style-default\"><a href=\"https:\/\/cgc.qroo.gob.mx\/cjg\/wp-content\/uploads\/2025\/10\/WhatsApp-Image-2025-10-16-at-13.11.02-2.jpeg\"><img decoding=\"async\" src=\"https:\/\/cgc.qroo.gob.mx\/cjg\/wp-content\/uploads\/2025\/10\/WhatsApp-Image-2025-10-16-at-13.11.02-2-585x439.jpeg\" alt=\"\" title=\"WhatsApp Image 2025-10-16 at 13.11.02 (2)\"\/><\/a><\/figure>\n\n\n\n<p>La cooperaci\u00f3n entre Campeche, Yucat\u00e1n y Quintana Roo es fundamental para construir una agenda clim\u00e1tica peninsular que promueva acciones coordinadas de mitigaci\u00f3n, conservaci\u00f3n y adaptaci\u00f3n al cambio clim\u00e1tico, bajo un enfoque sostenible y sustentable que contribuya al cumplimiento de la Agenda 2030 y el Acuerdo de Par\u00eds, fortaleciendo la cooperaci\u00f3n regional con visi\u00f3n, ciencia y justicia social.<\/p>\n","protected":false},"excerpt":{"rendered":"<p>Con el objetivo de consolidar alianzas regionales ante los retos ambientales y fortalecer acciones contra el cambio clim\u00e1tico,<\/p>\n","protected":false},"author":1,"featured_media":21571,"comment_status":"closed","ping_status":"open","sticky":false,"template":"","format":"standard","meta":{"_monsterinsights_skip_tracking":false,"_monsterinsights_sitenote_active":false,"_monsterinsights_sitenote_note":"","_monsterinsights_sitenote_category":0,"footnotes":""},"categories":[11,24],"tags":[],"class_list":["post-21570","post","type-post","status-publish","format-standard","has-post-thumbnail","hentry","category-noticias","category-quintana-roo"],"yoast_head":"<!-- This site is optimized with the Yoast SEO plugin v18.3 - https:\/\/yoast.com\/wordpress\/plugins\/seo\/ -->\n<title>Participa SEMA en la Tercera Sesi\u00f3n Ordinaria de la Comisi\u00f3n Regional de Cambio Clim\u00e1tico de la Pen\u00ednsula de Yucat\u00e1n - El Puuc Noticias<\/title>\n<meta name=\"robots\" content=\"index, follow, max-snippet:-1, max-image-preview:large, max-video-preview:-1\" \/>\n<link rel=\"canonical\" href=\"https:\/\/elpuucnoticias.com\/?p=21570\" \/>\n<meta property=\"og:locale\" content=\"es_ES\" \/>\n<meta property=\"og:type\" content=\"article\" \/>\n<meta property=\"og:title\" content=\"Participa SEMA en la Tercera Sesi\u00f3n Ordinaria de la Comisi\u00f3n Regional de Cambio Clim\u00e1tico de la Pen\u00ednsula de Yucat\u00e1n - El Puuc Noticias\" \/>\n<meta property=\"og:description\" content=\"Con el objetivo de consolidar alianzas regionales ante los retos ambientales y fortalecer acciones contra el cambio clim\u00e1tico,\" \/>\n<meta property=\"og:url\" content=\"https:\/\/elpuucnoticias.com\/?p=21570\" \/>\n<meta property=\"og:site_name\" content=\"El Puuc Noticias\" \/>\n<meta property=\"article:published_time\" content=\"2025-10-16T21:54:33+00:00\" \/>\n<meta property=\"article:modified_time\" content=\"2025-10-16T21:54:34+00:00\" \/>\n<meta property=\"og:image\" content=\"https:\/\/elpuucnoticias.com\/wp-content\/uploads\/2025\/10\/whatsapp-image-2025-10-16-at-13.11.02.jpeg\" \/>\n\t<meta property=\"og:image:width\" content=\"1367\" \/>\n\t<meta property=\"og:image:height\" content=\"919\" \/>\n\t<meta property=\"og:image:type\" content=\"image\/jpeg\" \/>\n<meta name=\"twitter:card\" content=\"summary_large_image\" \/>\n<meta name=\"twitter:label1\" content=\"Escrito por\" \/>\n\t<meta name=\"twitter:data1\" content=\"elpuucnoticias\" \/>\n\t<meta name=\"twitter:label2\" content=\"Tiempo de lectura\" \/>\n\t<meta name=\"twitter:data2\" content=\"2 minutos\" \/>\n<script type=\"application\/ld+json\" class=\"yoast-schema-graph\">{\"@context\":\"https:\/\/schema.org\",\"@graph\":[{\"@type\":\"WebSite\",\"@id\":\"https:\/\/elpuucnoticias.com\/#website\",\"url\":\"https:\/\/elpuucnoticias.com\/\",\"name\":\"El Puuc Noticias\",\"description\":\"Noticias - Entretenimiento - Deportes\",\"potentialAction\":[{\"@type\":\"SearchAction\",\"target\":{\"@type\":\"EntryPoint\",\"urlTemplate\":\"https:\/\/elpuucnoticias.com\/?s={search_term_string}\"},\"query-input\":\"required name=search_term_string\"}],\"inLanguage\":\"es\"},{\"@type\":\"ImageObject\",\"@id\":\"https:\/\/elpuucnoticias.com\/?p=21570#primaryimage\",\"inLanguage\":\"es\",\"url\":\"https:\/\/elpuucnoticias.com\/wp-content\/uploads\/2025\/10\/whatsapp-image-2025-10-16-at-13.11.02.jpeg\",\"contentUrl\":\"https:\/\/elpuucnoticias.com\/wp-content\/uploads\/2025\/10\/whatsapp-image-2025-10-16-at-13.11.02.jpeg\",\"width\":1367,\"height\":919},{\"@type\":\"WebPage\",\"@id\":\"https:\/\/elpuucnoticias.com\/?p=21570#webpage\",\"url\":\"https:\/\/elpuucnoticias.com\/?p=21570\",\"name\":\"Participa SEMA en la Tercera Sesi\u00f3n Ordinaria de la Comisi\u00f3n Regional de Cambio Clim\u00e1tico de la Pen\u00ednsula de Yucat\u00e1n - El Puuc Noticias\",\"isPartOf\":{\"@id\":\"https:\/\/elpuucnoticias.com\/#website\"},\"primaryImageOfPage\":{\"@id\":\"https:\/\/elpuucnoticias.com\/?p=21570#primaryimage\"},\"datePublished\":\"2025-10-16T21:54:33+00:00\",\"dateModified\":\"2025-10-16T21:54:34+00:00\",\"author\":{\"@id\":\"https:\/\/elpuucnoticias.com\/#\/schema\/person\/d2ea09e4c97f0160b11cdfb1d856bd9e\"},\"breadcrumb\":{\"@id\":\"https:\/\/elpuucnoticias.com\/?p=21570#breadcrumb\"},\"inLanguage\":\"es\",\"potentialAction\":[{\"@type\":\"ReadAction\",\"target\":[\"https:\/\/elpuucnoticias.com\/?p=21570\"]}]},{\"@type\":\"BreadcrumbList\",\"@id\":\"https:\/\/elpuucnoticias.com\/?p=21570#breadcrumb\",\"itemListElement\":[{\"@type\":\"ListItem\",\"position\":1,\"name\":\"Portada\",\"item\":\"https:\/\/elpuucnoticias.com\/\"},{\"@type\":\"ListItem\",\"position\":2,\"name\":\"Participa SEMA en la Tercera Sesi\u00f3n Ordinaria de la Comisi\u00f3n Regional de Cambio Clim\u00e1tico de la Pen\u00ednsula de Yucat\u00e1n\"}]},{\"@type\":\"Person\",\"@id\":\"https:\/\/elpuucnoticias.com\/#\/schema\/person\/d2ea09e4c97f0160b11cdfb1d856bd9e\",\"name\":\"elpuucnoticias\",\"image\":{\"@type\":\"ImageObject\",\"@id\":\"https:\/\/elpuucnoticias.com\/#personlogo\",\"inLanguage\":\"es\",\"url\":\"https:\/\/secure.gravatar.com\/avatar\/5290a43657c74ffa15701dbe5b846bd85cc71930d803c84e91046a7333de6ce2?s=96&d=mm&r=g\",\"contentUrl\":\"https:\/\/secure.gravatar.com\/avatar\/5290a43657c74ffa15701dbe5b846bd85cc71930d803c84e91046a7333de6ce2?s=96&d=mm&r=g\",\"caption\":\"elpuucnoticias\"},\"sameAs\":[\"https:\/\/elpuucnoticias.com\"],\"url\":\"https:\/\/elpuucnoticias.com\/?author=1\"}]}<\/script>\n<!-- \/ Yoast SEO plugin. -->","yoast_head_json":{"title":"Participa SEMA en la Tercera Sesi\u00f3n Ordinaria de la Comisi\u00f3n Regional de Cambio Clim\u00e1tico de la Pen\u00ednsula de Yucat\u00e1n - El Puuc Noticias","robots":{"index":"index","follow":"follow","max-snippet":"max-snippet:-1","max-image-preview":"max-image-preview:large","max-video-preview":"max-video-preview:-1"},"canonical":"https:\/\/elpuucnoticias.com\/?p=21570","og_locale":"es_ES","og_type":"article","og_title":"Participa SEMA en la Tercera Sesi\u00f3n Ordinaria de la Comisi\u00f3n Regional de Cambio Clim\u00e1tico de la Pen\u00ednsula de Yucat\u00e1n - El Puuc Noticias","og_description":"Con el objetivo de consolidar alianzas regionales ante los retos ambientales y fortalecer acciones contra el cambio clim\u00e1tico,","og_url":"https:\/\/elpuucnoticias.com\/?p=21570","og_site_name":"El Puuc Noticias","article_published_time":"2025-10-16T21:54:33+00:00","article_modified_time":"2025-10-16T21:54:34+00:00","og_image":[{"width":1367,"height":919,"url":"https:\/\/elpuucnoticias.com\/wp-content\/uploads\/2025\/10\/whatsapp-image-2025-10-16-at-13.11.02.jpeg","type":"image\/jpeg"}],"twitter_card":"summary_large_image","twitter_misc":{"Escrito por":"elpuucnoticias","Tiempo de lectura":"2 minutos"},"schema":{"@context":"https:\/\/schema.org","@graph":[{"@type":"WebSite","@id":"https:\/\/elpuucnoticias.com\/#website","url":"https:\/\/elpuucnoticias.com\/","name":"El Puuc Noticias","description":"Noticias - Entretenimiento - Deportes","potentialAction":[{"@type":"SearchAction","target":{"@type":"EntryPoint","urlTemplate":"https:\/\/elpuucnoticias.com\/?s={search_term_string}"},"query-input":"required name=search_term_string"}],"inLanguage":"es"},{"@type":"ImageObject","@id":"https:\/\/elpuucnoticias.com\/?p=21570#primaryimage","inLanguage":"es","url":"https:\/\/elpuucnoticias.com\/wp-content\/uploads\/2025\/10\/whatsapp-image-2025-10-16-at-13.11.02.jpeg","contentUrl":"https:\/\/elpuucnoticias.com\/wp-content\/uploads\/2025\/10\/whatsapp-image-2025-10-16-at-13.11.02.jpeg","width":1367,"height":919},{"@type":"WebPage","@id":"https:\/\/elpuucnoticias.com\/?p=21570#webpage","url":"https:\/\/elpuucnoticias.com\/?p=21570","name":"Participa SEMA en la Tercera Sesi\u00f3n Ordinaria de la Comisi\u00f3n Regional de Cambio Clim\u00e1tico de la Pen\u00ednsula de Yucat\u00e1n - El Puuc Noticias","isPartOf":{"@id":"https:\/\/elpuucnoticias.com\/#website"},"primaryImageOfPage":{"@id":"https:\/\/elpuucnoticias.com\/?p=21570#primaryimage"},"datePublished":"2025-10-16T21:54:33+00:00","dateModified":"2025-10-16T21:54:34+00:00","author":{"@id":"https:\/\/elpuucnoticias.com\/#\/schema\/person\/d2ea09e4c97f0160b11cdfb1d856bd9e"},"breadcrumb":{"@id":"https:\/\/elpuucnoticias.com\/?p=21570#breadcrumb"},"inLanguage":"es","potentialAction":[{"@type":"ReadAction","target":["https:\/\/elpuucnoticias.com\/?p=21570"]}]},{"@type":"BreadcrumbList","@id":"https:\/\/elpuucnoticias.com\/?p=21570#breadcrumb","itemListElement":[{"@type":"ListItem","position":1,"name":"Portada","item":"https:\/\/elpuucnoticias.com\/"},{"@type":"ListItem","position":2,"name":"Participa SEMA en la Tercera Sesi\u00f3n Ordinaria de la Comisi\u00f3n Regional de Cambio Clim\u00e1tico de la Pen\u00ednsula de Yucat\u00e1n"}]},{"@type":"Person","@id":"https:\/\/elpuucnoticias.com\/#\/schema\/person\/d2ea09e4c97f0160b11cdfb1d856bd9e","name":"elpuucnoticias","image":{"@type":"ImageObject","@id":"https:\/\/elpuucnoticias.com\/#personlogo","inLanguage":"es","url":"https:\/\/secure.gravatar.com\/avatar\/5290a43657c74ffa15701dbe5b846bd85cc71930d803c84e91046a7333de6ce2?s=96&d=mm&r=g","contentUrl":"https:\/\/secure.gravatar.com\/avatar\/5290a43657c74ffa15701dbe5b846bd85cc71930d803c84e91046a7333de6ce2?s=96&d=mm&r=g","caption":"elpuucnoticias"},"sameAs":["https:\/\/elpuucnoticias.com"],"url":"https:\/\/elpuucnoticias.com\/?author=1"}]}},"_links":{"self":[{"href":"https:\/\/elpuucnoticias.com\/index.php?rest_route=\/wp\/v2\/posts\/21570","targetHints":{"allow":["GET"]}}],"collection":[{"href":"https:\/\/elpuucnoticias.com\/index.php?rest_route=\/wp\/v2\/posts"}],"about":[{"href":"https:\/\/elpuucnoticias.com\/index.php?rest_route=\/wp\/v2\/types\/post"}],"author":[{"embeddable":true,"href":"https:\/\/elpuucnoticias.com\/index.php?rest_route=\/wp\/v2\/users\/1"}],"replies":[{"embeddable":true,"href":"https:\/\/elpuucnoticias.com\/index.php?rest_route=%2Fwp%2Fv2%2Fcomments&post=21570"}],"version-history":[{"count":1,"href":"https:\/\/elpuucnoticias.com\/index.php?rest_route=\/wp\/v2\/posts\/21570\/revisions"}],"predecessor-version":[{"id":21572,"href":"https:\/\/elpuucnoticias.com\/index.php?rest_route=\/wp\/v2\/posts\/21570\/revisions\/21572"}],"wp:featuredmedia":[{"embeddable":true,"href":"https:\/\/elpuucnoticias.com\/index.php?rest_route=\/wp\/v2\/media\/21571"}],"wp:attachment":[{"href":"https:\/\/elpuucnoticias.com\/index.php?rest_route=%2Fwp%2Fv2%2Fmedia&parent=21570"}],"wp:term":[{"taxonomy":"category","embeddable":true,"href":"https:\/\/elpuucnoticias.com\/index.php?rest_route=%2Fwp%2Fv2%2Fcategories&post=21570"},{"taxonomy":"post_tag","embeddable":true,"href":"https:\/\/elpuucnoticias.com\/index.php?rest_route=%2Fwp%2Fv2%2Ftags&post=21570"}],"curies":[{"name":"wp","href":"https:\/\/api.w.org\/{rel}","templated":true}]}}