{"id":2258,"date":"2022-06-17T15:26:21","date_gmt":"2022-06-17T21:26:21","guid":{"rendered":"https:\/\/elpuucnoticias.com\/?p=2258"},"modified":"2022-06-17T15:26:21","modified_gmt":"2022-06-17T21:26:21","slug":"rap-es-remitido-a-la-autoridad-ministerial-y-se-espera-que-sea-vinculado-a-proceso-el-ayuntamiento-de-ticul-va-por-medidas-ante-el-aumento-de-actos-delictivos","status":"publish","type":"post","link":"https:\/\/elpuucnoticias.com\/?p=2258","title":{"rendered":"\u00abRap\u00bb es remitido a la autoridad ministerial y se espera que sea vinculado a proceso. El Ayuntamiento de Ticul va por medidas ante el aumento de actos delictivos"},"content":{"rendered":"\n<p>Con apoyo de la ciudadan\u00eda, autoridades de Ticul y ministeriales lograron la detenci\u00f3n de un sujeto identificado como E. J. M. C. (a) \u00abRap\u00bb, acusado de presuntos hechos delictivos. De acuerdo con un comunicado, \u00e9ste ser\u00eda autor de varios hechos de los que ya es se\u00f1alado por la comunidad.<\/p>\n\n\n\n<p>El detenido ha sido remitido ante un Juez para que se realice la audiencia de Vinculaci\u00f3n a Proceso y se pueda definir su situaci\u00f3n legal.<\/p>\n\n\n\n<p>Las autoridades municipales encabezadas por Rafael Gerardo Montalvo Mata informan que ya se est\u00e1n  procesando tambi\u00e9n a otras personas por diferentes hechos delictivos y reafirma que la denuncia legal y seguimiento puntual est\u00e1 dando resultados.<\/p>\n\n\n\n<p>El alcalde anunciar\u00e1 en los pr\u00f3ximos d\u00edas una serie de medidas de reforzamiento como la proximidad social entre ciudadanos y autoridades, ante diversas problem\u00e1ticas que se presentan en La Perla del Sur.\u2014 <em>El Puuc Noticias<\/em><\/p>\n","protected":false},"excerpt":{"rendered":"<p>Con apoyo de la ciudadan\u00eda, autoridades de Ticul y ministeriales lograron la detenci\u00f3n de un sujeto identificado como<\/p>\n","protected":false},"author":1,"featured_media":2259,"comment_status":"closed","ping_status":"open","sticky":false,"template":"","format":"standard","meta":{"_monsterinsights_skip_tracking":false,"_monsterinsights_sitenote_active":false,"_monsterinsights_sitenote_note":"","_monsterinsights_sitenote_category":0,"footnotes":""},"categories":[11,13],"tags":[],"class_list":["post-2258","post","type-post","status-publish","format-standard","has-post-thumbnail","hentry","category-noticias","category-ticul"],"yoast_head":"<!-- This site is optimized with the Yoast SEO plugin v18.3 - https:\/\/yoast.com\/wordpress\/plugins\/seo\/ -->\n<title>&quot;Rap&quot; es remitido a la autoridad ministerial y se espera que sea vinculado a proceso. El Ayuntamiento de Ticul va por medidas ante el aumento de actos delictivos - El Puuc Noticias<\/title>\n<meta name=\"robots\" content=\"index, follow, max-snippet:-1, max-image-preview:large, max-video-preview:-1\" \/>\n<link rel=\"canonical\" href=\"https:\/\/elpuucnoticias.com\/?p=2258\" \/>\n<meta property=\"og:locale\" content=\"es_ES\" \/>\n<meta property=\"og:type\" content=\"article\" \/>\n<meta property=\"og:title\" content=\"&quot;Rap&quot; es remitido a la autoridad ministerial y se espera que sea vinculado a proceso. El Ayuntamiento de Ticul va por medidas ante el aumento de actos delictivos - El Puuc Noticias\" \/>\n<meta property=\"og:description\" content=\"Con apoyo de la ciudadan\u00eda, autoridades de Ticul y ministeriales lograron la detenci\u00f3n de un sujeto identificado como\" \/>\n<meta property=\"og:url\" content=\"https:\/\/elpuucnoticias.com\/?p=2258\" \/>\n<meta property=\"og:site_name\" content=\"El Puuc Noticias\" \/>\n<meta property=\"article:published_time\" content=\"2022-06-17T21:26:21+00:00\" \/>\n<meta property=\"og:image\" content=\"https:\/\/elpuucnoticias.com\/wp-content\/uploads\/2022\/06\/WhatsApp-Image-2022-06-17-at-4.25.15-PM.jpeg\" \/>\n\t<meta property=\"og:image:width\" content=\"2000\" \/>\n\t<meta property=\"og:image:height\" content=\"1500\" \/>\n\t<meta property=\"og:image:type\" content=\"image\/jpeg\" \/>\n<meta name=\"twitter:card\" content=\"summary_large_image\" \/>\n<meta name=\"twitter:label1\" content=\"Escrito por\" \/>\n\t<meta name=\"twitter:data1\" content=\"elpuucnoticias\" \/>\n\t<meta name=\"twitter:label2\" content=\"Tiempo de lectura\" \/>\n\t<meta name=\"twitter:data2\" content=\"1 minuto\" \/>\n<script type=\"application\/ld+json\" class=\"yoast-schema-graph\">{\"@context\":\"https:\/\/schema.org\",\"@graph\":[{\"@type\":\"WebSite\",\"@id\":\"https:\/\/elpuucnoticias.com\/#website\",\"url\":\"https:\/\/elpuucnoticias.com\/\",\"name\":\"El Puuc Noticias\",\"description\":\"Noticias - Entretenimiento - Deportes\",\"potentialAction\":[{\"@type\":\"SearchAction\",\"target\":{\"@type\":\"EntryPoint\",\"urlTemplate\":\"https:\/\/elpuucnoticias.com\/?s={search_term_string}\"},\"query-input\":\"required name=search_term_string\"}],\"inLanguage\":\"es\"},{\"@type\":\"ImageObject\",\"@id\":\"https:\/\/elpuucnoticias.com\/?p=2258#primaryimage\",\"inLanguage\":\"es\",\"url\":\"https:\/\/elpuucnoticias.com\/wp-content\/uploads\/2022\/06\/WhatsApp-Image-2022-06-17-at-4.25.15-PM.jpeg\",\"contentUrl\":\"https:\/\/elpuucnoticias.com\/wp-content\/uploads\/2022\/06\/WhatsApp-Image-2022-06-17-at-4.25.15-PM.jpeg\",\"width\":2000,\"height\":1500},{\"@type\":\"WebPage\",\"@id\":\"https:\/\/elpuucnoticias.com\/?p=2258#webpage\",\"url\":\"https:\/\/elpuucnoticias.com\/?p=2258\",\"name\":\"\\\"Rap\\\" es remitido a la autoridad ministerial y se espera que sea vinculado a proceso. El Ayuntamiento de Ticul va por medidas ante el aumento de actos delictivos - El Puuc Noticias\",\"isPartOf\":{\"@id\":\"https:\/\/elpuucnoticias.com\/#website\"},\"primaryImageOfPage\":{\"@id\":\"https:\/\/elpuucnoticias.com\/?p=2258#primaryimage\"},\"datePublished\":\"2022-06-17T21:26:21+00:00\",\"dateModified\":\"2022-06-17T21:26:21+00:00\",\"author\":{\"@id\":\"https:\/\/elpuucnoticias.com\/#\/schema\/person\/d2ea09e4c97f0160b11cdfb1d856bd9e\"},\"breadcrumb\":{\"@id\":\"https:\/\/elpuucnoticias.com\/?p=2258#breadcrumb\"},\"inLanguage\":\"es\",\"potentialAction\":[{\"@type\":\"ReadAction\",\"target\":[\"https:\/\/elpuucnoticias.com\/?p=2258\"]}]},{\"@type\":\"BreadcrumbList\",\"@id\":\"https:\/\/elpuucnoticias.com\/?p=2258#breadcrumb\",\"itemListElement\":[{\"@type\":\"ListItem\",\"position\":1,\"name\":\"Portada\",\"item\":\"https:\/\/elpuucnoticias.com\/\"},{\"@type\":\"ListItem\",\"position\":2,\"name\":\"\u00abRap\u00bb es remitido a la autoridad ministerial y se espera que sea vinculado a proceso. El Ayuntamiento de Ticul va por medidas ante el aumento de actos delictivos\"}]},{\"@type\":\"Person\",\"@id\":\"https:\/\/elpuucnoticias.com\/#\/schema\/person\/d2ea09e4c97f0160b11cdfb1d856bd9e\",\"name\":\"elpuucnoticias\",\"image\":{\"@type\":\"ImageObject\",\"@id\":\"https:\/\/elpuucnoticias.com\/#personlogo\",\"inLanguage\":\"es\",\"url\":\"https:\/\/secure.gravatar.com\/avatar\/5290a43657c74ffa15701dbe5b846bd85cc71930d803c84e91046a7333de6ce2?s=96&d=mm&r=g\",\"contentUrl\":\"https:\/\/secure.gravatar.com\/avatar\/5290a43657c74ffa15701dbe5b846bd85cc71930d803c84e91046a7333de6ce2?s=96&d=mm&r=g\",\"caption\":\"elpuucnoticias\"},\"sameAs\":[\"https:\/\/elpuucnoticias.com\"],\"url\":\"https:\/\/elpuucnoticias.com\/?author=1\"}]}<\/script>\n<!-- \/ Yoast SEO plugin. -->","yoast_head_json":{"title":"\"Rap\" es remitido a la autoridad ministerial y se espera que sea vinculado a proceso. El Ayuntamiento de Ticul va por medidas ante el aumento de actos delictivos - El Puuc Noticias","robots":{"index":"index","follow":"follow","max-snippet":"max-snippet:-1","max-image-preview":"max-image-preview:large","max-video-preview":"max-video-preview:-1"},"canonical":"https:\/\/elpuucnoticias.com\/?p=2258","og_locale":"es_ES","og_type":"article","og_title":"\"Rap\" es remitido a la autoridad ministerial y se espera que sea vinculado a proceso. El Ayuntamiento de Ticul va por medidas ante el aumento de actos delictivos - El Puuc Noticias","og_description":"Con apoyo de la ciudadan\u00eda, autoridades de Ticul y ministeriales lograron la detenci\u00f3n de un sujeto identificado como","og_url":"https:\/\/elpuucnoticias.com\/?p=2258","og_site_name":"El Puuc Noticias","article_published_time":"2022-06-17T21:26:21+00:00","og_image":[{"width":2000,"height":1500,"url":"https:\/\/elpuucnoticias.com\/wp-content\/uploads\/2022\/06\/WhatsApp-Image-2022-06-17-at-4.25.15-PM.jpeg","type":"image\/jpeg"}],"twitter_card":"summary_large_image","twitter_misc":{"Escrito por":"elpuucnoticias","Tiempo de lectura":"1 minuto"},"schema":{"@context":"https:\/\/schema.org","@graph":[{"@type":"WebSite","@id":"https:\/\/elpuucnoticias.com\/#website","url":"https:\/\/elpuucnoticias.com\/","name":"El Puuc Noticias","description":"Noticias - Entretenimiento - Deportes","potentialAction":[{"@type":"SearchAction","target":{"@type":"EntryPoint","urlTemplate":"https:\/\/elpuucnoticias.com\/?s={search_term_string}"},"query-input":"required name=search_term_string"}],"inLanguage":"es"},{"@type":"ImageObject","@id":"https:\/\/elpuucnoticias.com\/?p=2258#primaryimage","inLanguage":"es","url":"https:\/\/elpuucnoticias.com\/wp-content\/uploads\/2022\/06\/WhatsApp-Image-2022-06-17-at-4.25.15-PM.jpeg","contentUrl":"https:\/\/elpuucnoticias.com\/wp-content\/uploads\/2022\/06\/WhatsApp-Image-2022-06-17-at-4.25.15-PM.jpeg","width":2000,"height":1500},{"@type":"WebPage","@id":"https:\/\/elpuucnoticias.com\/?p=2258#webpage","url":"https:\/\/elpuucnoticias.com\/?p=2258","name":"\"Rap\" es remitido a la autoridad ministerial y se espera que sea vinculado a proceso. El Ayuntamiento de Ticul va por medidas ante el aumento de actos delictivos - El Puuc Noticias","isPartOf":{"@id":"https:\/\/elpuucnoticias.com\/#website"},"primaryImageOfPage":{"@id":"https:\/\/elpuucnoticias.com\/?p=2258#primaryimage"},"datePublished":"2022-06-17T21:26:21+00:00","dateModified":"2022-06-17T21:26:21+00:00","author":{"@id":"https:\/\/elpuucnoticias.com\/#\/schema\/person\/d2ea09e4c97f0160b11cdfb1d856bd9e"},"breadcrumb":{"@id":"https:\/\/elpuucnoticias.com\/?p=2258#breadcrumb"},"inLanguage":"es","potentialAction":[{"@type":"ReadAction","target":["https:\/\/elpuucnoticias.com\/?p=2258"]}]},{"@type":"BreadcrumbList","@id":"https:\/\/elpuucnoticias.com\/?p=2258#breadcrumb","itemListElement":[{"@type":"ListItem","position":1,"name":"Portada","item":"https:\/\/elpuucnoticias.com\/"},{"@type":"ListItem","position":2,"name":"\u00abRap\u00bb es remitido a la autoridad ministerial y se espera que sea vinculado a proceso. El Ayuntamiento de Ticul va por medidas ante el aumento de actos delictivos"}]},{"@type":"Person","@id":"https:\/\/elpuucnoticias.com\/#\/schema\/person\/d2ea09e4c97f0160b11cdfb1d856bd9e","name":"elpuucnoticias","image":{"@type":"ImageObject","@id":"https:\/\/elpuucnoticias.com\/#personlogo","inLanguage":"es","url":"https:\/\/secure.gravatar.com\/avatar\/5290a43657c74ffa15701dbe5b846bd85cc71930d803c84e91046a7333de6ce2?s=96&d=mm&r=g","contentUrl":"https:\/\/secure.gravatar.com\/avatar\/5290a43657c74ffa15701dbe5b846bd85cc71930d803c84e91046a7333de6ce2?s=96&d=mm&r=g","caption":"elpuucnoticias"},"sameAs":["https:\/\/elpuucnoticias.com"],"url":"https:\/\/elpuucnoticias.com\/?author=1"}]}},"_links":{"self":[{"href":"https:\/\/elpuucnoticias.com\/index.php?rest_route=\/wp\/v2\/posts\/2258","targetHints":{"allow":["GET"]}}],"collection":[{"href":"https:\/\/elpuucnoticias.com\/index.php?rest_route=\/wp\/v2\/posts"}],"about":[{"href":"https:\/\/elpuucnoticias.com\/index.php?rest_route=\/wp\/v2\/types\/post"}],"author":[{"embeddable":true,"href":"https:\/\/elpuucnoticias.com\/index.php?rest_route=\/wp\/v2\/users\/1"}],"replies":[{"embeddable":true,"href":"https:\/\/elpuucnoticias.com\/index.php?rest_route=%2Fwp%2Fv2%2Fcomments&post=2258"}],"version-history":[{"count":1,"href":"https:\/\/elpuucnoticias.com\/index.php?rest_route=\/wp\/v2\/posts\/2258\/revisions"}],"predecessor-version":[{"id":2260,"href":"https:\/\/elpuucnoticias.com\/index.php?rest_route=\/wp\/v2\/posts\/2258\/revisions\/2260"}],"wp:featuredmedia":[{"embeddable":true,"href":"https:\/\/elpuucnoticias.com\/index.php?rest_route=\/wp\/v2\/media\/2259"}],"wp:attachment":[{"href":"https:\/\/elpuucnoticias.com\/index.php?rest_route=%2Fwp%2Fv2%2Fmedia&parent=2258"}],"wp:term":[{"taxonomy":"category","embeddable":true,"href":"https:\/\/elpuucnoticias.com\/index.php?rest_route=%2Fwp%2Fv2%2Fcategories&post=2258"},{"taxonomy":"post_tag","embeddable":true,"href":"https:\/\/elpuucnoticias.com\/index.php?rest_route=%2Fwp%2Fv2%2Ftags&post=2258"}],"curies":[{"name":"wp","href":"https:\/\/api.w.org\/{rel}","templated":true}]}}