{"id":2337,"date":"2022-06-24T01:05:32","date_gmt":"2022-06-24T07:05:32","guid":{"rendered":"https:\/\/elpuucnoticias.com\/?p=2337"},"modified":"2022-06-24T01:05:34","modified_gmt":"2022-06-24T07:05:34","slug":"se-realiza-la-clausura-en-oxkutzcab-el-programa-de-habilidades-para-la-vida-en-el-que-participaron-ninos-de-primaria-y-secundaria","status":"publish","type":"post","link":"https:\/\/elpuucnoticias.com\/?p=2337","title":{"rendered":"Se realiza la clausura en Oxkutzcab el programa de Habilidades para la Vida en el que participaron ni\u00f1os de primaria y secundaria"},"content":{"rendered":"\n<p>Autoridades del Ayuntamiento de Oxkutzcab y de Educaci\u00f3n, participaron en la clausura CEPRADEY del Programa de Habilidades para la Vida, que se realiz\u00f3 en la primaria Jacinto Canek para fortalecer las<br>competencias sociales y emocionales entre los alumnos de primaria y secundaria.<\/p>\n\n\n\n<figure class=\"wp-block-gallery has-nested-images columns-default is-cropped wp-block-gallery-1 is-layout-flex wp-block-gallery-is-layout-flex\">\n<figure class=\"wp-block-image size-large\"><img loading=\"lazy\" decoding=\"async\" width=\"1024\" height=\"819\" data-id=\"2339\" src=\"https:\/\/elpuucnoticias.com\/wp-content\/uploads\/2022\/06\/Jacinto02-1024x819.jpeg\" alt=\"\" class=\"wp-image-2339\" srcset=\"https:\/\/elpuucnoticias.com\/wp-content\/uploads\/2022\/06\/Jacinto02-1024x819.jpeg 1024w, https:\/\/elpuucnoticias.com\/wp-content\/uploads\/2022\/06\/Jacinto02-300x240.jpeg 300w, https:\/\/elpuucnoticias.com\/wp-content\/uploads\/2022\/06\/Jacinto02-768x614.jpeg 768w, https:\/\/elpuucnoticias.com\/wp-content\/uploads\/2022\/06\/Jacinto02.jpeg 1067w\" sizes=\"auto, (max-width: 1024px) 100vw, 1024px\" \/><\/figure>\n\n\n\n<figure class=\"wp-block-image size-large\"><img loading=\"lazy\" decoding=\"async\" width=\"974\" height=\"780\" data-id=\"2340\" src=\"https:\/\/elpuucnoticias.com\/wp-content\/uploads\/2022\/06\/Jacinto04.jpeg\" alt=\"\" class=\"wp-image-2340\" srcset=\"https:\/\/elpuucnoticias.com\/wp-content\/uploads\/2022\/06\/Jacinto04.jpeg 974w, https:\/\/elpuucnoticias.com\/wp-content\/uploads\/2022\/06\/Jacinto04-300x240.jpeg 300w, https:\/\/elpuucnoticias.com\/wp-content\/uploads\/2022\/06\/Jacinto04-768x615.jpeg 768w\" sizes=\"auto, (max-width: 974px) 100vw, 974px\" \/><\/figure>\n<\/figure>\n\n\n\n<p>En el evento estuvieron el profesor Pedro Francisco Azcorra Zapata, representante de la supervisi\u00f3n escolar 079; Mar\u00eda Tania Roche Canto, coordinadora del Programa de Habilidades para la Vida; en presentaci\u00f3n del Ayuntamiento estuvo el secretario, Alan Torres Vera; Genny Karina Maga\u00f1a Su\u00e1rez, promotora del programa, entre otros.<\/p>\n\n\n\n<p>Se inform\u00f3 que el objetivo de este programa es fortalecer las competencias sociales y emocionales que generen personas con bienestar, as\u00ed como un tejido social positivo que fortalezca la reducci\u00f3n de conductas violentas, antisociales y delictivas en la poblaci\u00f3n.<\/p>\n\n\n\n<figure class=\"wp-block-image size-large is-resized\"><img loading=\"lazy\" decoding=\"async\" src=\"https:\/\/elpuucnoticias.com\/wp-content\/uploads\/2022\/06\/BANNER-PUBLICITARIO-PUUC-22-1-1024x278.jpg\" alt=\"\" class=\"wp-image-2128\" width=\"636\" height=\"173\" srcset=\"https:\/\/elpuucnoticias.com\/wp-content\/uploads\/2022\/06\/BANNER-PUBLICITARIO-PUUC-22-1-1024x278.jpg 1024w, https:\/\/elpuucnoticias.com\/wp-content\/uploads\/2022\/06\/BANNER-PUBLICITARIO-PUUC-22-1-300x82.jpg 300w, https:\/\/elpuucnoticias.com\/wp-content\/uploads\/2022\/06\/BANNER-PUBLICITARIO-PUUC-22-1-768x209.jpg 768w, https:\/\/elpuucnoticias.com\/wp-content\/uploads\/2022\/06\/BANNER-PUBLICITARIO-PUUC-22-1-1536x418.jpg 1536w, https:\/\/elpuucnoticias.com\/wp-content\/uploads\/2022\/06\/BANNER-PUBLICITARIO-PUUC-22-1.jpg 1600w\" sizes=\"auto, (max-width: 636px) 100vw, 636px\" \/><\/figure>\n\n\n\n<p>El curso se basa en las 10 habilidades para la vida que especifica la Organizaci\u00f3n Mundial de Salud y en cada sesi\u00f3n se abordaron una de ellas, que son: temario, acontecimientos, manejo de emociones y sentimientos, manejo de la tensi\u00f3n y estr\u00e9s, comunicaci\u00f3n asertiva, empat\u00eda, relaciones interpersonales, manejo de conflictos, relaciones interpersonales, manejo de conflictos, toma de decisiones, pensamiento creativo y pensamiento activo.<\/p>\n\n\n\n<p>Estuvieron dirigidos a los entornos escolares, para ni\u00f1os de quinto y sexto grado de primaria, y alumnos de secundaria.\u2014 <em>El Puuc Noticias<\/em><\/p>\n","protected":false},"excerpt":{"rendered":"<p>Autoridades del Ayuntamiento de Oxkutzcab y de Educaci\u00f3n, participaron en la clausura CEPRADEY del Programa de Habilidades para<\/p>\n","protected":false},"author":1,"featured_media":2338,"comment_status":"closed","ping_status":"open","sticky":false,"template":"","format":"standard","meta":{"_monsterinsights_skip_tracking":false,"_monsterinsights_sitenote_active":false,"_monsterinsights_sitenote_note":"","_monsterinsights_sitenote_category":0,"footnotes":""},"categories":[11,14],"tags":[],"class_list":["post-2337","post","type-post","status-publish","format-standard","has-post-thumbnail","hentry","category-noticias","category-oxkutzcab"],"yoast_head":"<!-- This site is optimized with the Yoast SEO plugin v18.3 - https:\/\/yoast.com\/wordpress\/plugins\/seo\/ -->\n<title>Se realiza la clausura en Oxkutzcab el programa de Habilidades para la Vida en el que participaron ni\u00f1os de primaria y secundaria - El Puuc Noticias<\/title>\n<meta name=\"robots\" content=\"index, follow, max-snippet:-1, max-image-preview:large, max-video-preview:-1\" \/>\n<link rel=\"canonical\" href=\"https:\/\/elpuucnoticias.com\/?p=2337\" \/>\n<meta property=\"og:locale\" content=\"es_ES\" \/>\n<meta property=\"og:type\" content=\"article\" \/>\n<meta property=\"og:title\" content=\"Se realiza la clausura en Oxkutzcab el programa de Habilidades para la Vida en el que participaron ni\u00f1os de primaria y secundaria - El Puuc Noticias\" \/>\n<meta property=\"og:description\" content=\"Autoridades del Ayuntamiento de Oxkutzcab y de Educaci\u00f3n, participaron en la clausura CEPRADEY del Programa de Habilidades para\" \/>\n<meta property=\"og:url\" content=\"https:\/\/elpuucnoticias.com\/?p=2337\" \/>\n<meta property=\"og:site_name\" content=\"El Puuc Noticias\" \/>\n<meta property=\"article:published_time\" content=\"2022-06-24T07:05:32+00:00\" \/>\n<meta property=\"article:modified_time\" content=\"2022-06-24T07:05:34+00:00\" \/>\n<meta property=\"og:image\" content=\"https:\/\/elpuucnoticias.com\/wp-content\/uploads\/2022\/06\/jacinto01.jpeg\" \/>\n\t<meta property=\"og:image:width\" content=\"1280\" \/>\n\t<meta property=\"og:image:height\" content=\"853\" \/>\n\t<meta property=\"og:image:type\" content=\"image\/jpeg\" \/>\n<meta name=\"twitter:card\" content=\"summary_large_image\" \/>\n<meta name=\"twitter:label1\" content=\"Escrito por\" \/>\n\t<meta name=\"twitter:data1\" content=\"elpuucnoticias\" \/>\n\t<meta name=\"twitter:label2\" content=\"Tiempo de lectura\" \/>\n\t<meta name=\"twitter:data2\" content=\"2 minutos\" \/>\n<script type=\"application\/ld+json\" class=\"yoast-schema-graph\">{\"@context\":\"https:\/\/schema.org\",\"@graph\":[{\"@type\":\"WebSite\",\"@id\":\"https:\/\/elpuucnoticias.com\/#website\",\"url\":\"https:\/\/elpuucnoticias.com\/\",\"name\":\"El Puuc Noticias\",\"description\":\"Noticias - Entretenimiento - Deportes\",\"potentialAction\":[{\"@type\":\"SearchAction\",\"target\":{\"@type\":\"EntryPoint\",\"urlTemplate\":\"https:\/\/elpuucnoticias.com\/?s={search_term_string}\"},\"query-input\":\"required name=search_term_string\"}],\"inLanguage\":\"es\"},{\"@type\":\"ImageObject\",\"@id\":\"https:\/\/elpuucnoticias.com\/?p=2337#primaryimage\",\"inLanguage\":\"es\",\"url\":\"https:\/\/elpuucnoticias.com\/wp-content\/uploads\/2022\/06\/jacinto01.jpeg\",\"contentUrl\":\"https:\/\/elpuucnoticias.com\/wp-content\/uploads\/2022\/06\/jacinto01.jpeg\",\"width\":1280,\"height\":853},{\"@type\":\"WebPage\",\"@id\":\"https:\/\/elpuucnoticias.com\/?p=2337#webpage\",\"url\":\"https:\/\/elpuucnoticias.com\/?p=2337\",\"name\":\"Se realiza la clausura en Oxkutzcab el programa de Habilidades para la Vida en el que participaron ni\u00f1os de primaria y secundaria - El Puuc Noticias\",\"isPartOf\":{\"@id\":\"https:\/\/elpuucnoticias.com\/#website\"},\"primaryImageOfPage\":{\"@id\":\"https:\/\/elpuucnoticias.com\/?p=2337#primaryimage\"},\"datePublished\":\"2022-06-24T07:05:32+00:00\",\"dateModified\":\"2022-06-24T07:05:34+00:00\",\"author\":{\"@id\":\"https:\/\/elpuucnoticias.com\/#\/schema\/person\/d2ea09e4c97f0160b11cdfb1d856bd9e\"},\"breadcrumb\":{\"@id\":\"https:\/\/elpuucnoticias.com\/?p=2337#breadcrumb\"},\"inLanguage\":\"es\",\"potentialAction\":[{\"@type\":\"ReadAction\",\"target\":[\"https:\/\/elpuucnoticias.com\/?p=2337\"]}]},{\"@type\":\"BreadcrumbList\",\"@id\":\"https:\/\/elpuucnoticias.com\/?p=2337#breadcrumb\",\"itemListElement\":[{\"@type\":\"ListItem\",\"position\":1,\"name\":\"Portada\",\"item\":\"https:\/\/elpuucnoticias.com\/\"},{\"@type\":\"ListItem\",\"position\":2,\"name\":\"Se realiza la clausura en Oxkutzcab el programa de Habilidades para la Vida en el que participaron ni\u00f1os de primaria y secundaria\"}]},{\"@type\":\"Person\",\"@id\":\"https:\/\/elpuucnoticias.com\/#\/schema\/person\/d2ea09e4c97f0160b11cdfb1d856bd9e\",\"name\":\"elpuucnoticias\",\"image\":{\"@type\":\"ImageObject\",\"@id\":\"https:\/\/elpuucnoticias.com\/#personlogo\",\"inLanguage\":\"es\",\"url\":\"https:\/\/secure.gravatar.com\/avatar\/5290a43657c74ffa15701dbe5b846bd85cc71930d803c84e91046a7333de6ce2?s=96&d=mm&r=g\",\"contentUrl\":\"https:\/\/secure.gravatar.com\/avatar\/5290a43657c74ffa15701dbe5b846bd85cc71930d803c84e91046a7333de6ce2?s=96&d=mm&r=g\",\"caption\":\"elpuucnoticias\"},\"sameAs\":[\"https:\/\/elpuucnoticias.com\"],\"url\":\"https:\/\/elpuucnoticias.com\/?author=1\"}]}<\/script>\n<!-- \/ Yoast SEO plugin. -->","yoast_head_json":{"title":"Se realiza la clausura en Oxkutzcab el programa de Habilidades para la Vida en el que participaron ni\u00f1os de primaria y secundaria - El Puuc Noticias","robots":{"index":"index","follow":"follow","max-snippet":"max-snippet:-1","max-image-preview":"max-image-preview:large","max-video-preview":"max-video-preview:-1"},"canonical":"https:\/\/elpuucnoticias.com\/?p=2337","og_locale":"es_ES","og_type":"article","og_title":"Se realiza la clausura en Oxkutzcab el programa de Habilidades para la Vida en el que participaron ni\u00f1os de primaria y secundaria - El Puuc Noticias","og_description":"Autoridades del Ayuntamiento de Oxkutzcab y de Educaci\u00f3n, participaron en la clausura CEPRADEY del Programa de Habilidades para","og_url":"https:\/\/elpuucnoticias.com\/?p=2337","og_site_name":"El Puuc Noticias","article_published_time":"2022-06-24T07:05:32+00:00","article_modified_time":"2022-06-24T07:05:34+00:00","og_image":[{"width":1280,"height":853,"url":"https:\/\/elpuucnoticias.com\/wp-content\/uploads\/2022\/06\/jacinto01.jpeg","type":"image\/jpeg"}],"twitter_card":"summary_large_image","twitter_misc":{"Escrito por":"elpuucnoticias","Tiempo de lectura":"2 minutos"},"schema":{"@context":"https:\/\/schema.org","@graph":[{"@type":"WebSite","@id":"https:\/\/elpuucnoticias.com\/#website","url":"https:\/\/elpuucnoticias.com\/","name":"El Puuc Noticias","description":"Noticias - Entretenimiento - Deportes","potentialAction":[{"@type":"SearchAction","target":{"@type":"EntryPoint","urlTemplate":"https:\/\/elpuucnoticias.com\/?s={search_term_string}"},"query-input":"required name=search_term_string"}],"inLanguage":"es"},{"@type":"ImageObject","@id":"https:\/\/elpuucnoticias.com\/?p=2337#primaryimage","inLanguage":"es","url":"https:\/\/elpuucnoticias.com\/wp-content\/uploads\/2022\/06\/jacinto01.jpeg","contentUrl":"https:\/\/elpuucnoticias.com\/wp-content\/uploads\/2022\/06\/jacinto01.jpeg","width":1280,"height":853},{"@type":"WebPage","@id":"https:\/\/elpuucnoticias.com\/?p=2337#webpage","url":"https:\/\/elpuucnoticias.com\/?p=2337","name":"Se realiza la clausura en Oxkutzcab el programa de Habilidades para la Vida en el que participaron ni\u00f1os de primaria y secundaria - El Puuc Noticias","isPartOf":{"@id":"https:\/\/elpuucnoticias.com\/#website"},"primaryImageOfPage":{"@id":"https:\/\/elpuucnoticias.com\/?p=2337#primaryimage"},"datePublished":"2022-06-24T07:05:32+00:00","dateModified":"2022-06-24T07:05:34+00:00","author":{"@id":"https:\/\/elpuucnoticias.com\/#\/schema\/person\/d2ea09e4c97f0160b11cdfb1d856bd9e"},"breadcrumb":{"@id":"https:\/\/elpuucnoticias.com\/?p=2337#breadcrumb"},"inLanguage":"es","potentialAction":[{"@type":"ReadAction","target":["https:\/\/elpuucnoticias.com\/?p=2337"]}]},{"@type":"BreadcrumbList","@id":"https:\/\/elpuucnoticias.com\/?p=2337#breadcrumb","itemListElement":[{"@type":"ListItem","position":1,"name":"Portada","item":"https:\/\/elpuucnoticias.com\/"},{"@type":"ListItem","position":2,"name":"Se realiza la clausura en Oxkutzcab el programa de Habilidades para la Vida en el que participaron ni\u00f1os de primaria y secundaria"}]},{"@type":"Person","@id":"https:\/\/elpuucnoticias.com\/#\/schema\/person\/d2ea09e4c97f0160b11cdfb1d856bd9e","name":"elpuucnoticias","image":{"@type":"ImageObject","@id":"https:\/\/elpuucnoticias.com\/#personlogo","inLanguage":"es","url":"https:\/\/secure.gravatar.com\/avatar\/5290a43657c74ffa15701dbe5b846bd85cc71930d803c84e91046a7333de6ce2?s=96&d=mm&r=g","contentUrl":"https:\/\/secure.gravatar.com\/avatar\/5290a43657c74ffa15701dbe5b846bd85cc71930d803c84e91046a7333de6ce2?s=96&d=mm&r=g","caption":"elpuucnoticias"},"sameAs":["https:\/\/elpuucnoticias.com"],"url":"https:\/\/elpuucnoticias.com\/?author=1"}]}},"_links":{"self":[{"href":"https:\/\/elpuucnoticias.com\/index.php?rest_route=\/wp\/v2\/posts\/2337","targetHints":{"allow":["GET"]}}],"collection":[{"href":"https:\/\/elpuucnoticias.com\/index.php?rest_route=\/wp\/v2\/posts"}],"about":[{"href":"https:\/\/elpuucnoticias.com\/index.php?rest_route=\/wp\/v2\/types\/post"}],"author":[{"embeddable":true,"href":"https:\/\/elpuucnoticias.com\/index.php?rest_route=\/wp\/v2\/users\/1"}],"replies":[{"embeddable":true,"href":"https:\/\/elpuucnoticias.com\/index.php?rest_route=%2Fwp%2Fv2%2Fcomments&post=2337"}],"version-history":[{"count":1,"href":"https:\/\/elpuucnoticias.com\/index.php?rest_route=\/wp\/v2\/posts\/2337\/revisions"}],"predecessor-version":[{"id":2341,"href":"https:\/\/elpuucnoticias.com\/index.php?rest_route=\/wp\/v2\/posts\/2337\/revisions\/2341"}],"wp:featuredmedia":[{"embeddable":true,"href":"https:\/\/elpuucnoticias.com\/index.php?rest_route=\/wp\/v2\/media\/2338"}],"wp:attachment":[{"href":"https:\/\/elpuucnoticias.com\/index.php?rest_route=%2Fwp%2Fv2%2Fmedia&parent=2337"}],"wp:term":[{"taxonomy":"category","embeddable":true,"href":"https:\/\/elpuucnoticias.com\/index.php?rest_route=%2Fwp%2Fv2%2Fcategories&post=2337"},{"taxonomy":"post_tag","embeddable":true,"href":"https:\/\/elpuucnoticias.com\/index.php?rest_route=%2Fwp%2Fv2%2Ftags&post=2337"}],"curies":[{"name":"wp","href":"https:\/\/api.w.org\/{rel}","templated":true}]}}