{"id":2402,"date":"2022-06-28T20:01:56","date_gmt":"2022-06-29T02:01:56","guid":{"rendered":"https:\/\/elpuucnoticias.com\/?p=2402"},"modified":"2022-06-28T20:01:57","modified_gmt":"2022-06-29T02:01:57","slug":"gente-de-ticul-tzucacab-y-oxkutzcab-participa-en-la-primera-caravana-del-orgullo-lgbt-en-la-huerta-del-estado","status":"publish","type":"post","link":"https:\/\/elpuucnoticias.com\/?p=2402","title":{"rendered":"Gente de Ticul, Tzucacab y Oxkutzcab participa en la Primera Caravana del Orgullo LGBT+, en La Huerta del Estado"},"content":{"rendered":"\n<p>A fin concientizar a la sociedad sobre el respeto hacia diversidad sexual, con participaci\u00f3n de cientos de personas de municipios del Sur de Yucat\u00e1n, se realiz\u00f3 en Oxkutzcab la primera caravana para conmemorar el \u201cD\u00eda del Orgullo LGBT+\u00bb.<\/p>\n\n\n\n<figure class=\"wp-block-gallery has-nested-images columns-default is-cropped wp-block-gallery-1 is-layout-flex wp-block-gallery-is-layout-flex\">\n<figure class=\"wp-block-image size-large\"><img loading=\"lazy\" decoding=\"async\" width=\"1024\" height=\"819\" data-id=\"2405\" src=\"https:\/\/elpuucnoticias.com\/wp-content\/uploads\/2022\/06\/cara02-1024x819.jpg\" alt=\"\" class=\"wp-image-2405\" srcset=\"https:\/\/elpuucnoticias.com\/wp-content\/uploads\/2022\/06\/cara02-1024x819.jpg 1024w, https:\/\/elpuucnoticias.com\/wp-content\/uploads\/2022\/06\/cara02-300x240.jpg 300w, https:\/\/elpuucnoticias.com\/wp-content\/uploads\/2022\/06\/cara02-768x615.jpg 768w, https:\/\/elpuucnoticias.com\/wp-content\/uploads\/2022\/06\/cara02.jpg 1066w\" sizes=\"auto, (max-width: 1024px) 100vw, 1024px\" \/><\/figure>\n\n\n\n<figure class=\"wp-block-image size-large\"><img loading=\"lazy\" decoding=\"async\" width=\"1024\" height=\"819\" data-id=\"2404\" src=\"https:\/\/elpuucnoticias.com\/wp-content\/uploads\/2022\/06\/cara03-1024x819.jpg\" alt=\"\" class=\"wp-image-2404\" srcset=\"https:\/\/elpuucnoticias.com\/wp-content\/uploads\/2022\/06\/cara03-1024x819.jpg 1024w, https:\/\/elpuucnoticias.com\/wp-content\/uploads\/2022\/06\/cara03-300x240.jpg 300w, https:\/\/elpuucnoticias.com\/wp-content\/uploads\/2022\/06\/cara03-768x615.jpg 768w, https:\/\/elpuucnoticias.com\/wp-content\/uploads\/2022\/06\/cara03.jpg 1066w\" sizes=\"auto, (max-width: 1024px) 100vw, 1024px\" \/><\/figure>\n<\/figure>\n\n\n\n<p>Este evento concluy\u00f3 con la coronaci\u00f3n de la primera reina de la Diversidad Sexual de Oxkutzcab, D\u00e9bora Bris, y fue organizado por el departamento de Inclusi\u00f3n Social, del Ayuntamiento de Oxkutzcab, encabezado por Frank Antonio Parra Mex.\u00a0<\/p>\n\n\n\n<figure class=\"wp-block-image size-large is-resized\"><img loading=\"lazy\" decoding=\"async\" src=\"https:\/\/elpuucnoticias.com\/wp-content\/uploads\/2022\/06\/BANNER-PUBLICITARIO-PUUC-22-1-1024x278.jpg\" alt=\"\" class=\"wp-image-2128\" width=\"638\" height=\"173\" srcset=\"https:\/\/elpuucnoticias.com\/wp-content\/uploads\/2022\/06\/BANNER-PUBLICITARIO-PUUC-22-1-1024x278.jpg 1024w, https:\/\/elpuucnoticias.com\/wp-content\/uploads\/2022\/06\/BANNER-PUBLICITARIO-PUUC-22-1-300x82.jpg 300w, https:\/\/elpuucnoticias.com\/wp-content\/uploads\/2022\/06\/BANNER-PUBLICITARIO-PUUC-22-1-768x209.jpg 768w, https:\/\/elpuucnoticias.com\/wp-content\/uploads\/2022\/06\/BANNER-PUBLICITARIO-PUUC-22-1-1536x418.jpg 1536w, https:\/\/elpuucnoticias.com\/wp-content\/uploads\/2022\/06\/BANNER-PUBLICITARIO-PUUC-22-1.jpg 1600w\" sizes=\"auto, (max-width: 638px) 100vw, 638px\" \/><\/figure>\n\n\n\n<p>Estuvo el alcalde de Oxkutzcab, Juan Jos\u00e9 Mart\u00edn Fragoso; la regidora de Inclusi\u00f3n Social, Margarita del Rosario Murillo Peralta, y participaron m\u00e1s de 30 veh\u00edculos en un recorrido con un aproximado de 250 personas de los colectivos de Ticul, Tzucacab y Oxkutzcab.<\/p>\n\n\n\n<figure class=\"wp-block-image size-large\"><img loading=\"lazy\" decoding=\"async\" width=\"1024\" height=\"682\" src=\"https:\/\/elpuucnoticias.com\/wp-content\/uploads\/2022\/06\/cara01-1024x682.jpg\" alt=\"\" class=\"wp-image-2406\" srcset=\"https:\/\/elpuucnoticias.com\/wp-content\/uploads\/2022\/06\/cara01-1024x682.jpg 1024w, https:\/\/elpuucnoticias.com\/wp-content\/uploads\/2022\/06\/cara01-300x200.jpg 300w, https:\/\/elpuucnoticias.com\/wp-content\/uploads\/2022\/06\/cara01-768x512.jpg 768w, https:\/\/elpuucnoticias.com\/wp-content\/uploads\/2022\/06\/cara01.jpg 1280w\" sizes=\"auto, (max-width: 1024px) 100vw, 1024px\" \/><\/figure>\n\n\n\n<p>Se inform\u00f3 que el mes del orgullo tiene como objetivo concientizar a la sociedad en general a respetar<br>la diversidad sexual, con empat\u00eda e igualdad.\u2014 <em>El Puuc Noticias<\/em>\u00a0<\/p>\n","protected":false},"excerpt":{"rendered":"<p>A fin concientizar a la sociedad sobre el respeto hacia diversidad sexual, con participaci\u00f3n de cientos de personas<\/p>\n","protected":false},"author":1,"featured_media":2403,"comment_status":"closed","ping_status":"open","sticky":false,"template":"","format":"standard","meta":{"_monsterinsights_skip_tracking":false,"_monsterinsights_sitenote_active":false,"_monsterinsights_sitenote_note":"","_monsterinsights_sitenote_category":0,"footnotes":""},"categories":[11,14],"tags":[],"class_list":["post-2402","post","type-post","status-publish","format-standard","has-post-thumbnail","hentry","category-noticias","category-oxkutzcab"],"yoast_head":"<!-- This site is optimized with the Yoast SEO plugin v18.3 - https:\/\/yoast.com\/wordpress\/plugins\/seo\/ -->\n<title>Gente de Ticul, Tzucacab y Oxkutzcab participa en la Primera Caravana del Orgullo LGBT+, en La Huerta del Estado - El Puuc Noticias<\/title>\n<meta name=\"robots\" content=\"index, follow, max-snippet:-1, max-image-preview:large, max-video-preview:-1\" \/>\n<link rel=\"canonical\" href=\"https:\/\/elpuucnoticias.com\/?p=2402\" \/>\n<meta property=\"og:locale\" content=\"es_ES\" \/>\n<meta property=\"og:type\" content=\"article\" \/>\n<meta property=\"og:title\" content=\"Gente de Ticul, Tzucacab y Oxkutzcab participa en la Primera Caravana del Orgullo LGBT+, en La Huerta del Estado - El Puuc Noticias\" \/>\n<meta property=\"og:description\" content=\"A fin concientizar a la sociedad sobre el respeto hacia diversidad sexual, con participaci\u00f3n de cientos de personas\" \/>\n<meta property=\"og:url\" content=\"https:\/\/elpuucnoticias.com\/?p=2402\" \/>\n<meta property=\"og:site_name\" content=\"El Puuc Noticias\" \/>\n<meta property=\"article:published_time\" content=\"2022-06-29T02:01:56+00:00\" \/>\n<meta property=\"article:modified_time\" content=\"2022-06-29T02:01:57+00:00\" \/>\n<meta property=\"og:image\" content=\"https:\/\/elpuucnoticias.com\/wp-content\/uploads\/2022\/06\/CARA.jpg\" \/>\n\t<meta property=\"og:image:width\" content=\"1280\" \/>\n\t<meta property=\"og:image:height\" content=\"853\" \/>\n\t<meta property=\"og:image:type\" content=\"image\/jpeg\" \/>\n<meta name=\"twitter:card\" content=\"summary_large_image\" \/>\n<meta name=\"twitter:label1\" content=\"Escrito por\" \/>\n\t<meta name=\"twitter:data1\" content=\"elpuucnoticias\" \/>\n\t<meta name=\"twitter:label2\" content=\"Tiempo de lectura\" \/>\n\t<meta name=\"twitter:data2\" content=\"2 minutos\" \/>\n<script type=\"application\/ld+json\" class=\"yoast-schema-graph\">{\"@context\":\"https:\/\/schema.org\",\"@graph\":[{\"@type\":\"WebSite\",\"@id\":\"https:\/\/elpuucnoticias.com\/#website\",\"url\":\"https:\/\/elpuucnoticias.com\/\",\"name\":\"El Puuc Noticias\",\"description\":\"Noticias - Entretenimiento - Deportes\",\"potentialAction\":[{\"@type\":\"SearchAction\",\"target\":{\"@type\":\"EntryPoint\",\"urlTemplate\":\"https:\/\/elpuucnoticias.com\/?s={search_term_string}\"},\"query-input\":\"required name=search_term_string\"}],\"inLanguage\":\"es\"},{\"@type\":\"ImageObject\",\"@id\":\"https:\/\/elpuucnoticias.com\/?p=2402#primaryimage\",\"inLanguage\":\"es\",\"url\":\"https:\/\/elpuucnoticias.com\/wp-content\/uploads\/2022\/06\/CARA.jpg\",\"contentUrl\":\"https:\/\/elpuucnoticias.com\/wp-content\/uploads\/2022\/06\/CARA.jpg\",\"width\":1280,\"height\":853},{\"@type\":\"WebPage\",\"@id\":\"https:\/\/elpuucnoticias.com\/?p=2402#webpage\",\"url\":\"https:\/\/elpuucnoticias.com\/?p=2402\",\"name\":\"Gente de Ticul, Tzucacab y Oxkutzcab participa en la Primera Caravana del Orgullo LGBT+, en La Huerta del Estado - El Puuc Noticias\",\"isPartOf\":{\"@id\":\"https:\/\/elpuucnoticias.com\/#website\"},\"primaryImageOfPage\":{\"@id\":\"https:\/\/elpuucnoticias.com\/?p=2402#primaryimage\"},\"datePublished\":\"2022-06-29T02:01:56+00:00\",\"dateModified\":\"2022-06-29T02:01:57+00:00\",\"author\":{\"@id\":\"https:\/\/elpuucnoticias.com\/#\/schema\/person\/d2ea09e4c97f0160b11cdfb1d856bd9e\"},\"breadcrumb\":{\"@id\":\"https:\/\/elpuucnoticias.com\/?p=2402#breadcrumb\"},\"inLanguage\":\"es\",\"potentialAction\":[{\"@type\":\"ReadAction\",\"target\":[\"https:\/\/elpuucnoticias.com\/?p=2402\"]}]},{\"@type\":\"BreadcrumbList\",\"@id\":\"https:\/\/elpuucnoticias.com\/?p=2402#breadcrumb\",\"itemListElement\":[{\"@type\":\"ListItem\",\"position\":1,\"name\":\"Portada\",\"item\":\"https:\/\/elpuucnoticias.com\/\"},{\"@type\":\"ListItem\",\"position\":2,\"name\":\"Gente de Ticul, Tzucacab y Oxkutzcab participa en la Primera Caravana del Orgullo LGBT+, en La Huerta del Estado\"}]},{\"@type\":\"Person\",\"@id\":\"https:\/\/elpuucnoticias.com\/#\/schema\/person\/d2ea09e4c97f0160b11cdfb1d856bd9e\",\"name\":\"elpuucnoticias\",\"image\":{\"@type\":\"ImageObject\",\"@id\":\"https:\/\/elpuucnoticias.com\/#personlogo\",\"inLanguage\":\"es\",\"url\":\"https:\/\/secure.gravatar.com\/avatar\/5290a43657c74ffa15701dbe5b846bd85cc71930d803c84e91046a7333de6ce2?s=96&d=mm&r=g\",\"contentUrl\":\"https:\/\/secure.gravatar.com\/avatar\/5290a43657c74ffa15701dbe5b846bd85cc71930d803c84e91046a7333de6ce2?s=96&d=mm&r=g\",\"caption\":\"elpuucnoticias\"},\"sameAs\":[\"https:\/\/elpuucnoticias.com\"],\"url\":\"https:\/\/elpuucnoticias.com\/?author=1\"}]}<\/script>\n<!-- \/ Yoast SEO plugin. -->","yoast_head_json":{"title":"Gente de Ticul, Tzucacab y Oxkutzcab participa en la Primera Caravana del Orgullo LGBT+, en La Huerta del Estado - El Puuc Noticias","robots":{"index":"index","follow":"follow","max-snippet":"max-snippet:-1","max-image-preview":"max-image-preview:large","max-video-preview":"max-video-preview:-1"},"canonical":"https:\/\/elpuucnoticias.com\/?p=2402","og_locale":"es_ES","og_type":"article","og_title":"Gente de Ticul, Tzucacab y Oxkutzcab participa en la Primera Caravana del Orgullo LGBT+, en La Huerta del Estado - El Puuc Noticias","og_description":"A fin concientizar a la sociedad sobre el respeto hacia diversidad sexual, con participaci\u00f3n de cientos de personas","og_url":"https:\/\/elpuucnoticias.com\/?p=2402","og_site_name":"El Puuc Noticias","article_published_time":"2022-06-29T02:01:56+00:00","article_modified_time":"2022-06-29T02:01:57+00:00","og_image":[{"width":1280,"height":853,"url":"https:\/\/elpuucnoticias.com\/wp-content\/uploads\/2022\/06\/CARA.jpg","type":"image\/jpeg"}],"twitter_card":"summary_large_image","twitter_misc":{"Escrito por":"elpuucnoticias","Tiempo de lectura":"2 minutos"},"schema":{"@context":"https:\/\/schema.org","@graph":[{"@type":"WebSite","@id":"https:\/\/elpuucnoticias.com\/#website","url":"https:\/\/elpuucnoticias.com\/","name":"El Puuc Noticias","description":"Noticias - Entretenimiento - Deportes","potentialAction":[{"@type":"SearchAction","target":{"@type":"EntryPoint","urlTemplate":"https:\/\/elpuucnoticias.com\/?s={search_term_string}"},"query-input":"required name=search_term_string"}],"inLanguage":"es"},{"@type":"ImageObject","@id":"https:\/\/elpuucnoticias.com\/?p=2402#primaryimage","inLanguage":"es","url":"https:\/\/elpuucnoticias.com\/wp-content\/uploads\/2022\/06\/CARA.jpg","contentUrl":"https:\/\/elpuucnoticias.com\/wp-content\/uploads\/2022\/06\/CARA.jpg","width":1280,"height":853},{"@type":"WebPage","@id":"https:\/\/elpuucnoticias.com\/?p=2402#webpage","url":"https:\/\/elpuucnoticias.com\/?p=2402","name":"Gente de Ticul, Tzucacab y Oxkutzcab participa en la Primera Caravana del Orgullo LGBT+, en La Huerta del Estado - El Puuc Noticias","isPartOf":{"@id":"https:\/\/elpuucnoticias.com\/#website"},"primaryImageOfPage":{"@id":"https:\/\/elpuucnoticias.com\/?p=2402#primaryimage"},"datePublished":"2022-06-29T02:01:56+00:00","dateModified":"2022-06-29T02:01:57+00:00","author":{"@id":"https:\/\/elpuucnoticias.com\/#\/schema\/person\/d2ea09e4c97f0160b11cdfb1d856bd9e"},"breadcrumb":{"@id":"https:\/\/elpuucnoticias.com\/?p=2402#breadcrumb"},"inLanguage":"es","potentialAction":[{"@type":"ReadAction","target":["https:\/\/elpuucnoticias.com\/?p=2402"]}]},{"@type":"BreadcrumbList","@id":"https:\/\/elpuucnoticias.com\/?p=2402#breadcrumb","itemListElement":[{"@type":"ListItem","position":1,"name":"Portada","item":"https:\/\/elpuucnoticias.com\/"},{"@type":"ListItem","position":2,"name":"Gente de Ticul, Tzucacab y Oxkutzcab participa en la Primera Caravana del Orgullo LGBT+, en La Huerta del Estado"}]},{"@type":"Person","@id":"https:\/\/elpuucnoticias.com\/#\/schema\/person\/d2ea09e4c97f0160b11cdfb1d856bd9e","name":"elpuucnoticias","image":{"@type":"ImageObject","@id":"https:\/\/elpuucnoticias.com\/#personlogo","inLanguage":"es","url":"https:\/\/secure.gravatar.com\/avatar\/5290a43657c74ffa15701dbe5b846bd85cc71930d803c84e91046a7333de6ce2?s=96&d=mm&r=g","contentUrl":"https:\/\/secure.gravatar.com\/avatar\/5290a43657c74ffa15701dbe5b846bd85cc71930d803c84e91046a7333de6ce2?s=96&d=mm&r=g","caption":"elpuucnoticias"},"sameAs":["https:\/\/elpuucnoticias.com"],"url":"https:\/\/elpuucnoticias.com\/?author=1"}]}},"_links":{"self":[{"href":"https:\/\/elpuucnoticias.com\/index.php?rest_route=\/wp\/v2\/posts\/2402","targetHints":{"allow":["GET"]}}],"collection":[{"href":"https:\/\/elpuucnoticias.com\/index.php?rest_route=\/wp\/v2\/posts"}],"about":[{"href":"https:\/\/elpuucnoticias.com\/index.php?rest_route=\/wp\/v2\/types\/post"}],"author":[{"embeddable":true,"href":"https:\/\/elpuucnoticias.com\/index.php?rest_route=\/wp\/v2\/users\/1"}],"replies":[{"embeddable":true,"href":"https:\/\/elpuucnoticias.com\/index.php?rest_route=%2Fwp%2Fv2%2Fcomments&post=2402"}],"version-history":[{"count":1,"href":"https:\/\/elpuucnoticias.com\/index.php?rest_route=\/wp\/v2\/posts\/2402\/revisions"}],"predecessor-version":[{"id":2407,"href":"https:\/\/elpuucnoticias.com\/index.php?rest_route=\/wp\/v2\/posts\/2402\/revisions\/2407"}],"wp:featuredmedia":[{"embeddable":true,"href":"https:\/\/elpuucnoticias.com\/index.php?rest_route=\/wp\/v2\/media\/2403"}],"wp:attachment":[{"href":"https:\/\/elpuucnoticias.com\/index.php?rest_route=%2Fwp%2Fv2%2Fmedia&parent=2402"}],"wp:term":[{"taxonomy":"category","embeddable":true,"href":"https:\/\/elpuucnoticias.com\/index.php?rest_route=%2Fwp%2Fv2%2Fcategories&post=2402"},{"taxonomy":"post_tag","embeddable":true,"href":"https:\/\/elpuucnoticias.com\/index.php?rest_route=%2Fwp%2Fv2%2Ftags&post=2402"}],"curies":[{"name":"wp","href":"https:\/\/api.w.org\/{rel}","templated":true}]}}