{"id":2426,"date":"2022-06-29T14:00:01","date_gmt":"2022-06-29T20:00:01","guid":{"rendered":"https:\/\/elpuucnoticias.com\/?p=2426"},"modified":"2022-06-29T14:00:04","modified_gmt":"2022-06-29T20:00:04","slug":"inician-talleres-de-educacion-vial-en-escuelas-de-ticul-ademas-la-policia-plantea-reuniones-vecinales-para-combatir-la-inseguridad","status":"publish","type":"post","link":"https:\/\/elpuucnoticias.com\/?p=2426","title":{"rendered":"Inician talleres de educaci\u00f3n vial en escuelas de Ticul. Adem\u00e1s, la Polic\u00eda plantea reuniones vecinales para combatir la inseguridad"},"content":{"rendered":"\n<p>La Direcci\u00f3n de Seguridad P\u00fablica de Ticul ha iniciado una serie de actividades para fomentar la educaci\u00f3n vial en instituciones educativas de nivel b\u00e1sico.<\/p>\n\n\n\n<figure class=\"wp-block-gallery has-nested-images columns-default is-cropped wp-block-gallery-1 is-layout-flex wp-block-gallery-is-layout-flex\">\n<figure class=\"wp-block-image size-large\"><img loading=\"lazy\" decoding=\"async\" width=\"1024\" height=\"732\" data-id=\"2428\" src=\"https:\/\/elpuucnoticias.com\/wp-content\/uploads\/2022\/06\/WhatsApp-Image-2022-06-29-at-10.09.57-AM-4-1024x732.jpeg\" alt=\"\" class=\"wp-image-2428\" srcset=\"https:\/\/elpuucnoticias.com\/wp-content\/uploads\/2022\/06\/WhatsApp-Image-2022-06-29-at-10.09.57-AM-4-1024x732.jpeg 1024w, https:\/\/elpuucnoticias.com\/wp-content\/uploads\/2022\/06\/WhatsApp-Image-2022-06-29-at-10.09.57-AM-4-300x214.jpeg 300w, https:\/\/elpuucnoticias.com\/wp-content\/uploads\/2022\/06\/WhatsApp-Image-2022-06-29-at-10.09.57-AM-4-768x549.jpeg 768w, https:\/\/elpuucnoticias.com\/wp-content\/uploads\/2022\/06\/WhatsApp-Image-2022-06-29-at-10.09.57-AM-4.jpeg 1429w\" sizes=\"auto, (max-width: 1024px) 100vw, 1024px\" \/><\/figure>\n\n\n\n<figure class=\"wp-block-image size-large\"><img loading=\"lazy\" decoding=\"async\" width=\"1024\" height=\"576\" data-id=\"2430\" src=\"https:\/\/elpuucnoticias.com\/wp-content\/uploads\/2022\/06\/WhatsApp-Image-2022-06-29-at-10.09.57-AM-2-1024x576.jpeg\" alt=\"\" class=\"wp-image-2430\" srcset=\"https:\/\/elpuucnoticias.com\/wp-content\/uploads\/2022\/06\/WhatsApp-Image-2022-06-29-at-10.09.57-AM-2-1024x576.jpeg 1024w, https:\/\/elpuucnoticias.com\/wp-content\/uploads\/2022\/06\/WhatsApp-Image-2022-06-29-at-10.09.57-AM-2-300x169.jpeg 300w, https:\/\/elpuucnoticias.com\/wp-content\/uploads\/2022\/06\/WhatsApp-Image-2022-06-29-at-10.09.57-AM-2-768x432.jpeg 768w, https:\/\/elpuucnoticias.com\/wp-content\/uploads\/2022\/06\/WhatsApp-Image-2022-06-29-at-10.09.57-AM-2-1536x864.jpeg 1536w, https:\/\/elpuucnoticias.com\/wp-content\/uploads\/2022\/06\/WhatsApp-Image-2022-06-29-at-10.09.57-AM-2.jpeg 1599w\" sizes=\"auto, (max-width: 1024px) 100vw, 1024px\" \/><\/figure>\n\n\n\n<figure class=\"wp-block-image size-large\"><img loading=\"lazy\" decoding=\"async\" width=\"1024\" height=\"683\" data-id=\"2429\" src=\"https:\/\/elpuucnoticias.com\/wp-content\/uploads\/2022\/06\/WhatsApp-Image-2022-06-29-at-10.09.57-AM-1024x683.jpeg\" alt=\"\" class=\"wp-image-2429\" srcset=\"https:\/\/elpuucnoticias.com\/wp-content\/uploads\/2022\/06\/WhatsApp-Image-2022-06-29-at-10.09.57-AM-1024x683.jpeg 1024w, https:\/\/elpuucnoticias.com\/wp-content\/uploads\/2022\/06\/WhatsApp-Image-2022-06-29-at-10.09.57-AM-300x200.jpeg 300w, https:\/\/elpuucnoticias.com\/wp-content\/uploads\/2022\/06\/WhatsApp-Image-2022-06-29-at-10.09.57-AM-768x512.jpeg 768w, https:\/\/elpuucnoticias.com\/wp-content\/uploads\/2022\/06\/WhatsApp-Image-2022-06-29-at-10.09.57-AM.jpeg 1531w\" sizes=\"auto, (max-width: 1024px) 100vw, 1024px\" \/><\/figure>\n<\/figure>\n\n\n\n<p>Esta semana se inici\u00f3 la estrategia con talleres en las preescolares \u201cManuel Guti\u00e9rrez N\u00e1jera\u201d y \u201cH\u00e9roe de la Patria\u201d.<\/p>\n\n\n\n<p>Se inform\u00f3 que con estos programas se busca inculcar en la ni\u00f1ez y adolescencia conocimientos sobre educaci\u00f3n vial y los servicios de Seguridad P\u00fablica Municipal.<\/p>\n\n\n\n<p>Se pretende llevar estos talleres a todas las escuelas de educaci\u00f3n b\u00e1sica y educaci\u00f3n media del municipio y comisar\u00edas, para fomentar la cultura de educaci\u00f3n vial y prevenci\u00f3n.<\/p>\n\n\n\n<p>La Polic\u00eda Municipal realizar\u00e1 reuniones vecinales por colonias con el fin de llevar estos talleres a personas adultas y de esta manera informar y capacitar a la poblaci\u00f3n de mayor de edad sobre el reglamento.<\/p>\n\n\n\n<figure class=\"wp-block-gallery has-nested-images columns-default is-cropped wp-block-gallery-2 is-layout-flex wp-block-gallery-is-layout-flex\">\n<figure class=\"wp-block-image size-large\"><img loading=\"lazy\" decoding=\"async\" width=\"1024\" height=\"683\" data-id=\"2433\" src=\"https:\/\/elpuucnoticias.com\/wp-content\/uploads\/2022\/06\/WhatsApp-Image-2022-06-29-at-10.09.56-AM-3-1024x683.jpeg\" alt=\"\" class=\"wp-image-2433\" srcset=\"https:\/\/elpuucnoticias.com\/wp-content\/uploads\/2022\/06\/WhatsApp-Image-2022-06-29-at-10.09.56-AM-3-1024x683.jpeg 1024w, https:\/\/elpuucnoticias.com\/wp-content\/uploads\/2022\/06\/WhatsApp-Image-2022-06-29-at-10.09.56-AM-3-300x200.jpeg 300w, https:\/\/elpuucnoticias.com\/wp-content\/uploads\/2022\/06\/WhatsApp-Image-2022-06-29-at-10.09.56-AM-3-768x512.jpeg 768w, https:\/\/elpuucnoticias.com\/wp-content\/uploads\/2022\/06\/WhatsApp-Image-2022-06-29-at-10.09.56-AM-3.jpeg 1531w\" sizes=\"auto, (max-width: 1024px) 100vw, 1024px\" \/><\/figure>\n\n\n\n<figure class=\"wp-block-image size-large\"><img loading=\"lazy\" decoding=\"async\" width=\"1024\" height=\"683\" data-id=\"2431\" src=\"https:\/\/elpuucnoticias.com\/wp-content\/uploads\/2022\/06\/WhatsApp-Image-2022-06-29-at-10.09.57-AM-3-1024x683.jpeg\" alt=\"\" class=\"wp-image-2431\" srcset=\"https:\/\/elpuucnoticias.com\/wp-content\/uploads\/2022\/06\/WhatsApp-Image-2022-06-29-at-10.09.57-AM-3-1024x683.jpeg 1024w, https:\/\/elpuucnoticias.com\/wp-content\/uploads\/2022\/06\/WhatsApp-Image-2022-06-29-at-10.09.57-AM-3-300x200.jpeg 300w, https:\/\/elpuucnoticias.com\/wp-content\/uploads\/2022\/06\/WhatsApp-Image-2022-06-29-at-10.09.57-AM-3-768x512.jpeg 768w, https:\/\/elpuucnoticias.com\/wp-content\/uploads\/2022\/06\/WhatsApp-Image-2022-06-29-at-10.09.57-AM-3.jpeg 1531w\" sizes=\"auto, (max-width: 1024px) 100vw, 1024px\" \/><\/figure>\n\n\n\n<figure class=\"wp-block-image size-large\"><img loading=\"lazy\" decoding=\"async\" width=\"1024\" height=\"683\" data-id=\"2432\" src=\"https:\/\/elpuucnoticias.com\/wp-content\/uploads\/2022\/06\/WhatsApp-Image-2022-06-29-at-10.09.57-AM-1-1024x683.jpeg\" alt=\"\" class=\"wp-image-2432\" srcset=\"https:\/\/elpuucnoticias.com\/wp-content\/uploads\/2022\/06\/WhatsApp-Image-2022-06-29-at-10.09.57-AM-1-1024x683.jpeg 1024w, https:\/\/elpuucnoticias.com\/wp-content\/uploads\/2022\/06\/WhatsApp-Image-2022-06-29-at-10.09.57-AM-1-300x200.jpeg 300w, https:\/\/elpuucnoticias.com\/wp-content\/uploads\/2022\/06\/WhatsApp-Image-2022-06-29-at-10.09.57-AM-1-768x512.jpeg 768w, https:\/\/elpuucnoticias.com\/wp-content\/uploads\/2022\/06\/WhatsApp-Image-2022-06-29-at-10.09.57-AM-1.jpeg 1531w\" sizes=\"auto, (max-width: 1024px) 100vw, 1024px\" \/><\/figure>\n<\/figure>\n\n\n\n<p>La finalidad es combatir la inseguridad, la delincuencia, frenar los accidentes viales, las faltas al reglamento vial, actos il\u00edcitos, entre otros.<\/p>\n\n\n\n<figure class=\"wp-block-image size-large is-resized\"><img loading=\"lazy\" decoding=\"async\" src=\"https:\/\/elpuucnoticias.com\/wp-content\/uploads\/2022\/06\/BANNER-PUBLICITARIO-PUUC-22-1-1024x278.jpg\" alt=\"\" class=\"wp-image-2128\" width=\"642\" height=\"174\" srcset=\"https:\/\/elpuucnoticias.com\/wp-content\/uploads\/2022\/06\/BANNER-PUBLICITARIO-PUUC-22-1-1024x278.jpg 1024w, https:\/\/elpuucnoticias.com\/wp-content\/uploads\/2022\/06\/BANNER-PUBLICITARIO-PUUC-22-1-300x82.jpg 300w, https:\/\/elpuucnoticias.com\/wp-content\/uploads\/2022\/06\/BANNER-PUBLICITARIO-PUUC-22-1-768x209.jpg 768w, https:\/\/elpuucnoticias.com\/wp-content\/uploads\/2022\/06\/BANNER-PUBLICITARIO-PUUC-22-1-1536x418.jpg 1536w, https:\/\/elpuucnoticias.com\/wp-content\/uploads\/2022\/06\/BANNER-PUBLICITARIO-PUUC-22-1.jpg 1600w\" sizes=\"auto, (max-width: 642px) 100vw, 642px\" \/><\/figure>\n\n\n\n<p>En el transcurso de esta semana se obtuvieron resultados en los rondines de vigilancia. Se logr\u00f3 la detenci\u00f3n y proceso ante un juez de dos individuos que, seg\u00fan informaci\u00f3n oficial, llevaban tiempo realizando il\u00edcitos en perjuicio de la comunidad.<\/p>\n\n\n\n<p>El alcalde, Rafael Montalvo Mata, se\u00f1ala que la seguridad para los ciudadanos es lo m\u00e1s importante y por ello reafirma su compromiso.<\/p>\n\n\n\n<figure class=\"wp-block-gallery has-nested-images columns-default is-cropped wp-block-gallery-3 is-layout-flex wp-block-gallery-is-layout-flex\">\n<figure class=\"wp-block-image size-large\"><img loading=\"lazy\" decoding=\"async\" width=\"1024\" height=\"872\" data-id=\"2434\" src=\"https:\/\/elpuucnoticias.com\/wp-content\/uploads\/2022\/06\/WhatsApp-Image-2022-06-29-at-10.09.56-AM-2-1024x872.jpeg\" alt=\"\" class=\"wp-image-2434\" srcset=\"https:\/\/elpuucnoticias.com\/wp-content\/uploads\/2022\/06\/WhatsApp-Image-2022-06-29-at-10.09.56-AM-2-1024x872.jpeg 1024w, https:\/\/elpuucnoticias.com\/wp-content\/uploads\/2022\/06\/WhatsApp-Image-2022-06-29-at-10.09.56-AM-2-300x255.jpeg 300w, https:\/\/elpuucnoticias.com\/wp-content\/uploads\/2022\/06\/WhatsApp-Image-2022-06-29-at-10.09.56-AM-2-768x654.jpeg 768w, https:\/\/elpuucnoticias.com\/wp-content\/uploads\/2022\/06\/WhatsApp-Image-2022-06-29-at-10.09.56-AM-2-1536x1308.jpeg 1536w, https:\/\/elpuucnoticias.com\/wp-content\/uploads\/2022\/06\/WhatsApp-Image-2022-06-29-at-10.09.56-AM-2.jpeg 1600w\" sizes=\"auto, (max-width: 1024px) 100vw, 1024px\" \/><\/figure>\n\n\n\n<figure class=\"wp-block-image size-large\"><img loading=\"lazy\" decoding=\"async\" width=\"1024\" height=\"683\" data-id=\"2435\" src=\"https:\/\/elpuucnoticias.com\/wp-content\/uploads\/2022\/06\/WhatsApp-Image-2022-06-29-at-10.09.56-AM-1024x683.jpeg\" alt=\"\" class=\"wp-image-2435\" srcset=\"https:\/\/elpuucnoticias.com\/wp-content\/uploads\/2022\/06\/WhatsApp-Image-2022-06-29-at-10.09.56-AM-1024x683.jpeg 1024w, https:\/\/elpuucnoticias.com\/wp-content\/uploads\/2022\/06\/WhatsApp-Image-2022-06-29-at-10.09.56-AM-300x200.jpeg 300w, https:\/\/elpuucnoticias.com\/wp-content\/uploads\/2022\/06\/WhatsApp-Image-2022-06-29-at-10.09.56-AM-768x512.jpeg 768w, https:\/\/elpuucnoticias.com\/wp-content\/uploads\/2022\/06\/WhatsApp-Image-2022-06-29-at-10.09.56-AM.jpeg 1531w\" sizes=\"auto, (max-width: 1024px) 100vw, 1024px\" \/><\/figure>\n<\/figure>\n\n\n\n<p>\u00abNo bajaremos la guardia con la seguridad, quiero que Ticul y sus comisar\u00edas est\u00e9n tranquilos y los ciudadanos pueden salir confiados a realizar sus actividades\u00bb, puntualiz\u00f3.\u2014 <em>El Puuc Noticias<\/em><\/p>\n","protected":false},"excerpt":{"rendered":"<p>La Direcci\u00f3n de Seguridad P\u00fablica de Ticul ha iniciado una serie de actividades para fomentar la educaci\u00f3n vial<\/p>\n","protected":false},"author":1,"featured_media":2427,"comment_status":"closed","ping_status":"open","sticky":false,"template":"","format":"standard","meta":{"_monsterinsights_skip_tracking":false,"_monsterinsights_sitenote_active":false,"_monsterinsights_sitenote_note":"","_monsterinsights_sitenote_category":0,"footnotes":""},"categories":[11,13],"tags":[],"class_list":["post-2426","post","type-post","status-publish","format-standard","has-post-thumbnail","hentry","category-noticias","category-ticul"],"yoast_head":"<!-- This site is optimized with the Yoast SEO plugin v18.3 - https:\/\/yoast.com\/wordpress\/plugins\/seo\/ -->\n<title>Inician talleres de educaci\u00f3n vial en escuelas de Ticul. Adem\u00e1s, la Polic\u00eda plantea reuniones vecinales para combatir la inseguridad - El Puuc Noticias<\/title>\n<meta name=\"robots\" content=\"index, follow, max-snippet:-1, max-image-preview:large, max-video-preview:-1\" \/>\n<link rel=\"canonical\" href=\"https:\/\/elpuucnoticias.com\/?p=2426\" \/>\n<meta property=\"og:locale\" content=\"es_ES\" \/>\n<meta property=\"og:type\" content=\"article\" \/>\n<meta property=\"og:title\" content=\"Inician talleres de educaci\u00f3n vial en escuelas de Ticul. Adem\u00e1s, la Polic\u00eda plantea reuniones vecinales para combatir la inseguridad - El Puuc Noticias\" \/>\n<meta property=\"og:description\" content=\"La Direcci\u00f3n de Seguridad P\u00fablica de Ticul ha iniciado una serie de actividades para fomentar la educaci\u00f3n vial\" \/>\n<meta property=\"og:url\" content=\"https:\/\/elpuucnoticias.com\/?p=2426\" \/>\n<meta property=\"og:site_name\" content=\"El Puuc Noticias\" \/>\n<meta property=\"article:published_time\" content=\"2022-06-29T20:00:01+00:00\" \/>\n<meta property=\"article:modified_time\" content=\"2022-06-29T20:00:04+00:00\" \/>\n<meta property=\"og:image\" content=\"https:\/\/elpuucnoticias.com\/wp-content\/uploads\/2022\/06\/WhatsApp-Image-2022-06-29-at-10.09.56-AM-1.jpeg\" \/>\n\t<meta property=\"og:image:width\" content=\"1334\" \/>\n\t<meta property=\"og:image:height\" content=\"1021\" \/>\n\t<meta property=\"og:image:type\" content=\"image\/jpeg\" \/>\n<meta name=\"twitter:card\" content=\"summary_large_image\" \/>\n<meta name=\"twitter:label1\" content=\"Escrito por\" \/>\n\t<meta name=\"twitter:data1\" content=\"elpuucnoticias\" \/>\n\t<meta name=\"twitter:label2\" content=\"Tiempo de lectura\" \/>\n\t<meta name=\"twitter:data2\" content=\"3 minutos\" \/>\n<script type=\"application\/ld+json\" class=\"yoast-schema-graph\">{\"@context\":\"https:\/\/schema.org\",\"@graph\":[{\"@type\":\"WebSite\",\"@id\":\"https:\/\/elpuucnoticias.com\/#website\",\"url\":\"https:\/\/elpuucnoticias.com\/\",\"name\":\"El Puuc Noticias\",\"description\":\"Noticias - Entretenimiento - Deportes\",\"potentialAction\":[{\"@type\":\"SearchAction\",\"target\":{\"@type\":\"EntryPoint\",\"urlTemplate\":\"https:\/\/elpuucnoticias.com\/?s={search_term_string}\"},\"query-input\":\"required name=search_term_string\"}],\"inLanguage\":\"es\"},{\"@type\":\"ImageObject\",\"@id\":\"https:\/\/elpuucnoticias.com\/?p=2426#primaryimage\",\"inLanguage\":\"es\",\"url\":\"https:\/\/elpuucnoticias.com\/wp-content\/uploads\/2022\/06\/WhatsApp-Image-2022-06-29-at-10.09.56-AM-1.jpeg\",\"contentUrl\":\"https:\/\/elpuucnoticias.com\/wp-content\/uploads\/2022\/06\/WhatsApp-Image-2022-06-29-at-10.09.56-AM-1.jpeg\",\"width\":1334,\"height\":1021},{\"@type\":\"WebPage\",\"@id\":\"https:\/\/elpuucnoticias.com\/?p=2426#webpage\",\"url\":\"https:\/\/elpuucnoticias.com\/?p=2426\",\"name\":\"Inician talleres de educaci\u00f3n vial en escuelas de Ticul. Adem\u00e1s, la Polic\u00eda plantea reuniones vecinales para combatir la inseguridad - El Puuc Noticias\",\"isPartOf\":{\"@id\":\"https:\/\/elpuucnoticias.com\/#website\"},\"primaryImageOfPage\":{\"@id\":\"https:\/\/elpuucnoticias.com\/?p=2426#primaryimage\"},\"datePublished\":\"2022-06-29T20:00:01+00:00\",\"dateModified\":\"2022-06-29T20:00:04+00:00\",\"author\":{\"@id\":\"https:\/\/elpuucnoticias.com\/#\/schema\/person\/d2ea09e4c97f0160b11cdfb1d856bd9e\"},\"breadcrumb\":{\"@id\":\"https:\/\/elpuucnoticias.com\/?p=2426#breadcrumb\"},\"inLanguage\":\"es\",\"potentialAction\":[{\"@type\":\"ReadAction\",\"target\":[\"https:\/\/elpuucnoticias.com\/?p=2426\"]}]},{\"@type\":\"BreadcrumbList\",\"@id\":\"https:\/\/elpuucnoticias.com\/?p=2426#breadcrumb\",\"itemListElement\":[{\"@type\":\"ListItem\",\"position\":1,\"name\":\"Portada\",\"item\":\"https:\/\/elpuucnoticias.com\/\"},{\"@type\":\"ListItem\",\"position\":2,\"name\":\"Inician talleres de educaci\u00f3n vial en escuelas de Ticul. Adem\u00e1s, la Polic\u00eda plantea reuniones vecinales para combatir la inseguridad\"}]},{\"@type\":\"Person\",\"@id\":\"https:\/\/elpuucnoticias.com\/#\/schema\/person\/d2ea09e4c97f0160b11cdfb1d856bd9e\",\"name\":\"elpuucnoticias\",\"image\":{\"@type\":\"ImageObject\",\"@id\":\"https:\/\/elpuucnoticias.com\/#personlogo\",\"inLanguage\":\"es\",\"url\":\"https:\/\/secure.gravatar.com\/avatar\/5290a43657c74ffa15701dbe5b846bd85cc71930d803c84e91046a7333de6ce2?s=96&d=mm&r=g\",\"contentUrl\":\"https:\/\/secure.gravatar.com\/avatar\/5290a43657c74ffa15701dbe5b846bd85cc71930d803c84e91046a7333de6ce2?s=96&d=mm&r=g\",\"caption\":\"elpuucnoticias\"},\"sameAs\":[\"https:\/\/elpuucnoticias.com\"],\"url\":\"https:\/\/elpuucnoticias.com\/?author=1\"}]}<\/script>\n<!-- \/ Yoast SEO plugin. -->","yoast_head_json":{"title":"Inician talleres de educaci\u00f3n vial en escuelas de Ticul. Adem\u00e1s, la Polic\u00eda plantea reuniones vecinales para combatir la inseguridad - El Puuc Noticias","robots":{"index":"index","follow":"follow","max-snippet":"max-snippet:-1","max-image-preview":"max-image-preview:large","max-video-preview":"max-video-preview:-1"},"canonical":"https:\/\/elpuucnoticias.com\/?p=2426","og_locale":"es_ES","og_type":"article","og_title":"Inician talleres de educaci\u00f3n vial en escuelas de Ticul. Adem\u00e1s, la Polic\u00eda plantea reuniones vecinales para combatir la inseguridad - El Puuc Noticias","og_description":"La Direcci\u00f3n de Seguridad P\u00fablica de Ticul ha iniciado una serie de actividades para fomentar la educaci\u00f3n vial","og_url":"https:\/\/elpuucnoticias.com\/?p=2426","og_site_name":"El Puuc Noticias","article_published_time":"2022-06-29T20:00:01+00:00","article_modified_time":"2022-06-29T20:00:04+00:00","og_image":[{"width":1334,"height":1021,"url":"https:\/\/elpuucnoticias.com\/wp-content\/uploads\/2022\/06\/WhatsApp-Image-2022-06-29-at-10.09.56-AM-1.jpeg","type":"image\/jpeg"}],"twitter_card":"summary_large_image","twitter_misc":{"Escrito por":"elpuucnoticias","Tiempo de lectura":"3 minutos"},"schema":{"@context":"https:\/\/schema.org","@graph":[{"@type":"WebSite","@id":"https:\/\/elpuucnoticias.com\/#website","url":"https:\/\/elpuucnoticias.com\/","name":"El Puuc Noticias","description":"Noticias - Entretenimiento - Deportes","potentialAction":[{"@type":"SearchAction","target":{"@type":"EntryPoint","urlTemplate":"https:\/\/elpuucnoticias.com\/?s={search_term_string}"},"query-input":"required name=search_term_string"}],"inLanguage":"es"},{"@type":"ImageObject","@id":"https:\/\/elpuucnoticias.com\/?p=2426#primaryimage","inLanguage":"es","url":"https:\/\/elpuucnoticias.com\/wp-content\/uploads\/2022\/06\/WhatsApp-Image-2022-06-29-at-10.09.56-AM-1.jpeg","contentUrl":"https:\/\/elpuucnoticias.com\/wp-content\/uploads\/2022\/06\/WhatsApp-Image-2022-06-29-at-10.09.56-AM-1.jpeg","width":1334,"height":1021},{"@type":"WebPage","@id":"https:\/\/elpuucnoticias.com\/?p=2426#webpage","url":"https:\/\/elpuucnoticias.com\/?p=2426","name":"Inician talleres de educaci\u00f3n vial en escuelas de Ticul. Adem\u00e1s, la Polic\u00eda plantea reuniones vecinales para combatir la inseguridad - El Puuc Noticias","isPartOf":{"@id":"https:\/\/elpuucnoticias.com\/#website"},"primaryImageOfPage":{"@id":"https:\/\/elpuucnoticias.com\/?p=2426#primaryimage"},"datePublished":"2022-06-29T20:00:01+00:00","dateModified":"2022-06-29T20:00:04+00:00","author":{"@id":"https:\/\/elpuucnoticias.com\/#\/schema\/person\/d2ea09e4c97f0160b11cdfb1d856bd9e"},"breadcrumb":{"@id":"https:\/\/elpuucnoticias.com\/?p=2426#breadcrumb"},"inLanguage":"es","potentialAction":[{"@type":"ReadAction","target":["https:\/\/elpuucnoticias.com\/?p=2426"]}]},{"@type":"BreadcrumbList","@id":"https:\/\/elpuucnoticias.com\/?p=2426#breadcrumb","itemListElement":[{"@type":"ListItem","position":1,"name":"Portada","item":"https:\/\/elpuucnoticias.com\/"},{"@type":"ListItem","position":2,"name":"Inician talleres de educaci\u00f3n vial en escuelas de Ticul. Adem\u00e1s, la Polic\u00eda plantea reuniones vecinales para combatir la inseguridad"}]},{"@type":"Person","@id":"https:\/\/elpuucnoticias.com\/#\/schema\/person\/d2ea09e4c97f0160b11cdfb1d856bd9e","name":"elpuucnoticias","image":{"@type":"ImageObject","@id":"https:\/\/elpuucnoticias.com\/#personlogo","inLanguage":"es","url":"https:\/\/secure.gravatar.com\/avatar\/5290a43657c74ffa15701dbe5b846bd85cc71930d803c84e91046a7333de6ce2?s=96&d=mm&r=g","contentUrl":"https:\/\/secure.gravatar.com\/avatar\/5290a43657c74ffa15701dbe5b846bd85cc71930d803c84e91046a7333de6ce2?s=96&d=mm&r=g","caption":"elpuucnoticias"},"sameAs":["https:\/\/elpuucnoticias.com"],"url":"https:\/\/elpuucnoticias.com\/?author=1"}]}},"_links":{"self":[{"href":"https:\/\/elpuucnoticias.com\/index.php?rest_route=\/wp\/v2\/posts\/2426","targetHints":{"allow":["GET"]}}],"collection":[{"href":"https:\/\/elpuucnoticias.com\/index.php?rest_route=\/wp\/v2\/posts"}],"about":[{"href":"https:\/\/elpuucnoticias.com\/index.php?rest_route=\/wp\/v2\/types\/post"}],"author":[{"embeddable":true,"href":"https:\/\/elpuucnoticias.com\/index.php?rest_route=\/wp\/v2\/users\/1"}],"replies":[{"embeddable":true,"href":"https:\/\/elpuucnoticias.com\/index.php?rest_route=%2Fwp%2Fv2%2Fcomments&post=2426"}],"version-history":[{"count":1,"href":"https:\/\/elpuucnoticias.com\/index.php?rest_route=\/wp\/v2\/posts\/2426\/revisions"}],"predecessor-version":[{"id":2436,"href":"https:\/\/elpuucnoticias.com\/index.php?rest_route=\/wp\/v2\/posts\/2426\/revisions\/2436"}],"wp:featuredmedia":[{"embeddable":true,"href":"https:\/\/elpuucnoticias.com\/index.php?rest_route=\/wp\/v2\/media\/2427"}],"wp:attachment":[{"href":"https:\/\/elpuucnoticias.com\/index.php?rest_route=%2Fwp%2Fv2%2Fmedia&parent=2426"}],"wp:term":[{"taxonomy":"category","embeddable":true,"href":"https:\/\/elpuucnoticias.com\/index.php?rest_route=%2Fwp%2Fv2%2Fcategories&post=2426"},{"taxonomy":"post_tag","embeddable":true,"href":"https:\/\/elpuucnoticias.com\/index.php?rest_route=%2Fwp%2Fv2%2Ftags&post=2426"}],"curies":[{"name":"wp","href":"https:\/\/api.w.org\/{rel}","templated":true}]}}