{"id":2437,"date":"2022-06-29T14:08:01","date_gmt":"2022-06-29T20:08:01","guid":{"rendered":"https:\/\/elpuucnoticias.com\/?p=2437"},"modified":"2022-06-29T14:08:02","modified_gmt":"2022-06-29T20:08:02","slug":"ayuntamiento-de-tekax-se-suma-a-las-actividades-con-motivo-del-dia-internacional-del-orgullo-lbttiq","status":"publish","type":"post","link":"https:\/\/elpuucnoticias.com\/?p=2437","title":{"rendered":"Ayuntamiento de Tekax se suma a las actividades con motivo del D\u00eda Internacional del Orgullo LBTTIQ+"},"content":{"rendered":"\n<p>Con distintas actividades el Ayuntamiento de Tekax conmemora el D\u00eda Internacional del Orgullo LGBTTIQ+. El alcalde Diego \u00c1vila participa en las diferentes actividades y hace un llamado a la no discriminaci\u00f3n.<\/p>\n\n\n\n<figure class=\"wp-block-gallery has-nested-images columns-default is-cropped wp-block-gallery-1 is-layout-flex wp-block-gallery-is-layout-flex\">\n<figure class=\"wp-block-image size-large\"><img loading=\"lazy\" decoding=\"async\" width=\"1024\" height=\"682\" data-id=\"2440\" src=\"https:\/\/elpuucnoticias.com\/wp-content\/uploads\/2022\/06\/WhatsApp-Image-2022-06-29-at-9.30.24-AM-1024x682.jpeg\" alt=\"\" class=\"wp-image-2440\" srcset=\"https:\/\/elpuucnoticias.com\/wp-content\/uploads\/2022\/06\/WhatsApp-Image-2022-06-29-at-9.30.24-AM-1024x682.jpeg 1024w, https:\/\/elpuucnoticias.com\/wp-content\/uploads\/2022\/06\/WhatsApp-Image-2022-06-29-at-9.30.24-AM-300x200.jpeg 300w, https:\/\/elpuucnoticias.com\/wp-content\/uploads\/2022\/06\/WhatsApp-Image-2022-06-29-at-9.30.24-AM-768x512.jpeg 768w, https:\/\/elpuucnoticias.com\/wp-content\/uploads\/2022\/06\/WhatsApp-Image-2022-06-29-at-9.30.24-AM.jpeg 1280w\" sizes=\"auto, (max-width: 1024px) 100vw, 1024px\" \/><\/figure>\n\n\n\n<figure class=\"wp-block-image size-large\"><img loading=\"lazy\" decoding=\"async\" width=\"1024\" height=\"683\" data-id=\"2439\" src=\"https:\/\/elpuucnoticias.com\/wp-content\/uploads\/2022\/06\/WhatsApp-Image-2022-06-29-at-9.30.23-AM-2-1024x683.jpeg\" alt=\"\" class=\"wp-image-2439\" srcset=\"https:\/\/elpuucnoticias.com\/wp-content\/uploads\/2022\/06\/WhatsApp-Image-2022-06-29-at-9.30.23-AM-2-1024x683.jpeg 1024w, https:\/\/elpuucnoticias.com\/wp-content\/uploads\/2022\/06\/WhatsApp-Image-2022-06-29-at-9.30.23-AM-2-300x200.jpeg 300w, https:\/\/elpuucnoticias.com\/wp-content\/uploads\/2022\/06\/WhatsApp-Image-2022-06-29-at-9.30.23-AM-2-768x512.jpeg 768w, https:\/\/elpuucnoticias.com\/wp-content\/uploads\/2022\/06\/WhatsApp-Image-2022-06-29-at-9.30.23-AM-2.jpeg 1368w\" sizes=\"auto, (max-width: 1024px) 100vw, 1024px\" \/><\/figure>\n<\/figure>\n\n\n\n<p>Ayer se devel\u00f3 una placa en el Ayuntamiento por la realizaci\u00f3n de acciones para la cero discriminaci\u00f3n. Menciona que en el gobierno municipal queda prohibida toda discriminaci\u00f3n motivada por origen \u00e9tnico, edad, discapacidad, condici\u00f3n de salud, preferencia sexual o cualquier otro motivo y que atente contra los derechos y contra los servicios p\u00fablicos de la ciudadan\u00eda.<\/p>\n\n\n\n<p>Se inform\u00f3 que de esta manera se fomentar\u00e1 la diversidad e inclusi\u00f3n en el municipio as\u00ed como en la vida familiar, la educaci\u00f3n, el trabajo y en general en todos los procesos sociales, culturales de esta ciudad.<\/p>\n\n\n\n<figure class=\"wp-block-image size-large is-resized\"><img loading=\"lazy\" decoding=\"async\" src=\"https:\/\/elpuucnoticias.com\/wp-content\/uploads\/2022\/06\/BANNER-PUBLICITARIO-PUUC-22-1-1024x278.jpg\" alt=\"\" class=\"wp-image-2128\" width=\"628\" height=\"170\" srcset=\"https:\/\/elpuucnoticias.com\/wp-content\/uploads\/2022\/06\/BANNER-PUBLICITARIO-PUUC-22-1-1024x278.jpg 1024w, https:\/\/elpuucnoticias.com\/wp-content\/uploads\/2022\/06\/BANNER-PUBLICITARIO-PUUC-22-1-300x82.jpg 300w, https:\/\/elpuucnoticias.com\/wp-content\/uploads\/2022\/06\/BANNER-PUBLICITARIO-PUUC-22-1-768x209.jpg 768w, https:\/\/elpuucnoticias.com\/wp-content\/uploads\/2022\/06\/BANNER-PUBLICITARIO-PUUC-22-1-1536x418.jpg 1536w, https:\/\/elpuucnoticias.com\/wp-content\/uploads\/2022\/06\/BANNER-PUBLICITARIO-PUUC-22-1.jpg 1600w\" sizes=\"auto, (max-width: 628px) 100vw, 628px\" \/><\/figure>\n\n\n\n<p>Se realiz\u00f3 la conferencia \u00abCONVIHVIENDO\u00bb impartida por Pedro Pablo Alem\u00e1n G\u00f3ngora, presidente de la organizaci\u00f3n de REPAVIH (Red de Personas Afectadas por VIH). Se habl\u00f3 sobre la experiencia de vida y obst\u00e1culos que enfrentan las personas con VIH.<\/p>\n\n\n\n<p>Estuvo la directora general del Centro para Prevenir y Eliminar la Discriminaci\u00f3n en el Estado de Yucat\u00e1n (CEPREDY), Mar\u00eda Guadalupe M\u00e9ndez Correa; la directora de la UPP Tekax, Magnolia C\u00e1rdenas; estudiantes, regidores, directores del Ayuntamiento y representantes de la comunidad LGBT+ y de personas con discapacidad.<\/p>\n\n\n\n<p>Durante la noche se realiz\u00f3 el encendido de luces en el Palacio Municipal as\u00ed como la coronaci\u00f3n de Mar\u00eda Isabel Soto Chab y una pasarela \u00abDrag\u00bb.<\/p>\n\n\n\n<figure class=\"wp-block-gallery has-nested-images columns-default is-cropped wp-block-gallery-2 is-layout-flex wp-block-gallery-is-layout-flex\">\n<figure class=\"wp-block-image size-large\"><img loading=\"lazy\" decoding=\"async\" width=\"1024\" height=\"682\" data-id=\"2442\" src=\"https:\/\/elpuucnoticias.com\/wp-content\/uploads\/2022\/06\/WhatsApp-Image-2022-06-29-at-9.30.23-AM-1-1024x682.jpeg\" alt=\"\" class=\"wp-image-2442\" srcset=\"https:\/\/elpuucnoticias.com\/wp-content\/uploads\/2022\/06\/WhatsApp-Image-2022-06-29-at-9.30.23-AM-1-1024x682.jpeg 1024w, https:\/\/elpuucnoticias.com\/wp-content\/uploads\/2022\/06\/WhatsApp-Image-2022-06-29-at-9.30.23-AM-1-300x200.jpeg 300w, https:\/\/elpuucnoticias.com\/wp-content\/uploads\/2022\/06\/WhatsApp-Image-2022-06-29-at-9.30.23-AM-1-768x512.jpeg 768w, https:\/\/elpuucnoticias.com\/wp-content\/uploads\/2022\/06\/WhatsApp-Image-2022-06-29-at-9.30.23-AM-1.jpeg 1280w\" sizes=\"auto, (max-width: 1024px) 100vw, 1024px\" \/><\/figure>\n\n\n\n<figure class=\"wp-block-image size-large\"><img loading=\"lazy\" decoding=\"async\" width=\"1024\" height=\"682\" data-id=\"2441\" src=\"https:\/\/elpuucnoticias.com\/wp-content\/uploads\/2022\/06\/WhatsApp-Image-2022-06-29-at-9.30.23-AM-1024x682.jpeg\" alt=\"\" class=\"wp-image-2441\" srcset=\"https:\/\/elpuucnoticias.com\/wp-content\/uploads\/2022\/06\/WhatsApp-Image-2022-06-29-at-9.30.23-AM-1024x682.jpeg 1024w, https:\/\/elpuucnoticias.com\/wp-content\/uploads\/2022\/06\/WhatsApp-Image-2022-06-29-at-9.30.23-AM-300x200.jpeg 300w, https:\/\/elpuucnoticias.com\/wp-content\/uploads\/2022\/06\/WhatsApp-Image-2022-06-29-at-9.30.23-AM-768x512.jpeg 768w, https:\/\/elpuucnoticias.com\/wp-content\/uploads\/2022\/06\/WhatsApp-Image-2022-06-29-at-9.30.23-AM.jpeg 1280w\" sizes=\"auto, (max-width: 1024px) 100vw, 1024px\" \/><\/figure>\n<\/figure>\n\n\n\n<p>\u00abEn el Ayuntamiento de Tekax reconocemos y nos sumamos a los esfuerzos para que cada d\u00eda exista mayor libertad, reconocimiento, inclusi\u00f3n y respeto sin distinci\u00f3n\u00bb, indic\u00f3 el alcalde, Diego \u00c1vila Romero.<\/p>\n\n\n\n<p>Recalc\u00f3 que el s\u00e1bado y domingo continuar\u00e1n las actividades, ya que se realizar\u00e1 el desfile LGBT+ y la primera carrera por la Diversidad e Inclusi\u00f3n Tekax 2022.\u2014 <em>El Puuc Noticias<\/em><\/p>\n","protected":false},"excerpt":{"rendered":"<p>Con distintas actividades el Ayuntamiento de Tekax conmemora el D\u00eda Internacional del Orgullo LGBTTIQ+. El alcalde Diego \u00c1vila<\/p>\n","protected":false},"author":1,"featured_media":2438,"comment_status":"closed","ping_status":"open","sticky":false,"template":"","format":"standard","meta":{"_monsterinsights_skip_tracking":false,"_monsterinsights_sitenote_active":false,"_monsterinsights_sitenote_note":"","_monsterinsights_sitenote_category":0,"footnotes":""},"categories":[11,4],"tags":[],"class_list":["post-2437","post","type-post","status-publish","format-standard","has-post-thumbnail","hentry","category-noticias","category-tekax"],"yoast_head":"<!-- This site is optimized with the Yoast SEO plugin v18.3 - https:\/\/yoast.com\/wordpress\/plugins\/seo\/ -->\n<title>Ayuntamiento de Tekax se suma a las actividades con motivo del D\u00eda Internacional del Orgullo LBTTIQ+ - El Puuc Noticias<\/title>\n<meta name=\"robots\" content=\"index, follow, max-snippet:-1, max-image-preview:large, max-video-preview:-1\" \/>\n<link rel=\"canonical\" href=\"https:\/\/elpuucnoticias.com\/?p=2437\" \/>\n<meta property=\"og:locale\" content=\"es_ES\" \/>\n<meta property=\"og:type\" content=\"article\" \/>\n<meta property=\"og:title\" content=\"Ayuntamiento de Tekax se suma a las actividades con motivo del D\u00eda Internacional del Orgullo LBTTIQ+ - El Puuc Noticias\" \/>\n<meta property=\"og:description\" content=\"Con distintas actividades el Ayuntamiento de Tekax conmemora el D\u00eda Internacional del Orgullo LGBTTIQ+. El alcalde Diego \u00c1vila\" \/>\n<meta property=\"og:url\" content=\"https:\/\/elpuucnoticias.com\/?p=2437\" \/>\n<meta property=\"og:site_name\" content=\"El Puuc Noticias\" \/>\n<meta property=\"article:published_time\" content=\"2022-06-29T20:08:01+00:00\" \/>\n<meta property=\"article:modified_time\" content=\"2022-06-29T20:08:02+00:00\" \/>\n<meta property=\"og:image\" content=\"https:\/\/elpuucnoticias.com\/wp-content\/uploads\/2022\/06\/WhatsApp-Image-2022-06-29-at-9.30.24-AM-1.jpeg\" \/>\n\t<meta property=\"og:image:width\" content=\"1280\" \/>\n\t<meta property=\"og:image:height\" content=\"853\" \/>\n\t<meta property=\"og:image:type\" content=\"image\/jpeg\" \/>\n<meta name=\"twitter:card\" content=\"summary_large_image\" \/>\n<meta name=\"twitter:label1\" content=\"Escrito por\" \/>\n\t<meta name=\"twitter:data1\" content=\"elpuucnoticias\" \/>\n\t<meta name=\"twitter:label2\" content=\"Tiempo de lectura\" \/>\n\t<meta name=\"twitter:data2\" content=\"3 minutos\" \/>\n<script type=\"application\/ld+json\" class=\"yoast-schema-graph\">{\"@context\":\"https:\/\/schema.org\",\"@graph\":[{\"@type\":\"WebSite\",\"@id\":\"https:\/\/elpuucnoticias.com\/#website\",\"url\":\"https:\/\/elpuucnoticias.com\/\",\"name\":\"El Puuc Noticias\",\"description\":\"Noticias - Entretenimiento - Deportes\",\"potentialAction\":[{\"@type\":\"SearchAction\",\"target\":{\"@type\":\"EntryPoint\",\"urlTemplate\":\"https:\/\/elpuucnoticias.com\/?s={search_term_string}\"},\"query-input\":\"required name=search_term_string\"}],\"inLanguage\":\"es\"},{\"@type\":\"ImageObject\",\"@id\":\"https:\/\/elpuucnoticias.com\/?p=2437#primaryimage\",\"inLanguage\":\"es\",\"url\":\"https:\/\/elpuucnoticias.com\/wp-content\/uploads\/2022\/06\/WhatsApp-Image-2022-06-29-at-9.30.24-AM-1.jpeg\",\"contentUrl\":\"https:\/\/elpuucnoticias.com\/wp-content\/uploads\/2022\/06\/WhatsApp-Image-2022-06-29-at-9.30.24-AM-1.jpeg\",\"width\":1280,\"height\":853},{\"@type\":\"WebPage\",\"@id\":\"https:\/\/elpuucnoticias.com\/?p=2437#webpage\",\"url\":\"https:\/\/elpuucnoticias.com\/?p=2437\",\"name\":\"Ayuntamiento de Tekax se suma a las actividades con motivo del D\u00eda Internacional del Orgullo LBTTIQ+ - El Puuc Noticias\",\"isPartOf\":{\"@id\":\"https:\/\/elpuucnoticias.com\/#website\"},\"primaryImageOfPage\":{\"@id\":\"https:\/\/elpuucnoticias.com\/?p=2437#primaryimage\"},\"datePublished\":\"2022-06-29T20:08:01+00:00\",\"dateModified\":\"2022-06-29T20:08:02+00:00\",\"author\":{\"@id\":\"https:\/\/elpuucnoticias.com\/#\/schema\/person\/d2ea09e4c97f0160b11cdfb1d856bd9e\"},\"breadcrumb\":{\"@id\":\"https:\/\/elpuucnoticias.com\/?p=2437#breadcrumb\"},\"inLanguage\":\"es\",\"potentialAction\":[{\"@type\":\"ReadAction\",\"target\":[\"https:\/\/elpuucnoticias.com\/?p=2437\"]}]},{\"@type\":\"BreadcrumbList\",\"@id\":\"https:\/\/elpuucnoticias.com\/?p=2437#breadcrumb\",\"itemListElement\":[{\"@type\":\"ListItem\",\"position\":1,\"name\":\"Portada\",\"item\":\"https:\/\/elpuucnoticias.com\/\"},{\"@type\":\"ListItem\",\"position\":2,\"name\":\"Ayuntamiento de Tekax se suma a las actividades con motivo del D\u00eda Internacional del Orgullo LBTTIQ+\"}]},{\"@type\":\"Person\",\"@id\":\"https:\/\/elpuucnoticias.com\/#\/schema\/person\/d2ea09e4c97f0160b11cdfb1d856bd9e\",\"name\":\"elpuucnoticias\",\"image\":{\"@type\":\"ImageObject\",\"@id\":\"https:\/\/elpuucnoticias.com\/#personlogo\",\"inLanguage\":\"es\",\"url\":\"https:\/\/secure.gravatar.com\/avatar\/5290a43657c74ffa15701dbe5b846bd85cc71930d803c84e91046a7333de6ce2?s=96&d=mm&r=g\",\"contentUrl\":\"https:\/\/secure.gravatar.com\/avatar\/5290a43657c74ffa15701dbe5b846bd85cc71930d803c84e91046a7333de6ce2?s=96&d=mm&r=g\",\"caption\":\"elpuucnoticias\"},\"sameAs\":[\"https:\/\/elpuucnoticias.com\"],\"url\":\"https:\/\/elpuucnoticias.com\/?author=1\"}]}<\/script>\n<!-- \/ Yoast SEO plugin. -->","yoast_head_json":{"title":"Ayuntamiento de Tekax se suma a las actividades con motivo del D\u00eda Internacional del Orgullo LBTTIQ+ - El Puuc Noticias","robots":{"index":"index","follow":"follow","max-snippet":"max-snippet:-1","max-image-preview":"max-image-preview:large","max-video-preview":"max-video-preview:-1"},"canonical":"https:\/\/elpuucnoticias.com\/?p=2437","og_locale":"es_ES","og_type":"article","og_title":"Ayuntamiento de Tekax se suma a las actividades con motivo del D\u00eda Internacional del Orgullo LBTTIQ+ - El Puuc Noticias","og_description":"Con distintas actividades el Ayuntamiento de Tekax conmemora el D\u00eda Internacional del Orgullo LGBTTIQ+. El alcalde Diego \u00c1vila","og_url":"https:\/\/elpuucnoticias.com\/?p=2437","og_site_name":"El Puuc Noticias","article_published_time":"2022-06-29T20:08:01+00:00","article_modified_time":"2022-06-29T20:08:02+00:00","og_image":[{"width":1280,"height":853,"url":"https:\/\/elpuucnoticias.com\/wp-content\/uploads\/2022\/06\/WhatsApp-Image-2022-06-29-at-9.30.24-AM-1.jpeg","type":"image\/jpeg"}],"twitter_card":"summary_large_image","twitter_misc":{"Escrito por":"elpuucnoticias","Tiempo de lectura":"3 minutos"},"schema":{"@context":"https:\/\/schema.org","@graph":[{"@type":"WebSite","@id":"https:\/\/elpuucnoticias.com\/#website","url":"https:\/\/elpuucnoticias.com\/","name":"El Puuc Noticias","description":"Noticias - Entretenimiento - Deportes","potentialAction":[{"@type":"SearchAction","target":{"@type":"EntryPoint","urlTemplate":"https:\/\/elpuucnoticias.com\/?s={search_term_string}"},"query-input":"required name=search_term_string"}],"inLanguage":"es"},{"@type":"ImageObject","@id":"https:\/\/elpuucnoticias.com\/?p=2437#primaryimage","inLanguage":"es","url":"https:\/\/elpuucnoticias.com\/wp-content\/uploads\/2022\/06\/WhatsApp-Image-2022-06-29-at-9.30.24-AM-1.jpeg","contentUrl":"https:\/\/elpuucnoticias.com\/wp-content\/uploads\/2022\/06\/WhatsApp-Image-2022-06-29-at-9.30.24-AM-1.jpeg","width":1280,"height":853},{"@type":"WebPage","@id":"https:\/\/elpuucnoticias.com\/?p=2437#webpage","url":"https:\/\/elpuucnoticias.com\/?p=2437","name":"Ayuntamiento de Tekax se suma a las actividades con motivo del D\u00eda Internacional del Orgullo LBTTIQ+ - El Puuc Noticias","isPartOf":{"@id":"https:\/\/elpuucnoticias.com\/#website"},"primaryImageOfPage":{"@id":"https:\/\/elpuucnoticias.com\/?p=2437#primaryimage"},"datePublished":"2022-06-29T20:08:01+00:00","dateModified":"2022-06-29T20:08:02+00:00","author":{"@id":"https:\/\/elpuucnoticias.com\/#\/schema\/person\/d2ea09e4c97f0160b11cdfb1d856bd9e"},"breadcrumb":{"@id":"https:\/\/elpuucnoticias.com\/?p=2437#breadcrumb"},"inLanguage":"es","potentialAction":[{"@type":"ReadAction","target":["https:\/\/elpuucnoticias.com\/?p=2437"]}]},{"@type":"BreadcrumbList","@id":"https:\/\/elpuucnoticias.com\/?p=2437#breadcrumb","itemListElement":[{"@type":"ListItem","position":1,"name":"Portada","item":"https:\/\/elpuucnoticias.com\/"},{"@type":"ListItem","position":2,"name":"Ayuntamiento de Tekax se suma a las actividades con motivo del D\u00eda Internacional del Orgullo LBTTIQ+"}]},{"@type":"Person","@id":"https:\/\/elpuucnoticias.com\/#\/schema\/person\/d2ea09e4c97f0160b11cdfb1d856bd9e","name":"elpuucnoticias","image":{"@type":"ImageObject","@id":"https:\/\/elpuucnoticias.com\/#personlogo","inLanguage":"es","url":"https:\/\/secure.gravatar.com\/avatar\/5290a43657c74ffa15701dbe5b846bd85cc71930d803c84e91046a7333de6ce2?s=96&d=mm&r=g","contentUrl":"https:\/\/secure.gravatar.com\/avatar\/5290a43657c74ffa15701dbe5b846bd85cc71930d803c84e91046a7333de6ce2?s=96&d=mm&r=g","caption":"elpuucnoticias"},"sameAs":["https:\/\/elpuucnoticias.com"],"url":"https:\/\/elpuucnoticias.com\/?author=1"}]}},"_links":{"self":[{"href":"https:\/\/elpuucnoticias.com\/index.php?rest_route=\/wp\/v2\/posts\/2437","targetHints":{"allow":["GET"]}}],"collection":[{"href":"https:\/\/elpuucnoticias.com\/index.php?rest_route=\/wp\/v2\/posts"}],"about":[{"href":"https:\/\/elpuucnoticias.com\/index.php?rest_route=\/wp\/v2\/types\/post"}],"author":[{"embeddable":true,"href":"https:\/\/elpuucnoticias.com\/index.php?rest_route=\/wp\/v2\/users\/1"}],"replies":[{"embeddable":true,"href":"https:\/\/elpuucnoticias.com\/index.php?rest_route=%2Fwp%2Fv2%2Fcomments&post=2437"}],"version-history":[{"count":1,"href":"https:\/\/elpuucnoticias.com\/index.php?rest_route=\/wp\/v2\/posts\/2437\/revisions"}],"predecessor-version":[{"id":2443,"href":"https:\/\/elpuucnoticias.com\/index.php?rest_route=\/wp\/v2\/posts\/2437\/revisions\/2443"}],"wp:featuredmedia":[{"embeddable":true,"href":"https:\/\/elpuucnoticias.com\/index.php?rest_route=\/wp\/v2\/media\/2438"}],"wp:attachment":[{"href":"https:\/\/elpuucnoticias.com\/index.php?rest_route=%2Fwp%2Fv2%2Fmedia&parent=2437"}],"wp:term":[{"taxonomy":"category","embeddable":true,"href":"https:\/\/elpuucnoticias.com\/index.php?rest_route=%2Fwp%2Fv2%2Fcategories&post=2437"},{"taxonomy":"post_tag","embeddable":true,"href":"https:\/\/elpuucnoticias.com\/index.php?rest_route=%2Fwp%2Fv2%2Ftags&post=2437"}],"curies":[{"name":"wp","href":"https:\/\/api.w.org\/{rel}","templated":true}]}}