{"id":2458,"date":"2022-06-30T15:20:42","date_gmt":"2022-06-30T21:20:42","guid":{"rendered":"https:\/\/elpuucnoticias.com\/?p=2458"},"modified":"2022-06-30T15:20:42","modified_gmt":"2022-06-30T21:20:42","slug":"van-por-el-rescate-de-la-capilla-de-san-esteban-el-ayuntamiento-realiza-trabajos-de-remozamiento-pintura-y-cambio-de-luminarias","status":"publish","type":"post","link":"https:\/\/elpuucnoticias.com\/?p=2458","title":{"rendered":"Van por el rescate de la capilla de San Esteban. El Ayuntamiento realiza trabajos de remozamiento, pintura y cambio de luminarias"},"content":{"rendered":"\n<p>Continuando con las acciones de rescatar y preservar el patrimonio hist\u00f3rico de gran valor religioso y cultural del municipio, el\u00a0alcalde de Oxkutzcab, Juan Jos\u00e9 Mart\u00edn Fragoso,\u00a0a\u00a0trav\u00e9s de la direcci\u00f3n de\u00a0Rescate\u00a0de Espacios Hist\u00f3ricos, realiza el remozamiento y pintura de la capilla de San Esteban.<\/p>\n\n\n\n<figure class=\"wp-block-gallery has-nested-images columns-default is-cropped wp-block-gallery-1 is-layout-flex wp-block-gallery-is-layout-flex\">\n<figure class=\"wp-block-image size-large\"><img loading=\"lazy\" decoding=\"async\" width=\"840\" height=\"671\" data-id=\"2460\" src=\"https:\/\/elpuucnoticias.com\/wp-content\/uploads\/2022\/06\/capilla.jpg\" alt=\"\" class=\"wp-image-2460\" srcset=\"https:\/\/elpuucnoticias.com\/wp-content\/uploads\/2022\/06\/capilla.jpg 840w, https:\/\/elpuucnoticias.com\/wp-content\/uploads\/2022\/06\/capilla-300x240.jpg 300w, https:\/\/elpuucnoticias.com\/wp-content\/uploads\/2022\/06\/capilla-768x613.jpg 768w\" sizes=\"auto, (max-width: 840px) 100vw, 840px\" \/><\/figure>\n\n\n\n<figure class=\"wp-block-image size-large\"><img loading=\"lazy\" decoding=\"async\" width=\"1024\" height=\"819\" data-id=\"2461\" src=\"https:\/\/elpuucnoticias.com\/wp-content\/uploads\/2022\/06\/capilla04-1024x819.jpg\" alt=\"\" class=\"wp-image-2461\" srcset=\"https:\/\/elpuucnoticias.com\/wp-content\/uploads\/2022\/06\/capilla04-1024x819.jpg 1024w, https:\/\/elpuucnoticias.com\/wp-content\/uploads\/2022\/06\/capilla04-300x240.jpg 300w, https:\/\/elpuucnoticias.com\/wp-content\/uploads\/2022\/06\/capilla04-768x614.jpg 768w, https:\/\/elpuucnoticias.com\/wp-content\/uploads\/2022\/06\/capilla04.jpg 1200w\" sizes=\"auto, (max-width: 1024px) 100vw, 1024px\" \/><\/figure>\n<\/figure>\n\n\n\n<p>En el lugar se realizar\u00e1n tambi\u00e9n trabajos de mantenimiento\u00a0a las luminarias de la capilla y sus alrededores, para darle mayor seguridad a los feligreses que acuden a los actos religiosos.<\/p>\n\n\n\n<figure class=\"wp-block-image size-large is-resized\"><img loading=\"lazy\" decoding=\"async\" src=\"https:\/\/elpuucnoticias.com\/wp-content\/uploads\/2022\/06\/BANNER-PUBLICITARIO-PUUC-22-1-1024x278.jpg\" alt=\"\" class=\"wp-image-2128\" width=\"640\" height=\"174\" srcset=\"https:\/\/elpuucnoticias.com\/wp-content\/uploads\/2022\/06\/BANNER-PUBLICITARIO-PUUC-22-1-1024x278.jpg 1024w, https:\/\/elpuucnoticias.com\/wp-content\/uploads\/2022\/06\/BANNER-PUBLICITARIO-PUUC-22-1-300x82.jpg 300w, https:\/\/elpuucnoticias.com\/wp-content\/uploads\/2022\/06\/BANNER-PUBLICITARIO-PUUC-22-1-768x209.jpg 768w, https:\/\/elpuucnoticias.com\/wp-content\/uploads\/2022\/06\/BANNER-PUBLICITARIO-PUUC-22-1-1536x418.jpg 1536w, https:\/\/elpuucnoticias.com\/wp-content\/uploads\/2022\/06\/BANNER-PUBLICITARIO-PUUC-22-1.jpg 1600w\" sizes=\"auto, (max-width: 640px) 100vw, 640px\" \/><\/figure>\n\n\n\n<p>Los trabajos se realizan con personal de la Direcci\u00f3n de Rescate de Espacios Hist\u00f3ricos que encabeza Luis V\u00e1zquez parra. Parte del techo de este edificio religioso recibir\u00e1 reparaciones de da\u00f1os.<\/p>\n\n\n\n<p>Las acciones de mejoras y conservaci\u00f3n de las capillas de los barrios, tienen como objetivo preservar\u00a0aquellos lugares que tienen un valor cultural e hist\u00f3rico, y\u00a0aportan identidad\u00a0a\u00a0Oxkutzcab.<\/p>\n\n\n\n<p>Hace unos meses se realizaron trabajos de mantenimiento al techo de la Iglesia de San Francisco de As\u00eds del convento de Oxkutzcab y se dio mantenimiento a la peque\u00f1a capilla de Santa Cruz en la colonia de La Mejorada.\u2014 <em>El Puuc Noticias<\/em><\/p>\n","protected":false},"excerpt":{"rendered":"<p>Continuando con las acciones de rescatar y preservar el patrimonio hist\u00f3rico de gran valor religioso y cultural del<\/p>\n","protected":false},"author":1,"featured_media":2459,"comment_status":"closed","ping_status":"open","sticky":false,"template":"","format":"standard","meta":{"_monsterinsights_skip_tracking":false,"_monsterinsights_sitenote_active":false,"_monsterinsights_sitenote_note":"","_monsterinsights_sitenote_category":0,"footnotes":""},"categories":[11,14],"tags":[],"class_list":["post-2458","post","type-post","status-publish","format-standard","has-post-thumbnail","hentry","category-noticias","category-oxkutzcab"],"yoast_head":"<!-- This site is optimized with the Yoast SEO plugin v18.3 - https:\/\/yoast.com\/wordpress\/plugins\/seo\/ -->\n<title>Van por el rescate de la capilla de San Esteban. El Ayuntamiento realiza trabajos de remozamiento, pintura y cambio de luminarias - El Puuc Noticias<\/title>\n<meta name=\"robots\" content=\"index, follow, max-snippet:-1, max-image-preview:large, max-video-preview:-1\" \/>\n<link rel=\"canonical\" href=\"https:\/\/elpuucnoticias.com\/?p=2458\" \/>\n<meta property=\"og:locale\" content=\"es_ES\" \/>\n<meta property=\"og:type\" content=\"article\" \/>\n<meta property=\"og:title\" content=\"Van por el rescate de la capilla de San Esteban. El Ayuntamiento realiza trabajos de remozamiento, pintura y cambio de luminarias - El Puuc Noticias\" \/>\n<meta property=\"og:description\" content=\"Continuando con las acciones de rescatar y preservar el patrimonio hist\u00f3rico de gran valor religioso y cultural del\" \/>\n<meta property=\"og:url\" content=\"https:\/\/elpuucnoticias.com\/?p=2458\" \/>\n<meta property=\"og:site_name\" content=\"El Puuc Noticias\" \/>\n<meta property=\"article:published_time\" content=\"2022-06-30T21:20:42+00:00\" \/>\n<meta property=\"og:image\" content=\"https:\/\/elpuucnoticias.com\/wp-content\/uploads\/2022\/06\/capilla.jpg\" \/>\n<meta name=\"twitter:card\" content=\"summary_large_image\" \/>\n<meta name=\"twitter:label1\" content=\"Escrito por\" \/>\n\t<meta name=\"twitter:data1\" content=\"elpuucnoticias\" \/>\n\t<meta name=\"twitter:label2\" content=\"Tiempo de lectura\" \/>\n\t<meta name=\"twitter:data2\" content=\"1 minuto\" \/>\n<script type=\"application\/ld+json\" class=\"yoast-schema-graph\">{\"@context\":\"https:\/\/schema.org\",\"@graph\":[{\"@type\":\"WebSite\",\"@id\":\"https:\/\/elpuucnoticias.com\/#website\",\"url\":\"https:\/\/elpuucnoticias.com\/\",\"name\":\"El Puuc Noticias\",\"description\":\"Noticias - Entretenimiento - Deportes\",\"potentialAction\":[{\"@type\":\"SearchAction\",\"target\":{\"@type\":\"EntryPoint\",\"urlTemplate\":\"https:\/\/elpuucnoticias.com\/?s={search_term_string}\"},\"query-input\":\"required name=search_term_string\"}],\"inLanguage\":\"es\"},{\"@type\":\"ImageObject\",\"@id\":\"https:\/\/elpuucnoticias.com\/?p=2458#primaryimage\",\"inLanguage\":\"es\",\"url\":\"https:\/\/elpuucnoticias.com\/wp-content\/uploads\/2022\/06\/Capilla03.jpg\",\"contentUrl\":\"https:\/\/elpuucnoticias.com\/wp-content\/uploads\/2022\/06\/Capilla03.jpg\",\"width\":957,\"height\":766},{\"@type\":\"WebPage\",\"@id\":\"https:\/\/elpuucnoticias.com\/?p=2458#webpage\",\"url\":\"https:\/\/elpuucnoticias.com\/?p=2458\",\"name\":\"Van por el rescate de la capilla de San Esteban. El Ayuntamiento realiza trabajos de remozamiento, pintura y cambio de luminarias - El Puuc Noticias\",\"isPartOf\":{\"@id\":\"https:\/\/elpuucnoticias.com\/#website\"},\"primaryImageOfPage\":{\"@id\":\"https:\/\/elpuucnoticias.com\/?p=2458#primaryimage\"},\"datePublished\":\"2022-06-30T21:20:42+00:00\",\"dateModified\":\"2022-06-30T21:20:42+00:00\",\"author\":{\"@id\":\"https:\/\/elpuucnoticias.com\/#\/schema\/person\/d2ea09e4c97f0160b11cdfb1d856bd9e\"},\"breadcrumb\":{\"@id\":\"https:\/\/elpuucnoticias.com\/?p=2458#breadcrumb\"},\"inLanguage\":\"es\",\"potentialAction\":[{\"@type\":\"ReadAction\",\"target\":[\"https:\/\/elpuucnoticias.com\/?p=2458\"]}]},{\"@type\":\"BreadcrumbList\",\"@id\":\"https:\/\/elpuucnoticias.com\/?p=2458#breadcrumb\",\"itemListElement\":[{\"@type\":\"ListItem\",\"position\":1,\"name\":\"Portada\",\"item\":\"https:\/\/elpuucnoticias.com\/\"},{\"@type\":\"ListItem\",\"position\":2,\"name\":\"Van por el rescate de la capilla de San Esteban. El Ayuntamiento realiza trabajos de remozamiento, pintura y cambio de luminarias\"}]},{\"@type\":\"Person\",\"@id\":\"https:\/\/elpuucnoticias.com\/#\/schema\/person\/d2ea09e4c97f0160b11cdfb1d856bd9e\",\"name\":\"elpuucnoticias\",\"image\":{\"@type\":\"ImageObject\",\"@id\":\"https:\/\/elpuucnoticias.com\/#personlogo\",\"inLanguage\":\"es\",\"url\":\"https:\/\/secure.gravatar.com\/avatar\/5290a43657c74ffa15701dbe5b846bd85cc71930d803c84e91046a7333de6ce2?s=96&d=mm&r=g\",\"contentUrl\":\"https:\/\/secure.gravatar.com\/avatar\/5290a43657c74ffa15701dbe5b846bd85cc71930d803c84e91046a7333de6ce2?s=96&d=mm&r=g\",\"caption\":\"elpuucnoticias\"},\"sameAs\":[\"https:\/\/elpuucnoticias.com\"],\"url\":\"https:\/\/elpuucnoticias.com\/?author=1\"}]}<\/script>\n<!-- \/ Yoast SEO plugin. -->","yoast_head_json":{"title":"Van por el rescate de la capilla de San Esteban. El Ayuntamiento realiza trabajos de remozamiento, pintura y cambio de luminarias - El Puuc Noticias","robots":{"index":"index","follow":"follow","max-snippet":"max-snippet:-1","max-image-preview":"max-image-preview:large","max-video-preview":"max-video-preview:-1"},"canonical":"https:\/\/elpuucnoticias.com\/?p=2458","og_locale":"es_ES","og_type":"article","og_title":"Van por el rescate de la capilla de San Esteban. El Ayuntamiento realiza trabajos de remozamiento, pintura y cambio de luminarias - El Puuc Noticias","og_description":"Continuando con las acciones de rescatar y preservar el patrimonio hist\u00f3rico de gran valor religioso y cultural del","og_url":"https:\/\/elpuucnoticias.com\/?p=2458","og_site_name":"El Puuc Noticias","article_published_time":"2022-06-30T21:20:42+00:00","og_image":[{"url":"https:\/\/elpuucnoticias.com\/wp-content\/uploads\/2022\/06\/capilla.jpg"}],"twitter_card":"summary_large_image","twitter_misc":{"Escrito por":"elpuucnoticias","Tiempo de lectura":"1 minuto"},"schema":{"@context":"https:\/\/schema.org","@graph":[{"@type":"WebSite","@id":"https:\/\/elpuucnoticias.com\/#website","url":"https:\/\/elpuucnoticias.com\/","name":"El Puuc Noticias","description":"Noticias - Entretenimiento - Deportes","potentialAction":[{"@type":"SearchAction","target":{"@type":"EntryPoint","urlTemplate":"https:\/\/elpuucnoticias.com\/?s={search_term_string}"},"query-input":"required name=search_term_string"}],"inLanguage":"es"},{"@type":"ImageObject","@id":"https:\/\/elpuucnoticias.com\/?p=2458#primaryimage","inLanguage":"es","url":"https:\/\/elpuucnoticias.com\/wp-content\/uploads\/2022\/06\/Capilla03.jpg","contentUrl":"https:\/\/elpuucnoticias.com\/wp-content\/uploads\/2022\/06\/Capilla03.jpg","width":957,"height":766},{"@type":"WebPage","@id":"https:\/\/elpuucnoticias.com\/?p=2458#webpage","url":"https:\/\/elpuucnoticias.com\/?p=2458","name":"Van por el rescate de la capilla de San Esteban. El Ayuntamiento realiza trabajos de remozamiento, pintura y cambio de luminarias - El Puuc Noticias","isPartOf":{"@id":"https:\/\/elpuucnoticias.com\/#website"},"primaryImageOfPage":{"@id":"https:\/\/elpuucnoticias.com\/?p=2458#primaryimage"},"datePublished":"2022-06-30T21:20:42+00:00","dateModified":"2022-06-30T21:20:42+00:00","author":{"@id":"https:\/\/elpuucnoticias.com\/#\/schema\/person\/d2ea09e4c97f0160b11cdfb1d856bd9e"},"breadcrumb":{"@id":"https:\/\/elpuucnoticias.com\/?p=2458#breadcrumb"},"inLanguage":"es","potentialAction":[{"@type":"ReadAction","target":["https:\/\/elpuucnoticias.com\/?p=2458"]}]},{"@type":"BreadcrumbList","@id":"https:\/\/elpuucnoticias.com\/?p=2458#breadcrumb","itemListElement":[{"@type":"ListItem","position":1,"name":"Portada","item":"https:\/\/elpuucnoticias.com\/"},{"@type":"ListItem","position":2,"name":"Van por el rescate de la capilla de San Esteban. El Ayuntamiento realiza trabajos de remozamiento, pintura y cambio de luminarias"}]},{"@type":"Person","@id":"https:\/\/elpuucnoticias.com\/#\/schema\/person\/d2ea09e4c97f0160b11cdfb1d856bd9e","name":"elpuucnoticias","image":{"@type":"ImageObject","@id":"https:\/\/elpuucnoticias.com\/#personlogo","inLanguage":"es","url":"https:\/\/secure.gravatar.com\/avatar\/5290a43657c74ffa15701dbe5b846bd85cc71930d803c84e91046a7333de6ce2?s=96&d=mm&r=g","contentUrl":"https:\/\/secure.gravatar.com\/avatar\/5290a43657c74ffa15701dbe5b846bd85cc71930d803c84e91046a7333de6ce2?s=96&d=mm&r=g","caption":"elpuucnoticias"},"sameAs":["https:\/\/elpuucnoticias.com"],"url":"https:\/\/elpuucnoticias.com\/?author=1"}]}},"_links":{"self":[{"href":"https:\/\/elpuucnoticias.com\/index.php?rest_route=\/wp\/v2\/posts\/2458","targetHints":{"allow":["GET"]}}],"collection":[{"href":"https:\/\/elpuucnoticias.com\/index.php?rest_route=\/wp\/v2\/posts"}],"about":[{"href":"https:\/\/elpuucnoticias.com\/index.php?rest_route=\/wp\/v2\/types\/post"}],"author":[{"embeddable":true,"href":"https:\/\/elpuucnoticias.com\/index.php?rest_route=\/wp\/v2\/users\/1"}],"replies":[{"embeddable":true,"href":"https:\/\/elpuucnoticias.com\/index.php?rest_route=%2Fwp%2Fv2%2Fcomments&post=2458"}],"version-history":[{"count":1,"href":"https:\/\/elpuucnoticias.com\/index.php?rest_route=\/wp\/v2\/posts\/2458\/revisions"}],"predecessor-version":[{"id":2462,"href":"https:\/\/elpuucnoticias.com\/index.php?rest_route=\/wp\/v2\/posts\/2458\/revisions\/2462"}],"wp:featuredmedia":[{"embeddable":true,"href":"https:\/\/elpuucnoticias.com\/index.php?rest_route=\/wp\/v2\/media\/2459"}],"wp:attachment":[{"href":"https:\/\/elpuucnoticias.com\/index.php?rest_route=%2Fwp%2Fv2%2Fmedia&parent=2458"}],"wp:term":[{"taxonomy":"category","embeddable":true,"href":"https:\/\/elpuucnoticias.com\/index.php?rest_route=%2Fwp%2Fv2%2Fcategories&post=2458"},{"taxonomy":"post_tag","embeddable":true,"href":"https:\/\/elpuucnoticias.com\/index.php?rest_route=%2Fwp%2Fv2%2Ftags&post=2458"}],"curies":[{"name":"wp","href":"https:\/\/api.w.org\/{rel}","templated":true}]}}