{"id":2505,"date":"2022-07-04T18:33:43","date_gmt":"2022-07-05T00:33:43","guid":{"rendered":"https:\/\/elpuucnoticias.com\/?p=2505"},"modified":"2022-07-04T18:33:46","modified_gmt":"2022-07-05T00:33:46","slug":"en-tekax-ya-se-cuenta-con-modulo-para-la-atencion-de-casos-de-salud-mental-en-personas-de-las-comisarias-y-municipios-cercanos","status":"publish","type":"post","link":"https:\/\/elpuucnoticias.com\/?p=2505","title":{"rendered":"En Tekax ya se cuenta con m\u00f3dulo para la atenci\u00f3n de casos de salud mental, en personas de las comisar\u00edas y municipios cercanos"},"content":{"rendered":"\n<p>El Ayuntamiento de Tekax cumple su compromiso de acercar servicios de Salud Mental a la ciudadan\u00eda. Las autoridades inauguraron el m\u00f3dulo de atenci\u00f3n externa de Salud Mental en las instalaciones del Hospital General de Tekax y ser\u00e1 atendido por la Brigada Municipal de Salud Mental con 18 personas.<\/p>\n\n\n\n<figure class=\"wp-block-gallery has-nested-images columns-default is-cropped wp-block-gallery-1 is-layout-flex wp-block-gallery-is-layout-flex\">\n<figure class=\"wp-block-image size-large\"><img loading=\"lazy\" decoding=\"async\" width=\"1024\" height=\"682\" data-id=\"2508\" src=\"https:\/\/elpuucnoticias.com\/wp-content\/uploads\/2022\/07\/WhatsApp-Image-2022-07-04-at-11.04.49-AM-1024x682.jpeg\" alt=\"\" class=\"wp-image-2508\" srcset=\"https:\/\/elpuucnoticias.com\/wp-content\/uploads\/2022\/07\/WhatsApp-Image-2022-07-04-at-11.04.49-AM-1024x682.jpeg 1024w, https:\/\/elpuucnoticias.com\/wp-content\/uploads\/2022\/07\/WhatsApp-Image-2022-07-04-at-11.04.49-AM-300x200.jpeg 300w, https:\/\/elpuucnoticias.com\/wp-content\/uploads\/2022\/07\/WhatsApp-Image-2022-07-04-at-11.04.49-AM-768x512.jpeg 768w, https:\/\/elpuucnoticias.com\/wp-content\/uploads\/2022\/07\/WhatsApp-Image-2022-07-04-at-11.04.49-AM.jpeg 1280w\" sizes=\"auto, (max-width: 1024px) 100vw, 1024px\" \/><\/figure>\n\n\n\n<figure class=\"wp-block-image size-large\"><img loading=\"lazy\" decoding=\"async\" width=\"1024\" height=\"682\" data-id=\"2507\" src=\"https:\/\/elpuucnoticias.com\/wp-content\/uploads\/2022\/07\/WhatsApp-Image-2022-07-04-at-11.04.48-AM-1-1024x682.jpeg\" alt=\"\" class=\"wp-image-2507\" srcset=\"https:\/\/elpuucnoticias.com\/wp-content\/uploads\/2022\/07\/WhatsApp-Image-2022-07-04-at-11.04.48-AM-1-1024x682.jpeg 1024w, https:\/\/elpuucnoticias.com\/wp-content\/uploads\/2022\/07\/WhatsApp-Image-2022-07-04-at-11.04.48-AM-1-300x200.jpeg 300w, https:\/\/elpuucnoticias.com\/wp-content\/uploads\/2022\/07\/WhatsApp-Image-2022-07-04-at-11.04.48-AM-1-768x512.jpeg 768w, https:\/\/elpuucnoticias.com\/wp-content\/uploads\/2022\/07\/WhatsApp-Image-2022-07-04-at-11.04.48-AM-1.jpeg 1280w\" sizes=\"auto, (max-width: 1024px) 100vw, 1024px\" \/><\/figure>\n<\/figure>\n\n\n\n<p>El alcalde, Diego \u00c1vilaro Romero, indic\u00f3 que ahora el hospital contar\u00e1 con un espacio para atender, detectar y canalizar casos de emergencia de salud mental. <\/p>\n\n\n\n<p>\u00abEl m\u00f3dulo ser\u00e1 de atenci\u00f3n externa para prevenir y tratar problemas psicol\u00f3gicos y emocionales de las personas de Tekax y comisar\u00edas, adem\u00e1s de otros municipios del Sur del estado\u00bb, indic\u00f3.<\/p>\n\n\n\n<p>\u00abLa salud mental es fundamental para vivir una vida plena y feliz, la brigada de salud mental est\u00e1 para apoyarnos a todos\u00bb, agreg\u00f3.<\/p>\n\n\n\n<p>Desde diciembre de 2020 la Brigada de Salud Mental de Tekax, ha estado visitando colonias y comunidades para detectar, informar y canalizar los casos m\u00e1s vulnerables.<\/p>\n\n\n\n<p>Hasta el momento se han atendido a m\u00e1s de 200 personas con seguimiento y atenci\u00f3n, con apoyo de dependencias municipales: DIF Municipal, Instituto Municipal de la Mujer y el Instituto por la Inclusi\u00f3n de las Personas con Discapacidad y la Direcci\u00f3n de Salud.<\/p>\n\n\n\n<p>Se ha trabajado tambi\u00e9n en coordinaci\u00f3n con los Institutos de Salud Mental a nivel estatal y federal, as\u00ed como con los sectores de salud del municipio.<\/p>\n\n\n\n<figure class=\"wp-block-gallery has-nested-images columns-default is-cropped wp-block-gallery-2 is-layout-flex wp-block-gallery-is-layout-flex\">\n<figure class=\"wp-block-image size-large\"><img loading=\"lazy\" decoding=\"async\" width=\"1024\" height=\"682\" data-id=\"2509\" src=\"https:\/\/elpuucnoticias.com\/wp-content\/uploads\/2022\/07\/WhatsApp-Image-2022-07-04-at-11.04.48-AM-2-1024x682.jpeg\" alt=\"\" class=\"wp-image-2509\" srcset=\"https:\/\/elpuucnoticias.com\/wp-content\/uploads\/2022\/07\/WhatsApp-Image-2022-07-04-at-11.04.48-AM-2-1024x682.jpeg 1024w, https:\/\/elpuucnoticias.com\/wp-content\/uploads\/2022\/07\/WhatsApp-Image-2022-07-04-at-11.04.48-AM-2-300x200.jpeg 300w, https:\/\/elpuucnoticias.com\/wp-content\/uploads\/2022\/07\/WhatsApp-Image-2022-07-04-at-11.04.48-AM-2-768x512.jpeg 768w, https:\/\/elpuucnoticias.com\/wp-content\/uploads\/2022\/07\/WhatsApp-Image-2022-07-04-at-11.04.48-AM-2.jpeg 1280w\" sizes=\"auto, (max-width: 1024px) 100vw, 1024px\" \/><\/figure>\n\n\n\n<figure class=\"wp-block-image size-large\"><img loading=\"lazy\" decoding=\"async\" width=\"1024\" height=\"682\" data-id=\"2510\" src=\"https:\/\/elpuucnoticias.com\/wp-content\/uploads\/2022\/07\/WhatsApp-Image-2022-07-04-at-11.04.48-AM-1024x682.jpeg\" alt=\"\" class=\"wp-image-2510\" srcset=\"https:\/\/elpuucnoticias.com\/wp-content\/uploads\/2022\/07\/WhatsApp-Image-2022-07-04-at-11.04.48-AM-1024x682.jpeg 1024w, https:\/\/elpuucnoticias.com\/wp-content\/uploads\/2022\/07\/WhatsApp-Image-2022-07-04-at-11.04.48-AM-300x200.jpeg 300w, https:\/\/elpuucnoticias.com\/wp-content\/uploads\/2022\/07\/WhatsApp-Image-2022-07-04-at-11.04.48-AM-768x512.jpeg 768w, https:\/\/elpuucnoticias.com\/wp-content\/uploads\/2022\/07\/WhatsApp-Image-2022-07-04-at-11.04.48-AM.jpeg 1280w\" sizes=\"auto, (max-width: 1024px) 100vw, 1024px\" \/><\/figure>\n<\/figure>\n\n\n\n<p>Durante este evento asistieron el director del Hospital General, Ra\u00fal Uc Contreras; el director del Centro de Salud, Ra\u00fal Flores de la Sancha, regidores, directores, personal m\u00e9dico, y del sector educativo.\u2014 <em>El Puuc Noticias<\/em><\/p>\n","protected":false},"excerpt":{"rendered":"<p>El Ayuntamiento de Tekax cumple su compromiso de acercar servicios de Salud Mental a la ciudadan\u00eda. Las autoridades<\/p>\n","protected":false},"author":1,"featured_media":2506,"comment_status":"closed","ping_status":"open","sticky":false,"template":"","format":"standard","meta":{"_monsterinsights_skip_tracking":false,"_monsterinsights_sitenote_active":false,"_monsterinsights_sitenote_note":"","_monsterinsights_sitenote_category":0,"footnotes":""},"categories":[11,4],"tags":[],"class_list":["post-2505","post","type-post","status-publish","format-standard","has-post-thumbnail","hentry","category-noticias","category-tekax"],"yoast_head":"<!-- This site is optimized with the Yoast SEO plugin v18.3 - https:\/\/yoast.com\/wordpress\/plugins\/seo\/ -->\n<title>En Tekax ya se cuenta con m\u00f3dulo para la atenci\u00f3n de casos de salud mental, en personas de las comisar\u00edas y municipios cercanos - El Puuc Noticias<\/title>\n<meta name=\"robots\" content=\"index, follow, max-snippet:-1, max-image-preview:large, max-video-preview:-1\" \/>\n<link rel=\"canonical\" href=\"https:\/\/elpuucnoticias.com\/?p=2505\" \/>\n<meta property=\"og:locale\" content=\"es_ES\" \/>\n<meta property=\"og:type\" content=\"article\" \/>\n<meta property=\"og:title\" content=\"En Tekax ya se cuenta con m\u00f3dulo para la atenci\u00f3n de casos de salud mental, en personas de las comisar\u00edas y municipios cercanos - El Puuc Noticias\" \/>\n<meta property=\"og:description\" content=\"El Ayuntamiento de Tekax cumple su compromiso de acercar servicios de Salud Mental a la ciudadan\u00eda. Las autoridades\" \/>\n<meta property=\"og:url\" content=\"https:\/\/elpuucnoticias.com\/?p=2505\" \/>\n<meta property=\"og:site_name\" content=\"El Puuc Noticias\" \/>\n<meta property=\"article:published_time\" content=\"2022-07-05T00:33:43+00:00\" \/>\n<meta property=\"article:modified_time\" content=\"2022-07-05T00:33:46+00:00\" \/>\n<meta property=\"og:image\" content=\"https:\/\/elpuucnoticias.com\/wp-content\/uploads\/2022\/07\/WhatsApp-Image-2022-07-04-at-11.04.48-AM-3.jpeg\" \/>\n\t<meta property=\"og:image:width\" content=\"1280\" \/>\n\t<meta property=\"og:image:height\" content=\"853\" \/>\n\t<meta property=\"og:image:type\" content=\"image\/jpeg\" \/>\n<meta name=\"twitter:card\" content=\"summary_large_image\" \/>\n<meta name=\"twitter:label1\" content=\"Escrito por\" \/>\n\t<meta name=\"twitter:data1\" content=\"elpuucnoticias\" \/>\n\t<meta name=\"twitter:label2\" content=\"Tiempo de lectura\" \/>\n\t<meta name=\"twitter:data2\" content=\"2 minutos\" \/>\n<script type=\"application\/ld+json\" class=\"yoast-schema-graph\">{\"@context\":\"https:\/\/schema.org\",\"@graph\":[{\"@type\":\"WebSite\",\"@id\":\"https:\/\/elpuucnoticias.com\/#website\",\"url\":\"https:\/\/elpuucnoticias.com\/\",\"name\":\"El Puuc Noticias\",\"description\":\"Noticias - Entretenimiento - Deportes\",\"potentialAction\":[{\"@type\":\"SearchAction\",\"target\":{\"@type\":\"EntryPoint\",\"urlTemplate\":\"https:\/\/elpuucnoticias.com\/?s={search_term_string}\"},\"query-input\":\"required name=search_term_string\"}],\"inLanguage\":\"es\"},{\"@type\":\"ImageObject\",\"@id\":\"https:\/\/elpuucnoticias.com\/?p=2505#primaryimage\",\"inLanguage\":\"es\",\"url\":\"https:\/\/elpuucnoticias.com\/wp-content\/uploads\/2022\/07\/WhatsApp-Image-2022-07-04-at-11.04.48-AM-3.jpeg\",\"contentUrl\":\"https:\/\/elpuucnoticias.com\/wp-content\/uploads\/2022\/07\/WhatsApp-Image-2022-07-04-at-11.04.48-AM-3.jpeg\",\"width\":1280,\"height\":853},{\"@type\":\"WebPage\",\"@id\":\"https:\/\/elpuucnoticias.com\/?p=2505#webpage\",\"url\":\"https:\/\/elpuucnoticias.com\/?p=2505\",\"name\":\"En Tekax ya se cuenta con m\u00f3dulo para la atenci\u00f3n de casos de salud mental, en personas de las comisar\u00edas y municipios cercanos - El Puuc Noticias\",\"isPartOf\":{\"@id\":\"https:\/\/elpuucnoticias.com\/#website\"},\"primaryImageOfPage\":{\"@id\":\"https:\/\/elpuucnoticias.com\/?p=2505#primaryimage\"},\"datePublished\":\"2022-07-05T00:33:43+00:00\",\"dateModified\":\"2022-07-05T00:33:46+00:00\",\"author\":{\"@id\":\"https:\/\/elpuucnoticias.com\/#\/schema\/person\/d2ea09e4c97f0160b11cdfb1d856bd9e\"},\"breadcrumb\":{\"@id\":\"https:\/\/elpuucnoticias.com\/?p=2505#breadcrumb\"},\"inLanguage\":\"es\",\"potentialAction\":[{\"@type\":\"ReadAction\",\"target\":[\"https:\/\/elpuucnoticias.com\/?p=2505\"]}]},{\"@type\":\"BreadcrumbList\",\"@id\":\"https:\/\/elpuucnoticias.com\/?p=2505#breadcrumb\",\"itemListElement\":[{\"@type\":\"ListItem\",\"position\":1,\"name\":\"Portada\",\"item\":\"https:\/\/elpuucnoticias.com\/\"},{\"@type\":\"ListItem\",\"position\":2,\"name\":\"En Tekax ya se cuenta con m\u00f3dulo para la atenci\u00f3n de casos de salud mental, en personas de las comisar\u00edas y municipios cercanos\"}]},{\"@type\":\"Person\",\"@id\":\"https:\/\/elpuucnoticias.com\/#\/schema\/person\/d2ea09e4c97f0160b11cdfb1d856bd9e\",\"name\":\"elpuucnoticias\",\"image\":{\"@type\":\"ImageObject\",\"@id\":\"https:\/\/elpuucnoticias.com\/#personlogo\",\"inLanguage\":\"es\",\"url\":\"https:\/\/secure.gravatar.com\/avatar\/5290a43657c74ffa15701dbe5b846bd85cc71930d803c84e91046a7333de6ce2?s=96&d=mm&r=g\",\"contentUrl\":\"https:\/\/secure.gravatar.com\/avatar\/5290a43657c74ffa15701dbe5b846bd85cc71930d803c84e91046a7333de6ce2?s=96&d=mm&r=g\",\"caption\":\"elpuucnoticias\"},\"sameAs\":[\"https:\/\/elpuucnoticias.com\"],\"url\":\"https:\/\/elpuucnoticias.com\/?author=1\"}]}<\/script>\n<!-- \/ Yoast SEO plugin. -->","yoast_head_json":{"title":"En Tekax ya se cuenta con m\u00f3dulo para la atenci\u00f3n de casos de salud mental, en personas de las comisar\u00edas y municipios cercanos - El Puuc Noticias","robots":{"index":"index","follow":"follow","max-snippet":"max-snippet:-1","max-image-preview":"max-image-preview:large","max-video-preview":"max-video-preview:-1"},"canonical":"https:\/\/elpuucnoticias.com\/?p=2505","og_locale":"es_ES","og_type":"article","og_title":"En Tekax ya se cuenta con m\u00f3dulo para la atenci\u00f3n de casos de salud mental, en personas de las comisar\u00edas y municipios cercanos - El Puuc Noticias","og_description":"El Ayuntamiento de Tekax cumple su compromiso de acercar servicios de Salud Mental a la ciudadan\u00eda. Las autoridades","og_url":"https:\/\/elpuucnoticias.com\/?p=2505","og_site_name":"El Puuc Noticias","article_published_time":"2022-07-05T00:33:43+00:00","article_modified_time":"2022-07-05T00:33:46+00:00","og_image":[{"width":1280,"height":853,"url":"https:\/\/elpuucnoticias.com\/wp-content\/uploads\/2022\/07\/WhatsApp-Image-2022-07-04-at-11.04.48-AM-3.jpeg","type":"image\/jpeg"}],"twitter_card":"summary_large_image","twitter_misc":{"Escrito por":"elpuucnoticias","Tiempo de lectura":"2 minutos"},"schema":{"@context":"https:\/\/schema.org","@graph":[{"@type":"WebSite","@id":"https:\/\/elpuucnoticias.com\/#website","url":"https:\/\/elpuucnoticias.com\/","name":"El Puuc Noticias","description":"Noticias - Entretenimiento - Deportes","potentialAction":[{"@type":"SearchAction","target":{"@type":"EntryPoint","urlTemplate":"https:\/\/elpuucnoticias.com\/?s={search_term_string}"},"query-input":"required name=search_term_string"}],"inLanguage":"es"},{"@type":"ImageObject","@id":"https:\/\/elpuucnoticias.com\/?p=2505#primaryimage","inLanguage":"es","url":"https:\/\/elpuucnoticias.com\/wp-content\/uploads\/2022\/07\/WhatsApp-Image-2022-07-04-at-11.04.48-AM-3.jpeg","contentUrl":"https:\/\/elpuucnoticias.com\/wp-content\/uploads\/2022\/07\/WhatsApp-Image-2022-07-04-at-11.04.48-AM-3.jpeg","width":1280,"height":853},{"@type":"WebPage","@id":"https:\/\/elpuucnoticias.com\/?p=2505#webpage","url":"https:\/\/elpuucnoticias.com\/?p=2505","name":"En Tekax ya se cuenta con m\u00f3dulo para la atenci\u00f3n de casos de salud mental, en personas de las comisar\u00edas y municipios cercanos - El Puuc Noticias","isPartOf":{"@id":"https:\/\/elpuucnoticias.com\/#website"},"primaryImageOfPage":{"@id":"https:\/\/elpuucnoticias.com\/?p=2505#primaryimage"},"datePublished":"2022-07-05T00:33:43+00:00","dateModified":"2022-07-05T00:33:46+00:00","author":{"@id":"https:\/\/elpuucnoticias.com\/#\/schema\/person\/d2ea09e4c97f0160b11cdfb1d856bd9e"},"breadcrumb":{"@id":"https:\/\/elpuucnoticias.com\/?p=2505#breadcrumb"},"inLanguage":"es","potentialAction":[{"@type":"ReadAction","target":["https:\/\/elpuucnoticias.com\/?p=2505"]}]},{"@type":"BreadcrumbList","@id":"https:\/\/elpuucnoticias.com\/?p=2505#breadcrumb","itemListElement":[{"@type":"ListItem","position":1,"name":"Portada","item":"https:\/\/elpuucnoticias.com\/"},{"@type":"ListItem","position":2,"name":"En Tekax ya se cuenta con m\u00f3dulo para la atenci\u00f3n de casos de salud mental, en personas de las comisar\u00edas y municipios cercanos"}]},{"@type":"Person","@id":"https:\/\/elpuucnoticias.com\/#\/schema\/person\/d2ea09e4c97f0160b11cdfb1d856bd9e","name":"elpuucnoticias","image":{"@type":"ImageObject","@id":"https:\/\/elpuucnoticias.com\/#personlogo","inLanguage":"es","url":"https:\/\/secure.gravatar.com\/avatar\/5290a43657c74ffa15701dbe5b846bd85cc71930d803c84e91046a7333de6ce2?s=96&d=mm&r=g","contentUrl":"https:\/\/secure.gravatar.com\/avatar\/5290a43657c74ffa15701dbe5b846bd85cc71930d803c84e91046a7333de6ce2?s=96&d=mm&r=g","caption":"elpuucnoticias"},"sameAs":["https:\/\/elpuucnoticias.com"],"url":"https:\/\/elpuucnoticias.com\/?author=1"}]}},"_links":{"self":[{"href":"https:\/\/elpuucnoticias.com\/index.php?rest_route=\/wp\/v2\/posts\/2505","targetHints":{"allow":["GET"]}}],"collection":[{"href":"https:\/\/elpuucnoticias.com\/index.php?rest_route=\/wp\/v2\/posts"}],"about":[{"href":"https:\/\/elpuucnoticias.com\/index.php?rest_route=\/wp\/v2\/types\/post"}],"author":[{"embeddable":true,"href":"https:\/\/elpuucnoticias.com\/index.php?rest_route=\/wp\/v2\/users\/1"}],"replies":[{"embeddable":true,"href":"https:\/\/elpuucnoticias.com\/index.php?rest_route=%2Fwp%2Fv2%2Fcomments&post=2505"}],"version-history":[{"count":1,"href":"https:\/\/elpuucnoticias.com\/index.php?rest_route=\/wp\/v2\/posts\/2505\/revisions"}],"predecessor-version":[{"id":2511,"href":"https:\/\/elpuucnoticias.com\/index.php?rest_route=\/wp\/v2\/posts\/2505\/revisions\/2511"}],"wp:featuredmedia":[{"embeddable":true,"href":"https:\/\/elpuucnoticias.com\/index.php?rest_route=\/wp\/v2\/media\/2506"}],"wp:attachment":[{"href":"https:\/\/elpuucnoticias.com\/index.php?rest_route=%2Fwp%2Fv2%2Fmedia&parent=2505"}],"wp:term":[{"taxonomy":"category","embeddable":true,"href":"https:\/\/elpuucnoticias.com\/index.php?rest_route=%2Fwp%2Fv2%2Fcategories&post=2505"},{"taxonomy":"post_tag","embeddable":true,"href":"https:\/\/elpuucnoticias.com\/index.php?rest_route=%2Fwp%2Fv2%2Ftags&post=2505"}],"curies":[{"name":"wp","href":"https:\/\/api.w.org\/{rel}","templated":true}]}}