{"id":2512,"date":"2022-07-05T19:17:17","date_gmt":"2022-07-06T01:17:17","guid":{"rendered":"https:\/\/elpuucnoticias.com\/?p=2512"},"modified":"2022-07-05T19:18:54","modified_gmt":"2022-07-06T01:18:54","slug":"realizan-baile-de-clausura-en-secundaria-estatal-de-ticul-luego-de-dos-anos-sin-festivales","status":"publish","type":"post","link":"https:\/\/elpuucnoticias.com\/?p=2512","title":{"rendered":"Realizan baile de clausura en secundaria estatal de Ticul luego de dos a\u00f1os sin festivales"},"content":{"rendered":"\n<p>Despu\u00e9s de dos a\u00f1os sin festivales de clausura, alumnos de la generaci\u00f3n 2019-2022 de la Escuela Secundaria Estatal \u201cSaturnino G\u00f3mez Sosa\u201d, disfrutaron de una cena baile en conocido local social, para festejar con familiares y amigos, el haber concluido sus estudios secundarios.<\/p>\n\n\n\n<p>Ceremonia que transcurri\u00f3 en medio de una agradable noche, en la que los j\u00f3venes fueron presentados en primera instancia para recibir su documentaci\u00f3n correspondiente a la conclusi\u00f3n de su educaci\u00f3n secundaria. <\/p>\n\n\n\n<figure class=\"wp-block-image size-full\"><img loading=\"lazy\" decoding=\"async\" width=\"593\" height=\"395\" src=\"https:\/\/elpuucnoticias.com\/wp-content\/uploads\/2022\/07\/baile-1.jpg\" alt=\"\" class=\"wp-image-2514\" srcset=\"https:\/\/elpuucnoticias.com\/wp-content\/uploads\/2022\/07\/baile-1.jpg 593w, https:\/\/elpuucnoticias.com\/wp-content\/uploads\/2022\/07\/baile-1-300x200.jpg 300w\" sizes=\"auto, (max-width: 593px) 100vw, 593px\" \/><\/figure>\n\n\n\n<p>Momento en que les fueron entregados sus documentos por las autoridades educativas presentes e invitados que presidieron dicho festival.<\/p>\n\n\n\n<p>Posteriormente se realiz\u00f3 el tradicional baile del Vals, en que cada uno de los alumnos disfrut\u00f3 de este significativo momento con sus padrinos, en su mayor\u00eda felices padres de familia que celebraban jubilosos el logro escolar de sus hijos. Con quienes celebraron a continuaci\u00f3n una op\u00edpara cena con los dem\u00e1s miembros de la familia.<\/p>\n\n\n\n<figure class=\"wp-block-image size-full is-resized\"><img loading=\"lazy\" decoding=\"async\" src=\"https:\/\/elpuucnoticias.com\/wp-content\/uploads\/2022\/07\/BANNER-JULIO-22.jpg\" alt=\"\" class=\"wp-image-2515\" width=\"756\" height=\"258\" srcset=\"https:\/\/elpuucnoticias.com\/wp-content\/uploads\/2022\/07\/BANNER-JULIO-22.jpg 1024w, https:\/\/elpuucnoticias.com\/wp-content\/uploads\/2022\/07\/BANNER-JULIO-22-300x103.jpg 300w, https:\/\/elpuucnoticias.com\/wp-content\/uploads\/2022\/07\/BANNER-JULIO-22-768x263.jpg 768w\" sizes=\"auto, (max-width: 756px) 100vw, 756px\" \/><\/figure>\n\n\n\n<p>Dando paso finalmente a un alegre baile de luz y sonido en el que los j\u00f3venes, se esmeraron en divertirse con sus compa\u00f1eros, no faltando las emotivas despedidas con los amigos con que compartieron, estos tres a\u00f1os de formaci\u00f3n educativa, los cuales se vieron afectados por la Pandemia del Covid 19, dej\u00e1ndoles honda huella y la necesidad de incurrir en nuevas experiencias educativas, para poder estar al d\u00eda y poder continuar sus estudios a trav\u00e9s de nuevas herramientas educativas.\u2014 <em>Amir Mex Ayuso \/ Notitas de Ticul<\/em><\/p>\n","protected":false},"excerpt":{"rendered":"<p>Despu\u00e9s de dos a\u00f1os sin festivales de clausura, alumnos de la generaci\u00f3n 2019-2022 de la Escuela Secundaria Estatal<\/p>\n","protected":false},"author":1,"featured_media":2513,"comment_status":"closed","ping_status":"open","sticky":false,"template":"","format":"standard","meta":{"_monsterinsights_skip_tracking":false,"_monsterinsights_sitenote_active":false,"_monsterinsights_sitenote_note":"","_monsterinsights_sitenote_category":0,"footnotes":""},"categories":[11,13],"tags":[],"class_list":["post-2512","post","type-post","status-publish","format-standard","has-post-thumbnail","hentry","category-noticias","category-ticul"],"yoast_head":"<!-- This site is optimized with the Yoast SEO plugin v18.3 - https:\/\/yoast.com\/wordpress\/plugins\/seo\/ -->\n<title>Realizan baile de clausura en secundaria estatal de Ticul luego de dos a\u00f1os sin festivales - El Puuc Noticias<\/title>\n<meta name=\"robots\" content=\"index, follow, max-snippet:-1, max-image-preview:large, max-video-preview:-1\" \/>\n<link rel=\"canonical\" href=\"https:\/\/elpuucnoticias.com\/?p=2512\" \/>\n<meta property=\"og:locale\" content=\"es_ES\" \/>\n<meta property=\"og:type\" content=\"article\" \/>\n<meta property=\"og:title\" content=\"Realizan baile de clausura en secundaria estatal de Ticul luego de dos a\u00f1os sin festivales - El Puuc Noticias\" \/>\n<meta property=\"og:description\" content=\"Despu\u00e9s de dos a\u00f1os sin festivales de clausura, alumnos de la generaci\u00f3n 2019-2022 de la Escuela Secundaria Estatal\" \/>\n<meta property=\"og:url\" content=\"https:\/\/elpuucnoticias.com\/?p=2512\" \/>\n<meta property=\"og:site_name\" content=\"El Puuc Noticias\" \/>\n<meta property=\"article:published_time\" content=\"2022-07-06T01:17:17+00:00\" \/>\n<meta property=\"article:modified_time\" content=\"2022-07-06T01:18:54+00:00\" \/>\n<meta property=\"og:image\" content=\"https:\/\/elpuucnoticias.com\/wp-content\/uploads\/2022\/07\/baile2.jpg\" \/>\n\t<meta property=\"og:image:width\" content=\"1599\" \/>\n\t<meta property=\"og:image:height\" content=\"1066\" \/>\n\t<meta property=\"og:image:type\" content=\"image\/jpeg\" \/>\n<meta name=\"twitter:card\" content=\"summary_large_image\" \/>\n<meta name=\"twitter:label1\" content=\"Escrito por\" \/>\n\t<meta name=\"twitter:data1\" content=\"elpuucnoticias\" \/>\n\t<meta name=\"twitter:label2\" content=\"Tiempo de lectura\" \/>\n\t<meta name=\"twitter:data2\" content=\"2 minutos\" \/>\n<script type=\"application\/ld+json\" class=\"yoast-schema-graph\">{\"@context\":\"https:\/\/schema.org\",\"@graph\":[{\"@type\":\"WebSite\",\"@id\":\"https:\/\/elpuucnoticias.com\/#website\",\"url\":\"https:\/\/elpuucnoticias.com\/\",\"name\":\"El Puuc Noticias\",\"description\":\"Noticias - Entretenimiento - Deportes\",\"potentialAction\":[{\"@type\":\"SearchAction\",\"target\":{\"@type\":\"EntryPoint\",\"urlTemplate\":\"https:\/\/elpuucnoticias.com\/?s={search_term_string}\"},\"query-input\":\"required name=search_term_string\"}],\"inLanguage\":\"es\"},{\"@type\":\"ImageObject\",\"@id\":\"https:\/\/elpuucnoticias.com\/?p=2512#primaryimage\",\"inLanguage\":\"es\",\"url\":\"https:\/\/elpuucnoticias.com\/wp-content\/uploads\/2022\/07\/baile2.jpg\",\"contentUrl\":\"https:\/\/elpuucnoticias.com\/wp-content\/uploads\/2022\/07\/baile2.jpg\",\"width\":1599,\"height\":1066},{\"@type\":\"WebPage\",\"@id\":\"https:\/\/elpuucnoticias.com\/?p=2512#webpage\",\"url\":\"https:\/\/elpuucnoticias.com\/?p=2512\",\"name\":\"Realizan baile de clausura en secundaria estatal de Ticul luego de dos a\u00f1os sin festivales - El Puuc Noticias\",\"isPartOf\":{\"@id\":\"https:\/\/elpuucnoticias.com\/#website\"},\"primaryImageOfPage\":{\"@id\":\"https:\/\/elpuucnoticias.com\/?p=2512#primaryimage\"},\"datePublished\":\"2022-07-06T01:17:17+00:00\",\"dateModified\":\"2022-07-06T01:18:54+00:00\",\"author\":{\"@id\":\"https:\/\/elpuucnoticias.com\/#\/schema\/person\/d2ea09e4c97f0160b11cdfb1d856bd9e\"},\"breadcrumb\":{\"@id\":\"https:\/\/elpuucnoticias.com\/?p=2512#breadcrumb\"},\"inLanguage\":\"es\",\"potentialAction\":[{\"@type\":\"ReadAction\",\"target\":[\"https:\/\/elpuucnoticias.com\/?p=2512\"]}]},{\"@type\":\"BreadcrumbList\",\"@id\":\"https:\/\/elpuucnoticias.com\/?p=2512#breadcrumb\",\"itemListElement\":[{\"@type\":\"ListItem\",\"position\":1,\"name\":\"Portada\",\"item\":\"https:\/\/elpuucnoticias.com\/\"},{\"@type\":\"ListItem\",\"position\":2,\"name\":\"Realizan baile de clausura en secundaria estatal de Ticul luego de dos a\u00f1os sin festivales\"}]},{\"@type\":\"Person\",\"@id\":\"https:\/\/elpuucnoticias.com\/#\/schema\/person\/d2ea09e4c97f0160b11cdfb1d856bd9e\",\"name\":\"elpuucnoticias\",\"image\":{\"@type\":\"ImageObject\",\"@id\":\"https:\/\/elpuucnoticias.com\/#personlogo\",\"inLanguage\":\"es\",\"url\":\"https:\/\/secure.gravatar.com\/avatar\/5290a43657c74ffa15701dbe5b846bd85cc71930d803c84e91046a7333de6ce2?s=96&d=mm&r=g\",\"contentUrl\":\"https:\/\/secure.gravatar.com\/avatar\/5290a43657c74ffa15701dbe5b846bd85cc71930d803c84e91046a7333de6ce2?s=96&d=mm&r=g\",\"caption\":\"elpuucnoticias\"},\"sameAs\":[\"https:\/\/elpuucnoticias.com\"],\"url\":\"https:\/\/elpuucnoticias.com\/?author=1\"}]}<\/script>\n<!-- \/ Yoast SEO plugin. -->","yoast_head_json":{"title":"Realizan baile de clausura en secundaria estatal de Ticul luego de dos a\u00f1os sin festivales - El Puuc Noticias","robots":{"index":"index","follow":"follow","max-snippet":"max-snippet:-1","max-image-preview":"max-image-preview:large","max-video-preview":"max-video-preview:-1"},"canonical":"https:\/\/elpuucnoticias.com\/?p=2512","og_locale":"es_ES","og_type":"article","og_title":"Realizan baile de clausura en secundaria estatal de Ticul luego de dos a\u00f1os sin festivales - El Puuc Noticias","og_description":"Despu\u00e9s de dos a\u00f1os sin festivales de clausura, alumnos de la generaci\u00f3n 2019-2022 de la Escuela Secundaria Estatal","og_url":"https:\/\/elpuucnoticias.com\/?p=2512","og_site_name":"El Puuc Noticias","article_published_time":"2022-07-06T01:17:17+00:00","article_modified_time":"2022-07-06T01:18:54+00:00","og_image":[{"width":1599,"height":1066,"url":"https:\/\/elpuucnoticias.com\/wp-content\/uploads\/2022\/07\/baile2.jpg","type":"image\/jpeg"}],"twitter_card":"summary_large_image","twitter_misc":{"Escrito por":"elpuucnoticias","Tiempo de lectura":"2 minutos"},"schema":{"@context":"https:\/\/schema.org","@graph":[{"@type":"WebSite","@id":"https:\/\/elpuucnoticias.com\/#website","url":"https:\/\/elpuucnoticias.com\/","name":"El Puuc Noticias","description":"Noticias - Entretenimiento - Deportes","potentialAction":[{"@type":"SearchAction","target":{"@type":"EntryPoint","urlTemplate":"https:\/\/elpuucnoticias.com\/?s={search_term_string}"},"query-input":"required name=search_term_string"}],"inLanguage":"es"},{"@type":"ImageObject","@id":"https:\/\/elpuucnoticias.com\/?p=2512#primaryimage","inLanguage":"es","url":"https:\/\/elpuucnoticias.com\/wp-content\/uploads\/2022\/07\/baile2.jpg","contentUrl":"https:\/\/elpuucnoticias.com\/wp-content\/uploads\/2022\/07\/baile2.jpg","width":1599,"height":1066},{"@type":"WebPage","@id":"https:\/\/elpuucnoticias.com\/?p=2512#webpage","url":"https:\/\/elpuucnoticias.com\/?p=2512","name":"Realizan baile de clausura en secundaria estatal de Ticul luego de dos a\u00f1os sin festivales - El Puuc Noticias","isPartOf":{"@id":"https:\/\/elpuucnoticias.com\/#website"},"primaryImageOfPage":{"@id":"https:\/\/elpuucnoticias.com\/?p=2512#primaryimage"},"datePublished":"2022-07-06T01:17:17+00:00","dateModified":"2022-07-06T01:18:54+00:00","author":{"@id":"https:\/\/elpuucnoticias.com\/#\/schema\/person\/d2ea09e4c97f0160b11cdfb1d856bd9e"},"breadcrumb":{"@id":"https:\/\/elpuucnoticias.com\/?p=2512#breadcrumb"},"inLanguage":"es","potentialAction":[{"@type":"ReadAction","target":["https:\/\/elpuucnoticias.com\/?p=2512"]}]},{"@type":"BreadcrumbList","@id":"https:\/\/elpuucnoticias.com\/?p=2512#breadcrumb","itemListElement":[{"@type":"ListItem","position":1,"name":"Portada","item":"https:\/\/elpuucnoticias.com\/"},{"@type":"ListItem","position":2,"name":"Realizan baile de clausura en secundaria estatal de Ticul luego de dos a\u00f1os sin festivales"}]},{"@type":"Person","@id":"https:\/\/elpuucnoticias.com\/#\/schema\/person\/d2ea09e4c97f0160b11cdfb1d856bd9e","name":"elpuucnoticias","image":{"@type":"ImageObject","@id":"https:\/\/elpuucnoticias.com\/#personlogo","inLanguage":"es","url":"https:\/\/secure.gravatar.com\/avatar\/5290a43657c74ffa15701dbe5b846bd85cc71930d803c84e91046a7333de6ce2?s=96&d=mm&r=g","contentUrl":"https:\/\/secure.gravatar.com\/avatar\/5290a43657c74ffa15701dbe5b846bd85cc71930d803c84e91046a7333de6ce2?s=96&d=mm&r=g","caption":"elpuucnoticias"},"sameAs":["https:\/\/elpuucnoticias.com"],"url":"https:\/\/elpuucnoticias.com\/?author=1"}]}},"_links":{"self":[{"href":"https:\/\/elpuucnoticias.com\/index.php?rest_route=\/wp\/v2\/posts\/2512","targetHints":{"allow":["GET"]}}],"collection":[{"href":"https:\/\/elpuucnoticias.com\/index.php?rest_route=\/wp\/v2\/posts"}],"about":[{"href":"https:\/\/elpuucnoticias.com\/index.php?rest_route=\/wp\/v2\/types\/post"}],"author":[{"embeddable":true,"href":"https:\/\/elpuucnoticias.com\/index.php?rest_route=\/wp\/v2\/users\/1"}],"replies":[{"embeddable":true,"href":"https:\/\/elpuucnoticias.com\/index.php?rest_route=%2Fwp%2Fv2%2Fcomments&post=2512"}],"version-history":[{"count":2,"href":"https:\/\/elpuucnoticias.com\/index.php?rest_route=\/wp\/v2\/posts\/2512\/revisions"}],"predecessor-version":[{"id":2518,"href":"https:\/\/elpuucnoticias.com\/index.php?rest_route=\/wp\/v2\/posts\/2512\/revisions\/2518"}],"wp:featuredmedia":[{"embeddable":true,"href":"https:\/\/elpuucnoticias.com\/index.php?rest_route=\/wp\/v2\/media\/2513"}],"wp:attachment":[{"href":"https:\/\/elpuucnoticias.com\/index.php?rest_route=%2Fwp%2Fv2%2Fmedia&parent=2512"}],"wp:term":[{"taxonomy":"category","embeddable":true,"href":"https:\/\/elpuucnoticias.com\/index.php?rest_route=%2Fwp%2Fv2%2Fcategories&post=2512"},{"taxonomy":"post_tag","embeddable":true,"href":"https:\/\/elpuucnoticias.com\/index.php?rest_route=%2Fwp%2Fv2%2Ftags&post=2512"}],"curies":[{"name":"wp","href":"https:\/\/api.w.org\/{rel}","templated":true}]}}