{"id":253,"date":"2022-03-08T17:21:52","date_gmt":"2022-03-08T23:21:52","guid":{"rendered":"https:\/\/elpuucnoticias.com\/?p=253"},"modified":"2022-03-08T17:21:52","modified_gmt":"2022-03-08T23:21:52","slug":"conmemoran-el-dia-internacional-de-la-mujer-en-peto-renan-jimenez-reconoce-el-esfuerzo-que-realizan-dia-con-dia","status":"publish","type":"post","link":"https:\/\/elpuucnoticias.com\/?p=253","title":{"rendered":"Conmemoran el D\u00eda Internacional de la Mujer en Peto. Ren\u00e1n Jim\u00e9nez reconoce el esfuerzo que realizan d\u00eda con d\u00eda"},"content":{"rendered":"\n<p>En el marco del D\u00eda Internacional de la Mujer, en Peto se hizo hoy una caminata por calles de la poblaci\u00f3n con activaci\u00f3n f\u00edsica y una pl\u00e1tica sobre esta celebraci\u00f3n.<\/p>\n\n\n\n<p>Participaron empleadas del Ayuntamiento, del DIF Municipal, encabezadas por la presidenta, Astrid Maga\u00f1a S\u00e1nchez, y tambi\u00e9n se sumaron trabajadoras del Centro de Salud.<\/p>\n\n\n\n<figure class=\"wp-block-gallery has-nested-images columns-default is-cropped wp-block-gallery-1 is-layout-flex wp-block-gallery-is-layout-flex\">\n<figure class=\"wp-block-image size-large\"><img loading=\"lazy\" decoding=\"async\" width=\"1024\" height=\"682\" data-id=\"255\" src=\"https:\/\/elpuucnoticias.com\/wp-content\/uploads\/2022\/03\/WhatsApp-Image-2022-03-08-at-4.26.53-PM-2-1024x682.jpeg\" alt=\"\" class=\"wp-image-255\" srcset=\"https:\/\/elpuucnoticias.com\/wp-content\/uploads\/2022\/03\/WhatsApp-Image-2022-03-08-at-4.26.53-PM-2-1024x682.jpeg 1024w, https:\/\/elpuucnoticias.com\/wp-content\/uploads\/2022\/03\/WhatsApp-Image-2022-03-08-at-4.26.53-PM-2-300x200.jpeg 300w, https:\/\/elpuucnoticias.com\/wp-content\/uploads\/2022\/03\/WhatsApp-Image-2022-03-08-at-4.26.53-PM-2-768x512.jpeg 768w, https:\/\/elpuucnoticias.com\/wp-content\/uploads\/2022\/03\/WhatsApp-Image-2022-03-08-at-4.26.53-PM-2.jpeg 1280w\" sizes=\"auto, (max-width: 1024px) 100vw, 1024px\" \/><\/figure>\n\n\n\n<figure class=\"wp-block-image size-large\"><img loading=\"lazy\" decoding=\"async\" width=\"1024\" height=\"682\" data-id=\"256\" src=\"https:\/\/elpuucnoticias.com\/wp-content\/uploads\/2022\/03\/WhatsApp-Image-2022-03-08-at-4.26.53-PM-1-1024x682.jpeg\" alt=\"\" class=\"wp-image-256\" srcset=\"https:\/\/elpuucnoticias.com\/wp-content\/uploads\/2022\/03\/WhatsApp-Image-2022-03-08-at-4.26.53-PM-1-1024x682.jpeg 1024w, https:\/\/elpuucnoticias.com\/wp-content\/uploads\/2022\/03\/WhatsApp-Image-2022-03-08-at-4.26.53-PM-1-300x200.jpeg 300w, https:\/\/elpuucnoticias.com\/wp-content\/uploads\/2022\/03\/WhatsApp-Image-2022-03-08-at-4.26.53-PM-1-768x512.jpeg 768w, https:\/\/elpuucnoticias.com\/wp-content\/uploads\/2022\/03\/WhatsApp-Image-2022-03-08-at-4.26.53-PM-1.jpeg 1280w\" sizes=\"auto, (max-width: 1024px) 100vw, 1024px\" \/><\/figure>\n\n\n\n<figure class=\"wp-block-image size-large\"><img loading=\"lazy\" decoding=\"async\" width=\"1024\" height=\"682\" data-id=\"257\" src=\"https:\/\/elpuucnoticias.com\/wp-content\/uploads\/2022\/03\/WhatsApp-Image-2022-03-08-at-4.26.51-PM-1024x682.jpeg\" alt=\"\" class=\"wp-image-257\" srcset=\"https:\/\/elpuucnoticias.com\/wp-content\/uploads\/2022\/03\/WhatsApp-Image-2022-03-08-at-4.26.51-PM-1024x682.jpeg 1024w, https:\/\/elpuucnoticias.com\/wp-content\/uploads\/2022\/03\/WhatsApp-Image-2022-03-08-at-4.26.51-PM-300x200.jpeg 300w, https:\/\/elpuucnoticias.com\/wp-content\/uploads\/2022\/03\/WhatsApp-Image-2022-03-08-at-4.26.51-PM-768x512.jpeg 768w, https:\/\/elpuucnoticias.com\/wp-content\/uploads\/2022\/03\/WhatsApp-Image-2022-03-08-at-4.26.51-PM.jpeg 1280w\" sizes=\"auto, (max-width: 1024px) 100vw, 1024px\" \/><\/figure>\n\n\n\n<figure class=\"wp-block-image size-large\"><img loading=\"lazy\" decoding=\"async\" width=\"1024\" height=\"682\" data-id=\"258\" src=\"https:\/\/elpuucnoticias.com\/wp-content\/uploads\/2022\/03\/WhatsApp-Image-2022-03-08-at-4.26.50-PM-1024x682.jpeg\" alt=\"\" class=\"wp-image-258\" srcset=\"https:\/\/elpuucnoticias.com\/wp-content\/uploads\/2022\/03\/WhatsApp-Image-2022-03-08-at-4.26.50-PM-1024x682.jpeg 1024w, https:\/\/elpuucnoticias.com\/wp-content\/uploads\/2022\/03\/WhatsApp-Image-2022-03-08-at-4.26.50-PM-300x200.jpeg 300w, https:\/\/elpuucnoticias.com\/wp-content\/uploads\/2022\/03\/WhatsApp-Image-2022-03-08-at-4.26.50-PM-768x512.jpeg 768w, https:\/\/elpuucnoticias.com\/wp-content\/uploads\/2022\/03\/WhatsApp-Image-2022-03-08-at-4.26.50-PM.jpeg 1280w\" sizes=\"auto, (max-width: 1024px) 100vw, 1024px\" \/><\/figure>\n<\/figure>\n\n\n\n<p>El evento inici\u00f3 en la Placita San Antonio, de la calle 31 entre 24 y 26, del Centro, y fue encabezado por el alcalde, Ren\u00e1n Jim\u00e9nez Tah, quien reconoci\u00f3 el esfuerzo que hacen a diario las mujeres, en sus casas, trabajos y profesiones.<\/p>\n\n\n\n<p>\u00abEs un reconocimiento por todos esos a\u00f1os de lucha que han tenido, lo que ha permitido que tengan los mismos derechos que los hombres\u00bb.<\/p>\n\n\n\n<figure class=\"wp-block-gallery has-nested-images columns-default is-cropped wp-block-gallery-2 is-layout-flex wp-block-gallery-is-layout-flex\">\n<figure class=\"wp-block-image size-large\"><img loading=\"lazy\" decoding=\"async\" width=\"1024\" height=\"682\" data-id=\"261\" src=\"https:\/\/elpuucnoticias.com\/wp-content\/uploads\/2022\/03\/WhatsApp-Image-2022-03-08-at-4.26.46-PM-1024x682.jpeg\" alt=\"\" class=\"wp-image-261\" srcset=\"https:\/\/elpuucnoticias.com\/wp-content\/uploads\/2022\/03\/WhatsApp-Image-2022-03-08-at-4.26.46-PM-1024x682.jpeg 1024w, https:\/\/elpuucnoticias.com\/wp-content\/uploads\/2022\/03\/WhatsApp-Image-2022-03-08-at-4.26.46-PM-300x200.jpeg 300w, https:\/\/elpuucnoticias.com\/wp-content\/uploads\/2022\/03\/WhatsApp-Image-2022-03-08-at-4.26.46-PM-768x512.jpeg 768w, https:\/\/elpuucnoticias.com\/wp-content\/uploads\/2022\/03\/WhatsApp-Image-2022-03-08-at-4.26.46-PM.jpeg 1280w\" sizes=\"auto, (max-width: 1024px) 100vw, 1024px\" \/><\/figure>\n\n\n\n<figure class=\"wp-block-image size-large\"><img loading=\"lazy\" decoding=\"async\" width=\"1024\" height=\"682\" data-id=\"262\" src=\"https:\/\/elpuucnoticias.com\/wp-content\/uploads\/2022\/03\/WhatsApp-Image-2022-03-08-at-4.26.49-PM-1024x682.jpeg\" alt=\"\" class=\"wp-image-262\" srcset=\"https:\/\/elpuucnoticias.com\/wp-content\/uploads\/2022\/03\/WhatsApp-Image-2022-03-08-at-4.26.49-PM-1024x682.jpeg 1024w, https:\/\/elpuucnoticias.com\/wp-content\/uploads\/2022\/03\/WhatsApp-Image-2022-03-08-at-4.26.49-PM-300x200.jpeg 300w, https:\/\/elpuucnoticias.com\/wp-content\/uploads\/2022\/03\/WhatsApp-Image-2022-03-08-at-4.26.49-PM-768x512.jpeg 768w, https:\/\/elpuucnoticias.com\/wp-content\/uploads\/2022\/03\/WhatsApp-Image-2022-03-08-at-4.26.49-PM.jpeg 1280w\" sizes=\"auto, (max-width: 1024px) 100vw, 1024px\" \/><\/figure>\n\n\n\n<figure class=\"wp-block-image size-large\"><img loading=\"lazy\" decoding=\"async\" width=\"1024\" height=\"682\" data-id=\"260\" src=\"https:\/\/elpuucnoticias.com\/wp-content\/uploads\/2022\/03\/WhatsApp-Image-2022-03-08-at-4.26.48-PM-1024x682.jpeg\" alt=\"\" class=\"wp-image-260\" srcset=\"https:\/\/elpuucnoticias.com\/wp-content\/uploads\/2022\/03\/WhatsApp-Image-2022-03-08-at-4.26.48-PM-1024x682.jpeg 1024w, https:\/\/elpuucnoticias.com\/wp-content\/uploads\/2022\/03\/WhatsApp-Image-2022-03-08-at-4.26.48-PM-300x200.jpeg 300w, https:\/\/elpuucnoticias.com\/wp-content\/uploads\/2022\/03\/WhatsApp-Image-2022-03-08-at-4.26.48-PM-768x512.jpeg 768w, https:\/\/elpuucnoticias.com\/wp-content\/uploads\/2022\/03\/WhatsApp-Image-2022-03-08-at-4.26.48-PM.jpeg 1280w\" sizes=\"auto, (max-width: 1024px) 100vw, 1024px\" \/><\/figure>\n\n\n\n<figure class=\"wp-block-image size-large\"><img loading=\"lazy\" decoding=\"async\" width=\"1024\" height=\"682\" data-id=\"259\" src=\"https:\/\/elpuucnoticias.com\/wp-content\/uploads\/2022\/03\/WhatsApp-Image-2022-03-08-at-4.26.47-PM-1024x682.jpeg\" alt=\"\" class=\"wp-image-259\" srcset=\"https:\/\/elpuucnoticias.com\/wp-content\/uploads\/2022\/03\/WhatsApp-Image-2022-03-08-at-4.26.47-PM-1024x682.jpeg 1024w, https:\/\/elpuucnoticias.com\/wp-content\/uploads\/2022\/03\/WhatsApp-Image-2022-03-08-at-4.26.47-PM-300x200.jpeg 300w, https:\/\/elpuucnoticias.com\/wp-content\/uploads\/2022\/03\/WhatsApp-Image-2022-03-08-at-4.26.47-PM-768x512.jpeg 768w, https:\/\/elpuucnoticias.com\/wp-content\/uploads\/2022\/03\/WhatsApp-Image-2022-03-08-at-4.26.47-PM.jpeg 1280w\" sizes=\"auto, (max-width: 1024px) 100vw, 1024px\" \/><\/figure>\n<\/figure>\n\n\n\n<p>El evento se hizo en coordinaci\u00f3n con la Secretar\u00eda de las Mujeres del \u201cCentro Regional Violeta\u201d, de M\u00e9rida, y el departamento de la Instancia de la Mujer de Peto.<\/p>\n\n\n\n<p>Durante el evento, el personal del Centro de Salud invit\u00f3 a las mujeres a acercase a la cl\u00ednica para que se puedan hacer estudios propios de la mujer y al mismo tiempo que conozcan los servicios que se ofrecen.\u2014 <em>El Puuc Noticias<\/em><\/p>\n","protected":false},"excerpt":{"rendered":"<p>En el marco del D\u00eda Internacional de la Mujer, en Peto se hizo hoy una caminata por calles<\/p>\n","protected":false},"author":1,"featured_media":254,"comment_status":"closed","ping_status":"open","sticky":false,"template":"","format":"standard","meta":{"_monsterinsights_skip_tracking":false,"_monsterinsights_sitenote_active":false,"_monsterinsights_sitenote_note":"","_monsterinsights_sitenote_category":0,"footnotes":""},"categories":[11,20,5],"tags":[],"class_list":["post-253","post","type-post","status-publish","format-standard","has-post-thumbnail","hentry","category-noticias","category-peto","category-tendencias"],"yoast_head":"<!-- This site is optimized with the Yoast SEO plugin v18.3 - https:\/\/yoast.com\/wordpress\/plugins\/seo\/ -->\n<title>Conmemoran el D\u00eda Internacional de la Mujer en Peto. Ren\u00e1n Jim\u00e9nez reconoce el esfuerzo que realizan d\u00eda con d\u00eda - El Puuc Noticias<\/title>\n<meta name=\"robots\" content=\"index, follow, max-snippet:-1, max-image-preview:large, max-video-preview:-1\" \/>\n<link rel=\"canonical\" href=\"https:\/\/elpuucnoticias.com\/?p=253\" \/>\n<meta property=\"og:locale\" content=\"es_ES\" \/>\n<meta property=\"og:type\" content=\"article\" \/>\n<meta property=\"og:title\" content=\"Conmemoran el D\u00eda Internacional de la Mujer en Peto. Ren\u00e1n Jim\u00e9nez reconoce el esfuerzo que realizan d\u00eda con d\u00eda - El Puuc Noticias\" \/>\n<meta property=\"og:description\" content=\"En el marco del D\u00eda Internacional de la Mujer, en Peto se hizo hoy una caminata por calles\" \/>\n<meta property=\"og:url\" content=\"https:\/\/elpuucnoticias.com\/?p=253\" \/>\n<meta property=\"og:site_name\" content=\"El Puuc Noticias\" \/>\n<meta property=\"article:published_time\" content=\"2022-03-08T23:21:52+00:00\" \/>\n<meta property=\"og:image\" content=\"https:\/\/elpuucnoticias.com\/wp-content\/uploads\/2022\/03\/WhatsApp-Image-2022-03-08-at-4.26.49-PM-1.jpeg\" \/>\n\t<meta property=\"og:image:width\" content=\"1280\" \/>\n\t<meta property=\"og:image:height\" content=\"853\" \/>\n\t<meta property=\"og:image:type\" content=\"image\/jpeg\" \/>\n<meta name=\"twitter:card\" content=\"summary_large_image\" \/>\n<meta name=\"twitter:label1\" content=\"Escrito por\" \/>\n\t<meta name=\"twitter:data1\" content=\"elpuucnoticias\" \/>\n\t<meta name=\"twitter:label2\" content=\"Tiempo de lectura\" \/>\n\t<meta name=\"twitter:data2\" content=\"1 minuto\" \/>\n<script type=\"application\/ld+json\" class=\"yoast-schema-graph\">{\"@context\":\"https:\/\/schema.org\",\"@graph\":[{\"@type\":\"WebSite\",\"@id\":\"https:\/\/elpuucnoticias.com\/#website\",\"url\":\"https:\/\/elpuucnoticias.com\/\",\"name\":\"El Puuc Noticias\",\"description\":\"Noticias - Entretenimiento - Deportes\",\"potentialAction\":[{\"@type\":\"SearchAction\",\"target\":{\"@type\":\"EntryPoint\",\"urlTemplate\":\"https:\/\/elpuucnoticias.com\/?s={search_term_string}\"},\"query-input\":\"required name=search_term_string\"}],\"inLanguage\":\"es\"},{\"@type\":\"ImageObject\",\"@id\":\"https:\/\/elpuucnoticias.com\/?p=253#primaryimage\",\"inLanguage\":\"es\",\"url\":\"https:\/\/elpuucnoticias.com\/wp-content\/uploads\/2022\/03\/WhatsApp-Image-2022-03-08-at-4.26.49-PM-1.jpeg\",\"contentUrl\":\"https:\/\/elpuucnoticias.com\/wp-content\/uploads\/2022\/03\/WhatsApp-Image-2022-03-08-at-4.26.49-PM-1.jpeg\",\"width\":1280,\"height\":853},{\"@type\":\"WebPage\",\"@id\":\"https:\/\/elpuucnoticias.com\/?p=253#webpage\",\"url\":\"https:\/\/elpuucnoticias.com\/?p=253\",\"name\":\"Conmemoran el D\u00eda Internacional de la Mujer en Peto. Ren\u00e1n Jim\u00e9nez reconoce el esfuerzo que realizan d\u00eda con d\u00eda - El Puuc Noticias\",\"isPartOf\":{\"@id\":\"https:\/\/elpuucnoticias.com\/#website\"},\"primaryImageOfPage\":{\"@id\":\"https:\/\/elpuucnoticias.com\/?p=253#primaryimage\"},\"datePublished\":\"2022-03-08T23:21:52+00:00\",\"dateModified\":\"2022-03-08T23:21:52+00:00\",\"author\":{\"@id\":\"https:\/\/elpuucnoticias.com\/#\/schema\/person\/d2ea09e4c97f0160b11cdfb1d856bd9e\"},\"breadcrumb\":{\"@id\":\"https:\/\/elpuucnoticias.com\/?p=253#breadcrumb\"},\"inLanguage\":\"es\",\"potentialAction\":[{\"@type\":\"ReadAction\",\"target\":[\"https:\/\/elpuucnoticias.com\/?p=253\"]}]},{\"@type\":\"BreadcrumbList\",\"@id\":\"https:\/\/elpuucnoticias.com\/?p=253#breadcrumb\",\"itemListElement\":[{\"@type\":\"ListItem\",\"position\":1,\"name\":\"Portada\",\"item\":\"https:\/\/elpuucnoticias.com\/\"},{\"@type\":\"ListItem\",\"position\":2,\"name\":\"Conmemoran el D\u00eda Internacional de la Mujer en Peto. Ren\u00e1n Jim\u00e9nez reconoce el esfuerzo que realizan d\u00eda con d\u00eda\"}]},{\"@type\":\"Person\",\"@id\":\"https:\/\/elpuucnoticias.com\/#\/schema\/person\/d2ea09e4c97f0160b11cdfb1d856bd9e\",\"name\":\"elpuucnoticias\",\"image\":{\"@type\":\"ImageObject\",\"@id\":\"https:\/\/elpuucnoticias.com\/#personlogo\",\"inLanguage\":\"es\",\"url\":\"https:\/\/secure.gravatar.com\/avatar\/5290a43657c74ffa15701dbe5b846bd85cc71930d803c84e91046a7333de6ce2?s=96&d=mm&r=g\",\"contentUrl\":\"https:\/\/secure.gravatar.com\/avatar\/5290a43657c74ffa15701dbe5b846bd85cc71930d803c84e91046a7333de6ce2?s=96&d=mm&r=g\",\"caption\":\"elpuucnoticias\"},\"sameAs\":[\"https:\/\/elpuucnoticias.com\"],\"url\":\"https:\/\/elpuucnoticias.com\/?author=1\"}]}<\/script>\n<!-- \/ Yoast SEO plugin. -->","yoast_head_json":{"title":"Conmemoran el D\u00eda Internacional de la Mujer en Peto. Ren\u00e1n Jim\u00e9nez reconoce el esfuerzo que realizan d\u00eda con d\u00eda - El Puuc Noticias","robots":{"index":"index","follow":"follow","max-snippet":"max-snippet:-1","max-image-preview":"max-image-preview:large","max-video-preview":"max-video-preview:-1"},"canonical":"https:\/\/elpuucnoticias.com\/?p=253","og_locale":"es_ES","og_type":"article","og_title":"Conmemoran el D\u00eda Internacional de la Mujer en Peto. Ren\u00e1n Jim\u00e9nez reconoce el esfuerzo que realizan d\u00eda con d\u00eda - El Puuc Noticias","og_description":"En el marco del D\u00eda Internacional de la Mujer, en Peto se hizo hoy una caminata por calles","og_url":"https:\/\/elpuucnoticias.com\/?p=253","og_site_name":"El Puuc Noticias","article_published_time":"2022-03-08T23:21:52+00:00","og_image":[{"width":1280,"height":853,"url":"https:\/\/elpuucnoticias.com\/wp-content\/uploads\/2022\/03\/WhatsApp-Image-2022-03-08-at-4.26.49-PM-1.jpeg","type":"image\/jpeg"}],"twitter_card":"summary_large_image","twitter_misc":{"Escrito por":"elpuucnoticias","Tiempo de lectura":"1 minuto"},"schema":{"@context":"https:\/\/schema.org","@graph":[{"@type":"WebSite","@id":"https:\/\/elpuucnoticias.com\/#website","url":"https:\/\/elpuucnoticias.com\/","name":"El Puuc Noticias","description":"Noticias - Entretenimiento - Deportes","potentialAction":[{"@type":"SearchAction","target":{"@type":"EntryPoint","urlTemplate":"https:\/\/elpuucnoticias.com\/?s={search_term_string}"},"query-input":"required name=search_term_string"}],"inLanguage":"es"},{"@type":"ImageObject","@id":"https:\/\/elpuucnoticias.com\/?p=253#primaryimage","inLanguage":"es","url":"https:\/\/elpuucnoticias.com\/wp-content\/uploads\/2022\/03\/WhatsApp-Image-2022-03-08-at-4.26.49-PM-1.jpeg","contentUrl":"https:\/\/elpuucnoticias.com\/wp-content\/uploads\/2022\/03\/WhatsApp-Image-2022-03-08-at-4.26.49-PM-1.jpeg","width":1280,"height":853},{"@type":"WebPage","@id":"https:\/\/elpuucnoticias.com\/?p=253#webpage","url":"https:\/\/elpuucnoticias.com\/?p=253","name":"Conmemoran el D\u00eda Internacional de la Mujer en Peto. Ren\u00e1n Jim\u00e9nez reconoce el esfuerzo que realizan d\u00eda con d\u00eda - El Puuc Noticias","isPartOf":{"@id":"https:\/\/elpuucnoticias.com\/#website"},"primaryImageOfPage":{"@id":"https:\/\/elpuucnoticias.com\/?p=253#primaryimage"},"datePublished":"2022-03-08T23:21:52+00:00","dateModified":"2022-03-08T23:21:52+00:00","author":{"@id":"https:\/\/elpuucnoticias.com\/#\/schema\/person\/d2ea09e4c97f0160b11cdfb1d856bd9e"},"breadcrumb":{"@id":"https:\/\/elpuucnoticias.com\/?p=253#breadcrumb"},"inLanguage":"es","potentialAction":[{"@type":"ReadAction","target":["https:\/\/elpuucnoticias.com\/?p=253"]}]},{"@type":"BreadcrumbList","@id":"https:\/\/elpuucnoticias.com\/?p=253#breadcrumb","itemListElement":[{"@type":"ListItem","position":1,"name":"Portada","item":"https:\/\/elpuucnoticias.com\/"},{"@type":"ListItem","position":2,"name":"Conmemoran el D\u00eda Internacional de la Mujer en Peto. Ren\u00e1n Jim\u00e9nez reconoce el esfuerzo que realizan d\u00eda con d\u00eda"}]},{"@type":"Person","@id":"https:\/\/elpuucnoticias.com\/#\/schema\/person\/d2ea09e4c97f0160b11cdfb1d856bd9e","name":"elpuucnoticias","image":{"@type":"ImageObject","@id":"https:\/\/elpuucnoticias.com\/#personlogo","inLanguage":"es","url":"https:\/\/secure.gravatar.com\/avatar\/5290a43657c74ffa15701dbe5b846bd85cc71930d803c84e91046a7333de6ce2?s=96&d=mm&r=g","contentUrl":"https:\/\/secure.gravatar.com\/avatar\/5290a43657c74ffa15701dbe5b846bd85cc71930d803c84e91046a7333de6ce2?s=96&d=mm&r=g","caption":"elpuucnoticias"},"sameAs":["https:\/\/elpuucnoticias.com"],"url":"https:\/\/elpuucnoticias.com\/?author=1"}]}},"_links":{"self":[{"href":"https:\/\/elpuucnoticias.com\/index.php?rest_route=\/wp\/v2\/posts\/253","targetHints":{"allow":["GET"]}}],"collection":[{"href":"https:\/\/elpuucnoticias.com\/index.php?rest_route=\/wp\/v2\/posts"}],"about":[{"href":"https:\/\/elpuucnoticias.com\/index.php?rest_route=\/wp\/v2\/types\/post"}],"author":[{"embeddable":true,"href":"https:\/\/elpuucnoticias.com\/index.php?rest_route=\/wp\/v2\/users\/1"}],"replies":[{"embeddable":true,"href":"https:\/\/elpuucnoticias.com\/index.php?rest_route=%2Fwp%2Fv2%2Fcomments&post=253"}],"version-history":[{"count":1,"href":"https:\/\/elpuucnoticias.com\/index.php?rest_route=\/wp\/v2\/posts\/253\/revisions"}],"predecessor-version":[{"id":263,"href":"https:\/\/elpuucnoticias.com\/index.php?rest_route=\/wp\/v2\/posts\/253\/revisions\/263"}],"wp:featuredmedia":[{"embeddable":true,"href":"https:\/\/elpuucnoticias.com\/index.php?rest_route=\/wp\/v2\/media\/254"}],"wp:attachment":[{"href":"https:\/\/elpuucnoticias.com\/index.php?rest_route=%2Fwp%2Fv2%2Fmedia&parent=253"}],"wp:term":[{"taxonomy":"category","embeddable":true,"href":"https:\/\/elpuucnoticias.com\/index.php?rest_route=%2Fwp%2Fv2%2Fcategories&post=253"},{"taxonomy":"post_tag","embeddable":true,"href":"https:\/\/elpuucnoticias.com\/index.php?rest_route=%2Fwp%2Fv2%2Ftags&post=253"}],"curies":[{"name":"wp","href":"https:\/\/api.w.org\/{rel}","templated":true}]}}