{"id":2589,"date":"2022-07-08T00:20:33","date_gmt":"2022-07-08T06:20:33","guid":{"rendered":"https:\/\/elpuucnoticias.com\/?p=2589"},"modified":"2022-07-08T00:20:35","modified_gmt":"2022-07-08T06:20:35","slug":"kooten-tekax-inaugura-su-segunda-edicion-con-la-participacion-de-15-expositores","status":"publish","type":"post","link":"https:\/\/elpuucnoticias.com\/?p=2589","title":{"rendered":"\u00abKo&#8217;oten Tekax\u00bb inaugura su segunda edici\u00f3n con la participaci\u00f3n de 15 expositores"},"content":{"rendered":"\n<p>Este jueves se realiz\u00f3 en Tekax la inauguraci\u00f3n de la segunda edici\u00f3n de la Feria Artesanal y Tur\u00edstica \u00abKo&#8217;oten Tekax\u00bb (Ven a Tekax).<\/p>\n\n\n\n<figure class=\"wp-block-gallery has-nested-images columns-default is-cropped wp-block-gallery-1 is-layout-flex wp-block-gallery-is-layout-flex\">\n<figure class=\"wp-block-image size-large\"><img loading=\"lazy\" decoding=\"async\" width=\"1024\" height=\"683\" data-id=\"2592\" src=\"https:\/\/elpuucnoticias.com\/wp-content\/uploads\/2022\/07\/WhatsApp-Image-2022-07-07-at-7.55.14-PM-1-1024x683.jpeg\" alt=\"\" class=\"wp-image-2592\" srcset=\"https:\/\/elpuucnoticias.com\/wp-content\/uploads\/2022\/07\/WhatsApp-Image-2022-07-07-at-7.55.14-PM-1-1024x683.jpeg 1024w, https:\/\/elpuucnoticias.com\/wp-content\/uploads\/2022\/07\/WhatsApp-Image-2022-07-07-at-7.55.14-PM-1-300x200.jpeg 300w, https:\/\/elpuucnoticias.com\/wp-content\/uploads\/2022\/07\/WhatsApp-Image-2022-07-07-at-7.55.14-PM-1-768x512.jpeg 768w, https:\/\/elpuucnoticias.com\/wp-content\/uploads\/2022\/07\/WhatsApp-Image-2022-07-07-at-7.55.14-PM-1.jpeg 1296w\" sizes=\"auto, (max-width: 1024px) 100vw, 1024px\" \/><\/figure>\n\n\n\n<figure class=\"wp-block-image size-large\"><img loading=\"lazy\" decoding=\"async\" width=\"1024\" height=\"683\" data-id=\"2591\" src=\"https:\/\/elpuucnoticias.com\/wp-content\/uploads\/2022\/07\/WhatsApp-Image-2022-07-07-at-7.55.14-PM-2-1024x683.jpeg\" alt=\"\" class=\"wp-image-2591\" srcset=\"https:\/\/elpuucnoticias.com\/wp-content\/uploads\/2022\/07\/WhatsApp-Image-2022-07-07-at-7.55.14-PM-2-1024x683.jpeg 1024w, https:\/\/elpuucnoticias.com\/wp-content\/uploads\/2022\/07\/WhatsApp-Image-2022-07-07-at-7.55.14-PM-2-300x200.jpeg 300w, https:\/\/elpuucnoticias.com\/wp-content\/uploads\/2022\/07\/WhatsApp-Image-2022-07-07-at-7.55.14-PM-2-768x512.jpeg 768w, https:\/\/elpuucnoticias.com\/wp-content\/uploads\/2022\/07\/WhatsApp-Image-2022-07-07-at-7.55.14-PM-2.jpeg 1296w\" sizes=\"auto, (max-width: 1024px) 100vw, 1024px\" \/><\/figure>\n<\/figure>\n\n\n\n<p>El Ayuntamiento en coordinaci\u00f3n con la Fundaci\u00f3n ADO,\u00a0Autobuses Mayab y el Instituto Yucateco de Emprendedores realizan esta actividad con la finalidad de reactivar la\u00a0econom\u00eda e impulsar iniciativas artesanales, tur\u00edsticas y culturales.<\/p>\n\n\n\n<p>En total participan m\u00e1s de 15 expositores quienes ofrecen a los visitantes productos artesanales realizados en materiales textiles, miel, salsas artesanales, entre otros. Tambi\u00e9n, se ofertaron servicios tur\u00edsticos.<\/p>\n\n\n\n<figure class=\"wp-block-image size-full is-resized\"><img loading=\"lazy\" decoding=\"async\" src=\"https:\/\/elpuucnoticias.com\/wp-content\/uploads\/2022\/07\/BANNER-JULIO-22.jpg\" alt=\"\" class=\"wp-image-2515\" width=\"704\" height=\"240\" srcset=\"https:\/\/elpuucnoticias.com\/wp-content\/uploads\/2022\/07\/BANNER-JULIO-22.jpg 1024w, https:\/\/elpuucnoticias.com\/wp-content\/uploads\/2022\/07\/BANNER-JULIO-22-300x103.jpg 300w, https:\/\/elpuucnoticias.com\/wp-content\/uploads\/2022\/07\/BANNER-JULIO-22-768x263.jpg 768w\" sizes=\"auto, (max-width: 704px) 100vw, 704px\" \/><\/figure>\n\n\n\n<p>Durante estos d\u00edas se realizar\u00e1n distintos talleres, pl\u00e1ticas, actividades culturales y recreativas gratuitas, que ser\u00e1n del 7 al 11 de julio en las instalaciones de la terminal de Autobuses del Mayab.<\/p>\n\n\n\n<p>La secretaria municipal, Flora Margarita Peraza Campos, invit\u00f3 a los ciudadanos a visitar la feria para que conozcan los atractivos de Tekax y los productos artesanales, apoyando el consumo local.<\/p>\n\n\n\n<figure class=\"wp-block-image size-large\"><img loading=\"lazy\" decoding=\"async\" width=\"1024\" height=\"683\" src=\"https:\/\/elpuucnoticias.com\/wp-content\/uploads\/2022\/07\/WhatsApp-Image-2022-07-07-at-7.55.14-PM-1024x683.jpeg\" alt=\"\" class=\"wp-image-2593\" srcset=\"https:\/\/elpuucnoticias.com\/wp-content\/uploads\/2022\/07\/WhatsApp-Image-2022-07-07-at-7.55.14-PM-1024x683.jpeg 1024w, https:\/\/elpuucnoticias.com\/wp-content\/uploads\/2022\/07\/WhatsApp-Image-2022-07-07-at-7.55.14-PM-300x200.jpeg 300w, https:\/\/elpuucnoticias.com\/wp-content\/uploads\/2022\/07\/WhatsApp-Image-2022-07-07-at-7.55.14-PM-768x512.jpeg 768w, https:\/\/elpuucnoticias.com\/wp-content\/uploads\/2022\/07\/WhatsApp-Image-2022-07-07-at-7.55.14-PM.jpeg 1296w\" sizes=\"auto, (max-width: 1024px) 100vw, 1024px\" \/><\/figure>\n\n\n\n<p>Asistieron Paulina Viana G\u00f3mez, directora de Desarrollo Artesanal del IYEM; Juan Carlos Bola\u00f1os Sosa, gerente de servicios intermedios de Yucat\u00e1n; Jos\u00e9 Luis Macuil J\u00faarez, gerente regional de EMCO; Jorge G\u00f3ngora Barrera, representante del Comit\u00e9 de Voluntariado de Fundaci\u00f3n ADO y otras autoridades.\u2014 <em>El Puuc Noticias<\/em><\/p>\n","protected":false},"excerpt":{"rendered":"<p>Este jueves se realiz\u00f3 en Tekax la inauguraci\u00f3n de la segunda edici\u00f3n de la Feria Artesanal y Tur\u00edstica<\/p>\n","protected":false},"author":1,"featured_media":2590,"comment_status":"closed","ping_status":"open","sticky":false,"template":"","format":"standard","meta":{"_monsterinsights_skip_tracking":false,"_monsterinsights_sitenote_active":false,"_monsterinsights_sitenote_note":"","_monsterinsights_sitenote_category":0,"footnotes":""},"categories":[11,4],"tags":[],"class_list":["post-2589","post","type-post","status-publish","format-standard","has-post-thumbnail","hentry","category-noticias","category-tekax"],"yoast_head":"<!-- This site is optimized with the Yoast SEO plugin v18.3 - https:\/\/yoast.com\/wordpress\/plugins\/seo\/ -->\n<title>&quot;Ko&#039;oten Tekax&quot; inaugura su segunda edici\u00f3n con la participaci\u00f3n de 15 expositores - El Puuc Noticias<\/title>\n<meta name=\"robots\" content=\"index, follow, max-snippet:-1, max-image-preview:large, max-video-preview:-1\" \/>\n<link rel=\"canonical\" href=\"https:\/\/elpuucnoticias.com\/?p=2589\" \/>\n<meta property=\"og:locale\" content=\"es_ES\" \/>\n<meta property=\"og:type\" content=\"article\" \/>\n<meta property=\"og:title\" content=\"&quot;Ko&#039;oten Tekax&quot; inaugura su segunda edici\u00f3n con la participaci\u00f3n de 15 expositores - El Puuc Noticias\" \/>\n<meta property=\"og:description\" content=\"Este jueves se realiz\u00f3 en Tekax la inauguraci\u00f3n de la segunda edici\u00f3n de la Feria Artesanal y Tur\u00edstica\" \/>\n<meta property=\"og:url\" content=\"https:\/\/elpuucnoticias.com\/?p=2589\" \/>\n<meta property=\"og:site_name\" content=\"El Puuc Noticias\" \/>\n<meta property=\"article:published_time\" content=\"2022-07-08T06:20:33+00:00\" \/>\n<meta property=\"article:modified_time\" content=\"2022-07-08T06:20:35+00:00\" \/>\n<meta property=\"og:image\" content=\"https:\/\/elpuucnoticias.com\/wp-content\/uploads\/2022\/07\/WhatsApp-Image-2022-07-07-at-7.55.15-PM.jpeg\" \/>\n\t<meta property=\"og:image:width\" content=\"1296\" \/>\n\t<meta property=\"og:image:height\" content=\"864\" \/>\n\t<meta property=\"og:image:type\" content=\"image\/jpeg\" \/>\n<meta name=\"twitter:card\" content=\"summary_large_image\" \/>\n<meta name=\"twitter:label1\" content=\"Escrito por\" \/>\n\t<meta name=\"twitter:data1\" content=\"elpuucnoticias\" \/>\n\t<meta name=\"twitter:label2\" content=\"Tiempo de lectura\" \/>\n\t<meta name=\"twitter:data2\" content=\"2 minutos\" \/>\n<script type=\"application\/ld+json\" class=\"yoast-schema-graph\">{\"@context\":\"https:\/\/schema.org\",\"@graph\":[{\"@type\":\"WebSite\",\"@id\":\"https:\/\/elpuucnoticias.com\/#website\",\"url\":\"https:\/\/elpuucnoticias.com\/\",\"name\":\"El Puuc Noticias\",\"description\":\"Noticias - Entretenimiento - Deportes\",\"potentialAction\":[{\"@type\":\"SearchAction\",\"target\":{\"@type\":\"EntryPoint\",\"urlTemplate\":\"https:\/\/elpuucnoticias.com\/?s={search_term_string}\"},\"query-input\":\"required name=search_term_string\"}],\"inLanguage\":\"es\"},{\"@type\":\"ImageObject\",\"@id\":\"https:\/\/elpuucnoticias.com\/?p=2589#primaryimage\",\"inLanguage\":\"es\",\"url\":\"https:\/\/elpuucnoticias.com\/wp-content\/uploads\/2022\/07\/WhatsApp-Image-2022-07-07-at-7.55.15-PM.jpeg\",\"contentUrl\":\"https:\/\/elpuucnoticias.com\/wp-content\/uploads\/2022\/07\/WhatsApp-Image-2022-07-07-at-7.55.15-PM.jpeg\",\"width\":1296,\"height\":864},{\"@type\":\"WebPage\",\"@id\":\"https:\/\/elpuucnoticias.com\/?p=2589#webpage\",\"url\":\"https:\/\/elpuucnoticias.com\/?p=2589\",\"name\":\"\\\"Ko'oten Tekax\\\" inaugura su segunda edici\u00f3n con la participaci\u00f3n de 15 expositores - El Puuc Noticias\",\"isPartOf\":{\"@id\":\"https:\/\/elpuucnoticias.com\/#website\"},\"primaryImageOfPage\":{\"@id\":\"https:\/\/elpuucnoticias.com\/?p=2589#primaryimage\"},\"datePublished\":\"2022-07-08T06:20:33+00:00\",\"dateModified\":\"2022-07-08T06:20:35+00:00\",\"author\":{\"@id\":\"https:\/\/elpuucnoticias.com\/#\/schema\/person\/d2ea09e4c97f0160b11cdfb1d856bd9e\"},\"breadcrumb\":{\"@id\":\"https:\/\/elpuucnoticias.com\/?p=2589#breadcrumb\"},\"inLanguage\":\"es\",\"potentialAction\":[{\"@type\":\"ReadAction\",\"target\":[\"https:\/\/elpuucnoticias.com\/?p=2589\"]}]},{\"@type\":\"BreadcrumbList\",\"@id\":\"https:\/\/elpuucnoticias.com\/?p=2589#breadcrumb\",\"itemListElement\":[{\"@type\":\"ListItem\",\"position\":1,\"name\":\"Portada\",\"item\":\"https:\/\/elpuucnoticias.com\/\"},{\"@type\":\"ListItem\",\"position\":2,\"name\":\"\u00abKo&#8217;oten Tekax\u00bb inaugura su segunda edici\u00f3n con la participaci\u00f3n de 15 expositores\"}]},{\"@type\":\"Person\",\"@id\":\"https:\/\/elpuucnoticias.com\/#\/schema\/person\/d2ea09e4c97f0160b11cdfb1d856bd9e\",\"name\":\"elpuucnoticias\",\"image\":{\"@type\":\"ImageObject\",\"@id\":\"https:\/\/elpuucnoticias.com\/#personlogo\",\"inLanguage\":\"es\",\"url\":\"https:\/\/secure.gravatar.com\/avatar\/5290a43657c74ffa15701dbe5b846bd85cc71930d803c84e91046a7333de6ce2?s=96&d=mm&r=g\",\"contentUrl\":\"https:\/\/secure.gravatar.com\/avatar\/5290a43657c74ffa15701dbe5b846bd85cc71930d803c84e91046a7333de6ce2?s=96&d=mm&r=g\",\"caption\":\"elpuucnoticias\"},\"sameAs\":[\"https:\/\/elpuucnoticias.com\"],\"url\":\"https:\/\/elpuucnoticias.com\/?author=1\"}]}<\/script>\n<!-- \/ Yoast SEO plugin. -->","yoast_head_json":{"title":"\"Ko'oten Tekax\" inaugura su segunda edici\u00f3n con la participaci\u00f3n de 15 expositores - El Puuc Noticias","robots":{"index":"index","follow":"follow","max-snippet":"max-snippet:-1","max-image-preview":"max-image-preview:large","max-video-preview":"max-video-preview:-1"},"canonical":"https:\/\/elpuucnoticias.com\/?p=2589","og_locale":"es_ES","og_type":"article","og_title":"\"Ko'oten Tekax\" inaugura su segunda edici\u00f3n con la participaci\u00f3n de 15 expositores - El Puuc Noticias","og_description":"Este jueves se realiz\u00f3 en Tekax la inauguraci\u00f3n de la segunda edici\u00f3n de la Feria Artesanal y Tur\u00edstica","og_url":"https:\/\/elpuucnoticias.com\/?p=2589","og_site_name":"El Puuc Noticias","article_published_time":"2022-07-08T06:20:33+00:00","article_modified_time":"2022-07-08T06:20:35+00:00","og_image":[{"width":1296,"height":864,"url":"https:\/\/elpuucnoticias.com\/wp-content\/uploads\/2022\/07\/WhatsApp-Image-2022-07-07-at-7.55.15-PM.jpeg","type":"image\/jpeg"}],"twitter_card":"summary_large_image","twitter_misc":{"Escrito por":"elpuucnoticias","Tiempo de lectura":"2 minutos"},"schema":{"@context":"https:\/\/schema.org","@graph":[{"@type":"WebSite","@id":"https:\/\/elpuucnoticias.com\/#website","url":"https:\/\/elpuucnoticias.com\/","name":"El Puuc Noticias","description":"Noticias - Entretenimiento - Deportes","potentialAction":[{"@type":"SearchAction","target":{"@type":"EntryPoint","urlTemplate":"https:\/\/elpuucnoticias.com\/?s={search_term_string}"},"query-input":"required name=search_term_string"}],"inLanguage":"es"},{"@type":"ImageObject","@id":"https:\/\/elpuucnoticias.com\/?p=2589#primaryimage","inLanguage":"es","url":"https:\/\/elpuucnoticias.com\/wp-content\/uploads\/2022\/07\/WhatsApp-Image-2022-07-07-at-7.55.15-PM.jpeg","contentUrl":"https:\/\/elpuucnoticias.com\/wp-content\/uploads\/2022\/07\/WhatsApp-Image-2022-07-07-at-7.55.15-PM.jpeg","width":1296,"height":864},{"@type":"WebPage","@id":"https:\/\/elpuucnoticias.com\/?p=2589#webpage","url":"https:\/\/elpuucnoticias.com\/?p=2589","name":"\"Ko'oten Tekax\" inaugura su segunda edici\u00f3n con la participaci\u00f3n de 15 expositores - El Puuc Noticias","isPartOf":{"@id":"https:\/\/elpuucnoticias.com\/#website"},"primaryImageOfPage":{"@id":"https:\/\/elpuucnoticias.com\/?p=2589#primaryimage"},"datePublished":"2022-07-08T06:20:33+00:00","dateModified":"2022-07-08T06:20:35+00:00","author":{"@id":"https:\/\/elpuucnoticias.com\/#\/schema\/person\/d2ea09e4c97f0160b11cdfb1d856bd9e"},"breadcrumb":{"@id":"https:\/\/elpuucnoticias.com\/?p=2589#breadcrumb"},"inLanguage":"es","potentialAction":[{"@type":"ReadAction","target":["https:\/\/elpuucnoticias.com\/?p=2589"]}]},{"@type":"BreadcrumbList","@id":"https:\/\/elpuucnoticias.com\/?p=2589#breadcrumb","itemListElement":[{"@type":"ListItem","position":1,"name":"Portada","item":"https:\/\/elpuucnoticias.com\/"},{"@type":"ListItem","position":2,"name":"\u00abKo&#8217;oten Tekax\u00bb inaugura su segunda edici\u00f3n con la participaci\u00f3n de 15 expositores"}]},{"@type":"Person","@id":"https:\/\/elpuucnoticias.com\/#\/schema\/person\/d2ea09e4c97f0160b11cdfb1d856bd9e","name":"elpuucnoticias","image":{"@type":"ImageObject","@id":"https:\/\/elpuucnoticias.com\/#personlogo","inLanguage":"es","url":"https:\/\/secure.gravatar.com\/avatar\/5290a43657c74ffa15701dbe5b846bd85cc71930d803c84e91046a7333de6ce2?s=96&d=mm&r=g","contentUrl":"https:\/\/secure.gravatar.com\/avatar\/5290a43657c74ffa15701dbe5b846bd85cc71930d803c84e91046a7333de6ce2?s=96&d=mm&r=g","caption":"elpuucnoticias"},"sameAs":["https:\/\/elpuucnoticias.com"],"url":"https:\/\/elpuucnoticias.com\/?author=1"}]}},"_links":{"self":[{"href":"https:\/\/elpuucnoticias.com\/index.php?rest_route=\/wp\/v2\/posts\/2589","targetHints":{"allow":["GET"]}}],"collection":[{"href":"https:\/\/elpuucnoticias.com\/index.php?rest_route=\/wp\/v2\/posts"}],"about":[{"href":"https:\/\/elpuucnoticias.com\/index.php?rest_route=\/wp\/v2\/types\/post"}],"author":[{"embeddable":true,"href":"https:\/\/elpuucnoticias.com\/index.php?rest_route=\/wp\/v2\/users\/1"}],"replies":[{"embeddable":true,"href":"https:\/\/elpuucnoticias.com\/index.php?rest_route=%2Fwp%2Fv2%2Fcomments&post=2589"}],"version-history":[{"count":1,"href":"https:\/\/elpuucnoticias.com\/index.php?rest_route=\/wp\/v2\/posts\/2589\/revisions"}],"predecessor-version":[{"id":2594,"href":"https:\/\/elpuucnoticias.com\/index.php?rest_route=\/wp\/v2\/posts\/2589\/revisions\/2594"}],"wp:featuredmedia":[{"embeddable":true,"href":"https:\/\/elpuucnoticias.com\/index.php?rest_route=\/wp\/v2\/media\/2590"}],"wp:attachment":[{"href":"https:\/\/elpuucnoticias.com\/index.php?rest_route=%2Fwp%2Fv2%2Fmedia&parent=2589"}],"wp:term":[{"taxonomy":"category","embeddable":true,"href":"https:\/\/elpuucnoticias.com\/index.php?rest_route=%2Fwp%2Fv2%2Fcategories&post=2589"},{"taxonomy":"post_tag","embeddable":true,"href":"https:\/\/elpuucnoticias.com\/index.php?rest_route=%2Fwp%2Fv2%2Ftags&post=2589"}],"curies":[{"name":"wp","href":"https:\/\/api.w.org\/{rel}","templated":true}]}}