{"id":2595,"date":"2022-07-08T00:30:44","date_gmt":"2022-07-08T06:30:44","guid":{"rendered":"https:\/\/elpuucnoticias.com\/?p=2595"},"modified":"2022-07-08T00:30:46","modified_gmt":"2022-07-08T06:30:46","slug":"todas-las-escuelas-de-pustunich-ya-tienen-domo-destaca-el-alcalde-rafael-montalvo-mata-al-entregar-la-obra-de-la-felipe-carrillo-puerto","status":"publish","type":"post","link":"https:\/\/elpuucnoticias.com\/?p=2595","title":{"rendered":"Todas las escuelas de Pustunich ya tienen domo, destaca el alcalde Rafael Montalvo Mata al entregar la obra de la Felipe Carrillo Puerto"},"content":{"rendered":"\n<p>La tarde de este martes fue inaugurado el domo de la primaria Felipe Carrillo Puerto, de Pustunich, en el marco de la celebraci\u00f3n de los 50 a\u00f1os de fundaci\u00f3n de este centro educativo y durante la ceremonia de clausura del ciclo escolar.<\/p>\n\n\n\n<figure class=\"wp-block-gallery has-nested-images columns-default is-cropped wp-block-gallery-1 is-layout-flex wp-block-gallery-is-layout-flex\">\n<figure class=\"wp-block-image size-large\"><img loading=\"lazy\" decoding=\"async\" width=\"1024\" height=\"682\" data-id=\"2598\" src=\"https:\/\/elpuucnoticias.com\/wp-content\/uploads\/2022\/07\/WhatsApp-Image-2022-07-07-at-1.12.01-PM-1024x682.jpeg\" alt=\"\" class=\"wp-image-2598\" srcset=\"https:\/\/elpuucnoticias.com\/wp-content\/uploads\/2022\/07\/WhatsApp-Image-2022-07-07-at-1.12.01-PM-1024x682.jpeg 1024w, https:\/\/elpuucnoticias.com\/wp-content\/uploads\/2022\/07\/WhatsApp-Image-2022-07-07-at-1.12.01-PM-300x200.jpeg 300w, https:\/\/elpuucnoticias.com\/wp-content\/uploads\/2022\/07\/WhatsApp-Image-2022-07-07-at-1.12.01-PM-768x512.jpeg 768w, https:\/\/elpuucnoticias.com\/wp-content\/uploads\/2022\/07\/WhatsApp-Image-2022-07-07-at-1.12.01-PM.jpeg 1280w\" sizes=\"auto, (max-width: 1024px) 100vw, 1024px\" \/><\/figure>\n\n\n\n<figure class=\"wp-block-image size-large\"><img loading=\"lazy\" decoding=\"async\" width=\"1024\" height=\"851\" data-id=\"2597\" src=\"https:\/\/elpuucnoticias.com\/wp-content\/uploads\/2022\/07\/WhatsApp-Image-2022-07-07-at-1.12.02-PM-1024x851.jpeg\" alt=\"\" class=\"wp-image-2597\" srcset=\"https:\/\/elpuucnoticias.com\/wp-content\/uploads\/2022\/07\/WhatsApp-Image-2022-07-07-at-1.12.02-PM-1024x851.jpeg 1024w, https:\/\/elpuucnoticias.com\/wp-content\/uploads\/2022\/07\/WhatsApp-Image-2022-07-07-at-1.12.02-PM-300x249.jpeg 300w, https:\/\/elpuucnoticias.com\/wp-content\/uploads\/2022\/07\/WhatsApp-Image-2022-07-07-at-1.12.02-PM-768x638.jpeg 768w, https:\/\/elpuucnoticias.com\/wp-content\/uploads\/2022\/07\/WhatsApp-Image-2022-07-07-at-1.12.02-PM.jpeg 1096w\" sizes=\"auto, (max-width: 1024px) 100vw, 1024px\" \/><\/figure>\n<\/figure>\n\n\n\n<p>El alcalde, Rafael Montalvo Mata, padrino de la generaci\u00f3n, acompa\u00f1ado de autoridades municipales y educativas, realiz\u00f3 la entrega de esta obra para beneficio de m\u00e1s de 200 alumnos.<\/p>\n\n\n\n<p>\u201cCon la inauguraci\u00f3n de este domo escolar, el n\u00famero 12 de la administraci\u00f3n, ya tenemos el 100% de las escuelas de esta comisar\u00eda con techumbres\u201d, indic\u00f3 el primer edil.<\/p>\n\n\n\n<p>\u00abAntes, la primaria no contaba con ninguna estructura que protegiera a los alumnos cuando realizaban sus actividades. Ahora ya se cuenta con un techo que es de utilidad para actividades culturales, ceremonias c\u00edvicas y eventos especiales\u00bb, agreg\u00f3.<\/p>\n\n\n\n<p>El alumno \u00c1ngel de Jes\u00fas Maga\u00f1a Balam dio palabras de agradecimiento y el director del plantel, Edier Antonio Galera Mata, agradeci\u00f3 las gestiones realizadas por el presidente municipal.<\/p>\n\n\n\n<figure class=\"wp-block-image size-full is-resized\"><img loading=\"lazy\" decoding=\"async\" src=\"https:\/\/elpuucnoticias.com\/wp-content\/uploads\/2022\/07\/BANNER-JULIO-22.jpg\" alt=\"\" class=\"wp-image-2515\" width=\"664\" height=\"227\" srcset=\"https:\/\/elpuucnoticias.com\/wp-content\/uploads\/2022\/07\/BANNER-JULIO-22.jpg 1024w, https:\/\/elpuucnoticias.com\/wp-content\/uploads\/2022\/07\/BANNER-JULIO-22-300x103.jpg 300w, https:\/\/elpuucnoticias.com\/wp-content\/uploads\/2022\/07\/BANNER-JULIO-22-768x263.jpg 768w\" sizes=\"auto, (max-width: 664px) 100vw, 664px\" \/><\/figure>\n\n\n\n<p>\u201cNo cabe duda de que esta obra beneficiar\u00e1 a much\u00edsimas generaciones de esta primaria. Hoy vemos cristalizado un sue\u00f1o y no nos queda m\u00e1s que externar nuestro sincero agradecimiento al alcalde\u201d.<\/p>\n\n\n\n<p>Montalvo Mata refiri\u00f3 tambi\u00e9n que si bien la educaci\u00f3n siempre ha sido una prioridad sabe que estas obras son proyectos bien enfocados para beneficiar a muchos alumnos.<\/p>\n\n\n\n<p>\u00abDoce domos escolares se dicen f\u00e1cil, pero son inversiones que eran prioridad y hoy lo comprobamos, tenemos un techo seguro donde podemos resguardarnos para poder realizar una ceremonia cultural. Seguiremos apostando por estas obras, por la educaci\u00f3n para que a Ticul y sus comisar\u00edas les vaya mejor\u00bb, puntualiz\u00f3.\u2014 <em>El Puuc Noticias<\/em><\/p>\n","protected":false},"excerpt":{"rendered":"<p>La tarde de este martes fue inaugurado el domo de la primaria Felipe Carrillo Puerto, de Pustunich, en<\/p>\n","protected":false},"author":1,"featured_media":2596,"comment_status":"closed","ping_status":"open","sticky":false,"template":"","format":"standard","meta":{"_monsterinsights_skip_tracking":false,"_monsterinsights_sitenote_active":false,"_monsterinsights_sitenote_note":"","_monsterinsights_sitenote_category":0,"footnotes":""},"categories":[11,13],"tags":[],"class_list":["post-2595","post","type-post","status-publish","format-standard","has-post-thumbnail","hentry","category-noticias","category-ticul"],"yoast_head":"<!-- This site is optimized with the Yoast SEO plugin v18.3 - https:\/\/yoast.com\/wordpress\/plugins\/seo\/ -->\n<title>Todas las escuelas de Pustunich ya tienen domo, destaca el alcalde Rafael Montalvo Mata al entregar la obra de la Felipe Carrillo Puerto - El Puuc Noticias<\/title>\n<meta name=\"robots\" content=\"index, follow, max-snippet:-1, max-image-preview:large, max-video-preview:-1\" \/>\n<link rel=\"canonical\" href=\"https:\/\/elpuucnoticias.com\/?p=2595\" \/>\n<meta property=\"og:locale\" content=\"es_ES\" \/>\n<meta property=\"og:type\" content=\"article\" \/>\n<meta property=\"og:title\" content=\"Todas las escuelas de Pustunich ya tienen domo, destaca el alcalde Rafael Montalvo Mata al entregar la obra de la Felipe Carrillo Puerto - El Puuc Noticias\" \/>\n<meta property=\"og:description\" content=\"La tarde de este martes fue inaugurado el domo de la primaria Felipe Carrillo Puerto, de Pustunich, en\" \/>\n<meta property=\"og:url\" content=\"https:\/\/elpuucnoticias.com\/?p=2595\" \/>\n<meta property=\"og:site_name\" content=\"El Puuc Noticias\" \/>\n<meta property=\"article:published_time\" content=\"2022-07-08T06:30:44+00:00\" \/>\n<meta property=\"article:modified_time\" content=\"2022-07-08T06:30:46+00:00\" \/>\n<meta property=\"og:image\" content=\"https:\/\/elpuucnoticias.com\/wp-content\/uploads\/2022\/07\/WhatsApp-Image-2022-07-07-at-1.12.01-PM-1.jpeg\" \/>\n\t<meta property=\"og:image:width\" content=\"1280\" \/>\n\t<meta property=\"og:image:height\" content=\"969\" \/>\n\t<meta property=\"og:image:type\" content=\"image\/jpeg\" \/>\n<meta name=\"twitter:card\" content=\"summary_large_image\" \/>\n<meta name=\"twitter:label1\" content=\"Escrito por\" \/>\n\t<meta name=\"twitter:data1\" content=\"elpuucnoticias\" \/>\n\t<meta name=\"twitter:label2\" content=\"Tiempo de lectura\" \/>\n\t<meta name=\"twitter:data2\" content=\"2 minutos\" \/>\n<script type=\"application\/ld+json\" class=\"yoast-schema-graph\">{\"@context\":\"https:\/\/schema.org\",\"@graph\":[{\"@type\":\"WebSite\",\"@id\":\"https:\/\/elpuucnoticias.com\/#website\",\"url\":\"https:\/\/elpuucnoticias.com\/\",\"name\":\"El Puuc Noticias\",\"description\":\"Noticias - Entretenimiento - Deportes\",\"potentialAction\":[{\"@type\":\"SearchAction\",\"target\":{\"@type\":\"EntryPoint\",\"urlTemplate\":\"https:\/\/elpuucnoticias.com\/?s={search_term_string}\"},\"query-input\":\"required name=search_term_string\"}],\"inLanguage\":\"es\"},{\"@type\":\"ImageObject\",\"@id\":\"https:\/\/elpuucnoticias.com\/?p=2595#primaryimage\",\"inLanguage\":\"es\",\"url\":\"https:\/\/elpuucnoticias.com\/wp-content\/uploads\/2022\/07\/WhatsApp-Image-2022-07-07-at-1.12.01-PM-1.jpeg\",\"contentUrl\":\"https:\/\/elpuucnoticias.com\/wp-content\/uploads\/2022\/07\/WhatsApp-Image-2022-07-07-at-1.12.01-PM-1.jpeg\",\"width\":1280,\"height\":969},{\"@type\":\"WebPage\",\"@id\":\"https:\/\/elpuucnoticias.com\/?p=2595#webpage\",\"url\":\"https:\/\/elpuucnoticias.com\/?p=2595\",\"name\":\"Todas las escuelas de Pustunich ya tienen domo, destaca el alcalde Rafael Montalvo Mata al entregar la obra de la Felipe Carrillo Puerto - El Puuc Noticias\",\"isPartOf\":{\"@id\":\"https:\/\/elpuucnoticias.com\/#website\"},\"primaryImageOfPage\":{\"@id\":\"https:\/\/elpuucnoticias.com\/?p=2595#primaryimage\"},\"datePublished\":\"2022-07-08T06:30:44+00:00\",\"dateModified\":\"2022-07-08T06:30:46+00:00\",\"author\":{\"@id\":\"https:\/\/elpuucnoticias.com\/#\/schema\/person\/d2ea09e4c97f0160b11cdfb1d856bd9e\"},\"breadcrumb\":{\"@id\":\"https:\/\/elpuucnoticias.com\/?p=2595#breadcrumb\"},\"inLanguage\":\"es\",\"potentialAction\":[{\"@type\":\"ReadAction\",\"target\":[\"https:\/\/elpuucnoticias.com\/?p=2595\"]}]},{\"@type\":\"BreadcrumbList\",\"@id\":\"https:\/\/elpuucnoticias.com\/?p=2595#breadcrumb\",\"itemListElement\":[{\"@type\":\"ListItem\",\"position\":1,\"name\":\"Portada\",\"item\":\"https:\/\/elpuucnoticias.com\/\"},{\"@type\":\"ListItem\",\"position\":2,\"name\":\"Todas las escuelas de Pustunich ya tienen domo, destaca el alcalde Rafael Montalvo Mata al entregar la obra de la Felipe Carrillo Puerto\"}]},{\"@type\":\"Person\",\"@id\":\"https:\/\/elpuucnoticias.com\/#\/schema\/person\/d2ea09e4c97f0160b11cdfb1d856bd9e\",\"name\":\"elpuucnoticias\",\"image\":{\"@type\":\"ImageObject\",\"@id\":\"https:\/\/elpuucnoticias.com\/#personlogo\",\"inLanguage\":\"es\",\"url\":\"https:\/\/secure.gravatar.com\/avatar\/5290a43657c74ffa15701dbe5b846bd85cc71930d803c84e91046a7333de6ce2?s=96&d=mm&r=g\",\"contentUrl\":\"https:\/\/secure.gravatar.com\/avatar\/5290a43657c74ffa15701dbe5b846bd85cc71930d803c84e91046a7333de6ce2?s=96&d=mm&r=g\",\"caption\":\"elpuucnoticias\"},\"sameAs\":[\"https:\/\/elpuucnoticias.com\"],\"url\":\"https:\/\/elpuucnoticias.com\/?author=1\"}]}<\/script>\n<!-- \/ Yoast SEO plugin. -->","yoast_head_json":{"title":"Todas las escuelas de Pustunich ya tienen domo, destaca el alcalde Rafael Montalvo Mata al entregar la obra de la Felipe Carrillo Puerto - El Puuc Noticias","robots":{"index":"index","follow":"follow","max-snippet":"max-snippet:-1","max-image-preview":"max-image-preview:large","max-video-preview":"max-video-preview:-1"},"canonical":"https:\/\/elpuucnoticias.com\/?p=2595","og_locale":"es_ES","og_type":"article","og_title":"Todas las escuelas de Pustunich ya tienen domo, destaca el alcalde Rafael Montalvo Mata al entregar la obra de la Felipe Carrillo Puerto - El Puuc Noticias","og_description":"La tarde de este martes fue inaugurado el domo de la primaria Felipe Carrillo Puerto, de Pustunich, en","og_url":"https:\/\/elpuucnoticias.com\/?p=2595","og_site_name":"El Puuc Noticias","article_published_time":"2022-07-08T06:30:44+00:00","article_modified_time":"2022-07-08T06:30:46+00:00","og_image":[{"width":1280,"height":969,"url":"https:\/\/elpuucnoticias.com\/wp-content\/uploads\/2022\/07\/WhatsApp-Image-2022-07-07-at-1.12.01-PM-1.jpeg","type":"image\/jpeg"}],"twitter_card":"summary_large_image","twitter_misc":{"Escrito por":"elpuucnoticias","Tiempo de lectura":"2 minutos"},"schema":{"@context":"https:\/\/schema.org","@graph":[{"@type":"WebSite","@id":"https:\/\/elpuucnoticias.com\/#website","url":"https:\/\/elpuucnoticias.com\/","name":"El Puuc Noticias","description":"Noticias - Entretenimiento - Deportes","potentialAction":[{"@type":"SearchAction","target":{"@type":"EntryPoint","urlTemplate":"https:\/\/elpuucnoticias.com\/?s={search_term_string}"},"query-input":"required name=search_term_string"}],"inLanguage":"es"},{"@type":"ImageObject","@id":"https:\/\/elpuucnoticias.com\/?p=2595#primaryimage","inLanguage":"es","url":"https:\/\/elpuucnoticias.com\/wp-content\/uploads\/2022\/07\/WhatsApp-Image-2022-07-07-at-1.12.01-PM-1.jpeg","contentUrl":"https:\/\/elpuucnoticias.com\/wp-content\/uploads\/2022\/07\/WhatsApp-Image-2022-07-07-at-1.12.01-PM-1.jpeg","width":1280,"height":969},{"@type":"WebPage","@id":"https:\/\/elpuucnoticias.com\/?p=2595#webpage","url":"https:\/\/elpuucnoticias.com\/?p=2595","name":"Todas las escuelas de Pustunich ya tienen domo, destaca el alcalde Rafael Montalvo Mata al entregar la obra de la Felipe Carrillo Puerto - El Puuc Noticias","isPartOf":{"@id":"https:\/\/elpuucnoticias.com\/#website"},"primaryImageOfPage":{"@id":"https:\/\/elpuucnoticias.com\/?p=2595#primaryimage"},"datePublished":"2022-07-08T06:30:44+00:00","dateModified":"2022-07-08T06:30:46+00:00","author":{"@id":"https:\/\/elpuucnoticias.com\/#\/schema\/person\/d2ea09e4c97f0160b11cdfb1d856bd9e"},"breadcrumb":{"@id":"https:\/\/elpuucnoticias.com\/?p=2595#breadcrumb"},"inLanguage":"es","potentialAction":[{"@type":"ReadAction","target":["https:\/\/elpuucnoticias.com\/?p=2595"]}]},{"@type":"BreadcrumbList","@id":"https:\/\/elpuucnoticias.com\/?p=2595#breadcrumb","itemListElement":[{"@type":"ListItem","position":1,"name":"Portada","item":"https:\/\/elpuucnoticias.com\/"},{"@type":"ListItem","position":2,"name":"Todas las escuelas de Pustunich ya tienen domo, destaca el alcalde Rafael Montalvo Mata al entregar la obra de la Felipe Carrillo Puerto"}]},{"@type":"Person","@id":"https:\/\/elpuucnoticias.com\/#\/schema\/person\/d2ea09e4c97f0160b11cdfb1d856bd9e","name":"elpuucnoticias","image":{"@type":"ImageObject","@id":"https:\/\/elpuucnoticias.com\/#personlogo","inLanguage":"es","url":"https:\/\/secure.gravatar.com\/avatar\/5290a43657c74ffa15701dbe5b846bd85cc71930d803c84e91046a7333de6ce2?s=96&d=mm&r=g","contentUrl":"https:\/\/secure.gravatar.com\/avatar\/5290a43657c74ffa15701dbe5b846bd85cc71930d803c84e91046a7333de6ce2?s=96&d=mm&r=g","caption":"elpuucnoticias"},"sameAs":["https:\/\/elpuucnoticias.com"],"url":"https:\/\/elpuucnoticias.com\/?author=1"}]}},"_links":{"self":[{"href":"https:\/\/elpuucnoticias.com\/index.php?rest_route=\/wp\/v2\/posts\/2595","targetHints":{"allow":["GET"]}}],"collection":[{"href":"https:\/\/elpuucnoticias.com\/index.php?rest_route=\/wp\/v2\/posts"}],"about":[{"href":"https:\/\/elpuucnoticias.com\/index.php?rest_route=\/wp\/v2\/types\/post"}],"author":[{"embeddable":true,"href":"https:\/\/elpuucnoticias.com\/index.php?rest_route=\/wp\/v2\/users\/1"}],"replies":[{"embeddable":true,"href":"https:\/\/elpuucnoticias.com\/index.php?rest_route=%2Fwp%2Fv2%2Fcomments&post=2595"}],"version-history":[{"count":1,"href":"https:\/\/elpuucnoticias.com\/index.php?rest_route=\/wp\/v2\/posts\/2595\/revisions"}],"predecessor-version":[{"id":2599,"href":"https:\/\/elpuucnoticias.com\/index.php?rest_route=\/wp\/v2\/posts\/2595\/revisions\/2599"}],"wp:featuredmedia":[{"embeddable":true,"href":"https:\/\/elpuucnoticias.com\/index.php?rest_route=\/wp\/v2\/media\/2596"}],"wp:attachment":[{"href":"https:\/\/elpuucnoticias.com\/index.php?rest_route=%2Fwp%2Fv2%2Fmedia&parent=2595"}],"wp:term":[{"taxonomy":"category","embeddable":true,"href":"https:\/\/elpuucnoticias.com\/index.php?rest_route=%2Fwp%2Fv2%2Fcategories&post=2595"},{"taxonomy":"post_tag","embeddable":true,"href":"https:\/\/elpuucnoticias.com\/index.php?rest_route=%2Fwp%2Fv2%2Ftags&post=2595"}],"curies":[{"name":"wp","href":"https:\/\/api.w.org\/{rel}","templated":true}]}}