{"id":2602,"date":"2022-07-11T12:38:24","date_gmt":"2022-07-11T18:38:24","guid":{"rendered":"https:\/\/elpuucnoticias.com\/?p=2602"},"modified":"2022-07-11T12:38:24","modified_gmt":"2022-07-11T18:38:24","slug":"la-direccion-de-proteccion-civil-de-oxkutzcab-ya-cuenta-con-nuevo-vehiculo-para-sus-labores-en-la-actual-temporada-de-ciclones","status":"publish","type":"post","link":"https:\/\/elpuucnoticias.com\/?p=2602","title":{"rendered":"La direcci\u00f3n de Protecci\u00f3n Civil de Oxkutzcab ya cuenta con nuevo veh\u00edculo para sus labores en la actual temporada de ciclones"},"content":{"rendered":"\n<p>El secretario municipal de Oxkutzcab, Alan Emmanuel Torres Vera, entreg\u00f3 este d\u00eda una camioneta a la direcci\u00f3n de Protecci\u00f3n Civil para los trabajos operativos y mejorar la atenci\u00f3n en caso de alguna contingencia en el municipio.<\/p>\n\n\n\n<figure class=\"wp-block-gallery has-nested-images columns-default is-cropped wp-block-gallery-1 is-layout-flex wp-block-gallery-is-layout-flex\">\n<figure class=\"wp-block-image size-large\"><img loading=\"lazy\" decoding=\"async\" width=\"1024\" height=\"819\" data-id=\"2605\" src=\"https:\/\/elpuucnoticias.com\/wp-content\/uploads\/2022\/07\/patrulla04-1024x819.jpeg\" alt=\"\" class=\"wp-image-2605\" srcset=\"https:\/\/elpuucnoticias.com\/wp-content\/uploads\/2022\/07\/patrulla04-1024x819.jpeg 1024w, https:\/\/elpuucnoticias.com\/wp-content\/uploads\/2022\/07\/patrulla04-300x240.jpeg 300w, https:\/\/elpuucnoticias.com\/wp-content\/uploads\/2022\/07\/patrulla04-768x615.jpeg 768w, https:\/\/elpuucnoticias.com\/wp-content\/uploads\/2022\/07\/patrulla04.jpeg 1066w\" sizes=\"auto, (max-width: 1024px) 100vw, 1024px\" \/><\/figure>\n\n\n\n<figure class=\"wp-block-image size-large\"><img loading=\"lazy\" decoding=\"async\" width=\"1024\" height=\"819\" data-id=\"2604\" src=\"https:\/\/elpuucnoticias.com\/wp-content\/uploads\/2022\/07\/patrulla-1024x819.jpeg\" alt=\"\" class=\"wp-image-2604\" srcset=\"https:\/\/elpuucnoticias.com\/wp-content\/uploads\/2022\/07\/patrulla-1024x819.jpeg 1024w, https:\/\/elpuucnoticias.com\/wp-content\/uploads\/2022\/07\/patrulla-300x240.jpeg 300w, https:\/\/elpuucnoticias.com\/wp-content\/uploads\/2022\/07\/patrulla-768x615.jpeg 768w, https:\/\/elpuucnoticias.com\/wp-content\/uploads\/2022\/07\/patrulla.jpeg 1066w\" sizes=\"auto, (max-width: 1024px) 100vw, 1024px\" \/><\/figure>\n<\/figure>\n\n\n\n<p>Seg\u00fan se inform\u00f3, desde el inicio de la administraci\u00f3n del alcalde Juan Jos\u00e9 Mart\u00edn Fragoso, se ha procurado proveer de instrumentos y equipos para garantizar la seguridad de la ciudadan\u00eda, ya que es una prioridad para el Ayuntamiento. \u00a0<\/p>\n\n\n\n<p>Al recibir el veh\u00edculo, el director de Protecci\u00f3n Civil, Juan Vela G\u00f3mez, inform\u00f3 que ya cuentan con dos camionetas. Al inicio de la administraci\u00f3n recibieron la primera unidad equipada con herramientas para combatir incendios\u00a0y atender las emergencias.\u00a0\u00a0<\/p>\n\n\n\n<figure class=\"wp-block-image size-full is-resized\"><img loading=\"lazy\" decoding=\"async\" src=\"https:\/\/elpuucnoticias.com\/wp-content\/uploads\/2022\/07\/BANNER-JULIO-22.jpg\" alt=\"\" class=\"wp-image-2515\" width=\"666\" height=\"227\" srcset=\"https:\/\/elpuucnoticias.com\/wp-content\/uploads\/2022\/07\/BANNER-JULIO-22.jpg 1024w, https:\/\/elpuucnoticias.com\/wp-content\/uploads\/2022\/07\/BANNER-JULIO-22-300x103.jpg 300w, https:\/\/elpuucnoticias.com\/wp-content\/uploads\/2022\/07\/BANNER-JULIO-22-768x263.jpg 768w\" sizes=\"auto, (max-width: 666px) 100vw, 666px\" \/><\/figure>\n\n\n\n<p>\u00abActualmente la brigada cuenta con equipos\u00a0como moto-bombas\u00a0de\u00a0agua, mangueras, contenedores de\u00a01,100 litros, y equipos para primeros\u00a0auxilios.<\/p>\n\n\n\n<p>\u00abCon estas acciones Protecci\u00f3n\u00a0Civil\u00a0estar\u00e1\u00a0preparado para responder en cualquier contingencia\u00bb, puntualiz\u00f3 el director de la Unidad.\u2014 <em>El Puuc Noticias<\/em><\/p>\n","protected":false},"excerpt":{"rendered":"<p>El secretario municipal de Oxkutzcab, Alan Emmanuel Torres Vera, entreg\u00f3 este d\u00eda una camioneta a la direcci\u00f3n de<\/p>\n","protected":false},"author":1,"featured_media":2603,"comment_status":"closed","ping_status":"open","sticky":false,"template":"","format":"standard","meta":{"_monsterinsights_skip_tracking":false,"_monsterinsights_sitenote_active":false,"_monsterinsights_sitenote_note":"","_monsterinsights_sitenote_category":0,"footnotes":""},"categories":[11,14],"tags":[],"class_list":["post-2602","post","type-post","status-publish","format-standard","has-post-thumbnail","hentry","category-noticias","category-oxkutzcab"],"yoast_head":"<!-- This site is optimized with the Yoast SEO plugin v18.3 - https:\/\/yoast.com\/wordpress\/plugins\/seo\/ -->\n<title>La direcci\u00f3n de Protecci\u00f3n Civil de Oxkutzcab ya cuenta con nuevo veh\u00edculo para sus labores en la actual temporada de ciclones - El Puuc Noticias<\/title>\n<meta name=\"robots\" content=\"index, follow, max-snippet:-1, max-image-preview:large, max-video-preview:-1\" \/>\n<link rel=\"canonical\" href=\"https:\/\/elpuucnoticias.com\/?p=2602\" \/>\n<meta property=\"og:locale\" content=\"es_ES\" \/>\n<meta property=\"og:type\" content=\"article\" \/>\n<meta property=\"og:title\" content=\"La direcci\u00f3n de Protecci\u00f3n Civil de Oxkutzcab ya cuenta con nuevo veh\u00edculo para sus labores en la actual temporada de ciclones - El Puuc Noticias\" \/>\n<meta property=\"og:description\" content=\"El secretario municipal de Oxkutzcab, Alan Emmanuel Torres Vera, entreg\u00f3 este d\u00eda una camioneta a la direcci\u00f3n de\" \/>\n<meta property=\"og:url\" content=\"https:\/\/elpuucnoticias.com\/?p=2602\" \/>\n<meta property=\"og:site_name\" content=\"El Puuc Noticias\" \/>\n<meta property=\"article:published_time\" content=\"2022-07-11T18:38:24+00:00\" \/>\n<meta property=\"og:image\" content=\"https:\/\/elpuucnoticias.com\/wp-content\/uploads\/2022\/07\/patrulla04-1024x819.jpeg\" \/>\n<meta name=\"twitter:card\" content=\"summary_large_image\" \/>\n<meta name=\"twitter:label1\" content=\"Escrito por\" \/>\n\t<meta name=\"twitter:data1\" content=\"elpuucnoticias\" \/>\n\t<meta name=\"twitter:label2\" content=\"Tiempo de lectura\" \/>\n\t<meta name=\"twitter:data2\" content=\"1 minuto\" \/>\n<script type=\"application\/ld+json\" class=\"yoast-schema-graph\">{\"@context\":\"https:\/\/schema.org\",\"@graph\":[{\"@type\":\"WebSite\",\"@id\":\"https:\/\/elpuucnoticias.com\/#website\",\"url\":\"https:\/\/elpuucnoticias.com\/\",\"name\":\"El Puuc Noticias\",\"description\":\"Noticias - Entretenimiento - Deportes\",\"potentialAction\":[{\"@type\":\"SearchAction\",\"target\":{\"@type\":\"EntryPoint\",\"urlTemplate\":\"https:\/\/elpuucnoticias.com\/?s={search_term_string}\"},\"query-input\":\"required name=search_term_string\"}],\"inLanguage\":\"es\"},{\"@type\":\"ImageObject\",\"@id\":\"https:\/\/elpuucnoticias.com\/?p=2602#primaryimage\",\"inLanguage\":\"es\",\"url\":\"https:\/\/elpuucnoticias.com\/wp-content\/uploads\/2022\/07\/patrunn.jpeg\",\"contentUrl\":\"https:\/\/elpuucnoticias.com\/wp-content\/uploads\/2022\/07\/patrunn.jpeg\",\"width\":1067,\"height\":853},{\"@type\":\"WebPage\",\"@id\":\"https:\/\/elpuucnoticias.com\/?p=2602#webpage\",\"url\":\"https:\/\/elpuucnoticias.com\/?p=2602\",\"name\":\"La direcci\u00f3n de Protecci\u00f3n Civil de Oxkutzcab ya cuenta con nuevo veh\u00edculo para sus labores en la actual temporada de ciclones - El Puuc Noticias\",\"isPartOf\":{\"@id\":\"https:\/\/elpuucnoticias.com\/#website\"},\"primaryImageOfPage\":{\"@id\":\"https:\/\/elpuucnoticias.com\/?p=2602#primaryimage\"},\"datePublished\":\"2022-07-11T18:38:24+00:00\",\"dateModified\":\"2022-07-11T18:38:24+00:00\",\"author\":{\"@id\":\"https:\/\/elpuucnoticias.com\/#\/schema\/person\/d2ea09e4c97f0160b11cdfb1d856bd9e\"},\"breadcrumb\":{\"@id\":\"https:\/\/elpuucnoticias.com\/?p=2602#breadcrumb\"},\"inLanguage\":\"es\",\"potentialAction\":[{\"@type\":\"ReadAction\",\"target\":[\"https:\/\/elpuucnoticias.com\/?p=2602\"]}]},{\"@type\":\"BreadcrumbList\",\"@id\":\"https:\/\/elpuucnoticias.com\/?p=2602#breadcrumb\",\"itemListElement\":[{\"@type\":\"ListItem\",\"position\":1,\"name\":\"Portada\",\"item\":\"https:\/\/elpuucnoticias.com\/\"},{\"@type\":\"ListItem\",\"position\":2,\"name\":\"La direcci\u00f3n de Protecci\u00f3n Civil de Oxkutzcab ya cuenta con nuevo veh\u00edculo para sus labores en la actual temporada de ciclones\"}]},{\"@type\":\"Person\",\"@id\":\"https:\/\/elpuucnoticias.com\/#\/schema\/person\/d2ea09e4c97f0160b11cdfb1d856bd9e\",\"name\":\"elpuucnoticias\",\"image\":{\"@type\":\"ImageObject\",\"@id\":\"https:\/\/elpuucnoticias.com\/#personlogo\",\"inLanguage\":\"es\",\"url\":\"https:\/\/secure.gravatar.com\/avatar\/5290a43657c74ffa15701dbe5b846bd85cc71930d803c84e91046a7333de6ce2?s=96&d=mm&r=g\",\"contentUrl\":\"https:\/\/secure.gravatar.com\/avatar\/5290a43657c74ffa15701dbe5b846bd85cc71930d803c84e91046a7333de6ce2?s=96&d=mm&r=g\",\"caption\":\"elpuucnoticias\"},\"sameAs\":[\"https:\/\/elpuucnoticias.com\"],\"url\":\"https:\/\/elpuucnoticias.com\/?author=1\"}]}<\/script>\n<!-- \/ Yoast SEO plugin. -->","yoast_head_json":{"title":"La direcci\u00f3n de Protecci\u00f3n Civil de Oxkutzcab ya cuenta con nuevo veh\u00edculo para sus labores en la actual temporada de ciclones - El Puuc Noticias","robots":{"index":"index","follow":"follow","max-snippet":"max-snippet:-1","max-image-preview":"max-image-preview:large","max-video-preview":"max-video-preview:-1"},"canonical":"https:\/\/elpuucnoticias.com\/?p=2602","og_locale":"es_ES","og_type":"article","og_title":"La direcci\u00f3n de Protecci\u00f3n Civil de Oxkutzcab ya cuenta con nuevo veh\u00edculo para sus labores en la actual temporada de ciclones - El Puuc Noticias","og_description":"El secretario municipal de Oxkutzcab, Alan Emmanuel Torres Vera, entreg\u00f3 este d\u00eda una camioneta a la direcci\u00f3n de","og_url":"https:\/\/elpuucnoticias.com\/?p=2602","og_site_name":"El Puuc Noticias","article_published_time":"2022-07-11T18:38:24+00:00","og_image":[{"url":"https:\/\/elpuucnoticias.com\/wp-content\/uploads\/2022\/07\/patrulla04-1024x819.jpeg"}],"twitter_card":"summary_large_image","twitter_misc":{"Escrito por":"elpuucnoticias","Tiempo de lectura":"1 minuto"},"schema":{"@context":"https:\/\/schema.org","@graph":[{"@type":"WebSite","@id":"https:\/\/elpuucnoticias.com\/#website","url":"https:\/\/elpuucnoticias.com\/","name":"El Puuc Noticias","description":"Noticias - Entretenimiento - Deportes","potentialAction":[{"@type":"SearchAction","target":{"@type":"EntryPoint","urlTemplate":"https:\/\/elpuucnoticias.com\/?s={search_term_string}"},"query-input":"required name=search_term_string"}],"inLanguage":"es"},{"@type":"ImageObject","@id":"https:\/\/elpuucnoticias.com\/?p=2602#primaryimage","inLanguage":"es","url":"https:\/\/elpuucnoticias.com\/wp-content\/uploads\/2022\/07\/patrunn.jpeg","contentUrl":"https:\/\/elpuucnoticias.com\/wp-content\/uploads\/2022\/07\/patrunn.jpeg","width":1067,"height":853},{"@type":"WebPage","@id":"https:\/\/elpuucnoticias.com\/?p=2602#webpage","url":"https:\/\/elpuucnoticias.com\/?p=2602","name":"La direcci\u00f3n de Protecci\u00f3n Civil de Oxkutzcab ya cuenta con nuevo veh\u00edculo para sus labores en la actual temporada de ciclones - El Puuc Noticias","isPartOf":{"@id":"https:\/\/elpuucnoticias.com\/#website"},"primaryImageOfPage":{"@id":"https:\/\/elpuucnoticias.com\/?p=2602#primaryimage"},"datePublished":"2022-07-11T18:38:24+00:00","dateModified":"2022-07-11T18:38:24+00:00","author":{"@id":"https:\/\/elpuucnoticias.com\/#\/schema\/person\/d2ea09e4c97f0160b11cdfb1d856bd9e"},"breadcrumb":{"@id":"https:\/\/elpuucnoticias.com\/?p=2602#breadcrumb"},"inLanguage":"es","potentialAction":[{"@type":"ReadAction","target":["https:\/\/elpuucnoticias.com\/?p=2602"]}]},{"@type":"BreadcrumbList","@id":"https:\/\/elpuucnoticias.com\/?p=2602#breadcrumb","itemListElement":[{"@type":"ListItem","position":1,"name":"Portada","item":"https:\/\/elpuucnoticias.com\/"},{"@type":"ListItem","position":2,"name":"La direcci\u00f3n de Protecci\u00f3n Civil de Oxkutzcab ya cuenta con nuevo veh\u00edculo para sus labores en la actual temporada de ciclones"}]},{"@type":"Person","@id":"https:\/\/elpuucnoticias.com\/#\/schema\/person\/d2ea09e4c97f0160b11cdfb1d856bd9e","name":"elpuucnoticias","image":{"@type":"ImageObject","@id":"https:\/\/elpuucnoticias.com\/#personlogo","inLanguage":"es","url":"https:\/\/secure.gravatar.com\/avatar\/5290a43657c74ffa15701dbe5b846bd85cc71930d803c84e91046a7333de6ce2?s=96&d=mm&r=g","contentUrl":"https:\/\/secure.gravatar.com\/avatar\/5290a43657c74ffa15701dbe5b846bd85cc71930d803c84e91046a7333de6ce2?s=96&d=mm&r=g","caption":"elpuucnoticias"},"sameAs":["https:\/\/elpuucnoticias.com"],"url":"https:\/\/elpuucnoticias.com\/?author=1"}]}},"_links":{"self":[{"href":"https:\/\/elpuucnoticias.com\/index.php?rest_route=\/wp\/v2\/posts\/2602","targetHints":{"allow":["GET"]}}],"collection":[{"href":"https:\/\/elpuucnoticias.com\/index.php?rest_route=\/wp\/v2\/posts"}],"about":[{"href":"https:\/\/elpuucnoticias.com\/index.php?rest_route=\/wp\/v2\/types\/post"}],"author":[{"embeddable":true,"href":"https:\/\/elpuucnoticias.com\/index.php?rest_route=\/wp\/v2\/users\/1"}],"replies":[{"embeddable":true,"href":"https:\/\/elpuucnoticias.com\/index.php?rest_route=%2Fwp%2Fv2%2Fcomments&post=2602"}],"version-history":[{"count":1,"href":"https:\/\/elpuucnoticias.com\/index.php?rest_route=\/wp\/v2\/posts\/2602\/revisions"}],"predecessor-version":[{"id":2606,"href":"https:\/\/elpuucnoticias.com\/index.php?rest_route=\/wp\/v2\/posts\/2602\/revisions\/2606"}],"wp:featuredmedia":[{"embeddable":true,"href":"https:\/\/elpuucnoticias.com\/index.php?rest_route=\/wp\/v2\/media\/2603"}],"wp:attachment":[{"href":"https:\/\/elpuucnoticias.com\/index.php?rest_route=%2Fwp%2Fv2%2Fmedia&parent=2602"}],"wp:term":[{"taxonomy":"category","embeddable":true,"href":"https:\/\/elpuucnoticias.com\/index.php?rest_route=%2Fwp%2Fv2%2Fcategories&post=2602"},{"taxonomy":"post_tag","embeddable":true,"href":"https:\/\/elpuucnoticias.com\/index.php?rest_route=%2Fwp%2Fv2%2Ftags&post=2602"}],"curies":[{"name":"wp","href":"https:\/\/api.w.org\/{rel}","templated":true}]}}