{"id":2658,"date":"2022-07-13T14:06:42","date_gmt":"2022-07-13T20:06:42","guid":{"rendered":"https:\/\/elpuucnoticias.com\/?p=2658"},"modified":"2022-07-13T14:06:43","modified_gmt":"2022-07-13T20:06:43","slug":"vinculan-a-proceso-a-dos-sujetos-de-chacsinkin-detenidos-por-el-delito-de-homicidio-calificado-en-grado-de-tentativa","status":"publish","type":"post","link":"https:\/\/elpuucnoticias.com\/?p=2658","title":{"rendered":"Vinculan a proceso a dos sujetos de Chacsink\u00edn detenidos por el delito de homicidio calificado en grado de tentativa"},"content":{"rendered":"\n<p>Acusados de atacar a tres personas en Chacsink\u00edn, J.M.C.N. y J.J.C.N. fueron vinculados a proceso por el delito de homicidio calificado en grado de tentativa, por los hechos ocurridos la semana pasada en calles de la citada localidad, por lo que permanecer\u00e1n bajo la medida cautelar de prisi\u00f3n oficiosa por todo el tiempo que dure el proceso.<\/p>\n\n\n\n<p>En la audiencia celebrada en el Centro de Justicia Oral de Tekax, los fiscales de litigaci\u00f3n expusieron los datos de prueba de la carpeta de investigaci\u00f3n de la causa penal 44\/2022, mismos que fueron analizados por el Juez de Control, quien los consider\u00f3 suficientes para decretar el auto de vinculaci\u00f3n a proceso por el delito imputado, otorgando adem\u00e1s un plazo de tres meses para el cierre de la investigaci\u00f3n complementaria.<\/p>\n\n\n\n<figure class=\"wp-block-image size-full is-resized\"><img loading=\"lazy\" decoding=\"async\" src=\"https:\/\/elpuucnoticias.com\/wp-content\/uploads\/2022\/07\/BANNER-JULIO-22.jpg\" alt=\"\" class=\"wp-image-2515\" width=\"680\" height=\"232\" srcset=\"https:\/\/elpuucnoticias.com\/wp-content\/uploads\/2022\/07\/BANNER-JULIO-22.jpg 1024w, https:\/\/elpuucnoticias.com\/wp-content\/uploads\/2022\/07\/BANNER-JULIO-22-300x103.jpg 300w, https:\/\/elpuucnoticias.com\/wp-content\/uploads\/2022\/07\/BANNER-JULIO-22-768x263.jpg 768w\" sizes=\"auto, (max-width: 680px) 100vw, 680px\" \/><\/figure>\n\n\n\n<p>Cabe recordar que durante la audiencia inicial, esta representaci\u00f3n social estableci\u00f3 que los hechos ocurrieron el pasado tres de julio, en la intersecci\u00f3n de la calle 20 con 21 de la colonia Centro en Chacsink\u00edn, donde se encontraban los tres denunciantes cuando llegaron los imputados&nbsp; y haciendo uso de unas navajas agredieron a las v\u00edctimas, quienes caminaron hac\u00eda el Palacio Municipal donde pidieron ayuda, por lo que los acusados no lograron su objetivo por causas ajenas a ellos.<\/p>\n\n\n\n<p>Finalmente, se revis\u00f3 la medida cautelar de prisi\u00f3n preventiva oficiosa, la cual se mantuvo vigente por todo el tiempo que dure el proceso, por lo que ambos imputados continuar\u00e1n privados de su libertad hasta esclarecer su participaci\u00f3n en los hechos sangrientos denunciados.<\/p>\n","protected":false},"excerpt":{"rendered":"<p>Acusados de atacar a tres personas en Chacsink\u00edn, J.M.C.N. y J.J.C.N. fueron vinculados a proceso por el delito<\/p>\n","protected":false},"author":1,"featured_media":2580,"comment_status":"closed","ping_status":"open","sticky":false,"template":"","format":"standard","meta":{"_monsterinsights_skip_tracking":false,"_monsterinsights_sitenote_active":false,"_monsterinsights_sitenote_note":"","_monsterinsights_sitenote_category":0,"footnotes":""},"categories":[11],"tags":[],"class_list":["post-2658","post","type-post","status-publish","format-standard","has-post-thumbnail","hentry","category-noticias"],"yoast_head":"<!-- This site is optimized with the Yoast SEO plugin v18.3 - https:\/\/yoast.com\/wordpress\/plugins\/seo\/ -->\n<title>Vinculan a proceso a dos sujetos de Chacsink\u00edn detenidos por el delito de homicidio calificado en grado de tentativa - El Puuc Noticias<\/title>\n<meta name=\"robots\" content=\"index, follow, max-snippet:-1, max-image-preview:large, max-video-preview:-1\" \/>\n<link rel=\"canonical\" href=\"https:\/\/elpuucnoticias.com\/?p=2658\" \/>\n<meta property=\"og:locale\" content=\"es_ES\" \/>\n<meta property=\"og:type\" content=\"article\" \/>\n<meta property=\"og:title\" content=\"Vinculan a proceso a dos sujetos de Chacsink\u00edn detenidos por el delito de homicidio calificado en grado de tentativa - El Puuc Noticias\" \/>\n<meta property=\"og:description\" content=\"Acusados de atacar a tres personas en Chacsink\u00edn, J.M.C.N. y J.J.C.N. fueron vinculados a proceso por el delito\" \/>\n<meta property=\"og:url\" content=\"https:\/\/elpuucnoticias.com\/?p=2658\" \/>\n<meta property=\"og:site_name\" content=\"El Puuc Noticias\" \/>\n<meta property=\"article:published_time\" content=\"2022-07-13T20:06:42+00:00\" \/>\n<meta property=\"article:modified_time\" content=\"2022-07-13T20:06:43+00:00\" \/>\n<meta property=\"og:image\" content=\"https:\/\/elpuucnoticias.com\/wp-content\/uploads\/2022\/07\/otros-detenidos.jpg\" \/>\n\t<meta property=\"og:image:width\" content=\"2500\" \/>\n\t<meta property=\"og:image:height\" content=\"1696\" \/>\n\t<meta property=\"og:image:type\" content=\"image\/jpeg\" \/>\n<meta name=\"twitter:card\" content=\"summary_large_image\" \/>\n<meta name=\"twitter:label1\" content=\"Escrito por\" \/>\n\t<meta name=\"twitter:data1\" content=\"elpuucnoticias\" \/>\n\t<meta name=\"twitter:label2\" content=\"Tiempo de lectura\" \/>\n\t<meta name=\"twitter:data2\" content=\"2 minutos\" \/>\n<script type=\"application\/ld+json\" class=\"yoast-schema-graph\">{\"@context\":\"https:\/\/schema.org\",\"@graph\":[{\"@type\":\"WebSite\",\"@id\":\"https:\/\/elpuucnoticias.com\/#website\",\"url\":\"https:\/\/elpuucnoticias.com\/\",\"name\":\"El Puuc Noticias\",\"description\":\"Noticias - Entretenimiento - Deportes\",\"potentialAction\":[{\"@type\":\"SearchAction\",\"target\":{\"@type\":\"EntryPoint\",\"urlTemplate\":\"https:\/\/elpuucnoticias.com\/?s={search_term_string}\"},\"query-input\":\"required name=search_term_string\"}],\"inLanguage\":\"es\"},{\"@type\":\"ImageObject\",\"@id\":\"https:\/\/elpuucnoticias.com\/?p=2658#primaryimage\",\"inLanguage\":\"es\",\"url\":\"https:\/\/elpuucnoticias.com\/wp-content\/uploads\/2022\/07\/otros-detenidos.jpg\",\"contentUrl\":\"https:\/\/elpuucnoticias.com\/wp-content\/uploads\/2022\/07\/otros-detenidos.jpg\",\"width\":2500,\"height\":1696},{\"@type\":\"WebPage\",\"@id\":\"https:\/\/elpuucnoticias.com\/?p=2658#webpage\",\"url\":\"https:\/\/elpuucnoticias.com\/?p=2658\",\"name\":\"Vinculan a proceso a dos sujetos de Chacsink\u00edn detenidos por el delito de homicidio calificado en grado de tentativa - El Puuc Noticias\",\"isPartOf\":{\"@id\":\"https:\/\/elpuucnoticias.com\/#website\"},\"primaryImageOfPage\":{\"@id\":\"https:\/\/elpuucnoticias.com\/?p=2658#primaryimage\"},\"datePublished\":\"2022-07-13T20:06:42+00:00\",\"dateModified\":\"2022-07-13T20:06:43+00:00\",\"author\":{\"@id\":\"https:\/\/elpuucnoticias.com\/#\/schema\/person\/d2ea09e4c97f0160b11cdfb1d856bd9e\"},\"breadcrumb\":{\"@id\":\"https:\/\/elpuucnoticias.com\/?p=2658#breadcrumb\"},\"inLanguage\":\"es\",\"potentialAction\":[{\"@type\":\"ReadAction\",\"target\":[\"https:\/\/elpuucnoticias.com\/?p=2658\"]}]},{\"@type\":\"BreadcrumbList\",\"@id\":\"https:\/\/elpuucnoticias.com\/?p=2658#breadcrumb\",\"itemListElement\":[{\"@type\":\"ListItem\",\"position\":1,\"name\":\"Portada\",\"item\":\"https:\/\/elpuucnoticias.com\/\"},{\"@type\":\"ListItem\",\"position\":2,\"name\":\"Vinculan a proceso a dos sujetos de Chacsink\u00edn detenidos por el delito de homicidio calificado en grado de tentativa\"}]},{\"@type\":\"Person\",\"@id\":\"https:\/\/elpuucnoticias.com\/#\/schema\/person\/d2ea09e4c97f0160b11cdfb1d856bd9e\",\"name\":\"elpuucnoticias\",\"image\":{\"@type\":\"ImageObject\",\"@id\":\"https:\/\/elpuucnoticias.com\/#personlogo\",\"inLanguage\":\"es\",\"url\":\"https:\/\/secure.gravatar.com\/avatar\/5290a43657c74ffa15701dbe5b846bd85cc71930d803c84e91046a7333de6ce2?s=96&d=mm&r=g\",\"contentUrl\":\"https:\/\/secure.gravatar.com\/avatar\/5290a43657c74ffa15701dbe5b846bd85cc71930d803c84e91046a7333de6ce2?s=96&d=mm&r=g\",\"caption\":\"elpuucnoticias\"},\"sameAs\":[\"https:\/\/elpuucnoticias.com\"],\"url\":\"https:\/\/elpuucnoticias.com\/?author=1\"}]}<\/script>\n<!-- \/ Yoast SEO plugin. -->","yoast_head_json":{"title":"Vinculan a proceso a dos sujetos de Chacsink\u00edn detenidos por el delito de homicidio calificado en grado de tentativa - El Puuc Noticias","robots":{"index":"index","follow":"follow","max-snippet":"max-snippet:-1","max-image-preview":"max-image-preview:large","max-video-preview":"max-video-preview:-1"},"canonical":"https:\/\/elpuucnoticias.com\/?p=2658","og_locale":"es_ES","og_type":"article","og_title":"Vinculan a proceso a dos sujetos de Chacsink\u00edn detenidos por el delito de homicidio calificado en grado de tentativa - El Puuc Noticias","og_description":"Acusados de atacar a tres personas en Chacsink\u00edn, J.M.C.N. y J.J.C.N. fueron vinculados a proceso por el delito","og_url":"https:\/\/elpuucnoticias.com\/?p=2658","og_site_name":"El Puuc Noticias","article_published_time":"2022-07-13T20:06:42+00:00","article_modified_time":"2022-07-13T20:06:43+00:00","og_image":[{"width":2500,"height":1696,"url":"https:\/\/elpuucnoticias.com\/wp-content\/uploads\/2022\/07\/otros-detenidos.jpg","type":"image\/jpeg"}],"twitter_card":"summary_large_image","twitter_misc":{"Escrito por":"elpuucnoticias","Tiempo de lectura":"2 minutos"},"schema":{"@context":"https:\/\/schema.org","@graph":[{"@type":"WebSite","@id":"https:\/\/elpuucnoticias.com\/#website","url":"https:\/\/elpuucnoticias.com\/","name":"El Puuc Noticias","description":"Noticias - Entretenimiento - Deportes","potentialAction":[{"@type":"SearchAction","target":{"@type":"EntryPoint","urlTemplate":"https:\/\/elpuucnoticias.com\/?s={search_term_string}"},"query-input":"required name=search_term_string"}],"inLanguage":"es"},{"@type":"ImageObject","@id":"https:\/\/elpuucnoticias.com\/?p=2658#primaryimage","inLanguage":"es","url":"https:\/\/elpuucnoticias.com\/wp-content\/uploads\/2022\/07\/otros-detenidos.jpg","contentUrl":"https:\/\/elpuucnoticias.com\/wp-content\/uploads\/2022\/07\/otros-detenidos.jpg","width":2500,"height":1696},{"@type":"WebPage","@id":"https:\/\/elpuucnoticias.com\/?p=2658#webpage","url":"https:\/\/elpuucnoticias.com\/?p=2658","name":"Vinculan a proceso a dos sujetos de Chacsink\u00edn detenidos por el delito de homicidio calificado en grado de tentativa - El Puuc Noticias","isPartOf":{"@id":"https:\/\/elpuucnoticias.com\/#website"},"primaryImageOfPage":{"@id":"https:\/\/elpuucnoticias.com\/?p=2658#primaryimage"},"datePublished":"2022-07-13T20:06:42+00:00","dateModified":"2022-07-13T20:06:43+00:00","author":{"@id":"https:\/\/elpuucnoticias.com\/#\/schema\/person\/d2ea09e4c97f0160b11cdfb1d856bd9e"},"breadcrumb":{"@id":"https:\/\/elpuucnoticias.com\/?p=2658#breadcrumb"},"inLanguage":"es","potentialAction":[{"@type":"ReadAction","target":["https:\/\/elpuucnoticias.com\/?p=2658"]}]},{"@type":"BreadcrumbList","@id":"https:\/\/elpuucnoticias.com\/?p=2658#breadcrumb","itemListElement":[{"@type":"ListItem","position":1,"name":"Portada","item":"https:\/\/elpuucnoticias.com\/"},{"@type":"ListItem","position":2,"name":"Vinculan a proceso a dos sujetos de Chacsink\u00edn detenidos por el delito de homicidio calificado en grado de tentativa"}]},{"@type":"Person","@id":"https:\/\/elpuucnoticias.com\/#\/schema\/person\/d2ea09e4c97f0160b11cdfb1d856bd9e","name":"elpuucnoticias","image":{"@type":"ImageObject","@id":"https:\/\/elpuucnoticias.com\/#personlogo","inLanguage":"es","url":"https:\/\/secure.gravatar.com\/avatar\/5290a43657c74ffa15701dbe5b846bd85cc71930d803c84e91046a7333de6ce2?s=96&d=mm&r=g","contentUrl":"https:\/\/secure.gravatar.com\/avatar\/5290a43657c74ffa15701dbe5b846bd85cc71930d803c84e91046a7333de6ce2?s=96&d=mm&r=g","caption":"elpuucnoticias"},"sameAs":["https:\/\/elpuucnoticias.com"],"url":"https:\/\/elpuucnoticias.com\/?author=1"}]}},"_links":{"self":[{"href":"https:\/\/elpuucnoticias.com\/index.php?rest_route=\/wp\/v2\/posts\/2658","targetHints":{"allow":["GET"]}}],"collection":[{"href":"https:\/\/elpuucnoticias.com\/index.php?rest_route=\/wp\/v2\/posts"}],"about":[{"href":"https:\/\/elpuucnoticias.com\/index.php?rest_route=\/wp\/v2\/types\/post"}],"author":[{"embeddable":true,"href":"https:\/\/elpuucnoticias.com\/index.php?rest_route=\/wp\/v2\/users\/1"}],"replies":[{"embeddable":true,"href":"https:\/\/elpuucnoticias.com\/index.php?rest_route=%2Fwp%2Fv2%2Fcomments&post=2658"}],"version-history":[{"count":1,"href":"https:\/\/elpuucnoticias.com\/index.php?rest_route=\/wp\/v2\/posts\/2658\/revisions"}],"predecessor-version":[{"id":2659,"href":"https:\/\/elpuucnoticias.com\/index.php?rest_route=\/wp\/v2\/posts\/2658\/revisions\/2659"}],"wp:featuredmedia":[{"embeddable":true,"href":"https:\/\/elpuucnoticias.com\/index.php?rest_route=\/wp\/v2\/media\/2580"}],"wp:attachment":[{"href":"https:\/\/elpuucnoticias.com\/index.php?rest_route=%2Fwp%2Fv2%2Fmedia&parent=2658"}],"wp:term":[{"taxonomy":"category","embeddable":true,"href":"https:\/\/elpuucnoticias.com\/index.php?rest_route=%2Fwp%2Fv2%2Fcategories&post=2658"},{"taxonomy":"post_tag","embeddable":true,"href":"https:\/\/elpuucnoticias.com\/index.php?rest_route=%2Fwp%2Fv2%2Ftags&post=2658"}],"curies":[{"name":"wp","href":"https:\/\/api.w.org\/{rel}","templated":true}]}}