{"id":2673,"date":"2022-07-15T05:27:08","date_gmt":"2022-07-15T11:27:08","guid":{"rendered":"https:\/\/elpuucnoticias.com\/?p=2673"},"modified":"2022-07-15T05:27:10","modified_gmt":"2022-07-15T11:27:10","slug":"egresa-la-sexta-generacion-de-estudiantes-del-telebachillerato-comunitario-de-kinil-tekax","status":"publish","type":"post","link":"https:\/\/elpuucnoticias.com\/?p=2673","title":{"rendered":"Egresa la sexta generaci\u00f3n de estudiantes del Telebachillerato Comunitario de Kinil, Tekax"},"content":{"rendered":"\n<p>En d\u00edas pasados egres\u00f3 la sexta generaci\u00f3n de estudiantes del Telebachillerato Comunitario de la comisar\u00eda de Kinil, quienes estuvieron acompa\u00f1ados de autoridades municipales y educativas.<\/p>\n\n\n\n<p>En el convivio de egresados estuvo la directora de Desarrollo Rural del Ayuntamiento, Fabiola Su\u00e1rez V\u00e1rguez quien dijo estar honrada y feliz de acompa\u00f1ar a esta generaci\u00f3n de j\u00f3venes del TBCEY.<\/p>\n\n\n\n<figure class=\"wp-block-gallery has-nested-images columns-default is-cropped wp-block-gallery-1 is-layout-flex wp-block-gallery-is-layout-flex\">\n<figure class=\"wp-block-image size-large\"><img loading=\"lazy\" decoding=\"async\" width=\"720\" height=\"514\" data-id=\"2675\" src=\"https:\/\/elpuucnoticias.com\/wp-content\/uploads\/2022\/07\/WhatsApp-Image-2022-07-14-at-12.44.15-AM.jpeg\" alt=\"\" class=\"wp-image-2675\" srcset=\"https:\/\/elpuucnoticias.com\/wp-content\/uploads\/2022\/07\/WhatsApp-Image-2022-07-14-at-12.44.15-AM.jpeg 720w, https:\/\/elpuucnoticias.com\/wp-content\/uploads\/2022\/07\/WhatsApp-Image-2022-07-14-at-12.44.15-AM-300x214.jpeg 300w\" sizes=\"auto, (max-width: 720px) 100vw, 720px\" \/><\/figure>\n\n\n\n<figure class=\"wp-block-image size-large\"><img loading=\"lazy\" decoding=\"async\" width=\"720\" height=\"514\" data-id=\"2676\" src=\"https:\/\/elpuucnoticias.com\/wp-content\/uploads\/2022\/07\/WhatsApp-Image-2022-07-14-at-12.45.47-AM.jpeg\" alt=\"\" class=\"wp-image-2676\" srcset=\"https:\/\/elpuucnoticias.com\/wp-content\/uploads\/2022\/07\/WhatsApp-Image-2022-07-14-at-12.45.47-AM.jpeg 720w, https:\/\/elpuucnoticias.com\/wp-content\/uploads\/2022\/07\/WhatsApp-Image-2022-07-14-at-12.45.47-AM-300x214.jpeg 300w\" sizes=\"auto, (max-width: 720px) 100vw, 720px\" \/><\/figure>\n<\/figure>\n\n\n\n<p>Seg\u00fan se inform\u00f3 fueron 21 estudiantes que recibieron sus reconocimientos y certificados de bachillerato.<\/p>\n\n\n\n<p>Las autoridades felicitaron a los alumnos del cuarto y sexto semestre que realizaron un festival para sus compa\u00f1eros.<\/p>\n\n\n\n<figure class=\"wp-block-image size-full is-resized\"><img loading=\"lazy\" decoding=\"async\" src=\"https:\/\/elpuucnoticias.com\/wp-content\/uploads\/2022\/07\/BANNER-JULIO-22.jpg\" alt=\"\" class=\"wp-image-2515\" width=\"679\" height=\"232\" srcset=\"https:\/\/elpuucnoticias.com\/wp-content\/uploads\/2022\/07\/BANNER-JULIO-22.jpg 1024w, https:\/\/elpuucnoticias.com\/wp-content\/uploads\/2022\/07\/BANNER-JULIO-22-300x103.jpg 300w, https:\/\/elpuucnoticias.com\/wp-content\/uploads\/2022\/07\/BANNER-JULIO-22-768x263.jpg 768w\" sizes=\"auto, (max-width: 679px) 100vw, 679px\" \/><\/figure>\n\n\n\n<p>La directora de Desarrollo Rural agradeci\u00f3 la invitaci\u00f3n de la responsable del plantel, Genni Couoh Chan, y a Ra\u00fal V\u00e1rguez, Coordinador Estatal de los TBCEY. Tambi\u00e9n estuvo como madrina de la generaci\u00f3n Yesenia Polanco Ross.<\/p>\n\n\n\n<figure class=\"wp-block-image size-full\"><img loading=\"lazy\" decoding=\"async\" width=\"720\" height=\"514\" src=\"https:\/\/elpuucnoticias.com\/wp-content\/uploads\/2022\/07\/WhatsApp-Image-2022-07-14-at-12.43.08-AM.jpeg\" alt=\"\" class=\"wp-image-2677\" srcset=\"https:\/\/elpuucnoticias.com\/wp-content\/uploads\/2022\/07\/WhatsApp-Image-2022-07-14-at-12.43.08-AM.jpeg 720w, https:\/\/elpuucnoticias.com\/wp-content\/uploads\/2022\/07\/WhatsApp-Image-2022-07-14-at-12.43.08-AM-300x214.jpeg 300w\" sizes=\"auto, (max-width: 720px) 100vw, 720px\" \/><\/figure>\n\n\n\n<p>\u00abFelicito a todo el personal docente, estudiantes y padres de familia que estuvieron apoyando la formaci\u00f3n y el futuro de los j\u00f3venes que concluyeron una etapa m\u00e1s en su formaci\u00f3n. Seguiremos trabajando juntos para que las ni\u00f1as, ni\u00f1os y j\u00f3venes de Tekax tengan a su alcance todas las herramientas para superarse y salgan adelante\u00bb, puntualiz\u00f3.\u2014 <em>El Puuc Noticias<\/em><\/p>\n","protected":false},"excerpt":{"rendered":"<p>En d\u00edas pasados egres\u00f3 la sexta generaci\u00f3n de estudiantes del Telebachillerato Comunitario de la comisar\u00eda de Kinil, quienes<\/p>\n","protected":false},"author":1,"featured_media":2674,"comment_status":"closed","ping_status":"open","sticky":false,"template":"","format":"standard","meta":{"_monsterinsights_skip_tracking":false,"_monsterinsights_sitenote_active":false,"_monsterinsights_sitenote_note":"","_monsterinsights_sitenote_category":0,"footnotes":""},"categories":[11,4],"tags":[],"class_list":["post-2673","post","type-post","status-publish","format-standard","has-post-thumbnail","hentry","category-noticias","category-tekax"],"yoast_head":"<!-- This site is optimized with the Yoast SEO plugin v18.3 - https:\/\/yoast.com\/wordpress\/plugins\/seo\/ -->\n<title>Egresa la sexta generaci\u00f3n de estudiantes del Telebachillerato Comunitario de Kinil, Tekax - El Puuc Noticias<\/title>\n<meta name=\"robots\" content=\"index, follow, max-snippet:-1, max-image-preview:large, max-video-preview:-1\" \/>\n<link rel=\"canonical\" href=\"https:\/\/elpuucnoticias.com\/?p=2673\" \/>\n<meta property=\"og:locale\" content=\"es_ES\" \/>\n<meta property=\"og:type\" content=\"article\" \/>\n<meta property=\"og:title\" content=\"Egresa la sexta generaci\u00f3n de estudiantes del Telebachillerato Comunitario de Kinil, Tekax - El Puuc Noticias\" \/>\n<meta property=\"og:description\" content=\"En d\u00edas pasados egres\u00f3 la sexta generaci\u00f3n de estudiantes del Telebachillerato Comunitario de la comisar\u00eda de Kinil, quienes\" \/>\n<meta property=\"og:url\" content=\"https:\/\/elpuucnoticias.com\/?p=2673\" \/>\n<meta property=\"og:site_name\" content=\"El Puuc Noticias\" \/>\n<meta property=\"article:published_time\" content=\"2022-07-15T11:27:08+00:00\" \/>\n<meta property=\"article:modified_time\" content=\"2022-07-15T11:27:10+00:00\" \/>\n<meta property=\"og:image\" content=\"https:\/\/elpuucnoticias.com\/wp-content\/uploads\/2022\/07\/WhatsApp-Image-2022-07-14-at-12.42.38-AM.jpeg\" \/>\n\t<meta property=\"og:image:width\" content=\"720\" \/>\n\t<meta property=\"og:image:height\" content=\"515\" \/>\n\t<meta property=\"og:image:type\" content=\"image\/jpeg\" \/>\n<meta name=\"twitter:card\" content=\"summary_large_image\" \/>\n<meta name=\"twitter:label1\" content=\"Escrito por\" \/>\n\t<meta name=\"twitter:data1\" content=\"elpuucnoticias\" \/>\n\t<meta name=\"twitter:label2\" content=\"Tiempo de lectura\" \/>\n\t<meta name=\"twitter:data2\" content=\"2 minutos\" \/>\n<script type=\"application\/ld+json\" class=\"yoast-schema-graph\">{\"@context\":\"https:\/\/schema.org\",\"@graph\":[{\"@type\":\"WebSite\",\"@id\":\"https:\/\/elpuucnoticias.com\/#website\",\"url\":\"https:\/\/elpuucnoticias.com\/\",\"name\":\"El Puuc Noticias\",\"description\":\"Noticias - Entretenimiento - Deportes\",\"potentialAction\":[{\"@type\":\"SearchAction\",\"target\":{\"@type\":\"EntryPoint\",\"urlTemplate\":\"https:\/\/elpuucnoticias.com\/?s={search_term_string}\"},\"query-input\":\"required name=search_term_string\"}],\"inLanguage\":\"es\"},{\"@type\":\"ImageObject\",\"@id\":\"https:\/\/elpuucnoticias.com\/?p=2673#primaryimage\",\"inLanguage\":\"es\",\"url\":\"https:\/\/elpuucnoticias.com\/wp-content\/uploads\/2022\/07\/WhatsApp-Image-2022-07-14-at-12.42.38-AM.jpeg\",\"contentUrl\":\"https:\/\/elpuucnoticias.com\/wp-content\/uploads\/2022\/07\/WhatsApp-Image-2022-07-14-at-12.42.38-AM.jpeg\",\"width\":720,\"height\":515},{\"@type\":\"WebPage\",\"@id\":\"https:\/\/elpuucnoticias.com\/?p=2673#webpage\",\"url\":\"https:\/\/elpuucnoticias.com\/?p=2673\",\"name\":\"Egresa la sexta generaci\u00f3n de estudiantes del Telebachillerato Comunitario de Kinil, Tekax - El Puuc Noticias\",\"isPartOf\":{\"@id\":\"https:\/\/elpuucnoticias.com\/#website\"},\"primaryImageOfPage\":{\"@id\":\"https:\/\/elpuucnoticias.com\/?p=2673#primaryimage\"},\"datePublished\":\"2022-07-15T11:27:08+00:00\",\"dateModified\":\"2022-07-15T11:27:10+00:00\",\"author\":{\"@id\":\"https:\/\/elpuucnoticias.com\/#\/schema\/person\/d2ea09e4c97f0160b11cdfb1d856bd9e\"},\"breadcrumb\":{\"@id\":\"https:\/\/elpuucnoticias.com\/?p=2673#breadcrumb\"},\"inLanguage\":\"es\",\"potentialAction\":[{\"@type\":\"ReadAction\",\"target\":[\"https:\/\/elpuucnoticias.com\/?p=2673\"]}]},{\"@type\":\"BreadcrumbList\",\"@id\":\"https:\/\/elpuucnoticias.com\/?p=2673#breadcrumb\",\"itemListElement\":[{\"@type\":\"ListItem\",\"position\":1,\"name\":\"Portada\",\"item\":\"https:\/\/elpuucnoticias.com\/\"},{\"@type\":\"ListItem\",\"position\":2,\"name\":\"Egresa la sexta generaci\u00f3n de estudiantes del Telebachillerato Comunitario de Kinil, Tekax\"}]},{\"@type\":\"Person\",\"@id\":\"https:\/\/elpuucnoticias.com\/#\/schema\/person\/d2ea09e4c97f0160b11cdfb1d856bd9e\",\"name\":\"elpuucnoticias\",\"image\":{\"@type\":\"ImageObject\",\"@id\":\"https:\/\/elpuucnoticias.com\/#personlogo\",\"inLanguage\":\"es\",\"url\":\"https:\/\/secure.gravatar.com\/avatar\/5290a43657c74ffa15701dbe5b846bd85cc71930d803c84e91046a7333de6ce2?s=96&d=mm&r=g\",\"contentUrl\":\"https:\/\/secure.gravatar.com\/avatar\/5290a43657c74ffa15701dbe5b846bd85cc71930d803c84e91046a7333de6ce2?s=96&d=mm&r=g\",\"caption\":\"elpuucnoticias\"},\"sameAs\":[\"https:\/\/elpuucnoticias.com\"],\"url\":\"https:\/\/elpuucnoticias.com\/?author=1\"}]}<\/script>\n<!-- \/ Yoast SEO plugin. -->","yoast_head_json":{"title":"Egresa la sexta generaci\u00f3n de estudiantes del Telebachillerato Comunitario de Kinil, Tekax - El Puuc Noticias","robots":{"index":"index","follow":"follow","max-snippet":"max-snippet:-1","max-image-preview":"max-image-preview:large","max-video-preview":"max-video-preview:-1"},"canonical":"https:\/\/elpuucnoticias.com\/?p=2673","og_locale":"es_ES","og_type":"article","og_title":"Egresa la sexta generaci\u00f3n de estudiantes del Telebachillerato Comunitario de Kinil, Tekax - El Puuc Noticias","og_description":"En d\u00edas pasados egres\u00f3 la sexta generaci\u00f3n de estudiantes del Telebachillerato Comunitario de la comisar\u00eda de Kinil, quienes","og_url":"https:\/\/elpuucnoticias.com\/?p=2673","og_site_name":"El Puuc Noticias","article_published_time":"2022-07-15T11:27:08+00:00","article_modified_time":"2022-07-15T11:27:10+00:00","og_image":[{"width":720,"height":515,"url":"https:\/\/elpuucnoticias.com\/wp-content\/uploads\/2022\/07\/WhatsApp-Image-2022-07-14-at-12.42.38-AM.jpeg","type":"image\/jpeg"}],"twitter_card":"summary_large_image","twitter_misc":{"Escrito por":"elpuucnoticias","Tiempo de lectura":"2 minutos"},"schema":{"@context":"https:\/\/schema.org","@graph":[{"@type":"WebSite","@id":"https:\/\/elpuucnoticias.com\/#website","url":"https:\/\/elpuucnoticias.com\/","name":"El Puuc Noticias","description":"Noticias - Entretenimiento - Deportes","potentialAction":[{"@type":"SearchAction","target":{"@type":"EntryPoint","urlTemplate":"https:\/\/elpuucnoticias.com\/?s={search_term_string}"},"query-input":"required name=search_term_string"}],"inLanguage":"es"},{"@type":"ImageObject","@id":"https:\/\/elpuucnoticias.com\/?p=2673#primaryimage","inLanguage":"es","url":"https:\/\/elpuucnoticias.com\/wp-content\/uploads\/2022\/07\/WhatsApp-Image-2022-07-14-at-12.42.38-AM.jpeg","contentUrl":"https:\/\/elpuucnoticias.com\/wp-content\/uploads\/2022\/07\/WhatsApp-Image-2022-07-14-at-12.42.38-AM.jpeg","width":720,"height":515},{"@type":"WebPage","@id":"https:\/\/elpuucnoticias.com\/?p=2673#webpage","url":"https:\/\/elpuucnoticias.com\/?p=2673","name":"Egresa la sexta generaci\u00f3n de estudiantes del Telebachillerato Comunitario de Kinil, Tekax - El Puuc Noticias","isPartOf":{"@id":"https:\/\/elpuucnoticias.com\/#website"},"primaryImageOfPage":{"@id":"https:\/\/elpuucnoticias.com\/?p=2673#primaryimage"},"datePublished":"2022-07-15T11:27:08+00:00","dateModified":"2022-07-15T11:27:10+00:00","author":{"@id":"https:\/\/elpuucnoticias.com\/#\/schema\/person\/d2ea09e4c97f0160b11cdfb1d856bd9e"},"breadcrumb":{"@id":"https:\/\/elpuucnoticias.com\/?p=2673#breadcrumb"},"inLanguage":"es","potentialAction":[{"@type":"ReadAction","target":["https:\/\/elpuucnoticias.com\/?p=2673"]}]},{"@type":"BreadcrumbList","@id":"https:\/\/elpuucnoticias.com\/?p=2673#breadcrumb","itemListElement":[{"@type":"ListItem","position":1,"name":"Portada","item":"https:\/\/elpuucnoticias.com\/"},{"@type":"ListItem","position":2,"name":"Egresa la sexta generaci\u00f3n de estudiantes del Telebachillerato Comunitario de Kinil, Tekax"}]},{"@type":"Person","@id":"https:\/\/elpuucnoticias.com\/#\/schema\/person\/d2ea09e4c97f0160b11cdfb1d856bd9e","name":"elpuucnoticias","image":{"@type":"ImageObject","@id":"https:\/\/elpuucnoticias.com\/#personlogo","inLanguage":"es","url":"https:\/\/secure.gravatar.com\/avatar\/5290a43657c74ffa15701dbe5b846bd85cc71930d803c84e91046a7333de6ce2?s=96&d=mm&r=g","contentUrl":"https:\/\/secure.gravatar.com\/avatar\/5290a43657c74ffa15701dbe5b846bd85cc71930d803c84e91046a7333de6ce2?s=96&d=mm&r=g","caption":"elpuucnoticias"},"sameAs":["https:\/\/elpuucnoticias.com"],"url":"https:\/\/elpuucnoticias.com\/?author=1"}]}},"_links":{"self":[{"href":"https:\/\/elpuucnoticias.com\/index.php?rest_route=\/wp\/v2\/posts\/2673","targetHints":{"allow":["GET"]}}],"collection":[{"href":"https:\/\/elpuucnoticias.com\/index.php?rest_route=\/wp\/v2\/posts"}],"about":[{"href":"https:\/\/elpuucnoticias.com\/index.php?rest_route=\/wp\/v2\/types\/post"}],"author":[{"embeddable":true,"href":"https:\/\/elpuucnoticias.com\/index.php?rest_route=\/wp\/v2\/users\/1"}],"replies":[{"embeddable":true,"href":"https:\/\/elpuucnoticias.com\/index.php?rest_route=%2Fwp%2Fv2%2Fcomments&post=2673"}],"version-history":[{"count":1,"href":"https:\/\/elpuucnoticias.com\/index.php?rest_route=\/wp\/v2\/posts\/2673\/revisions"}],"predecessor-version":[{"id":2678,"href":"https:\/\/elpuucnoticias.com\/index.php?rest_route=\/wp\/v2\/posts\/2673\/revisions\/2678"}],"wp:featuredmedia":[{"embeddable":true,"href":"https:\/\/elpuucnoticias.com\/index.php?rest_route=\/wp\/v2\/media\/2674"}],"wp:attachment":[{"href":"https:\/\/elpuucnoticias.com\/index.php?rest_route=%2Fwp%2Fv2%2Fmedia&parent=2673"}],"wp:term":[{"taxonomy":"category","embeddable":true,"href":"https:\/\/elpuucnoticias.com\/index.php?rest_route=%2Fwp%2Fv2%2Fcategories&post=2673"},{"taxonomy":"post_tag","embeddable":true,"href":"https:\/\/elpuucnoticias.com\/index.php?rest_route=%2Fwp%2Fv2%2Ftags&post=2673"}],"curies":[{"name":"wp","href":"https:\/\/api.w.org\/{rel}","templated":true}]}}