{"id":2699,"date":"2022-07-18T15:36:14","date_gmt":"2022-07-18T21:36:14","guid":{"rendered":"https:\/\/elpuucnoticias.com\/?p=2699"},"modified":"2022-07-18T15:36:15","modified_gmt":"2022-07-18T21:36:15","slug":"autoridades-de-salud-de-quintana-roo-confirman-primer-caso-de-viruela-simica-el-paciente-presenta-fiebre-lesion-en-la-piel-dolor-de-cabeza-y-muscular","status":"publish","type":"post","link":"https:\/\/elpuucnoticias.com\/?p=2699","title":{"rendered":"Autoridades de Salud de Quintana Roo confirman primer caso de viruela s\u00edmica. El paciente presenta fiebre, lesi\u00f3n en la piel, dolor de cabeza y muscular"},"content":{"rendered":"\n<p>Este 18 de julio, el Instituto de Diagn\u00f3stico y Referencia Epidemiol\u00f3gicos (InDRE) notific\u00f3 la confirmaci\u00f3n del primer caso de viruela s\u00edmica en Quintana Roo.<\/p>\n\n\n\n<p>Se trata de un paciente masculino mayor de edad quien solicit\u00f3 atenci\u00f3n m\u00e9dica en el estado el 11 de julio de 2022, despu\u00e9s de presentar los siguientes s\u00edntomas: lesi\u00f3n de piel (exantema), febr\u00edcula, dolor de cabeza (cefalea) y dolor muscular (mialgias).<\/p>\n\n\n\n<figure class=\"wp-block-image size-full is-resized\"><img loading=\"lazy\" decoding=\"async\" src=\"https:\/\/elpuucnoticias.com\/wp-content\/uploads\/2022\/07\/BANNER-JULIO-22.jpg\" alt=\"\" class=\"wp-image-2515\" width=\"653\" height=\"223\" srcset=\"https:\/\/elpuucnoticias.com\/wp-content\/uploads\/2022\/07\/BANNER-JULIO-22.jpg 1024w, https:\/\/elpuucnoticias.com\/wp-content\/uploads\/2022\/07\/BANNER-JULIO-22-300x103.jpg 300w, https:\/\/elpuucnoticias.com\/wp-content\/uploads\/2022\/07\/BANNER-JULIO-22-768x263.jpg 768w\" sizes=\"auto, (max-width: 653px) 100vw, 653px\" \/><\/figure>\n\n\n\n<p>De acuerdo con el protocolo de actuaci\u00f3n fue puesto en aislamiento y se le tomaron las muestras que fueron enviadas InDRE, de las cuales los resultados se recibieron hoy.<\/p>\n\n\n\n<p>Hasta el momento se encuentra estable y contin\u00faa en aislamiento.<\/p>\n\n\n\n<p>En Quintana Roo, los Servicios Estatales de Salud (SESA, a trav\u00e9s del \u00e1rea de Vigilancia Epidemiol\u00f3gica, han realizado jornadas de capacitaci\u00f3n para personal de salud de instituciones p\u00fablicas y privadas.<\/p>\n\n\n\n<p>El pasado 25 de mayo, bajo la organizaci\u00f3n de la Coordinaci\u00f3n General de Comunicaci\u00f3n del Gobierno de Quintana Roo, la secretaria de Salud, Alejandra Aguirre Crespo, ofreci\u00f3 en rueda de prensa toda la informaci\u00f3n relacionada con la puesta a disposici\u00f3n de los componentes t\u00e9cnicos para los profesionales de la salud de todo el sector.<\/p>\n\n\n\n<p>Vigilancia Epidemiol\u00f3gica de SESA puso tambi\u00e9n en manos de las instituciones de salud cursos y capacitaciones sobre la enfermedad, las v\u00edas de transmisi\u00f3n, los s\u00edntomas cl\u00ednicos y las estrategias de prevenci\u00f3n y control.<\/p>\n\n\n\n<p>Los SESA instalaron una red negativa de informaci\u00f3n, la cual es un sistema en el que las unidades m\u00e9dicas de todo el sector salud informan todos los d\u00edas la ausencia o presencia de casos para identificar de manera pronta y oportuna a personas que pudiesen haberse contagiado.<\/p>\n\n\n\n<p>La viruela s\u00edmica suele ser una enfermedad autolimitada, con s\u00edntomas que duran de 2 a 4 semanas. Los signos cl\u00ednicos suelen ser fiebre, erupci\u00f3n cut\u00e1nea e inflamaci\u00f3n de los ganglios linf\u00e1ticos.<\/p>\n\n\n\n<p>Es una enfermedad que se transmite de una persona a otra por contacto estrecho con lesiones, l\u00edquidos corporales, got\u00edculas respiratorias y materiales contaminados como la ropa de cama.<\/p>\n\n\n\n<p>Se recomienda a la poblaci\u00f3n mantener las medidas de prevenci\u00f3n, entre ellas el uso de cubrebocas, el distanciamiento social, limpieza y desinfecci\u00f3n de espacios, lavado de manos, cubrirse la boca con \u00e1ngulo interno del codo al toser o estornudar, as\u00ed como el aislamiento social en caso de presentar s\u00edntomas como fiebre, malestar corporal y erupciones cut\u00e1neas en diversas partes del cuerpo.<\/p>\n\n\n\n<p>No automedicarse y acudir al m\u00e9dico de su proveedor de servicios de salud en instituciones p\u00fablicas o privadas en caso de presentar s\u00edntomas.<\/p>\n\n\n\n<p>De acuerdo con la Organizaci\u00f3n Mundial de la Salud (OMS), el cuadro cl\u00ednico de la viruela s\u00edmica se asemeja al de la viruela, la cual es una infecci\u00f3n que se declar\u00f3 erradicada en todo el mundo en 1980. Sin embargo, la viruela s\u00edmica es menos contagiosa que la viruela y causa una enfermedad menos grave. No obstante, se recomienda mantener las medidas de prevenci\u00f3n ya que podr\u00eda provocar complicaciones m\u00e9dicas en pacientes con sistemas inmunes comprometidos.<\/p>\n","protected":false},"excerpt":{"rendered":"<p>Este 18 de julio, el Instituto de Diagn\u00f3stico y Referencia Epidemiol\u00f3gicos (InDRE) notific\u00f3 la confirmaci\u00f3n del primer caso<\/p>\n","protected":false},"author":1,"featured_media":1703,"comment_status":"closed","ping_status":"open","sticky":false,"template":"","format":"standard","meta":{"_monsterinsights_skip_tracking":false,"_monsterinsights_sitenote_active":false,"_monsterinsights_sitenote_note":"","_monsterinsights_sitenote_category":0,"footnotes":""},"categories":[11],"tags":[],"class_list":["post-2699","post","type-post","status-publish","format-standard","has-post-thumbnail","hentry","category-noticias"],"yoast_head":"<!-- This site is optimized with the Yoast SEO plugin v18.3 - https:\/\/yoast.com\/wordpress\/plugins\/seo\/ -->\n<title>Autoridades de Salud de Quintana Roo confirman primer caso de viruela s\u00edmica. El paciente presenta fiebre, lesi\u00f3n en la piel, dolor de cabeza y muscular - El Puuc Noticias<\/title>\n<meta name=\"robots\" content=\"index, follow, max-snippet:-1, max-image-preview:large, max-video-preview:-1\" \/>\n<link rel=\"canonical\" href=\"https:\/\/elpuucnoticias.com\/?p=2699\" \/>\n<meta property=\"og:locale\" content=\"es_ES\" \/>\n<meta property=\"og:type\" content=\"article\" \/>\n<meta property=\"og:title\" content=\"Autoridades de Salud de Quintana Roo confirman primer caso de viruela s\u00edmica. El paciente presenta fiebre, lesi\u00f3n en la piel, dolor de cabeza y muscular - El Puuc Noticias\" \/>\n<meta property=\"og:description\" content=\"Este 18 de julio, el Instituto de Diagn\u00f3stico y Referencia Epidemiol\u00f3gicos (InDRE) notific\u00f3 la confirmaci\u00f3n del primer caso\" \/>\n<meta property=\"og:url\" content=\"https:\/\/elpuucnoticias.com\/?p=2699\" \/>\n<meta property=\"og:site_name\" content=\"El Puuc Noticias\" \/>\n<meta property=\"article:published_time\" content=\"2022-07-18T21:36:14+00:00\" \/>\n<meta property=\"article:modified_time\" content=\"2022-07-18T21:36:15+00:00\" \/>\n<meta property=\"og:image\" content=\"https:\/\/elpuucnoticias.com\/wp-content\/uploads\/2022\/05\/ULTIMAHORA.jpg\" \/>\n\t<meta property=\"og:image:width\" content=\"2077\" \/>\n\t<meta property=\"og:image:height\" content=\"1239\" \/>\n\t<meta property=\"og:image:type\" content=\"image\/jpeg\" \/>\n<meta name=\"twitter:card\" content=\"summary_large_image\" \/>\n<meta name=\"twitter:label1\" content=\"Escrito por\" \/>\n\t<meta name=\"twitter:data1\" content=\"elpuucnoticias\" \/>\n\t<meta name=\"twitter:label2\" content=\"Tiempo de lectura\" \/>\n\t<meta name=\"twitter:data2\" content=\"3 minutos\" \/>\n<script type=\"application\/ld+json\" class=\"yoast-schema-graph\">{\"@context\":\"https:\/\/schema.org\",\"@graph\":[{\"@type\":\"WebSite\",\"@id\":\"https:\/\/elpuucnoticias.com\/#website\",\"url\":\"https:\/\/elpuucnoticias.com\/\",\"name\":\"El Puuc Noticias\",\"description\":\"Noticias - Entretenimiento - Deportes\",\"potentialAction\":[{\"@type\":\"SearchAction\",\"target\":{\"@type\":\"EntryPoint\",\"urlTemplate\":\"https:\/\/elpuucnoticias.com\/?s={search_term_string}\"},\"query-input\":\"required name=search_term_string\"}],\"inLanguage\":\"es\"},{\"@type\":\"ImageObject\",\"@id\":\"https:\/\/elpuucnoticias.com\/?p=2699#primaryimage\",\"inLanguage\":\"es\",\"url\":\"https:\/\/elpuucnoticias.com\/wp-content\/uploads\/2022\/05\/ULTIMAHORA.jpg\",\"contentUrl\":\"https:\/\/elpuucnoticias.com\/wp-content\/uploads\/2022\/05\/ULTIMAHORA.jpg\",\"width\":2077,\"height\":1239},{\"@type\":\"WebPage\",\"@id\":\"https:\/\/elpuucnoticias.com\/?p=2699#webpage\",\"url\":\"https:\/\/elpuucnoticias.com\/?p=2699\",\"name\":\"Autoridades de Salud de Quintana Roo confirman primer caso de viruela s\u00edmica. El paciente presenta fiebre, lesi\u00f3n en la piel, dolor de cabeza y muscular - El Puuc Noticias\",\"isPartOf\":{\"@id\":\"https:\/\/elpuucnoticias.com\/#website\"},\"primaryImageOfPage\":{\"@id\":\"https:\/\/elpuucnoticias.com\/?p=2699#primaryimage\"},\"datePublished\":\"2022-07-18T21:36:14+00:00\",\"dateModified\":\"2022-07-18T21:36:15+00:00\",\"author\":{\"@id\":\"https:\/\/elpuucnoticias.com\/#\/schema\/person\/d2ea09e4c97f0160b11cdfb1d856bd9e\"},\"breadcrumb\":{\"@id\":\"https:\/\/elpuucnoticias.com\/?p=2699#breadcrumb\"},\"inLanguage\":\"es\",\"potentialAction\":[{\"@type\":\"ReadAction\",\"target\":[\"https:\/\/elpuucnoticias.com\/?p=2699\"]}]},{\"@type\":\"BreadcrumbList\",\"@id\":\"https:\/\/elpuucnoticias.com\/?p=2699#breadcrumb\",\"itemListElement\":[{\"@type\":\"ListItem\",\"position\":1,\"name\":\"Portada\",\"item\":\"https:\/\/elpuucnoticias.com\/\"},{\"@type\":\"ListItem\",\"position\":2,\"name\":\"Autoridades de Salud de Quintana Roo confirman primer caso de viruela s\u00edmica. El paciente presenta fiebre, lesi\u00f3n en la piel, dolor de cabeza y muscular\"}]},{\"@type\":\"Person\",\"@id\":\"https:\/\/elpuucnoticias.com\/#\/schema\/person\/d2ea09e4c97f0160b11cdfb1d856bd9e\",\"name\":\"elpuucnoticias\",\"image\":{\"@type\":\"ImageObject\",\"@id\":\"https:\/\/elpuucnoticias.com\/#personlogo\",\"inLanguage\":\"es\",\"url\":\"https:\/\/secure.gravatar.com\/avatar\/5290a43657c74ffa15701dbe5b846bd85cc71930d803c84e91046a7333de6ce2?s=96&d=mm&r=g\",\"contentUrl\":\"https:\/\/secure.gravatar.com\/avatar\/5290a43657c74ffa15701dbe5b846bd85cc71930d803c84e91046a7333de6ce2?s=96&d=mm&r=g\",\"caption\":\"elpuucnoticias\"},\"sameAs\":[\"https:\/\/elpuucnoticias.com\"],\"url\":\"https:\/\/elpuucnoticias.com\/?author=1\"}]}<\/script>\n<!-- \/ Yoast SEO plugin. -->","yoast_head_json":{"title":"Autoridades de Salud de Quintana Roo confirman primer caso de viruela s\u00edmica. El paciente presenta fiebre, lesi\u00f3n en la piel, dolor de cabeza y muscular - El Puuc Noticias","robots":{"index":"index","follow":"follow","max-snippet":"max-snippet:-1","max-image-preview":"max-image-preview:large","max-video-preview":"max-video-preview:-1"},"canonical":"https:\/\/elpuucnoticias.com\/?p=2699","og_locale":"es_ES","og_type":"article","og_title":"Autoridades de Salud de Quintana Roo confirman primer caso de viruela s\u00edmica. El paciente presenta fiebre, lesi\u00f3n en la piel, dolor de cabeza y muscular - El Puuc Noticias","og_description":"Este 18 de julio, el Instituto de Diagn\u00f3stico y Referencia Epidemiol\u00f3gicos (InDRE) notific\u00f3 la confirmaci\u00f3n del primer caso","og_url":"https:\/\/elpuucnoticias.com\/?p=2699","og_site_name":"El Puuc Noticias","article_published_time":"2022-07-18T21:36:14+00:00","article_modified_time":"2022-07-18T21:36:15+00:00","og_image":[{"width":2077,"height":1239,"url":"https:\/\/elpuucnoticias.com\/wp-content\/uploads\/2022\/05\/ULTIMAHORA.jpg","type":"image\/jpeg"}],"twitter_card":"summary_large_image","twitter_misc":{"Escrito por":"elpuucnoticias","Tiempo de lectura":"3 minutos"},"schema":{"@context":"https:\/\/schema.org","@graph":[{"@type":"WebSite","@id":"https:\/\/elpuucnoticias.com\/#website","url":"https:\/\/elpuucnoticias.com\/","name":"El Puuc Noticias","description":"Noticias - Entretenimiento - Deportes","potentialAction":[{"@type":"SearchAction","target":{"@type":"EntryPoint","urlTemplate":"https:\/\/elpuucnoticias.com\/?s={search_term_string}"},"query-input":"required name=search_term_string"}],"inLanguage":"es"},{"@type":"ImageObject","@id":"https:\/\/elpuucnoticias.com\/?p=2699#primaryimage","inLanguage":"es","url":"https:\/\/elpuucnoticias.com\/wp-content\/uploads\/2022\/05\/ULTIMAHORA.jpg","contentUrl":"https:\/\/elpuucnoticias.com\/wp-content\/uploads\/2022\/05\/ULTIMAHORA.jpg","width":2077,"height":1239},{"@type":"WebPage","@id":"https:\/\/elpuucnoticias.com\/?p=2699#webpage","url":"https:\/\/elpuucnoticias.com\/?p=2699","name":"Autoridades de Salud de Quintana Roo confirman primer caso de viruela s\u00edmica. El paciente presenta fiebre, lesi\u00f3n en la piel, dolor de cabeza y muscular - El Puuc Noticias","isPartOf":{"@id":"https:\/\/elpuucnoticias.com\/#website"},"primaryImageOfPage":{"@id":"https:\/\/elpuucnoticias.com\/?p=2699#primaryimage"},"datePublished":"2022-07-18T21:36:14+00:00","dateModified":"2022-07-18T21:36:15+00:00","author":{"@id":"https:\/\/elpuucnoticias.com\/#\/schema\/person\/d2ea09e4c97f0160b11cdfb1d856bd9e"},"breadcrumb":{"@id":"https:\/\/elpuucnoticias.com\/?p=2699#breadcrumb"},"inLanguage":"es","potentialAction":[{"@type":"ReadAction","target":["https:\/\/elpuucnoticias.com\/?p=2699"]}]},{"@type":"BreadcrumbList","@id":"https:\/\/elpuucnoticias.com\/?p=2699#breadcrumb","itemListElement":[{"@type":"ListItem","position":1,"name":"Portada","item":"https:\/\/elpuucnoticias.com\/"},{"@type":"ListItem","position":2,"name":"Autoridades de Salud de Quintana Roo confirman primer caso de viruela s\u00edmica. El paciente presenta fiebre, lesi\u00f3n en la piel, dolor de cabeza y muscular"}]},{"@type":"Person","@id":"https:\/\/elpuucnoticias.com\/#\/schema\/person\/d2ea09e4c97f0160b11cdfb1d856bd9e","name":"elpuucnoticias","image":{"@type":"ImageObject","@id":"https:\/\/elpuucnoticias.com\/#personlogo","inLanguage":"es","url":"https:\/\/secure.gravatar.com\/avatar\/5290a43657c74ffa15701dbe5b846bd85cc71930d803c84e91046a7333de6ce2?s=96&d=mm&r=g","contentUrl":"https:\/\/secure.gravatar.com\/avatar\/5290a43657c74ffa15701dbe5b846bd85cc71930d803c84e91046a7333de6ce2?s=96&d=mm&r=g","caption":"elpuucnoticias"},"sameAs":["https:\/\/elpuucnoticias.com"],"url":"https:\/\/elpuucnoticias.com\/?author=1"}]}},"_links":{"self":[{"href":"https:\/\/elpuucnoticias.com\/index.php?rest_route=\/wp\/v2\/posts\/2699","targetHints":{"allow":["GET"]}}],"collection":[{"href":"https:\/\/elpuucnoticias.com\/index.php?rest_route=\/wp\/v2\/posts"}],"about":[{"href":"https:\/\/elpuucnoticias.com\/index.php?rest_route=\/wp\/v2\/types\/post"}],"author":[{"embeddable":true,"href":"https:\/\/elpuucnoticias.com\/index.php?rest_route=\/wp\/v2\/users\/1"}],"replies":[{"embeddable":true,"href":"https:\/\/elpuucnoticias.com\/index.php?rest_route=%2Fwp%2Fv2%2Fcomments&post=2699"}],"version-history":[{"count":1,"href":"https:\/\/elpuucnoticias.com\/index.php?rest_route=\/wp\/v2\/posts\/2699\/revisions"}],"predecessor-version":[{"id":2700,"href":"https:\/\/elpuucnoticias.com\/index.php?rest_route=\/wp\/v2\/posts\/2699\/revisions\/2700"}],"wp:featuredmedia":[{"embeddable":true,"href":"https:\/\/elpuucnoticias.com\/index.php?rest_route=\/wp\/v2\/media\/1703"}],"wp:attachment":[{"href":"https:\/\/elpuucnoticias.com\/index.php?rest_route=%2Fwp%2Fv2%2Fmedia&parent=2699"}],"wp:term":[{"taxonomy":"category","embeddable":true,"href":"https:\/\/elpuucnoticias.com\/index.php?rest_route=%2Fwp%2Fv2%2Fcategories&post=2699"},{"taxonomy":"post_tag","embeddable":true,"href":"https:\/\/elpuucnoticias.com\/index.php?rest_route=%2Fwp%2Fv2%2Ftags&post=2699"}],"curies":[{"name":"wp","href":"https:\/\/api.w.org\/{rel}","templated":true}]}}