{"id":2705,"date":"2022-07-18T17:11:02","date_gmt":"2022-07-18T23:11:02","guid":{"rendered":"https:\/\/elpuucnoticias.com\/?p=2705"},"modified":"2022-07-18T17:11:04","modified_gmt":"2022-07-18T23:11:04","slug":"arranca-con-buena-participacion-el-programa-mis-vacaciones-en-la-biblioteca-2022-en-la-huerta-del-estado","status":"publish","type":"post","link":"https:\/\/elpuucnoticias.com\/?p=2705","title":{"rendered":"Arranca con buena participaci\u00f3n el programa Mis Vacaciones en la Biblioteca 2022, en La Huerta del Estado"},"content":{"rendered":"\n<p>El h\u00e1bito de la lectura tiene mucha utilidad\u00a0en\u00a0la\u00a0vida y\u00a0en\u00a0el desarrollo educativo, con este mensaje\u00a0a los\u00a0ni\u00f1os se inicia en la\u00a0Biblioteca\u00a0P\u00fablica Regional 909 \u00abProfr. Jos\u00e9 Andr\u00e9s Espinosa Colonia\u00bb el programa\u00a0Mis\u00a0Vacaciones\u00a0en\u00a0la\u00a0Biblioteca\u00a0con el primer taller \u00abEl tiempo toma su tiempo\u00bb.\u00a0<\/p>\n\n\n\n<figure class=\"wp-block-gallery has-nested-images columns-default is-cropped wp-block-gallery-1 is-layout-flex wp-block-gallery-is-layout-flex\">\n<figure class=\"wp-block-image size-large\"><img loading=\"lazy\" decoding=\"async\" width=\"1024\" height=\"682\" data-id=\"2708\" src=\"https:\/\/elpuucnoticias.com\/wp-content\/uploads\/2022\/07\/Biblio04-1024x682.jpeg\" alt=\"\" class=\"wp-image-2708\" srcset=\"https:\/\/elpuucnoticias.com\/wp-content\/uploads\/2022\/07\/Biblio04-1024x682.jpeg 1024w, https:\/\/elpuucnoticias.com\/wp-content\/uploads\/2022\/07\/Biblio04-300x200.jpeg 300w, https:\/\/elpuucnoticias.com\/wp-content\/uploads\/2022\/07\/Biblio04-768x512.jpeg 768w, https:\/\/elpuucnoticias.com\/wp-content\/uploads\/2022\/07\/Biblio04.jpeg 1280w\" sizes=\"auto, (max-width: 1024px) 100vw, 1024px\" \/><\/figure>\n\n\n\n<figure class=\"wp-block-image size-large\"><img loading=\"lazy\" decoding=\"async\" width=\"1024\" height=\"682\" data-id=\"2707\" src=\"https:\/\/elpuucnoticias.com\/wp-content\/uploads\/2022\/07\/Biblio02-1024x682.jpeg\" alt=\"\" class=\"wp-image-2707\" srcset=\"https:\/\/elpuucnoticias.com\/wp-content\/uploads\/2022\/07\/Biblio02-1024x682.jpeg 1024w, https:\/\/elpuucnoticias.com\/wp-content\/uploads\/2022\/07\/Biblio02-300x200.jpeg 300w, https:\/\/elpuucnoticias.com\/wp-content\/uploads\/2022\/07\/Biblio02-768x512.jpeg 768w, https:\/\/elpuucnoticias.com\/wp-content\/uploads\/2022\/07\/Biblio02.jpeg 1280w\" sizes=\"auto, (max-width: 1024px) 100vw, 1024px\" \/><\/figure>\n<\/figure>\n\n\n\n<p>En la ceremonia de arranque estuvieron presentes, la regidora de Desarrollo Integral, Vanessa Pacheco C\u00f3rdova; la bibliotecaria, Noem\u00ed Burgos Peraza; la directora del DIF, Mar\u00eda Sierra Chulim, y el director de Cultura, Luis G\u00f3ngora Ayora.\u00a0<\/p>\n\n\n\n<p>Vanessa Pacheco C\u00f3rdova, fue la encargada de dar\u00a0la\u00a0bienvenida a los ni\u00f1os y los felicit\u00f3 por su participaci\u00f3n\u00a0en\u00a0la actividad.\u00a0\u00abCon lo aprendido seguramente ser\u00e1n ni\u00f1os competitivos\u00a0en\u00a0sus estudios y \u00fatiles\u00a0en\u00a0la\u00a0vida,\u00a0en\u00a0esta era de internet, pero los libros siempre est\u00e1n presentes\u00a0en\u00a0nuestra vida\u00bb.\u00a0<\/p>\n\n\n\n<figure class=\"wp-block-image size-full is-resized\"><img loading=\"lazy\" decoding=\"async\" src=\"https:\/\/elpuucnoticias.com\/wp-content\/uploads\/2022\/07\/BANNER-JULIO-22.jpg\" alt=\"\" class=\"wp-image-2515\" width=\"679\" height=\"232\" srcset=\"https:\/\/elpuucnoticias.com\/wp-content\/uploads\/2022\/07\/BANNER-JULIO-22.jpg 1024w, https:\/\/elpuucnoticias.com\/wp-content\/uploads\/2022\/07\/BANNER-JULIO-22-300x103.jpg 300w, https:\/\/elpuucnoticias.com\/wp-content\/uploads\/2022\/07\/BANNER-JULIO-22-768x263.jpg 768w\" sizes=\"auto, (max-width: 679px) 100vw, 679px\" \/><\/figure>\n\n\n\n<p>Noem\u00ed Burgos Peraza se\u00f1ala que estos talleres favorecen a los ni\u00f1os participantes ya que son una opci\u00f3n de\u00a0entretenimiento y a\u00a0la\u00a0vez ayuda a la formaci\u00f3n del h\u00e1bito de la lectura.\u00a0<\/p>\n\n\n\n<p>Las actividades constan de din\u00e1micas de animaci\u00f3n, hora del cuento, juegos de investigaci\u00f3n, c\u00edrculo de lectura, biblio-manualidades, entre otras.\u2014 <em>El Puuc Noticias<\/em>\u00a0<\/p>\n","protected":false},"excerpt":{"rendered":"<p>El h\u00e1bito de la lectura tiene mucha utilidad\u00a0en\u00a0la\u00a0vida y\u00a0en\u00a0el desarrollo educativo, con este mensaje\u00a0a los\u00a0ni\u00f1os se inicia en<\/p>\n","protected":false},"author":1,"featured_media":2706,"comment_status":"closed","ping_status":"open","sticky":false,"template":"","format":"standard","meta":{"_monsterinsights_skip_tracking":false,"_monsterinsights_sitenote_active":false,"_monsterinsights_sitenote_note":"","_monsterinsights_sitenote_category":0,"footnotes":""},"categories":[11,14],"tags":[],"class_list":["post-2705","post","type-post","status-publish","format-standard","has-post-thumbnail","hentry","category-noticias","category-oxkutzcab"],"yoast_head":"<!-- This site is optimized with the Yoast SEO plugin v18.3 - https:\/\/yoast.com\/wordpress\/plugins\/seo\/ -->\n<title>Arranca con buena participaci\u00f3n el programa Mis Vacaciones en la Biblioteca 2022, en La Huerta del Estado - El Puuc Noticias<\/title>\n<meta name=\"robots\" content=\"index, follow, max-snippet:-1, max-image-preview:large, max-video-preview:-1\" \/>\n<link rel=\"canonical\" href=\"https:\/\/elpuucnoticias.com\/?p=2705\" \/>\n<meta property=\"og:locale\" content=\"es_ES\" \/>\n<meta property=\"og:type\" content=\"article\" \/>\n<meta property=\"og:title\" content=\"Arranca con buena participaci\u00f3n el programa Mis Vacaciones en la Biblioteca 2022, en La Huerta del Estado - El Puuc Noticias\" \/>\n<meta property=\"og:description\" content=\"El h\u00e1bito de la lectura tiene mucha utilidad\u00a0en\u00a0la\u00a0vida y\u00a0en\u00a0el desarrollo educativo, con este mensaje\u00a0a los\u00a0ni\u00f1os se inicia en\" \/>\n<meta property=\"og:url\" content=\"https:\/\/elpuucnoticias.com\/?p=2705\" \/>\n<meta property=\"og:site_name\" content=\"El Puuc Noticias\" \/>\n<meta property=\"article:published_time\" content=\"2022-07-18T23:11:02+00:00\" \/>\n<meta property=\"article:modified_time\" content=\"2022-07-18T23:11:04+00:00\" \/>\n<meta property=\"og:image\" content=\"https:\/\/elpuucnoticias.com\/wp-content\/uploads\/2022\/07\/Biblio06.jpeg\" \/>\n\t<meta property=\"og:image:width\" content=\"1488\" \/>\n\t<meta property=\"og:image:height\" content=\"992\" \/>\n\t<meta property=\"og:image:type\" content=\"image\/jpeg\" \/>\n<meta name=\"twitter:card\" content=\"summary_large_image\" \/>\n<meta name=\"twitter:label1\" content=\"Escrito por\" \/>\n\t<meta name=\"twitter:data1\" content=\"elpuucnoticias\" \/>\n\t<meta name=\"twitter:label2\" content=\"Tiempo de lectura\" \/>\n\t<meta name=\"twitter:data2\" content=\"2 minutos\" \/>\n<script type=\"application\/ld+json\" class=\"yoast-schema-graph\">{\"@context\":\"https:\/\/schema.org\",\"@graph\":[{\"@type\":\"WebSite\",\"@id\":\"https:\/\/elpuucnoticias.com\/#website\",\"url\":\"https:\/\/elpuucnoticias.com\/\",\"name\":\"El Puuc Noticias\",\"description\":\"Noticias - Entretenimiento - Deportes\",\"potentialAction\":[{\"@type\":\"SearchAction\",\"target\":{\"@type\":\"EntryPoint\",\"urlTemplate\":\"https:\/\/elpuucnoticias.com\/?s={search_term_string}\"},\"query-input\":\"required name=search_term_string\"}],\"inLanguage\":\"es\"},{\"@type\":\"ImageObject\",\"@id\":\"https:\/\/elpuucnoticias.com\/?p=2705#primaryimage\",\"inLanguage\":\"es\",\"url\":\"https:\/\/elpuucnoticias.com\/wp-content\/uploads\/2022\/07\/Biblio06.jpeg\",\"contentUrl\":\"https:\/\/elpuucnoticias.com\/wp-content\/uploads\/2022\/07\/Biblio06.jpeg\",\"width\":1488,\"height\":992},{\"@type\":\"WebPage\",\"@id\":\"https:\/\/elpuucnoticias.com\/?p=2705#webpage\",\"url\":\"https:\/\/elpuucnoticias.com\/?p=2705\",\"name\":\"Arranca con buena participaci\u00f3n el programa Mis Vacaciones en la Biblioteca 2022, en La Huerta del Estado - El Puuc Noticias\",\"isPartOf\":{\"@id\":\"https:\/\/elpuucnoticias.com\/#website\"},\"primaryImageOfPage\":{\"@id\":\"https:\/\/elpuucnoticias.com\/?p=2705#primaryimage\"},\"datePublished\":\"2022-07-18T23:11:02+00:00\",\"dateModified\":\"2022-07-18T23:11:04+00:00\",\"author\":{\"@id\":\"https:\/\/elpuucnoticias.com\/#\/schema\/person\/d2ea09e4c97f0160b11cdfb1d856bd9e\"},\"breadcrumb\":{\"@id\":\"https:\/\/elpuucnoticias.com\/?p=2705#breadcrumb\"},\"inLanguage\":\"es\",\"potentialAction\":[{\"@type\":\"ReadAction\",\"target\":[\"https:\/\/elpuucnoticias.com\/?p=2705\"]}]},{\"@type\":\"BreadcrumbList\",\"@id\":\"https:\/\/elpuucnoticias.com\/?p=2705#breadcrumb\",\"itemListElement\":[{\"@type\":\"ListItem\",\"position\":1,\"name\":\"Portada\",\"item\":\"https:\/\/elpuucnoticias.com\/\"},{\"@type\":\"ListItem\",\"position\":2,\"name\":\"Arranca con buena participaci\u00f3n el programa Mis Vacaciones en la Biblioteca 2022, en La Huerta del Estado\"}]},{\"@type\":\"Person\",\"@id\":\"https:\/\/elpuucnoticias.com\/#\/schema\/person\/d2ea09e4c97f0160b11cdfb1d856bd9e\",\"name\":\"elpuucnoticias\",\"image\":{\"@type\":\"ImageObject\",\"@id\":\"https:\/\/elpuucnoticias.com\/#personlogo\",\"inLanguage\":\"es\",\"url\":\"https:\/\/secure.gravatar.com\/avatar\/5290a43657c74ffa15701dbe5b846bd85cc71930d803c84e91046a7333de6ce2?s=96&d=mm&r=g\",\"contentUrl\":\"https:\/\/secure.gravatar.com\/avatar\/5290a43657c74ffa15701dbe5b846bd85cc71930d803c84e91046a7333de6ce2?s=96&d=mm&r=g\",\"caption\":\"elpuucnoticias\"},\"sameAs\":[\"https:\/\/elpuucnoticias.com\"],\"url\":\"https:\/\/elpuucnoticias.com\/?author=1\"}]}<\/script>\n<!-- \/ Yoast SEO plugin. -->","yoast_head_json":{"title":"Arranca con buena participaci\u00f3n el programa Mis Vacaciones en la Biblioteca 2022, en La Huerta del Estado - El Puuc Noticias","robots":{"index":"index","follow":"follow","max-snippet":"max-snippet:-1","max-image-preview":"max-image-preview:large","max-video-preview":"max-video-preview:-1"},"canonical":"https:\/\/elpuucnoticias.com\/?p=2705","og_locale":"es_ES","og_type":"article","og_title":"Arranca con buena participaci\u00f3n el programa Mis Vacaciones en la Biblioteca 2022, en La Huerta del Estado - El Puuc Noticias","og_description":"El h\u00e1bito de la lectura tiene mucha utilidad\u00a0en\u00a0la\u00a0vida y\u00a0en\u00a0el desarrollo educativo, con este mensaje\u00a0a los\u00a0ni\u00f1os se inicia en","og_url":"https:\/\/elpuucnoticias.com\/?p=2705","og_site_name":"El Puuc Noticias","article_published_time":"2022-07-18T23:11:02+00:00","article_modified_time":"2022-07-18T23:11:04+00:00","og_image":[{"width":1488,"height":992,"url":"https:\/\/elpuucnoticias.com\/wp-content\/uploads\/2022\/07\/Biblio06.jpeg","type":"image\/jpeg"}],"twitter_card":"summary_large_image","twitter_misc":{"Escrito por":"elpuucnoticias","Tiempo de lectura":"2 minutos"},"schema":{"@context":"https:\/\/schema.org","@graph":[{"@type":"WebSite","@id":"https:\/\/elpuucnoticias.com\/#website","url":"https:\/\/elpuucnoticias.com\/","name":"El Puuc Noticias","description":"Noticias - Entretenimiento - Deportes","potentialAction":[{"@type":"SearchAction","target":{"@type":"EntryPoint","urlTemplate":"https:\/\/elpuucnoticias.com\/?s={search_term_string}"},"query-input":"required name=search_term_string"}],"inLanguage":"es"},{"@type":"ImageObject","@id":"https:\/\/elpuucnoticias.com\/?p=2705#primaryimage","inLanguage":"es","url":"https:\/\/elpuucnoticias.com\/wp-content\/uploads\/2022\/07\/Biblio06.jpeg","contentUrl":"https:\/\/elpuucnoticias.com\/wp-content\/uploads\/2022\/07\/Biblio06.jpeg","width":1488,"height":992},{"@type":"WebPage","@id":"https:\/\/elpuucnoticias.com\/?p=2705#webpage","url":"https:\/\/elpuucnoticias.com\/?p=2705","name":"Arranca con buena participaci\u00f3n el programa Mis Vacaciones en la Biblioteca 2022, en La Huerta del Estado - El Puuc Noticias","isPartOf":{"@id":"https:\/\/elpuucnoticias.com\/#website"},"primaryImageOfPage":{"@id":"https:\/\/elpuucnoticias.com\/?p=2705#primaryimage"},"datePublished":"2022-07-18T23:11:02+00:00","dateModified":"2022-07-18T23:11:04+00:00","author":{"@id":"https:\/\/elpuucnoticias.com\/#\/schema\/person\/d2ea09e4c97f0160b11cdfb1d856bd9e"},"breadcrumb":{"@id":"https:\/\/elpuucnoticias.com\/?p=2705#breadcrumb"},"inLanguage":"es","potentialAction":[{"@type":"ReadAction","target":["https:\/\/elpuucnoticias.com\/?p=2705"]}]},{"@type":"BreadcrumbList","@id":"https:\/\/elpuucnoticias.com\/?p=2705#breadcrumb","itemListElement":[{"@type":"ListItem","position":1,"name":"Portada","item":"https:\/\/elpuucnoticias.com\/"},{"@type":"ListItem","position":2,"name":"Arranca con buena participaci\u00f3n el programa Mis Vacaciones en la Biblioteca 2022, en La Huerta del Estado"}]},{"@type":"Person","@id":"https:\/\/elpuucnoticias.com\/#\/schema\/person\/d2ea09e4c97f0160b11cdfb1d856bd9e","name":"elpuucnoticias","image":{"@type":"ImageObject","@id":"https:\/\/elpuucnoticias.com\/#personlogo","inLanguage":"es","url":"https:\/\/secure.gravatar.com\/avatar\/5290a43657c74ffa15701dbe5b846bd85cc71930d803c84e91046a7333de6ce2?s=96&d=mm&r=g","contentUrl":"https:\/\/secure.gravatar.com\/avatar\/5290a43657c74ffa15701dbe5b846bd85cc71930d803c84e91046a7333de6ce2?s=96&d=mm&r=g","caption":"elpuucnoticias"},"sameAs":["https:\/\/elpuucnoticias.com"],"url":"https:\/\/elpuucnoticias.com\/?author=1"}]}},"_links":{"self":[{"href":"https:\/\/elpuucnoticias.com\/index.php?rest_route=\/wp\/v2\/posts\/2705","targetHints":{"allow":["GET"]}}],"collection":[{"href":"https:\/\/elpuucnoticias.com\/index.php?rest_route=\/wp\/v2\/posts"}],"about":[{"href":"https:\/\/elpuucnoticias.com\/index.php?rest_route=\/wp\/v2\/types\/post"}],"author":[{"embeddable":true,"href":"https:\/\/elpuucnoticias.com\/index.php?rest_route=\/wp\/v2\/users\/1"}],"replies":[{"embeddable":true,"href":"https:\/\/elpuucnoticias.com\/index.php?rest_route=%2Fwp%2Fv2%2Fcomments&post=2705"}],"version-history":[{"count":1,"href":"https:\/\/elpuucnoticias.com\/index.php?rest_route=\/wp\/v2\/posts\/2705\/revisions"}],"predecessor-version":[{"id":2709,"href":"https:\/\/elpuucnoticias.com\/index.php?rest_route=\/wp\/v2\/posts\/2705\/revisions\/2709"}],"wp:featuredmedia":[{"embeddable":true,"href":"https:\/\/elpuucnoticias.com\/index.php?rest_route=\/wp\/v2\/media\/2706"}],"wp:attachment":[{"href":"https:\/\/elpuucnoticias.com\/index.php?rest_route=%2Fwp%2Fv2%2Fmedia&parent=2705"}],"wp:term":[{"taxonomy":"category","embeddable":true,"href":"https:\/\/elpuucnoticias.com\/index.php?rest_route=%2Fwp%2Fv2%2Fcategories&post=2705"},{"taxonomy":"post_tag","embeddable":true,"href":"https:\/\/elpuucnoticias.com\/index.php?rest_route=%2Fwp%2Fv2%2Ftags&post=2705"}],"curies":[{"name":"wp","href":"https:\/\/api.w.org\/{rel}","templated":true}]}}