{"id":2717,"date":"2022-07-18T17:44:38","date_gmt":"2022-07-18T23:44:38","guid":{"rendered":"https:\/\/elpuucnoticias.com\/?p=2717"},"modified":"2022-07-18T17:44:41","modified_gmt":"2022-07-18T23:44:41","slug":"ponen-en-marcha-las-jornadas-de-atencion-medica-en-la-perla-del-sur-y-sus-comisarias-los-servicios-seran-gratuitos-durante-tres-dias","status":"publish","type":"post","link":"https:\/\/elpuucnoticias.com\/?p=2717","title":{"rendered":"Ponen en marcha las Jornadas de Atenci\u00f3n M\u00e9dica en La Perla del Sur y sus comisar\u00edas. Los servicios ser\u00e1n gratuitos durante tres d\u00edas"},"content":{"rendered":"\n<p>Esta ma\u00f1ana el alcalde de Ticul, Rafael Gerardo Montalvo Mata, puso en marcha el programa de Jornadas de Atenci\u00f3n M\u00e9dica en la comisar\u00eda de Pustunich, y que tendr\u00e1 una duraci\u00f3n de tres d\u00edas, acercando servicios m\u00e9dicos gratuitos a los habitantes.<\/p>\n\n\n\n<p>Seg\u00fan se inform\u00f3, estas jornadas tendr\u00e1n una duraci\u00f3n de tres d\u00edas y hoy comenzaron en la comisar\u00eda de Pustunich. Ma\u00f1ana martes estar\u00e1n en Yothol\u00edn y el pr\u00f3ximo mi\u00e9rcoles cerrar\u00e1n en la cabecera municipal, por lo que invitan a la comunidad a aprovechar estos servicios.<\/p>\n\n\n\n<figure class=\"wp-block-image size-large\"><img loading=\"lazy\" decoding=\"async\" width=\"1024\" height=\"683\" src=\"https:\/\/elpuucnoticias.com\/wp-content\/uploads\/2022\/07\/jornadas-de-salud-2-1024x683.jpg\" alt=\"\" class=\"wp-image-2719\" srcset=\"https:\/\/elpuucnoticias.com\/wp-content\/uploads\/2022\/07\/jornadas-de-salud-2-1024x683.jpg 1024w, https:\/\/elpuucnoticias.com\/wp-content\/uploads\/2022\/07\/jornadas-de-salud-2-300x200.jpg 300w, https:\/\/elpuucnoticias.com\/wp-content\/uploads\/2022\/07\/jornadas-de-salud-2-768x512.jpg 768w, https:\/\/elpuucnoticias.com\/wp-content\/uploads\/2022\/07\/jornadas-de-salud-2.jpg 1531w\" sizes=\"auto, (max-width: 1024px) 100vw, 1024px\" \/><\/figure>\n\n\n\n<p>El DIF Municipal y la Beneficencia P\u00fablica de Yucat\u00e1n realizan este programa que ofrece servicios de atenci\u00f3n m\u00e9dica general, psicol\u00f3gica, de nutrici\u00f3n, rehabilitaci\u00f3n y radiolog\u00eda, entre otros, de manera gratuita para los habitantes.<\/p>\n\n\n\n<p>La atenci\u00f3n inicia a las 8:30 de la ma\u00f1ana, y ma\u00f1ana estar\u00e1n en el domo de la comisar\u00eda de Yothol\u00edn. El mi\u00e9rcoles, en el \u00faltimo d\u00eda, estar\u00e1n en el domo de la Colonia Obrera, en la cabecera municipal.<\/p>\n\n\n\n<figure class=\"wp-block-image size-full is-resized\"><img loading=\"lazy\" decoding=\"async\" src=\"https:\/\/elpuucnoticias.com\/wp-content\/uploads\/2022\/07\/BANNER-JULIO-22.jpg\" alt=\"\" class=\"wp-image-2515\" width=\"654\" height=\"223\" srcset=\"https:\/\/elpuucnoticias.com\/wp-content\/uploads\/2022\/07\/BANNER-JULIO-22.jpg 1024w, https:\/\/elpuucnoticias.com\/wp-content\/uploads\/2022\/07\/BANNER-JULIO-22-300x103.jpg 300w, https:\/\/elpuucnoticias.com\/wp-content\/uploads\/2022\/07\/BANNER-JULIO-22-768x263.jpg 768w\" sizes=\"auto, (max-width: 654px) 100vw, 654px\" \/><\/figure>\n\n\n\n<p>En la inauguraci\u00f3n de las jornadas estuvo el primer edil y la directora de la Beneficencia P\u00fablica de Yucat\u00e1n Zhazil M\u00e9ndez. Se destac\u00f3 la participaci\u00f3n de Medical Impact, en estas jornadas de atenci\u00f3n m\u00e9dica para los habitantes de La Perla del Sur.\u2014 <em>El Puuc Noticias<\/em> <\/p>\n","protected":false},"excerpt":{"rendered":"<p>Esta ma\u00f1ana el alcalde de Ticul, Rafael Gerardo Montalvo Mata, puso en marcha el programa de Jornadas de<\/p>\n","protected":false},"author":1,"featured_media":2718,"comment_status":"closed","ping_status":"open","sticky":false,"template":"","format":"standard","meta":{"_monsterinsights_skip_tracking":false,"_monsterinsights_sitenote_active":false,"_monsterinsights_sitenote_note":"","_monsterinsights_sitenote_category":0,"footnotes":""},"categories":[11,13],"tags":[],"class_list":["post-2717","post","type-post","status-publish","format-standard","has-post-thumbnail","hentry","category-noticias","category-ticul"],"yoast_head":"<!-- This site is optimized with the Yoast SEO plugin v18.3 - https:\/\/yoast.com\/wordpress\/plugins\/seo\/ -->\n<title>Ponen en marcha las Jornadas de Atenci\u00f3n M\u00e9dica en La Perla del Sur y sus comisar\u00edas. Los servicios ser\u00e1n gratuitos durante tres d\u00edas - El Puuc Noticias<\/title>\n<meta name=\"robots\" content=\"index, follow, max-snippet:-1, max-image-preview:large, max-video-preview:-1\" \/>\n<link rel=\"canonical\" href=\"https:\/\/elpuucnoticias.com\/?p=2717\" \/>\n<meta property=\"og:locale\" content=\"es_ES\" \/>\n<meta property=\"og:type\" content=\"article\" \/>\n<meta property=\"og:title\" content=\"Ponen en marcha las Jornadas de Atenci\u00f3n M\u00e9dica en La Perla del Sur y sus comisar\u00edas. Los servicios ser\u00e1n gratuitos durante tres d\u00edas - El Puuc Noticias\" \/>\n<meta property=\"og:description\" content=\"Esta ma\u00f1ana el alcalde de Ticul, Rafael Gerardo Montalvo Mata, puso en marcha el programa de Jornadas de\" \/>\n<meta property=\"og:url\" content=\"https:\/\/elpuucnoticias.com\/?p=2717\" \/>\n<meta property=\"og:site_name\" content=\"El Puuc Noticias\" \/>\n<meta property=\"article:published_time\" content=\"2022-07-18T23:44:38+00:00\" \/>\n<meta property=\"article:modified_time\" content=\"2022-07-18T23:44:41+00:00\" \/>\n<meta property=\"og:image\" content=\"https:\/\/elpuucnoticias.com\/wp-content\/uploads\/2022\/07\/jornadas-de-salud-1.jpg\" \/>\n\t<meta property=\"og:image:width\" content=\"1302\" \/>\n\t<meta property=\"og:image:height\" content=\"1021\" \/>\n\t<meta property=\"og:image:type\" content=\"image\/jpeg\" \/>\n<meta name=\"twitter:card\" content=\"summary_large_image\" \/>\n<meta name=\"twitter:label1\" content=\"Escrito por\" \/>\n\t<meta name=\"twitter:data1\" content=\"elpuucnoticias\" \/>\n\t<meta name=\"twitter:label2\" content=\"Tiempo de lectura\" \/>\n\t<meta name=\"twitter:data2\" content=\"2 minutos\" \/>\n<script type=\"application\/ld+json\" class=\"yoast-schema-graph\">{\"@context\":\"https:\/\/schema.org\",\"@graph\":[{\"@type\":\"WebSite\",\"@id\":\"https:\/\/elpuucnoticias.com\/#website\",\"url\":\"https:\/\/elpuucnoticias.com\/\",\"name\":\"El Puuc Noticias\",\"description\":\"Noticias - Entretenimiento - Deportes\",\"potentialAction\":[{\"@type\":\"SearchAction\",\"target\":{\"@type\":\"EntryPoint\",\"urlTemplate\":\"https:\/\/elpuucnoticias.com\/?s={search_term_string}\"},\"query-input\":\"required name=search_term_string\"}],\"inLanguage\":\"es\"},{\"@type\":\"ImageObject\",\"@id\":\"https:\/\/elpuucnoticias.com\/?p=2717#primaryimage\",\"inLanguage\":\"es\",\"url\":\"https:\/\/elpuucnoticias.com\/wp-content\/uploads\/2022\/07\/jornadas-de-salud-1.jpg\",\"contentUrl\":\"https:\/\/elpuucnoticias.com\/wp-content\/uploads\/2022\/07\/jornadas-de-salud-1.jpg\",\"width\":1302,\"height\":1021},{\"@type\":\"WebPage\",\"@id\":\"https:\/\/elpuucnoticias.com\/?p=2717#webpage\",\"url\":\"https:\/\/elpuucnoticias.com\/?p=2717\",\"name\":\"Ponen en marcha las Jornadas de Atenci\u00f3n M\u00e9dica en La Perla del Sur y sus comisar\u00edas. Los servicios ser\u00e1n gratuitos durante tres d\u00edas - El Puuc Noticias\",\"isPartOf\":{\"@id\":\"https:\/\/elpuucnoticias.com\/#website\"},\"primaryImageOfPage\":{\"@id\":\"https:\/\/elpuucnoticias.com\/?p=2717#primaryimage\"},\"datePublished\":\"2022-07-18T23:44:38+00:00\",\"dateModified\":\"2022-07-18T23:44:41+00:00\",\"author\":{\"@id\":\"https:\/\/elpuucnoticias.com\/#\/schema\/person\/d2ea09e4c97f0160b11cdfb1d856bd9e\"},\"breadcrumb\":{\"@id\":\"https:\/\/elpuucnoticias.com\/?p=2717#breadcrumb\"},\"inLanguage\":\"es\",\"potentialAction\":[{\"@type\":\"ReadAction\",\"target\":[\"https:\/\/elpuucnoticias.com\/?p=2717\"]}]},{\"@type\":\"BreadcrumbList\",\"@id\":\"https:\/\/elpuucnoticias.com\/?p=2717#breadcrumb\",\"itemListElement\":[{\"@type\":\"ListItem\",\"position\":1,\"name\":\"Portada\",\"item\":\"https:\/\/elpuucnoticias.com\/\"},{\"@type\":\"ListItem\",\"position\":2,\"name\":\"Ponen en marcha las Jornadas de Atenci\u00f3n M\u00e9dica en La Perla del Sur y sus comisar\u00edas. Los servicios ser\u00e1n gratuitos durante tres d\u00edas\"}]},{\"@type\":\"Person\",\"@id\":\"https:\/\/elpuucnoticias.com\/#\/schema\/person\/d2ea09e4c97f0160b11cdfb1d856bd9e\",\"name\":\"elpuucnoticias\",\"image\":{\"@type\":\"ImageObject\",\"@id\":\"https:\/\/elpuucnoticias.com\/#personlogo\",\"inLanguage\":\"es\",\"url\":\"https:\/\/secure.gravatar.com\/avatar\/5290a43657c74ffa15701dbe5b846bd85cc71930d803c84e91046a7333de6ce2?s=96&d=mm&r=g\",\"contentUrl\":\"https:\/\/secure.gravatar.com\/avatar\/5290a43657c74ffa15701dbe5b846bd85cc71930d803c84e91046a7333de6ce2?s=96&d=mm&r=g\",\"caption\":\"elpuucnoticias\"},\"sameAs\":[\"https:\/\/elpuucnoticias.com\"],\"url\":\"https:\/\/elpuucnoticias.com\/?author=1\"}]}<\/script>\n<!-- \/ Yoast SEO plugin. -->","yoast_head_json":{"title":"Ponen en marcha las Jornadas de Atenci\u00f3n M\u00e9dica en La Perla del Sur y sus comisar\u00edas. Los servicios ser\u00e1n gratuitos durante tres d\u00edas - El Puuc Noticias","robots":{"index":"index","follow":"follow","max-snippet":"max-snippet:-1","max-image-preview":"max-image-preview:large","max-video-preview":"max-video-preview:-1"},"canonical":"https:\/\/elpuucnoticias.com\/?p=2717","og_locale":"es_ES","og_type":"article","og_title":"Ponen en marcha las Jornadas de Atenci\u00f3n M\u00e9dica en La Perla del Sur y sus comisar\u00edas. Los servicios ser\u00e1n gratuitos durante tres d\u00edas - El Puuc Noticias","og_description":"Esta ma\u00f1ana el alcalde de Ticul, Rafael Gerardo Montalvo Mata, puso en marcha el programa de Jornadas de","og_url":"https:\/\/elpuucnoticias.com\/?p=2717","og_site_name":"El Puuc Noticias","article_published_time":"2022-07-18T23:44:38+00:00","article_modified_time":"2022-07-18T23:44:41+00:00","og_image":[{"width":1302,"height":1021,"url":"https:\/\/elpuucnoticias.com\/wp-content\/uploads\/2022\/07\/jornadas-de-salud-1.jpg","type":"image\/jpeg"}],"twitter_card":"summary_large_image","twitter_misc":{"Escrito por":"elpuucnoticias","Tiempo de lectura":"2 minutos"},"schema":{"@context":"https:\/\/schema.org","@graph":[{"@type":"WebSite","@id":"https:\/\/elpuucnoticias.com\/#website","url":"https:\/\/elpuucnoticias.com\/","name":"El Puuc Noticias","description":"Noticias - Entretenimiento - Deportes","potentialAction":[{"@type":"SearchAction","target":{"@type":"EntryPoint","urlTemplate":"https:\/\/elpuucnoticias.com\/?s={search_term_string}"},"query-input":"required name=search_term_string"}],"inLanguage":"es"},{"@type":"ImageObject","@id":"https:\/\/elpuucnoticias.com\/?p=2717#primaryimage","inLanguage":"es","url":"https:\/\/elpuucnoticias.com\/wp-content\/uploads\/2022\/07\/jornadas-de-salud-1.jpg","contentUrl":"https:\/\/elpuucnoticias.com\/wp-content\/uploads\/2022\/07\/jornadas-de-salud-1.jpg","width":1302,"height":1021},{"@type":"WebPage","@id":"https:\/\/elpuucnoticias.com\/?p=2717#webpage","url":"https:\/\/elpuucnoticias.com\/?p=2717","name":"Ponen en marcha las Jornadas de Atenci\u00f3n M\u00e9dica en La Perla del Sur y sus comisar\u00edas. Los servicios ser\u00e1n gratuitos durante tres d\u00edas - El Puuc Noticias","isPartOf":{"@id":"https:\/\/elpuucnoticias.com\/#website"},"primaryImageOfPage":{"@id":"https:\/\/elpuucnoticias.com\/?p=2717#primaryimage"},"datePublished":"2022-07-18T23:44:38+00:00","dateModified":"2022-07-18T23:44:41+00:00","author":{"@id":"https:\/\/elpuucnoticias.com\/#\/schema\/person\/d2ea09e4c97f0160b11cdfb1d856bd9e"},"breadcrumb":{"@id":"https:\/\/elpuucnoticias.com\/?p=2717#breadcrumb"},"inLanguage":"es","potentialAction":[{"@type":"ReadAction","target":["https:\/\/elpuucnoticias.com\/?p=2717"]}]},{"@type":"BreadcrumbList","@id":"https:\/\/elpuucnoticias.com\/?p=2717#breadcrumb","itemListElement":[{"@type":"ListItem","position":1,"name":"Portada","item":"https:\/\/elpuucnoticias.com\/"},{"@type":"ListItem","position":2,"name":"Ponen en marcha las Jornadas de Atenci\u00f3n M\u00e9dica en La Perla del Sur y sus comisar\u00edas. Los servicios ser\u00e1n gratuitos durante tres d\u00edas"}]},{"@type":"Person","@id":"https:\/\/elpuucnoticias.com\/#\/schema\/person\/d2ea09e4c97f0160b11cdfb1d856bd9e","name":"elpuucnoticias","image":{"@type":"ImageObject","@id":"https:\/\/elpuucnoticias.com\/#personlogo","inLanguage":"es","url":"https:\/\/secure.gravatar.com\/avatar\/5290a43657c74ffa15701dbe5b846bd85cc71930d803c84e91046a7333de6ce2?s=96&d=mm&r=g","contentUrl":"https:\/\/secure.gravatar.com\/avatar\/5290a43657c74ffa15701dbe5b846bd85cc71930d803c84e91046a7333de6ce2?s=96&d=mm&r=g","caption":"elpuucnoticias"},"sameAs":["https:\/\/elpuucnoticias.com"],"url":"https:\/\/elpuucnoticias.com\/?author=1"}]}},"_links":{"self":[{"href":"https:\/\/elpuucnoticias.com\/index.php?rest_route=\/wp\/v2\/posts\/2717","targetHints":{"allow":["GET"]}}],"collection":[{"href":"https:\/\/elpuucnoticias.com\/index.php?rest_route=\/wp\/v2\/posts"}],"about":[{"href":"https:\/\/elpuucnoticias.com\/index.php?rest_route=\/wp\/v2\/types\/post"}],"author":[{"embeddable":true,"href":"https:\/\/elpuucnoticias.com\/index.php?rest_route=\/wp\/v2\/users\/1"}],"replies":[{"embeddable":true,"href":"https:\/\/elpuucnoticias.com\/index.php?rest_route=%2Fwp%2Fv2%2Fcomments&post=2717"}],"version-history":[{"count":1,"href":"https:\/\/elpuucnoticias.com\/index.php?rest_route=\/wp\/v2\/posts\/2717\/revisions"}],"predecessor-version":[{"id":2720,"href":"https:\/\/elpuucnoticias.com\/index.php?rest_route=\/wp\/v2\/posts\/2717\/revisions\/2720"}],"wp:featuredmedia":[{"embeddable":true,"href":"https:\/\/elpuucnoticias.com\/index.php?rest_route=\/wp\/v2\/media\/2718"}],"wp:attachment":[{"href":"https:\/\/elpuucnoticias.com\/index.php?rest_route=%2Fwp%2Fv2%2Fmedia&parent=2717"}],"wp:term":[{"taxonomy":"category","embeddable":true,"href":"https:\/\/elpuucnoticias.com\/index.php?rest_route=%2Fwp%2Fv2%2Fcategories&post=2717"},{"taxonomy":"post_tag","embeddable":true,"href":"https:\/\/elpuucnoticias.com\/index.php?rest_route=%2Fwp%2Fv2%2Ftags&post=2717"}],"curies":[{"name":"wp","href":"https:\/\/api.w.org\/{rel}","templated":true}]}}