{"id":2735,"date":"2022-07-20T16:22:45","date_gmt":"2022-07-20T22:22:45","guid":{"rendered":"https:\/\/elpuucnoticias.com\/?p=2735"},"modified":"2022-07-20T16:22:47","modified_gmt":"2022-07-20T22:22:47","slug":"integran-comite-de-contraloria-social-para-el-programa-de-vivienda-digna-en-oxkutzcab","status":"publish","type":"post","link":"https:\/\/elpuucnoticias.com\/?p=2735","title":{"rendered":"Integran Comit\u00e9 de Contralor\u00eda Social para el Programa de Vivienda Digna en Oxkutzcab"},"content":{"rendered":"\n<p>Con el prop\u00f3sito de dar seguimiento, vigilar y supervisar la aplicaci\u00f3n\u00a0del\u00a0programa \u00abVivienda Digna\u00bb que beneficiar\u00e1 a 86 familias en el municipio, la Sedesol, el IVEY y la Secogey\u00a0\u00a0integran el Comit\u00e9 de Controlar\u00eda Social, que representar\u00e1 a los beneficiarios.\u00a0<\/p>\n\n\n\n<figure class=\"wp-block-image size-large\"><img loading=\"lazy\" decoding=\"async\" width=\"1024\" height=\"819\" src=\"https:\/\/elpuucnoticias.com\/wp-content\/uploads\/2022\/07\/casa04-1024x819.jpeg\" alt=\"\" class=\"wp-image-2737\" srcset=\"https:\/\/elpuucnoticias.com\/wp-content\/uploads\/2022\/07\/casa04-1024x819.jpeg 1024w, https:\/\/elpuucnoticias.com\/wp-content\/uploads\/2022\/07\/casa04-300x240.jpeg 300w, https:\/\/elpuucnoticias.com\/wp-content\/uploads\/2022\/07\/casa04-768x614.jpeg 768w, https:\/\/elpuucnoticias.com\/wp-content\/uploads\/2022\/07\/casa04.jpeg 1240w\" sizes=\"auto, (max-width: 1024px) 100vw, 1024px\" \/><\/figure>\n\n\n\n<p>En el acto estuvieron presentes Miguel Cach\u00f3n representante de la Sedesol, Joaqu\u00edn Mena del Secogey y Geovana Bobadilla del IVEY, adem\u00e1s de Mayli Pat Cetina, coordinadora del Departamento de Desarrollo Social y la directora de Desarrollo Social del Ayuntamiento, Jenni Alonzo Ix.\u00a0<\/p>\n\n\n\n<p>Conforman el Comit\u00e9 de Contralor\u00eda Social del Programa de Vivienda Digna, Mar\u00eda Ver\u00f3nica Mugarte Casta\u00f1eda, Emma Us Mex, Carlos Ruiz Mart\u00ednez, Mercedes Tep Chi y Mirna Piste Ceh.\u00a0<\/p>\n\n\n\n<figure class=\"wp-block-image size-full is-resized\"><img loading=\"lazy\" decoding=\"async\" src=\"https:\/\/elpuucnoticias.com\/wp-content\/uploads\/2022\/07\/BANNER-JULIO-22.jpg\" alt=\"\" class=\"wp-image-2515\" width=\"657\" height=\"224\" srcset=\"https:\/\/elpuucnoticias.com\/wp-content\/uploads\/2022\/07\/BANNER-JULIO-22.jpg 1024w, https:\/\/elpuucnoticias.com\/wp-content\/uploads\/2022\/07\/BANNER-JULIO-22-300x103.jpg 300w, https:\/\/elpuucnoticias.com\/wp-content\/uploads\/2022\/07\/BANNER-JULIO-22-768x263.jpg 768w\" sizes=\"auto, (max-width: 657px) 100vw, 657px\" \/><\/figure>\n\n\n\n<p>Esta Contralor\u00eda Social es el mecanismo con el que cuentan los beneficiarios para verificar de manera organizada, la correcta aplicaci\u00f3n de los programas de desarrollo social y el adecuado ejercicio de los recursos p\u00fablicos gestionados.\u00a0<\/p>\n\n\n\n<p>Tendr\u00e1 las funciones de vigilar, difundir la operaci\u00f3n del programa, y que los apoyos considerados se ejerzan con apego a las reglas de operaci\u00f3n.\u00a0<\/p>\n\n\n\n<p>Mantendr\u00e1n contacto con los beneficiarios en sus municipios para brindar orientaci\u00f3n e informaci\u00f3n sobre la operaci\u00f3n del programa Vivienda Digna, recepci\u00f3n, atenci\u00f3n y resoluci\u00f3n de expresiones ciudadanas.\u2014 <em>El Puuc Noticias<\/em><\/p>\n","protected":false},"excerpt":{"rendered":"<p>Con el prop\u00f3sito de dar seguimiento, vigilar y supervisar la aplicaci\u00f3n\u00a0del\u00a0programa \u00abVivienda Digna\u00bb que beneficiar\u00e1 a 86 familias<\/p>\n","protected":false},"author":1,"featured_media":2736,"comment_status":"closed","ping_status":"open","sticky":false,"template":"","format":"standard","meta":{"_monsterinsights_skip_tracking":false,"_monsterinsights_sitenote_active":false,"_monsterinsights_sitenote_note":"","_monsterinsights_sitenote_category":0,"footnotes":""},"categories":[11,14],"tags":[],"class_list":["post-2735","post","type-post","status-publish","format-standard","has-post-thumbnail","hentry","category-noticias","category-oxkutzcab"],"yoast_head":"<!-- This site is optimized with the Yoast SEO plugin v18.3 - https:\/\/yoast.com\/wordpress\/plugins\/seo\/ -->\n<title>Integran Comit\u00e9 de Contralor\u00eda Social para el Programa de Vivienda Digna en Oxkutzcab - El Puuc Noticias<\/title>\n<meta name=\"robots\" content=\"index, follow, max-snippet:-1, max-image-preview:large, max-video-preview:-1\" \/>\n<link rel=\"canonical\" href=\"https:\/\/elpuucnoticias.com\/?p=2735\" \/>\n<meta property=\"og:locale\" content=\"es_ES\" \/>\n<meta property=\"og:type\" content=\"article\" \/>\n<meta property=\"og:title\" content=\"Integran Comit\u00e9 de Contralor\u00eda Social para el Programa de Vivienda Digna en Oxkutzcab - El Puuc Noticias\" \/>\n<meta property=\"og:description\" content=\"Con el prop\u00f3sito de dar seguimiento, vigilar y supervisar la aplicaci\u00f3n\u00a0del\u00a0programa \u00abVivienda Digna\u00bb que beneficiar\u00e1 a 86 familias\" \/>\n<meta property=\"og:url\" content=\"https:\/\/elpuucnoticias.com\/?p=2735\" \/>\n<meta property=\"og:site_name\" content=\"El Puuc Noticias\" \/>\n<meta property=\"article:published_time\" content=\"2022-07-20T22:22:45+00:00\" \/>\n<meta property=\"article:modified_time\" content=\"2022-07-20T22:22:47+00:00\" \/>\n<meta property=\"og:image\" content=\"https:\/\/elpuucnoticias.com\/wp-content\/uploads\/2022\/07\/casa06.jpeg\" \/>\n\t<meta property=\"og:image:width\" content=\"1240\" \/>\n\t<meta property=\"og:image:height\" content=\"992\" \/>\n\t<meta property=\"og:image:type\" content=\"image\/jpeg\" \/>\n<meta name=\"twitter:card\" content=\"summary_large_image\" \/>\n<meta name=\"twitter:label1\" content=\"Escrito por\" \/>\n\t<meta name=\"twitter:data1\" content=\"elpuucnoticias\" \/>\n\t<meta name=\"twitter:label2\" content=\"Tiempo de lectura\" \/>\n\t<meta name=\"twitter:data2\" content=\"2 minutos\" \/>\n<script type=\"application\/ld+json\" class=\"yoast-schema-graph\">{\"@context\":\"https:\/\/schema.org\",\"@graph\":[{\"@type\":\"WebSite\",\"@id\":\"https:\/\/elpuucnoticias.com\/#website\",\"url\":\"https:\/\/elpuucnoticias.com\/\",\"name\":\"El Puuc Noticias\",\"description\":\"Noticias - Entretenimiento - Deportes\",\"potentialAction\":[{\"@type\":\"SearchAction\",\"target\":{\"@type\":\"EntryPoint\",\"urlTemplate\":\"https:\/\/elpuucnoticias.com\/?s={search_term_string}\"},\"query-input\":\"required name=search_term_string\"}],\"inLanguage\":\"es\"},{\"@type\":\"ImageObject\",\"@id\":\"https:\/\/elpuucnoticias.com\/?p=2735#primaryimage\",\"inLanguage\":\"es\",\"url\":\"https:\/\/elpuucnoticias.com\/wp-content\/uploads\/2022\/07\/casa06.jpeg\",\"contentUrl\":\"https:\/\/elpuucnoticias.com\/wp-content\/uploads\/2022\/07\/casa06.jpeg\",\"width\":1240,\"height\":992},{\"@type\":\"WebPage\",\"@id\":\"https:\/\/elpuucnoticias.com\/?p=2735#webpage\",\"url\":\"https:\/\/elpuucnoticias.com\/?p=2735\",\"name\":\"Integran Comit\u00e9 de Contralor\u00eda Social para el Programa de Vivienda Digna en Oxkutzcab - El Puuc Noticias\",\"isPartOf\":{\"@id\":\"https:\/\/elpuucnoticias.com\/#website\"},\"primaryImageOfPage\":{\"@id\":\"https:\/\/elpuucnoticias.com\/?p=2735#primaryimage\"},\"datePublished\":\"2022-07-20T22:22:45+00:00\",\"dateModified\":\"2022-07-20T22:22:47+00:00\",\"author\":{\"@id\":\"https:\/\/elpuucnoticias.com\/#\/schema\/person\/d2ea09e4c97f0160b11cdfb1d856bd9e\"},\"breadcrumb\":{\"@id\":\"https:\/\/elpuucnoticias.com\/?p=2735#breadcrumb\"},\"inLanguage\":\"es\",\"potentialAction\":[{\"@type\":\"ReadAction\",\"target\":[\"https:\/\/elpuucnoticias.com\/?p=2735\"]}]},{\"@type\":\"BreadcrumbList\",\"@id\":\"https:\/\/elpuucnoticias.com\/?p=2735#breadcrumb\",\"itemListElement\":[{\"@type\":\"ListItem\",\"position\":1,\"name\":\"Portada\",\"item\":\"https:\/\/elpuucnoticias.com\/\"},{\"@type\":\"ListItem\",\"position\":2,\"name\":\"Integran Comit\u00e9 de Contralor\u00eda Social para el Programa de Vivienda Digna en Oxkutzcab\"}]},{\"@type\":\"Person\",\"@id\":\"https:\/\/elpuucnoticias.com\/#\/schema\/person\/d2ea09e4c97f0160b11cdfb1d856bd9e\",\"name\":\"elpuucnoticias\",\"image\":{\"@type\":\"ImageObject\",\"@id\":\"https:\/\/elpuucnoticias.com\/#personlogo\",\"inLanguage\":\"es\",\"url\":\"https:\/\/secure.gravatar.com\/avatar\/5290a43657c74ffa15701dbe5b846bd85cc71930d803c84e91046a7333de6ce2?s=96&d=mm&r=g\",\"contentUrl\":\"https:\/\/secure.gravatar.com\/avatar\/5290a43657c74ffa15701dbe5b846bd85cc71930d803c84e91046a7333de6ce2?s=96&d=mm&r=g\",\"caption\":\"elpuucnoticias\"},\"sameAs\":[\"https:\/\/elpuucnoticias.com\"],\"url\":\"https:\/\/elpuucnoticias.com\/?author=1\"}]}<\/script>\n<!-- \/ Yoast SEO plugin. -->","yoast_head_json":{"title":"Integran Comit\u00e9 de Contralor\u00eda Social para el Programa de Vivienda Digna en Oxkutzcab - El Puuc Noticias","robots":{"index":"index","follow":"follow","max-snippet":"max-snippet:-1","max-image-preview":"max-image-preview:large","max-video-preview":"max-video-preview:-1"},"canonical":"https:\/\/elpuucnoticias.com\/?p=2735","og_locale":"es_ES","og_type":"article","og_title":"Integran Comit\u00e9 de Contralor\u00eda Social para el Programa de Vivienda Digna en Oxkutzcab - El Puuc Noticias","og_description":"Con el prop\u00f3sito de dar seguimiento, vigilar y supervisar la aplicaci\u00f3n\u00a0del\u00a0programa \u00abVivienda Digna\u00bb que beneficiar\u00e1 a 86 familias","og_url":"https:\/\/elpuucnoticias.com\/?p=2735","og_site_name":"El Puuc Noticias","article_published_time":"2022-07-20T22:22:45+00:00","article_modified_time":"2022-07-20T22:22:47+00:00","og_image":[{"width":1240,"height":992,"url":"https:\/\/elpuucnoticias.com\/wp-content\/uploads\/2022\/07\/casa06.jpeg","type":"image\/jpeg"}],"twitter_card":"summary_large_image","twitter_misc":{"Escrito por":"elpuucnoticias","Tiempo de lectura":"2 minutos"},"schema":{"@context":"https:\/\/schema.org","@graph":[{"@type":"WebSite","@id":"https:\/\/elpuucnoticias.com\/#website","url":"https:\/\/elpuucnoticias.com\/","name":"El Puuc Noticias","description":"Noticias - Entretenimiento - Deportes","potentialAction":[{"@type":"SearchAction","target":{"@type":"EntryPoint","urlTemplate":"https:\/\/elpuucnoticias.com\/?s={search_term_string}"},"query-input":"required name=search_term_string"}],"inLanguage":"es"},{"@type":"ImageObject","@id":"https:\/\/elpuucnoticias.com\/?p=2735#primaryimage","inLanguage":"es","url":"https:\/\/elpuucnoticias.com\/wp-content\/uploads\/2022\/07\/casa06.jpeg","contentUrl":"https:\/\/elpuucnoticias.com\/wp-content\/uploads\/2022\/07\/casa06.jpeg","width":1240,"height":992},{"@type":"WebPage","@id":"https:\/\/elpuucnoticias.com\/?p=2735#webpage","url":"https:\/\/elpuucnoticias.com\/?p=2735","name":"Integran Comit\u00e9 de Contralor\u00eda Social para el Programa de Vivienda Digna en Oxkutzcab - El Puuc Noticias","isPartOf":{"@id":"https:\/\/elpuucnoticias.com\/#website"},"primaryImageOfPage":{"@id":"https:\/\/elpuucnoticias.com\/?p=2735#primaryimage"},"datePublished":"2022-07-20T22:22:45+00:00","dateModified":"2022-07-20T22:22:47+00:00","author":{"@id":"https:\/\/elpuucnoticias.com\/#\/schema\/person\/d2ea09e4c97f0160b11cdfb1d856bd9e"},"breadcrumb":{"@id":"https:\/\/elpuucnoticias.com\/?p=2735#breadcrumb"},"inLanguage":"es","potentialAction":[{"@type":"ReadAction","target":["https:\/\/elpuucnoticias.com\/?p=2735"]}]},{"@type":"BreadcrumbList","@id":"https:\/\/elpuucnoticias.com\/?p=2735#breadcrumb","itemListElement":[{"@type":"ListItem","position":1,"name":"Portada","item":"https:\/\/elpuucnoticias.com\/"},{"@type":"ListItem","position":2,"name":"Integran Comit\u00e9 de Contralor\u00eda Social para el Programa de Vivienda Digna en Oxkutzcab"}]},{"@type":"Person","@id":"https:\/\/elpuucnoticias.com\/#\/schema\/person\/d2ea09e4c97f0160b11cdfb1d856bd9e","name":"elpuucnoticias","image":{"@type":"ImageObject","@id":"https:\/\/elpuucnoticias.com\/#personlogo","inLanguage":"es","url":"https:\/\/secure.gravatar.com\/avatar\/5290a43657c74ffa15701dbe5b846bd85cc71930d803c84e91046a7333de6ce2?s=96&d=mm&r=g","contentUrl":"https:\/\/secure.gravatar.com\/avatar\/5290a43657c74ffa15701dbe5b846bd85cc71930d803c84e91046a7333de6ce2?s=96&d=mm&r=g","caption":"elpuucnoticias"},"sameAs":["https:\/\/elpuucnoticias.com"],"url":"https:\/\/elpuucnoticias.com\/?author=1"}]}},"_links":{"self":[{"href":"https:\/\/elpuucnoticias.com\/index.php?rest_route=\/wp\/v2\/posts\/2735","targetHints":{"allow":["GET"]}}],"collection":[{"href":"https:\/\/elpuucnoticias.com\/index.php?rest_route=\/wp\/v2\/posts"}],"about":[{"href":"https:\/\/elpuucnoticias.com\/index.php?rest_route=\/wp\/v2\/types\/post"}],"author":[{"embeddable":true,"href":"https:\/\/elpuucnoticias.com\/index.php?rest_route=\/wp\/v2\/users\/1"}],"replies":[{"embeddable":true,"href":"https:\/\/elpuucnoticias.com\/index.php?rest_route=%2Fwp%2Fv2%2Fcomments&post=2735"}],"version-history":[{"count":1,"href":"https:\/\/elpuucnoticias.com\/index.php?rest_route=\/wp\/v2\/posts\/2735\/revisions"}],"predecessor-version":[{"id":2738,"href":"https:\/\/elpuucnoticias.com\/index.php?rest_route=\/wp\/v2\/posts\/2735\/revisions\/2738"}],"wp:featuredmedia":[{"embeddable":true,"href":"https:\/\/elpuucnoticias.com\/index.php?rest_route=\/wp\/v2\/media\/2736"}],"wp:attachment":[{"href":"https:\/\/elpuucnoticias.com\/index.php?rest_route=%2Fwp%2Fv2%2Fmedia&parent=2735"}],"wp:term":[{"taxonomy":"category","embeddable":true,"href":"https:\/\/elpuucnoticias.com\/index.php?rest_route=%2Fwp%2Fv2%2Fcategories&post=2735"},{"taxonomy":"post_tag","embeddable":true,"href":"https:\/\/elpuucnoticias.com\/index.php?rest_route=%2Fwp%2Fv2%2Ftags&post=2735"}],"curies":[{"name":"wp","href":"https:\/\/api.w.org\/{rel}","templated":true}]}}