{"id":2763,"date":"2022-07-21T18:08:14","date_gmt":"2022-07-22T00:08:14","guid":{"rendered":"https:\/\/elpuucnoticias.com\/?p=2763"},"modified":"2022-07-21T18:08:16","modified_gmt":"2022-07-22T00:08:16","slug":"la-huerta-del-estado-ya-cuenta-con-un-refugio-canino-para-la-atencion-de-los-animales-que-afectan-los-espacios-publicos","status":"publish","type":"post","link":"https:\/\/elpuucnoticias.com\/?p=2763","title":{"rendered":"La Huerta del Estado ya cuenta con un refugio canino para la atenci\u00f3n de los animales que afectan los espacios p\u00fablicos"},"content":{"rendered":"\n<p>Cumpliendo&nbsp;con el compromiso de buscar un espacio para los perros callejeros o en situaci\u00f3n de abandono en Oxkutzcab, el alcalde Juan Jos\u00e9 Mart\u00edn Fragoso inaugur\u00f3 esta ma\u00f1ana el refugio temporal \u00abUh Yotoch Peek\u00bb con&nbsp;capacidad para la atenci\u00f3n de unos 40 canes.&nbsp;<\/p>\n\n\n\n<figure class=\"wp-block-gallery has-nested-images columns-default is-cropped wp-block-gallery-1 is-layout-flex wp-block-gallery-is-layout-flex\">\n<figure class=\"wp-block-image size-large\"><img loading=\"lazy\" decoding=\"async\" width=\"1024\" height=\"682\" data-id=\"2765\" src=\"https:\/\/elpuucnoticias.com\/wp-content\/uploads\/2022\/07\/IMG_4494-1024x682.jpg\" alt=\"\" class=\"wp-image-2765\" srcset=\"https:\/\/elpuucnoticias.com\/wp-content\/uploads\/2022\/07\/IMG_4494-1024x682.jpg 1024w, https:\/\/elpuucnoticias.com\/wp-content\/uploads\/2022\/07\/IMG_4494-300x200.jpg 300w, https:\/\/elpuucnoticias.com\/wp-content\/uploads\/2022\/07\/IMG_4494-768x512.jpg 768w, https:\/\/elpuucnoticias.com\/wp-content\/uploads\/2022\/07\/IMG_4494-1536x1024.jpg 1536w, https:\/\/elpuucnoticias.com\/wp-content\/uploads\/2022\/07\/IMG_4494.jpg 2000w\" sizes=\"auto, (max-width: 1024px) 100vw, 1024px\" \/><\/figure>\n\n\n\n<figure class=\"wp-block-image size-large\"><img loading=\"lazy\" decoding=\"async\" width=\"1024\" height=\"745\" data-id=\"2766\" src=\"https:\/\/elpuucnoticias.com\/wp-content\/uploads\/2022\/07\/IMG_4473-1024x745.jpg\" alt=\"\" class=\"wp-image-2766\" srcset=\"https:\/\/elpuucnoticias.com\/wp-content\/uploads\/2022\/07\/IMG_4473-1024x745.jpg 1024w, https:\/\/elpuucnoticias.com\/wp-content\/uploads\/2022\/07\/IMG_4473-300x218.jpg 300w, https:\/\/elpuucnoticias.com\/wp-content\/uploads\/2022\/07\/IMG_4473-768x559.jpg 768w, https:\/\/elpuucnoticias.com\/wp-content\/uploads\/2022\/07\/IMG_4473-1536x1117.jpg 1536w, https:\/\/elpuucnoticias.com\/wp-content\/uploads\/2022\/07\/IMG_4473.jpg 2000w\" sizes=\"auto, (max-width: 1024px) 100vw, 1024px\" \/><\/figure>\n<\/figure>\n\n\n\n<p>Los departamentos de Ecolog\u00eda y Medio Ambiente e Inclusi\u00f3n Social, llevaron a cabo el programa del \u00abCroket\u00f3n\u00bb en la que invitan a vecinos a participar en la donaci\u00f3n de croquetas con el lema \u00abCuidemos a los animales\u00bb.&nbsp;<\/p>\n\n\n\n<p>Al poner en marcha el refugio para los canes, el presidente municipal indic\u00f3 que parte de este proyecto es inculcar en los vecinos que tengan perros la cultura del cuidado de los animales, a fin de que no estos no se vuelvan callejeros.<\/p>\n\n\n\n<figure class=\"wp-block-image size-full is-resized\"><img loading=\"lazy\" decoding=\"async\" src=\"https:\/\/elpuucnoticias.com\/wp-content\/uploads\/2022\/07\/BANNER-JULIO-22.jpg\" alt=\"\" class=\"wp-image-2515\" width=\"642\" height=\"219\" srcset=\"https:\/\/elpuucnoticias.com\/wp-content\/uploads\/2022\/07\/BANNER-JULIO-22.jpg 1024w, https:\/\/elpuucnoticias.com\/wp-content\/uploads\/2022\/07\/BANNER-JULIO-22-300x103.jpg 300w, https:\/\/elpuucnoticias.com\/wp-content\/uploads\/2022\/07\/BANNER-JULIO-22-768x263.jpg 768w\" sizes=\"auto, (max-width: 642px) 100vw, 642px\" \/><\/figure>\n\n\n\n<p>\u00abEl refugio es un paso para contrarrestar otros males, pues un perrito que est\u00e1 en la calle, puede atacar a alguna persona y puede transmitir alguna enfermedad entre la gente\u00bb, indica.&nbsp;<\/p>\n\n\n\n<p>El plan ser\u00e1 a beneficio de la salud, se busca tambi\u00e9n que la gente entienda lo importante del cuidado de sus mascotas.&nbsp;<\/p>\n\n\n\n<p>El proyecto es a iniciativa de la Direcci\u00f3n de Ecolog\u00eda y Medio ambiente que encabeza Fernando Stengel Colonia Esquivel, y el objetivo es brindar un hogar temporal a los perros callejeros. \u00abEs un espacio para aquellos animalitos que est\u00e1n en situaci\u00f3n de abandono en las calles o son maltratados\u00bb, refiere.&nbsp;<\/p>\n\n\n\n<p>\u00abEn el espacio ser\u00e1n atendidos d\u00e1ndoles un mejor trato de vida en cuanto a su salud ya que se les desparasitar\u00e1, y atender\u00e1 en caso de que tengan alguna enfermedad. \u00abSer\u00e1 una oportunidad tambi\u00e9n para darlos en adopci\u00f3n\u00bb.<\/p>\n\n\n\n<p>\u00abSolamente se llevar\u00e1n al refugio a los perros que est\u00e9n deambulando en espacios p\u00fablicos como los mercados, parques, entre otros\u00bb, puntualiza.\u2014 <em>El Puuc Noticias<\/em><\/p>\n","protected":false},"excerpt":{"rendered":"<p>Cumpliendo&nbsp;con el compromiso de buscar un espacio para los perros callejeros o en situaci\u00f3n de abandono en Oxkutzcab,<\/p>\n","protected":false},"author":1,"featured_media":2764,"comment_status":"closed","ping_status":"open","sticky":false,"template":"","format":"standard","meta":{"_monsterinsights_skip_tracking":false,"_monsterinsights_sitenote_active":false,"_monsterinsights_sitenote_note":"","_monsterinsights_sitenote_category":0,"footnotes":""},"categories":[11,14],"tags":[],"class_list":["post-2763","post","type-post","status-publish","format-standard","has-post-thumbnail","hentry","category-noticias","category-oxkutzcab"],"yoast_head":"<!-- This site is optimized with the Yoast SEO plugin v18.3 - https:\/\/yoast.com\/wordpress\/plugins\/seo\/ -->\n<title>La Huerta del Estado ya cuenta con un refugio canino para la atenci\u00f3n de los animales que afectan los espacios p\u00fablicos - El Puuc Noticias<\/title>\n<meta name=\"robots\" content=\"index, follow, max-snippet:-1, max-image-preview:large, max-video-preview:-1\" \/>\n<link rel=\"canonical\" href=\"https:\/\/elpuucnoticias.com\/?p=2763\" \/>\n<meta property=\"og:locale\" content=\"es_ES\" \/>\n<meta property=\"og:type\" content=\"article\" \/>\n<meta property=\"og:title\" content=\"La Huerta del Estado ya cuenta con un refugio canino para la atenci\u00f3n de los animales que afectan los espacios p\u00fablicos - El Puuc Noticias\" \/>\n<meta property=\"og:description\" content=\"Cumpliendo&nbsp;con el compromiso de buscar un espacio para los perros callejeros o en situaci\u00f3n de abandono en Oxkutzcab,\" \/>\n<meta property=\"og:url\" content=\"https:\/\/elpuucnoticias.com\/?p=2763\" \/>\n<meta property=\"og:site_name\" content=\"El Puuc Noticias\" \/>\n<meta property=\"article:published_time\" content=\"2022-07-22T00:08:14+00:00\" \/>\n<meta property=\"article:modified_time\" content=\"2022-07-22T00:08:16+00:00\" \/>\n<meta property=\"og:image\" content=\"https:\/\/elpuucnoticias.com\/wp-content\/uploads\/2022\/07\/IMG_4530.jpg\" \/>\n\t<meta property=\"og:image:width\" content=\"2000\" \/>\n\t<meta property=\"og:image:height\" content=\"1600\" \/>\n\t<meta property=\"og:image:type\" content=\"image\/jpeg\" \/>\n<meta name=\"twitter:card\" content=\"summary_large_image\" \/>\n<meta name=\"twitter:label1\" content=\"Escrito por\" \/>\n\t<meta name=\"twitter:data1\" content=\"elpuucnoticias\" \/>\n\t<meta name=\"twitter:label2\" content=\"Tiempo de lectura\" \/>\n\t<meta name=\"twitter:data2\" content=\"2 minutos\" \/>\n<script type=\"application\/ld+json\" class=\"yoast-schema-graph\">{\"@context\":\"https:\/\/schema.org\",\"@graph\":[{\"@type\":\"WebSite\",\"@id\":\"https:\/\/elpuucnoticias.com\/#website\",\"url\":\"https:\/\/elpuucnoticias.com\/\",\"name\":\"El Puuc Noticias\",\"description\":\"Noticias - Entretenimiento - Deportes\",\"potentialAction\":[{\"@type\":\"SearchAction\",\"target\":{\"@type\":\"EntryPoint\",\"urlTemplate\":\"https:\/\/elpuucnoticias.com\/?s={search_term_string}\"},\"query-input\":\"required name=search_term_string\"}],\"inLanguage\":\"es\"},{\"@type\":\"ImageObject\",\"@id\":\"https:\/\/elpuucnoticias.com\/?p=2763#primaryimage\",\"inLanguage\":\"es\",\"url\":\"https:\/\/elpuucnoticias.com\/wp-content\/uploads\/2022\/07\/IMG_4530.jpg\",\"contentUrl\":\"https:\/\/elpuucnoticias.com\/wp-content\/uploads\/2022\/07\/IMG_4530.jpg\",\"width\":2000,\"height\":1600},{\"@type\":\"WebPage\",\"@id\":\"https:\/\/elpuucnoticias.com\/?p=2763#webpage\",\"url\":\"https:\/\/elpuucnoticias.com\/?p=2763\",\"name\":\"La Huerta del Estado ya cuenta con un refugio canino para la atenci\u00f3n de los animales que afectan los espacios p\u00fablicos - El Puuc Noticias\",\"isPartOf\":{\"@id\":\"https:\/\/elpuucnoticias.com\/#website\"},\"primaryImageOfPage\":{\"@id\":\"https:\/\/elpuucnoticias.com\/?p=2763#primaryimage\"},\"datePublished\":\"2022-07-22T00:08:14+00:00\",\"dateModified\":\"2022-07-22T00:08:16+00:00\",\"author\":{\"@id\":\"https:\/\/elpuucnoticias.com\/#\/schema\/person\/d2ea09e4c97f0160b11cdfb1d856bd9e\"},\"breadcrumb\":{\"@id\":\"https:\/\/elpuucnoticias.com\/?p=2763#breadcrumb\"},\"inLanguage\":\"es\",\"potentialAction\":[{\"@type\":\"ReadAction\",\"target\":[\"https:\/\/elpuucnoticias.com\/?p=2763\"]}]},{\"@type\":\"BreadcrumbList\",\"@id\":\"https:\/\/elpuucnoticias.com\/?p=2763#breadcrumb\",\"itemListElement\":[{\"@type\":\"ListItem\",\"position\":1,\"name\":\"Portada\",\"item\":\"https:\/\/elpuucnoticias.com\/\"},{\"@type\":\"ListItem\",\"position\":2,\"name\":\"La Huerta del Estado ya cuenta con un refugio canino para la atenci\u00f3n de los animales que afectan los espacios p\u00fablicos\"}]},{\"@type\":\"Person\",\"@id\":\"https:\/\/elpuucnoticias.com\/#\/schema\/person\/d2ea09e4c97f0160b11cdfb1d856bd9e\",\"name\":\"elpuucnoticias\",\"image\":{\"@type\":\"ImageObject\",\"@id\":\"https:\/\/elpuucnoticias.com\/#personlogo\",\"inLanguage\":\"es\",\"url\":\"https:\/\/secure.gravatar.com\/avatar\/5290a43657c74ffa15701dbe5b846bd85cc71930d803c84e91046a7333de6ce2?s=96&d=mm&r=g\",\"contentUrl\":\"https:\/\/secure.gravatar.com\/avatar\/5290a43657c74ffa15701dbe5b846bd85cc71930d803c84e91046a7333de6ce2?s=96&d=mm&r=g\",\"caption\":\"elpuucnoticias\"},\"sameAs\":[\"https:\/\/elpuucnoticias.com\"],\"url\":\"https:\/\/elpuucnoticias.com\/?author=1\"}]}<\/script>\n<!-- \/ Yoast SEO plugin. -->","yoast_head_json":{"title":"La Huerta del Estado ya cuenta con un refugio canino para la atenci\u00f3n de los animales que afectan los espacios p\u00fablicos - El Puuc Noticias","robots":{"index":"index","follow":"follow","max-snippet":"max-snippet:-1","max-image-preview":"max-image-preview:large","max-video-preview":"max-video-preview:-1"},"canonical":"https:\/\/elpuucnoticias.com\/?p=2763","og_locale":"es_ES","og_type":"article","og_title":"La Huerta del Estado ya cuenta con un refugio canino para la atenci\u00f3n de los animales que afectan los espacios p\u00fablicos - El Puuc Noticias","og_description":"Cumpliendo&nbsp;con el compromiso de buscar un espacio para los perros callejeros o en situaci\u00f3n de abandono en Oxkutzcab,","og_url":"https:\/\/elpuucnoticias.com\/?p=2763","og_site_name":"El Puuc Noticias","article_published_time":"2022-07-22T00:08:14+00:00","article_modified_time":"2022-07-22T00:08:16+00:00","og_image":[{"width":2000,"height":1600,"url":"https:\/\/elpuucnoticias.com\/wp-content\/uploads\/2022\/07\/IMG_4530.jpg","type":"image\/jpeg"}],"twitter_card":"summary_large_image","twitter_misc":{"Escrito por":"elpuucnoticias","Tiempo de lectura":"2 minutos"},"schema":{"@context":"https:\/\/schema.org","@graph":[{"@type":"WebSite","@id":"https:\/\/elpuucnoticias.com\/#website","url":"https:\/\/elpuucnoticias.com\/","name":"El Puuc Noticias","description":"Noticias - Entretenimiento - Deportes","potentialAction":[{"@type":"SearchAction","target":{"@type":"EntryPoint","urlTemplate":"https:\/\/elpuucnoticias.com\/?s={search_term_string}"},"query-input":"required name=search_term_string"}],"inLanguage":"es"},{"@type":"ImageObject","@id":"https:\/\/elpuucnoticias.com\/?p=2763#primaryimage","inLanguage":"es","url":"https:\/\/elpuucnoticias.com\/wp-content\/uploads\/2022\/07\/IMG_4530.jpg","contentUrl":"https:\/\/elpuucnoticias.com\/wp-content\/uploads\/2022\/07\/IMG_4530.jpg","width":2000,"height":1600},{"@type":"WebPage","@id":"https:\/\/elpuucnoticias.com\/?p=2763#webpage","url":"https:\/\/elpuucnoticias.com\/?p=2763","name":"La Huerta del Estado ya cuenta con un refugio canino para la atenci\u00f3n de los animales que afectan los espacios p\u00fablicos - El Puuc Noticias","isPartOf":{"@id":"https:\/\/elpuucnoticias.com\/#website"},"primaryImageOfPage":{"@id":"https:\/\/elpuucnoticias.com\/?p=2763#primaryimage"},"datePublished":"2022-07-22T00:08:14+00:00","dateModified":"2022-07-22T00:08:16+00:00","author":{"@id":"https:\/\/elpuucnoticias.com\/#\/schema\/person\/d2ea09e4c97f0160b11cdfb1d856bd9e"},"breadcrumb":{"@id":"https:\/\/elpuucnoticias.com\/?p=2763#breadcrumb"},"inLanguage":"es","potentialAction":[{"@type":"ReadAction","target":["https:\/\/elpuucnoticias.com\/?p=2763"]}]},{"@type":"BreadcrumbList","@id":"https:\/\/elpuucnoticias.com\/?p=2763#breadcrumb","itemListElement":[{"@type":"ListItem","position":1,"name":"Portada","item":"https:\/\/elpuucnoticias.com\/"},{"@type":"ListItem","position":2,"name":"La Huerta del Estado ya cuenta con un refugio canino para la atenci\u00f3n de los animales que afectan los espacios p\u00fablicos"}]},{"@type":"Person","@id":"https:\/\/elpuucnoticias.com\/#\/schema\/person\/d2ea09e4c97f0160b11cdfb1d856bd9e","name":"elpuucnoticias","image":{"@type":"ImageObject","@id":"https:\/\/elpuucnoticias.com\/#personlogo","inLanguage":"es","url":"https:\/\/secure.gravatar.com\/avatar\/5290a43657c74ffa15701dbe5b846bd85cc71930d803c84e91046a7333de6ce2?s=96&d=mm&r=g","contentUrl":"https:\/\/secure.gravatar.com\/avatar\/5290a43657c74ffa15701dbe5b846bd85cc71930d803c84e91046a7333de6ce2?s=96&d=mm&r=g","caption":"elpuucnoticias"},"sameAs":["https:\/\/elpuucnoticias.com"],"url":"https:\/\/elpuucnoticias.com\/?author=1"}]}},"_links":{"self":[{"href":"https:\/\/elpuucnoticias.com\/index.php?rest_route=\/wp\/v2\/posts\/2763","targetHints":{"allow":["GET"]}}],"collection":[{"href":"https:\/\/elpuucnoticias.com\/index.php?rest_route=\/wp\/v2\/posts"}],"about":[{"href":"https:\/\/elpuucnoticias.com\/index.php?rest_route=\/wp\/v2\/types\/post"}],"author":[{"embeddable":true,"href":"https:\/\/elpuucnoticias.com\/index.php?rest_route=\/wp\/v2\/users\/1"}],"replies":[{"embeddable":true,"href":"https:\/\/elpuucnoticias.com\/index.php?rest_route=%2Fwp%2Fv2%2Fcomments&post=2763"}],"version-history":[{"count":1,"href":"https:\/\/elpuucnoticias.com\/index.php?rest_route=\/wp\/v2\/posts\/2763\/revisions"}],"predecessor-version":[{"id":2767,"href":"https:\/\/elpuucnoticias.com\/index.php?rest_route=\/wp\/v2\/posts\/2763\/revisions\/2767"}],"wp:featuredmedia":[{"embeddable":true,"href":"https:\/\/elpuucnoticias.com\/index.php?rest_route=\/wp\/v2\/media\/2764"}],"wp:attachment":[{"href":"https:\/\/elpuucnoticias.com\/index.php?rest_route=%2Fwp%2Fv2%2Fmedia&parent=2763"}],"wp:term":[{"taxonomy":"category","embeddable":true,"href":"https:\/\/elpuucnoticias.com\/index.php?rest_route=%2Fwp%2Fv2%2Fcategories&post=2763"},{"taxonomy":"post_tag","embeddable":true,"href":"https:\/\/elpuucnoticias.com\/index.php?rest_route=%2Fwp%2Fv2%2Ftags&post=2763"}],"curies":[{"name":"wp","href":"https:\/\/api.w.org\/{rel}","templated":true}]}}