{"id":2807,"date":"2022-07-25T16:57:13","date_gmt":"2022-07-25T22:57:13","guid":{"rendered":"https:\/\/elpuucnoticias.com\/?p=2807"},"modified":"2022-07-25T16:57:16","modified_gmt":"2022-07-25T22:57:16","slug":"ceremonia-por-el-ano-nuevo-maya-en-peto-el-alcalde-renan-jimenez-insta-a-rescatar-estas-tradiciones","status":"publish","type":"post","link":"https:\/\/elpuucnoticias.com\/?p=2807","title":{"rendered":"Ceremonia por el A\u00f1o Nuevo Maya en Peto. El alcalde Ren\u00e1n Jim\u00e9nez insta a rescatar estas tradiciones"},"content":{"rendered":"\n<p>Con motivo del A\u00f1o Nuevo Maya, este domingo se realiz\u00f3 en la villa de Peto una Ceremonia Sagrada en la que participaron varios sacerdotes mayas provenientes de diferentes lugares.<\/p>\n\n\n\n<p>Alrededor de las 11 de la ma\u00f1ana se inaugur\u00f3 el evento en los bajos del Palacio Municipal, actividad en la que estuvieron presentes los sacerdotes mayas y autoridades del municipio.<\/p>\n\n\n\n<figure class=\"wp-block-gallery has-nested-images columns-default is-cropped wp-block-gallery-1 is-layout-flex wp-block-gallery-is-layout-flex\">\n<figure class=\"wp-block-image size-large\"><img loading=\"lazy\" decoding=\"async\" width=\"1024\" height=\"682\" data-id=\"2809\" src=\"https:\/\/elpuucnoticias.com\/wp-content\/uploads\/2022\/07\/WhatsApp-Image-2022-07-25-at-5.50.49-PM-1-1024x682.jpeg\" alt=\"\" class=\"wp-image-2809\" srcset=\"https:\/\/elpuucnoticias.com\/wp-content\/uploads\/2022\/07\/WhatsApp-Image-2022-07-25-at-5.50.49-PM-1-1024x682.jpeg 1024w, https:\/\/elpuucnoticias.com\/wp-content\/uploads\/2022\/07\/WhatsApp-Image-2022-07-25-at-5.50.49-PM-1-300x200.jpeg 300w, https:\/\/elpuucnoticias.com\/wp-content\/uploads\/2022\/07\/WhatsApp-Image-2022-07-25-at-5.50.49-PM-1-768x512.jpeg 768w, https:\/\/elpuucnoticias.com\/wp-content\/uploads\/2022\/07\/WhatsApp-Image-2022-07-25-at-5.50.49-PM-1.jpeg 1280w\" sizes=\"auto, (max-width: 1024px) 100vw, 1024px\" \/><\/figure>\n\n\n\n<figure class=\"wp-block-image size-large\"><img loading=\"lazy\" decoding=\"async\" width=\"1024\" height=\"682\" data-id=\"2810\" src=\"https:\/\/elpuucnoticias.com\/wp-content\/uploads\/2022\/07\/WhatsApp-Image-2022-07-25-at-5.50.50-PM-1-1024x682.jpeg\" alt=\"\" class=\"wp-image-2810\" srcset=\"https:\/\/elpuucnoticias.com\/wp-content\/uploads\/2022\/07\/WhatsApp-Image-2022-07-25-at-5.50.50-PM-1-1024x682.jpeg 1024w, https:\/\/elpuucnoticias.com\/wp-content\/uploads\/2022\/07\/WhatsApp-Image-2022-07-25-at-5.50.50-PM-1-300x200.jpeg 300w, https:\/\/elpuucnoticias.com\/wp-content\/uploads\/2022\/07\/WhatsApp-Image-2022-07-25-at-5.50.50-PM-1-768x512.jpeg 768w, https:\/\/elpuucnoticias.com\/wp-content\/uploads\/2022\/07\/WhatsApp-Image-2022-07-25-at-5.50.50-PM-1.jpeg 1280w\" sizes=\"auto, (max-width: 1024px) 100vw, 1024px\" \/><\/figure>\n<\/figure>\n\n\n\n<p>Tambi\u00e9n se hizo una ceremonia al cacao previo a la inauguraci\u00f3n del evento, donde se dio a conocer el motivo de la celebraci\u00f3n y la importancia que tiene el nuevo a\u00f1o maya.<\/p>\n\n\n\n<p>En el evento estuvo presente el alcalde Ren\u00e1n Jim\u00e9nez Tah qui\u00e9n se\u00f1al\u00f3 que no es f\u00e1cil organizar un evento de este tipo y resalt\u00f3 la importancia de conservar estas tradiciones.<\/p>\n\n\n\n<figure class=\"wp-block-image size-full is-resized\"><img loading=\"lazy\" decoding=\"async\" src=\"https:\/\/elpuucnoticias.com\/wp-content\/uploads\/2022\/07\/BANNER-JULIO-22.jpg\" alt=\"\" class=\"wp-image-2515\" width=\"639\" height=\"218\" srcset=\"https:\/\/elpuucnoticias.com\/wp-content\/uploads\/2022\/07\/BANNER-JULIO-22.jpg 1024w, https:\/\/elpuucnoticias.com\/wp-content\/uploads\/2022\/07\/BANNER-JULIO-22-300x103.jpg 300w, https:\/\/elpuucnoticias.com\/wp-content\/uploads\/2022\/07\/BANNER-JULIO-22-768x263.jpg 768w\" sizes=\"auto, (max-width: 639px) 100vw, 639px\" \/><\/figure>\n\n\n\n<p>Tambi\u00e9n recalc\u00f3 que desde hace varios a\u00f1os que se ha ido perdiendo parte de la cultura, sin embargo, considera que es necesario hacer algo para rescatarla, como es el caso de la lengua maya.<\/p>\n\n\n\n<p>\u00abEs importante que la lengua maya se valore y se fortalezca, porque forma parte de nuestra cultura, por eso es necesario promoverla y difundirla, para que todos se sientan orgullosos de sus ra\u00edces\u00bb, indic\u00f3.<\/p>\n\n\n\n<figure class=\"wp-block-gallery has-nested-images columns-default is-cropped wp-block-gallery-2 is-layout-flex wp-block-gallery-is-layout-flex\">\n<figure class=\"wp-block-image size-large\"><img loading=\"lazy\" decoding=\"async\" width=\"1024\" height=\"682\" data-id=\"2812\" src=\"https:\/\/elpuucnoticias.com\/wp-content\/uploads\/2022\/07\/WhatsApp-Image-2022-07-25-at-5.50.47-PM-1024x682.jpeg\" alt=\"\" class=\"wp-image-2812\" srcset=\"https:\/\/elpuucnoticias.com\/wp-content\/uploads\/2022\/07\/WhatsApp-Image-2022-07-25-at-5.50.47-PM-1024x682.jpeg 1024w, https:\/\/elpuucnoticias.com\/wp-content\/uploads\/2022\/07\/WhatsApp-Image-2022-07-25-at-5.50.47-PM-300x200.jpeg 300w, https:\/\/elpuucnoticias.com\/wp-content\/uploads\/2022\/07\/WhatsApp-Image-2022-07-25-at-5.50.47-PM-768x512.jpeg 768w, https:\/\/elpuucnoticias.com\/wp-content\/uploads\/2022\/07\/WhatsApp-Image-2022-07-25-at-5.50.47-PM.jpeg 1280w\" sizes=\"auto, (max-width: 1024px) 100vw, 1024px\" \/><\/figure>\n\n\n\n<figure class=\"wp-block-image size-large\"><img loading=\"lazy\" decoding=\"async\" width=\"1024\" height=\"682\" data-id=\"2811\" src=\"https:\/\/elpuucnoticias.com\/wp-content\/uploads\/2022\/07\/WhatsApp-Image-2022-07-25-at-5.50.49-PM-1024x682.jpeg\" alt=\"\" class=\"wp-image-2811\" srcset=\"https:\/\/elpuucnoticias.com\/wp-content\/uploads\/2022\/07\/WhatsApp-Image-2022-07-25-at-5.50.49-PM-1024x682.jpeg 1024w, https:\/\/elpuucnoticias.com\/wp-content\/uploads\/2022\/07\/WhatsApp-Image-2022-07-25-at-5.50.49-PM-300x200.jpeg 300w, https:\/\/elpuucnoticias.com\/wp-content\/uploads\/2022\/07\/WhatsApp-Image-2022-07-25-at-5.50.49-PM-768x512.jpeg 768w, https:\/\/elpuucnoticias.com\/wp-content\/uploads\/2022\/07\/WhatsApp-Image-2022-07-25-at-5.50.49-PM.jpeg 1280w\" sizes=\"auto, (max-width: 1024px) 100vw, 1024px\" \/><\/figure>\n<\/figure>\n\n\n\n<p>Los sacerdotes mayas hablaron de la importancia del a\u00f1o maya que inicia y por la tarde el profesor Ra\u00fal Mendoza dio una pl\u00e1tica sobre el calendario maya, los meses del calendario y su significado, adem\u00e1s se ten\u00eda programada la ceremonia del Fuego Nuevo en la placita San Antonio.<\/p>\n\n\n\n<p>Como parte de la actividad, tambi\u00e9n hubo exposici\u00f3n de artesanos en los corredores del Palacio Municipal.\u2014 <em>El Puuc Noticias<\/em><\/p>\n","protected":false},"excerpt":{"rendered":"<p>Con motivo del A\u00f1o Nuevo Maya, este domingo se realiz\u00f3 en la villa de Peto una Ceremonia Sagrada<\/p>\n","protected":false},"author":1,"featured_media":2808,"comment_status":"closed","ping_status":"open","sticky":false,"template":"","format":"standard","meta":{"_monsterinsights_skip_tracking":false,"_monsterinsights_sitenote_active":false,"_monsterinsights_sitenote_note":"","_monsterinsights_sitenote_category":0,"footnotes":""},"categories":[11,20],"tags":[],"class_list":["post-2807","post","type-post","status-publish","format-standard","has-post-thumbnail","hentry","category-noticias","category-peto"],"yoast_head":"<!-- This site is optimized with the Yoast SEO plugin v18.3 - https:\/\/yoast.com\/wordpress\/plugins\/seo\/ -->\n<title>Ceremonia por el A\u00f1o Nuevo Maya en Peto. El alcalde Ren\u00e1n Jim\u00e9nez insta a rescatar estas tradiciones - El Puuc Noticias<\/title>\n<meta name=\"robots\" content=\"index, follow, max-snippet:-1, max-image-preview:large, max-video-preview:-1\" \/>\n<link rel=\"canonical\" href=\"https:\/\/elpuucnoticias.com\/?p=2807\" \/>\n<meta property=\"og:locale\" content=\"es_ES\" \/>\n<meta property=\"og:type\" content=\"article\" \/>\n<meta property=\"og:title\" content=\"Ceremonia por el A\u00f1o Nuevo Maya en Peto. El alcalde Ren\u00e1n Jim\u00e9nez insta a rescatar estas tradiciones - El Puuc Noticias\" \/>\n<meta property=\"og:description\" content=\"Con motivo del A\u00f1o Nuevo Maya, este domingo se realiz\u00f3 en la villa de Peto una Ceremonia Sagrada\" \/>\n<meta property=\"og:url\" content=\"https:\/\/elpuucnoticias.com\/?p=2807\" \/>\n<meta property=\"og:site_name\" content=\"El Puuc Noticias\" \/>\n<meta property=\"article:published_time\" content=\"2022-07-25T22:57:13+00:00\" \/>\n<meta property=\"article:modified_time\" content=\"2022-07-25T22:57:16+00:00\" \/>\n<meta property=\"og:image\" content=\"https:\/\/elpuucnoticias.com\/wp-content\/uploads\/2022\/07\/WhatsApp-Image-2022-07-25-at-5.50.50-PM.jpeg\" \/>\n\t<meta property=\"og:image:width\" content=\"1280\" \/>\n\t<meta property=\"og:image:height\" content=\"853\" \/>\n\t<meta property=\"og:image:type\" content=\"image\/jpeg\" \/>\n<meta name=\"twitter:card\" content=\"summary_large_image\" \/>\n<meta name=\"twitter:label1\" content=\"Escrito por\" \/>\n\t<meta name=\"twitter:data1\" content=\"elpuucnoticias\" \/>\n\t<meta name=\"twitter:label2\" content=\"Tiempo de lectura\" \/>\n\t<meta name=\"twitter:data2\" content=\"3 minutos\" \/>\n<script type=\"application\/ld+json\" class=\"yoast-schema-graph\">{\"@context\":\"https:\/\/schema.org\",\"@graph\":[{\"@type\":\"WebSite\",\"@id\":\"https:\/\/elpuucnoticias.com\/#website\",\"url\":\"https:\/\/elpuucnoticias.com\/\",\"name\":\"El Puuc Noticias\",\"description\":\"Noticias - Entretenimiento - Deportes\",\"potentialAction\":[{\"@type\":\"SearchAction\",\"target\":{\"@type\":\"EntryPoint\",\"urlTemplate\":\"https:\/\/elpuucnoticias.com\/?s={search_term_string}\"},\"query-input\":\"required name=search_term_string\"}],\"inLanguage\":\"es\"},{\"@type\":\"ImageObject\",\"@id\":\"https:\/\/elpuucnoticias.com\/?p=2807#primaryimage\",\"inLanguage\":\"es\",\"url\":\"https:\/\/elpuucnoticias.com\/wp-content\/uploads\/2022\/07\/WhatsApp-Image-2022-07-25-at-5.50.50-PM.jpeg\",\"contentUrl\":\"https:\/\/elpuucnoticias.com\/wp-content\/uploads\/2022\/07\/WhatsApp-Image-2022-07-25-at-5.50.50-PM.jpeg\",\"width\":1280,\"height\":853},{\"@type\":\"WebPage\",\"@id\":\"https:\/\/elpuucnoticias.com\/?p=2807#webpage\",\"url\":\"https:\/\/elpuucnoticias.com\/?p=2807\",\"name\":\"Ceremonia por el A\u00f1o Nuevo Maya en Peto. El alcalde Ren\u00e1n Jim\u00e9nez insta a rescatar estas tradiciones - El Puuc Noticias\",\"isPartOf\":{\"@id\":\"https:\/\/elpuucnoticias.com\/#website\"},\"primaryImageOfPage\":{\"@id\":\"https:\/\/elpuucnoticias.com\/?p=2807#primaryimage\"},\"datePublished\":\"2022-07-25T22:57:13+00:00\",\"dateModified\":\"2022-07-25T22:57:16+00:00\",\"author\":{\"@id\":\"https:\/\/elpuucnoticias.com\/#\/schema\/person\/d2ea09e4c97f0160b11cdfb1d856bd9e\"},\"breadcrumb\":{\"@id\":\"https:\/\/elpuucnoticias.com\/?p=2807#breadcrumb\"},\"inLanguage\":\"es\",\"potentialAction\":[{\"@type\":\"ReadAction\",\"target\":[\"https:\/\/elpuucnoticias.com\/?p=2807\"]}]},{\"@type\":\"BreadcrumbList\",\"@id\":\"https:\/\/elpuucnoticias.com\/?p=2807#breadcrumb\",\"itemListElement\":[{\"@type\":\"ListItem\",\"position\":1,\"name\":\"Portada\",\"item\":\"https:\/\/elpuucnoticias.com\/\"},{\"@type\":\"ListItem\",\"position\":2,\"name\":\"Ceremonia por el A\u00f1o Nuevo Maya en Peto. El alcalde Ren\u00e1n Jim\u00e9nez insta a rescatar estas tradiciones\"}]},{\"@type\":\"Person\",\"@id\":\"https:\/\/elpuucnoticias.com\/#\/schema\/person\/d2ea09e4c97f0160b11cdfb1d856bd9e\",\"name\":\"elpuucnoticias\",\"image\":{\"@type\":\"ImageObject\",\"@id\":\"https:\/\/elpuucnoticias.com\/#personlogo\",\"inLanguage\":\"es\",\"url\":\"https:\/\/secure.gravatar.com\/avatar\/5290a43657c74ffa15701dbe5b846bd85cc71930d803c84e91046a7333de6ce2?s=96&d=mm&r=g\",\"contentUrl\":\"https:\/\/secure.gravatar.com\/avatar\/5290a43657c74ffa15701dbe5b846bd85cc71930d803c84e91046a7333de6ce2?s=96&d=mm&r=g\",\"caption\":\"elpuucnoticias\"},\"sameAs\":[\"https:\/\/elpuucnoticias.com\"],\"url\":\"https:\/\/elpuucnoticias.com\/?author=1\"}]}<\/script>\n<!-- \/ Yoast SEO plugin. -->","yoast_head_json":{"title":"Ceremonia por el A\u00f1o Nuevo Maya en Peto. El alcalde Ren\u00e1n Jim\u00e9nez insta a rescatar estas tradiciones - El Puuc Noticias","robots":{"index":"index","follow":"follow","max-snippet":"max-snippet:-1","max-image-preview":"max-image-preview:large","max-video-preview":"max-video-preview:-1"},"canonical":"https:\/\/elpuucnoticias.com\/?p=2807","og_locale":"es_ES","og_type":"article","og_title":"Ceremonia por el A\u00f1o Nuevo Maya en Peto. El alcalde Ren\u00e1n Jim\u00e9nez insta a rescatar estas tradiciones - El Puuc Noticias","og_description":"Con motivo del A\u00f1o Nuevo Maya, este domingo se realiz\u00f3 en la villa de Peto una Ceremonia Sagrada","og_url":"https:\/\/elpuucnoticias.com\/?p=2807","og_site_name":"El Puuc Noticias","article_published_time":"2022-07-25T22:57:13+00:00","article_modified_time":"2022-07-25T22:57:16+00:00","og_image":[{"width":1280,"height":853,"url":"https:\/\/elpuucnoticias.com\/wp-content\/uploads\/2022\/07\/WhatsApp-Image-2022-07-25-at-5.50.50-PM.jpeg","type":"image\/jpeg"}],"twitter_card":"summary_large_image","twitter_misc":{"Escrito por":"elpuucnoticias","Tiempo de lectura":"3 minutos"},"schema":{"@context":"https:\/\/schema.org","@graph":[{"@type":"WebSite","@id":"https:\/\/elpuucnoticias.com\/#website","url":"https:\/\/elpuucnoticias.com\/","name":"El Puuc Noticias","description":"Noticias - Entretenimiento - Deportes","potentialAction":[{"@type":"SearchAction","target":{"@type":"EntryPoint","urlTemplate":"https:\/\/elpuucnoticias.com\/?s={search_term_string}"},"query-input":"required name=search_term_string"}],"inLanguage":"es"},{"@type":"ImageObject","@id":"https:\/\/elpuucnoticias.com\/?p=2807#primaryimage","inLanguage":"es","url":"https:\/\/elpuucnoticias.com\/wp-content\/uploads\/2022\/07\/WhatsApp-Image-2022-07-25-at-5.50.50-PM.jpeg","contentUrl":"https:\/\/elpuucnoticias.com\/wp-content\/uploads\/2022\/07\/WhatsApp-Image-2022-07-25-at-5.50.50-PM.jpeg","width":1280,"height":853},{"@type":"WebPage","@id":"https:\/\/elpuucnoticias.com\/?p=2807#webpage","url":"https:\/\/elpuucnoticias.com\/?p=2807","name":"Ceremonia por el A\u00f1o Nuevo Maya en Peto. El alcalde Ren\u00e1n Jim\u00e9nez insta a rescatar estas tradiciones - El Puuc Noticias","isPartOf":{"@id":"https:\/\/elpuucnoticias.com\/#website"},"primaryImageOfPage":{"@id":"https:\/\/elpuucnoticias.com\/?p=2807#primaryimage"},"datePublished":"2022-07-25T22:57:13+00:00","dateModified":"2022-07-25T22:57:16+00:00","author":{"@id":"https:\/\/elpuucnoticias.com\/#\/schema\/person\/d2ea09e4c97f0160b11cdfb1d856bd9e"},"breadcrumb":{"@id":"https:\/\/elpuucnoticias.com\/?p=2807#breadcrumb"},"inLanguage":"es","potentialAction":[{"@type":"ReadAction","target":["https:\/\/elpuucnoticias.com\/?p=2807"]}]},{"@type":"BreadcrumbList","@id":"https:\/\/elpuucnoticias.com\/?p=2807#breadcrumb","itemListElement":[{"@type":"ListItem","position":1,"name":"Portada","item":"https:\/\/elpuucnoticias.com\/"},{"@type":"ListItem","position":2,"name":"Ceremonia por el A\u00f1o Nuevo Maya en Peto. El alcalde Ren\u00e1n Jim\u00e9nez insta a rescatar estas tradiciones"}]},{"@type":"Person","@id":"https:\/\/elpuucnoticias.com\/#\/schema\/person\/d2ea09e4c97f0160b11cdfb1d856bd9e","name":"elpuucnoticias","image":{"@type":"ImageObject","@id":"https:\/\/elpuucnoticias.com\/#personlogo","inLanguage":"es","url":"https:\/\/secure.gravatar.com\/avatar\/5290a43657c74ffa15701dbe5b846bd85cc71930d803c84e91046a7333de6ce2?s=96&d=mm&r=g","contentUrl":"https:\/\/secure.gravatar.com\/avatar\/5290a43657c74ffa15701dbe5b846bd85cc71930d803c84e91046a7333de6ce2?s=96&d=mm&r=g","caption":"elpuucnoticias"},"sameAs":["https:\/\/elpuucnoticias.com"],"url":"https:\/\/elpuucnoticias.com\/?author=1"}]}},"_links":{"self":[{"href":"https:\/\/elpuucnoticias.com\/index.php?rest_route=\/wp\/v2\/posts\/2807","targetHints":{"allow":["GET"]}}],"collection":[{"href":"https:\/\/elpuucnoticias.com\/index.php?rest_route=\/wp\/v2\/posts"}],"about":[{"href":"https:\/\/elpuucnoticias.com\/index.php?rest_route=\/wp\/v2\/types\/post"}],"author":[{"embeddable":true,"href":"https:\/\/elpuucnoticias.com\/index.php?rest_route=\/wp\/v2\/users\/1"}],"replies":[{"embeddable":true,"href":"https:\/\/elpuucnoticias.com\/index.php?rest_route=%2Fwp%2Fv2%2Fcomments&post=2807"}],"version-history":[{"count":1,"href":"https:\/\/elpuucnoticias.com\/index.php?rest_route=\/wp\/v2\/posts\/2807\/revisions"}],"predecessor-version":[{"id":2813,"href":"https:\/\/elpuucnoticias.com\/index.php?rest_route=\/wp\/v2\/posts\/2807\/revisions\/2813"}],"wp:featuredmedia":[{"embeddable":true,"href":"https:\/\/elpuucnoticias.com\/index.php?rest_route=\/wp\/v2\/media\/2808"}],"wp:attachment":[{"href":"https:\/\/elpuucnoticias.com\/index.php?rest_route=%2Fwp%2Fv2%2Fmedia&parent=2807"}],"wp:term":[{"taxonomy":"category","embeddable":true,"href":"https:\/\/elpuucnoticias.com\/index.php?rest_route=%2Fwp%2Fv2%2Fcategories&post=2807"},{"taxonomy":"post_tag","embeddable":true,"href":"https:\/\/elpuucnoticias.com\/index.php?rest_route=%2Fwp%2Fv2%2Ftags&post=2807"}],"curies":[{"name":"wp","href":"https:\/\/api.w.org\/{rel}","templated":true}]}}