{"id":2860,"date":"2022-07-28T14:31:31","date_gmt":"2022-07-28T20:31:31","guid":{"rendered":"https:\/\/elpuucnoticias.com\/?p=2860"},"modified":"2022-07-28T14:31:33","modified_gmt":"2022-07-28T20:31:33","slug":"quintana-roo-se-suma-a-la-iniciativa-regional-para-el-buen-manejo-y-prevencion-de-residuos-plasticos-en-zonas-portuarias","status":"publish","type":"post","link":"https:\/\/elpuucnoticias.com\/?p=2860","title":{"rendered":"Quintana Roo se suma a la iniciativa regional para el buen manejo y prevenci\u00f3n de residuos pl\u00e1sticos en zonas portuarias"},"content":{"rendered":"\n<p>Durante la presentaci\u00f3n de la iniciativa regional \u201cPuertos Circulares\u201d, en representaci\u00f3n del gobernador Carlos Joaqu\u00edn, el secretario de Ecolog\u00eda y Medio Ambiente Efra\u00edn Villanueva Arcos expuso que, en el Estado ya hay varios puertos interesados en ingresar al programa piloto que desarrolla el proyecto \u201cCaribe Circular\u201d en la Regi\u00f3n, por lo que se sumar\u00e1 a la firma del memor\u00e1ndum de entendimiento.<\/p>\n\n\n\n<p>El titular de Ecolog\u00eda y medio Ambiente de Quintana Roo Efra\u00edn Villanueva Arcos explic\u00f3 que es una iniciativa regional basada en un concepto de \u201cpuertos ecol\u00f3gicos libres de residuos\u201d, con la particularidad de promover de manera estrat\u00e9gica acciones que aporten a elevar la cultura local de manera responsable para la prevenci\u00f3n de residuos pl\u00e1sticos, involucramiento del sector tur\u00edstico y de las comunidades en la cercan\u00eda del puerto para realizar un programa permanente donde se incorporen buenas pr\u00e1cticas de manejo de residuos pl\u00e1sticos y las actividades en puerto, evitando que los residuos lleguen al mar Caribe.<\/p>\n\n\n\n<figure class=\"wp-block-image size-full is-resized\"><img loading=\"lazy\" decoding=\"async\" src=\"https:\/\/elpuucnoticias.com\/wp-content\/uploads\/2022\/07\/BANNER-JULIO-22.jpg\" alt=\"\" class=\"wp-image-2515\" width=\"662\" height=\"226\" srcset=\"https:\/\/elpuucnoticias.com\/wp-content\/uploads\/2022\/07\/BANNER-JULIO-22.jpg 1024w, https:\/\/elpuucnoticias.com\/wp-content\/uploads\/2022\/07\/BANNER-JULIO-22-300x103.jpg 300w, https:\/\/elpuucnoticias.com\/wp-content\/uploads\/2022\/07\/BANNER-JULIO-22-768x263.jpg 768w\" sizes=\"auto, (max-width: 662px) 100vw, 662px\" \/><\/figure>\n\n\n\n<p>El secretario Ejecutivo de la Comisi\u00f3n Centroamericana de Ambiente y Desarrollo Jair Urriola Quiroz inform\u00f3 que, el proyecto prioriza un enfoque de econom\u00eda circular para consolidar acciones entre sectores que prevengan la contaminaci\u00f3n marina por pl\u00e1sticos.<\/p>\n\n\n\n<p>\u201cLa iniciativa impulsa la econom\u00eda circular con un modelo econ\u00f3mico resiliente, diverso e inclusivo que crea oportunidades para un crecimiento sostenible contrario a la mentalidad de tomar, fabricar y desechar\u201d, detall\u00f3 Eva Ringhof directora del proyecto Caribe Circular de la Sociedad Alemana para la Cooperaci\u00f3n Internacional (GIZ).<\/p>\n\n\n\n<p>En el marco de la presentaci\u00f3n Florian Schindler (consultor Evoltas) explic\u00f3 la importancia de la iniciativa y la perspectiva regional. La iniciativa regional es desarrollada por el proyecto Caribe Circular, en colaboraci\u00f3n con m\u00faltiples actores locales incluidos los Ministerios de Ambiente de M\u00e9xico, Rep\u00fablica Dominicana y Honduras, pa\u00edses de incidencia del proyecto.\u2014 <em>El Puuc Noticias<\/em><\/p>\n","protected":false},"excerpt":{"rendered":"<p>Durante la presentaci\u00f3n de la iniciativa regional \u201cPuertos Circulares\u201d, en representaci\u00f3n del gobernador Carlos Joaqu\u00edn, el secretario de<\/p>\n","protected":false},"author":1,"featured_media":2861,"comment_status":"closed","ping_status":"open","sticky":false,"template":"","format":"standard","meta":{"_monsterinsights_skip_tracking":false,"_monsterinsights_sitenote_active":false,"_monsterinsights_sitenote_note":"","_monsterinsights_sitenote_category":0,"footnotes":""},"categories":[11],"tags":[],"class_list":["post-2860","post","type-post","status-publish","format-standard","has-post-thumbnail","hentry","category-noticias"],"yoast_head":"<!-- This site is optimized with the Yoast SEO plugin v18.3 - https:\/\/yoast.com\/wordpress\/plugins\/seo\/ -->\n<title>Quintana Roo se suma a la iniciativa regional para el buen manejo y prevenci\u00f3n de residuos pl\u00e1sticos en zonas portuarias - El Puuc Noticias<\/title>\n<meta name=\"robots\" content=\"index, follow, max-snippet:-1, max-image-preview:large, max-video-preview:-1\" \/>\n<link rel=\"canonical\" href=\"https:\/\/elpuucnoticias.com\/?p=2860\" \/>\n<meta property=\"og:locale\" content=\"es_ES\" \/>\n<meta property=\"og:type\" content=\"article\" \/>\n<meta property=\"og:title\" content=\"Quintana Roo se suma a la iniciativa regional para el buen manejo y prevenci\u00f3n de residuos pl\u00e1sticos en zonas portuarias - El Puuc Noticias\" \/>\n<meta property=\"og:description\" content=\"Durante la presentaci\u00f3n de la iniciativa regional \u201cPuertos Circulares\u201d, en representaci\u00f3n del gobernador Carlos Joaqu\u00edn, el secretario de\" \/>\n<meta property=\"og:url\" content=\"https:\/\/elpuucnoticias.com\/?p=2860\" \/>\n<meta property=\"og:site_name\" content=\"El Puuc Noticias\" \/>\n<meta property=\"article:published_time\" content=\"2022-07-28T20:31:31+00:00\" \/>\n<meta property=\"article:modified_time\" content=\"2022-07-28T20:31:33+00:00\" \/>\n<meta property=\"og:image\" content=\"https:\/\/elpuucnoticias.com\/wp-content\/uploads\/2022\/07\/COZUMEL1.jpeg\" \/>\n\t<meta property=\"og:image:width\" content=\"1280\" \/>\n\t<meta property=\"og:image:height\" content=\"852\" \/>\n\t<meta property=\"og:image:type\" content=\"image\/jpeg\" \/>\n<meta name=\"twitter:card\" content=\"summary_large_image\" \/>\n<meta name=\"twitter:label1\" content=\"Escrito por\" \/>\n\t<meta name=\"twitter:data1\" content=\"elpuucnoticias\" \/>\n\t<meta name=\"twitter:label2\" content=\"Tiempo de lectura\" \/>\n\t<meta name=\"twitter:data2\" content=\"2 minutos\" \/>\n<script type=\"application\/ld+json\" class=\"yoast-schema-graph\">{\"@context\":\"https:\/\/schema.org\",\"@graph\":[{\"@type\":\"WebSite\",\"@id\":\"https:\/\/elpuucnoticias.com\/#website\",\"url\":\"https:\/\/elpuucnoticias.com\/\",\"name\":\"El Puuc Noticias\",\"description\":\"Noticias - Entretenimiento - Deportes\",\"potentialAction\":[{\"@type\":\"SearchAction\",\"target\":{\"@type\":\"EntryPoint\",\"urlTemplate\":\"https:\/\/elpuucnoticias.com\/?s={search_term_string}\"},\"query-input\":\"required name=search_term_string\"}],\"inLanguage\":\"es\"},{\"@type\":\"ImageObject\",\"@id\":\"https:\/\/elpuucnoticias.com\/?p=2860#primaryimage\",\"inLanguage\":\"es\",\"url\":\"https:\/\/elpuucnoticias.com\/wp-content\/uploads\/2022\/07\/COZUMEL1.jpeg\",\"contentUrl\":\"https:\/\/elpuucnoticias.com\/wp-content\/uploads\/2022\/07\/COZUMEL1.jpeg\",\"width\":1280,\"height\":852},{\"@type\":\"WebPage\",\"@id\":\"https:\/\/elpuucnoticias.com\/?p=2860#webpage\",\"url\":\"https:\/\/elpuucnoticias.com\/?p=2860\",\"name\":\"Quintana Roo se suma a la iniciativa regional para el buen manejo y prevenci\u00f3n de residuos pl\u00e1sticos en zonas portuarias - El Puuc Noticias\",\"isPartOf\":{\"@id\":\"https:\/\/elpuucnoticias.com\/#website\"},\"primaryImageOfPage\":{\"@id\":\"https:\/\/elpuucnoticias.com\/?p=2860#primaryimage\"},\"datePublished\":\"2022-07-28T20:31:31+00:00\",\"dateModified\":\"2022-07-28T20:31:33+00:00\",\"author\":{\"@id\":\"https:\/\/elpuucnoticias.com\/#\/schema\/person\/d2ea09e4c97f0160b11cdfb1d856bd9e\"},\"breadcrumb\":{\"@id\":\"https:\/\/elpuucnoticias.com\/?p=2860#breadcrumb\"},\"inLanguage\":\"es\",\"potentialAction\":[{\"@type\":\"ReadAction\",\"target\":[\"https:\/\/elpuucnoticias.com\/?p=2860\"]}]},{\"@type\":\"BreadcrumbList\",\"@id\":\"https:\/\/elpuucnoticias.com\/?p=2860#breadcrumb\",\"itemListElement\":[{\"@type\":\"ListItem\",\"position\":1,\"name\":\"Portada\",\"item\":\"https:\/\/elpuucnoticias.com\/\"},{\"@type\":\"ListItem\",\"position\":2,\"name\":\"Quintana Roo se suma a la iniciativa regional para el buen manejo y prevenci\u00f3n de residuos pl\u00e1sticos en zonas portuarias\"}]},{\"@type\":\"Person\",\"@id\":\"https:\/\/elpuucnoticias.com\/#\/schema\/person\/d2ea09e4c97f0160b11cdfb1d856bd9e\",\"name\":\"elpuucnoticias\",\"image\":{\"@type\":\"ImageObject\",\"@id\":\"https:\/\/elpuucnoticias.com\/#personlogo\",\"inLanguage\":\"es\",\"url\":\"https:\/\/secure.gravatar.com\/avatar\/5290a43657c74ffa15701dbe5b846bd85cc71930d803c84e91046a7333de6ce2?s=96&d=mm&r=g\",\"contentUrl\":\"https:\/\/secure.gravatar.com\/avatar\/5290a43657c74ffa15701dbe5b846bd85cc71930d803c84e91046a7333de6ce2?s=96&d=mm&r=g\",\"caption\":\"elpuucnoticias\"},\"sameAs\":[\"https:\/\/elpuucnoticias.com\"],\"url\":\"https:\/\/elpuucnoticias.com\/?author=1\"}]}<\/script>\n<!-- \/ Yoast SEO plugin. -->","yoast_head_json":{"title":"Quintana Roo se suma a la iniciativa regional para el buen manejo y prevenci\u00f3n de residuos pl\u00e1sticos en zonas portuarias - El Puuc Noticias","robots":{"index":"index","follow":"follow","max-snippet":"max-snippet:-1","max-image-preview":"max-image-preview:large","max-video-preview":"max-video-preview:-1"},"canonical":"https:\/\/elpuucnoticias.com\/?p=2860","og_locale":"es_ES","og_type":"article","og_title":"Quintana Roo se suma a la iniciativa regional para el buen manejo y prevenci\u00f3n de residuos pl\u00e1sticos en zonas portuarias - El Puuc Noticias","og_description":"Durante la presentaci\u00f3n de la iniciativa regional \u201cPuertos Circulares\u201d, en representaci\u00f3n del gobernador Carlos Joaqu\u00edn, el secretario de","og_url":"https:\/\/elpuucnoticias.com\/?p=2860","og_site_name":"El Puuc Noticias","article_published_time":"2022-07-28T20:31:31+00:00","article_modified_time":"2022-07-28T20:31:33+00:00","og_image":[{"width":1280,"height":852,"url":"https:\/\/elpuucnoticias.com\/wp-content\/uploads\/2022\/07\/COZUMEL1.jpeg","type":"image\/jpeg"}],"twitter_card":"summary_large_image","twitter_misc":{"Escrito por":"elpuucnoticias","Tiempo de lectura":"2 minutos"},"schema":{"@context":"https:\/\/schema.org","@graph":[{"@type":"WebSite","@id":"https:\/\/elpuucnoticias.com\/#website","url":"https:\/\/elpuucnoticias.com\/","name":"El Puuc Noticias","description":"Noticias - Entretenimiento - Deportes","potentialAction":[{"@type":"SearchAction","target":{"@type":"EntryPoint","urlTemplate":"https:\/\/elpuucnoticias.com\/?s={search_term_string}"},"query-input":"required name=search_term_string"}],"inLanguage":"es"},{"@type":"ImageObject","@id":"https:\/\/elpuucnoticias.com\/?p=2860#primaryimage","inLanguage":"es","url":"https:\/\/elpuucnoticias.com\/wp-content\/uploads\/2022\/07\/COZUMEL1.jpeg","contentUrl":"https:\/\/elpuucnoticias.com\/wp-content\/uploads\/2022\/07\/COZUMEL1.jpeg","width":1280,"height":852},{"@type":"WebPage","@id":"https:\/\/elpuucnoticias.com\/?p=2860#webpage","url":"https:\/\/elpuucnoticias.com\/?p=2860","name":"Quintana Roo se suma a la iniciativa regional para el buen manejo y prevenci\u00f3n de residuos pl\u00e1sticos en zonas portuarias - El Puuc Noticias","isPartOf":{"@id":"https:\/\/elpuucnoticias.com\/#website"},"primaryImageOfPage":{"@id":"https:\/\/elpuucnoticias.com\/?p=2860#primaryimage"},"datePublished":"2022-07-28T20:31:31+00:00","dateModified":"2022-07-28T20:31:33+00:00","author":{"@id":"https:\/\/elpuucnoticias.com\/#\/schema\/person\/d2ea09e4c97f0160b11cdfb1d856bd9e"},"breadcrumb":{"@id":"https:\/\/elpuucnoticias.com\/?p=2860#breadcrumb"},"inLanguage":"es","potentialAction":[{"@type":"ReadAction","target":["https:\/\/elpuucnoticias.com\/?p=2860"]}]},{"@type":"BreadcrumbList","@id":"https:\/\/elpuucnoticias.com\/?p=2860#breadcrumb","itemListElement":[{"@type":"ListItem","position":1,"name":"Portada","item":"https:\/\/elpuucnoticias.com\/"},{"@type":"ListItem","position":2,"name":"Quintana Roo se suma a la iniciativa regional para el buen manejo y prevenci\u00f3n de residuos pl\u00e1sticos en zonas portuarias"}]},{"@type":"Person","@id":"https:\/\/elpuucnoticias.com\/#\/schema\/person\/d2ea09e4c97f0160b11cdfb1d856bd9e","name":"elpuucnoticias","image":{"@type":"ImageObject","@id":"https:\/\/elpuucnoticias.com\/#personlogo","inLanguage":"es","url":"https:\/\/secure.gravatar.com\/avatar\/5290a43657c74ffa15701dbe5b846bd85cc71930d803c84e91046a7333de6ce2?s=96&d=mm&r=g","contentUrl":"https:\/\/secure.gravatar.com\/avatar\/5290a43657c74ffa15701dbe5b846bd85cc71930d803c84e91046a7333de6ce2?s=96&d=mm&r=g","caption":"elpuucnoticias"},"sameAs":["https:\/\/elpuucnoticias.com"],"url":"https:\/\/elpuucnoticias.com\/?author=1"}]}},"_links":{"self":[{"href":"https:\/\/elpuucnoticias.com\/index.php?rest_route=\/wp\/v2\/posts\/2860","targetHints":{"allow":["GET"]}}],"collection":[{"href":"https:\/\/elpuucnoticias.com\/index.php?rest_route=\/wp\/v2\/posts"}],"about":[{"href":"https:\/\/elpuucnoticias.com\/index.php?rest_route=\/wp\/v2\/types\/post"}],"author":[{"embeddable":true,"href":"https:\/\/elpuucnoticias.com\/index.php?rest_route=\/wp\/v2\/users\/1"}],"replies":[{"embeddable":true,"href":"https:\/\/elpuucnoticias.com\/index.php?rest_route=%2Fwp%2Fv2%2Fcomments&post=2860"}],"version-history":[{"count":1,"href":"https:\/\/elpuucnoticias.com\/index.php?rest_route=\/wp\/v2\/posts\/2860\/revisions"}],"predecessor-version":[{"id":2862,"href":"https:\/\/elpuucnoticias.com\/index.php?rest_route=\/wp\/v2\/posts\/2860\/revisions\/2862"}],"wp:featuredmedia":[{"embeddable":true,"href":"https:\/\/elpuucnoticias.com\/index.php?rest_route=\/wp\/v2\/media\/2861"}],"wp:attachment":[{"href":"https:\/\/elpuucnoticias.com\/index.php?rest_route=%2Fwp%2Fv2%2Fmedia&parent=2860"}],"wp:term":[{"taxonomy":"category","embeddable":true,"href":"https:\/\/elpuucnoticias.com\/index.php?rest_route=%2Fwp%2Fv2%2Fcategories&post=2860"},{"taxonomy":"post_tag","embeddable":true,"href":"https:\/\/elpuucnoticias.com\/index.php?rest_route=%2Fwp%2Fv2%2Ftags&post=2860"}],"curies":[{"name":"wp","href":"https:\/\/api.w.org\/{rel}","templated":true}]}}