{"id":2875,"date":"2022-07-29T15:38:45","date_gmt":"2022-07-29T21:38:45","guid":{"rendered":"https:\/\/elpuucnoticias.com\/?p=2875"},"modified":"2022-07-29T15:38:47","modified_gmt":"2022-07-29T21:38:47","slug":"una-semana-promoviendo-el-habito-de-la-lectura-en-oxkutzcab-concluye-el-programa-mis-vacaciones-en-la-biblioteca","status":"publish","type":"post","link":"https:\/\/elpuucnoticias.com\/?p=2875","title":{"rendered":"Una semana promoviendo el h\u00e1bito de la lectura en Oxkutzcab. Concluye el programa Mis Vacaciones en la Biblioteca"},"content":{"rendered":"\n<p>Con la participaci\u00f3n de 30 ni\u00f1os, la\u00a0Biblioteca\u00a0P\u00fablica Regional No. 909 \u00abProfr. Jos\u00e9 Andr\u00e9s Espinosa Colonia\u00bb concluy\u00f3 el taller Mundo de los Animales del programa \u00abMis\u00a0Vacaciones\u00a0en\u00a0la\u00a0Biblioteca\u00bb que se realiz\u00f3 con apoyo del Ayuntamiento que encabeza Juan Jos\u00e9 Mart\u00edn Fragoso.<\/p>\n\n\n\n<p>El taller que la bibliotecaria, Delma Noem\u00ed Burgos Peraza, dise\u00f1\u00f3 para el programa tiene la finalidad de promover el h\u00e1bito de\u00a0la\u00a0lectura en los ni\u00f1os, ya que es de mucha utilidad\u00a0en\u00a0la\u00a0vida y\u00a0en\u00a0el desarrollo educativo de los peque\u00f1os.\u00a0<\/p>\n\n\n\n<figure class=\"wp-block-gallery has-nested-images columns-default is-cropped wp-block-gallery-1 is-layout-flex wp-block-gallery-is-layout-flex\">\n<figure class=\"wp-block-image size-large\"><img loading=\"lazy\" decoding=\"async\" width=\"1024\" height=\"819\" data-id=\"2877\" src=\"https:\/\/elpuucnoticias.com\/wp-content\/uploads\/2022\/07\/Biblio-1024x819.jpeg\" alt=\"\" class=\"wp-image-2877\" srcset=\"https:\/\/elpuucnoticias.com\/wp-content\/uploads\/2022\/07\/Biblio-1024x819.jpeg 1024w, https:\/\/elpuucnoticias.com\/wp-content\/uploads\/2022\/07\/Biblio-300x240.jpeg 300w, https:\/\/elpuucnoticias.com\/wp-content\/uploads\/2022\/07\/Biblio-768x614.jpeg 768w, https:\/\/elpuucnoticias.com\/wp-content\/uploads\/2022\/07\/Biblio.jpeg 1240w\" sizes=\"auto, (max-width: 1024px) 100vw, 1024px\" \/><\/figure>\n\n\n\n<figure class=\"wp-block-image size-large\"><img loading=\"lazy\" decoding=\"async\" width=\"1024\" height=\"819\" data-id=\"2878\" src=\"https:\/\/elpuucnoticias.com\/wp-content\/uploads\/2022\/07\/Biblio12-1024x819.jpeg\" alt=\"\" class=\"wp-image-2878\" srcset=\"https:\/\/elpuucnoticias.com\/wp-content\/uploads\/2022\/07\/Biblio12-1024x819.jpeg 1024w, https:\/\/elpuucnoticias.com\/wp-content\/uploads\/2022\/07\/Biblio12-300x240.jpeg 300w, https:\/\/elpuucnoticias.com\/wp-content\/uploads\/2022\/07\/Biblio12-768x614.jpeg 768w, https:\/\/elpuucnoticias.com\/wp-content\/uploads\/2022\/07\/Biblio12.jpeg 1240w\" sizes=\"auto, (max-width: 1024px) 100vw, 1024px\" \/><\/figure>\n<\/figure>\n\n\n\n<p>La clausura de estas actividades educativas estuvo a cargo de la regidora de Educaci\u00f3n, Vanessa Pacheco C\u00f3rdova, quien felicit\u00f3 a los ni\u00f1os por su participaci\u00f3n\u00a0en\u00a0esta actividad que es de suma importancia y productiva debido a los temas de lectura.\u00a0\u00a0<\/p>\n\n\n\n<p>\u00abCon lo aprendido seguramente ser\u00e1n ni\u00f1os competitivos\u00a0en\u00a0sus estudios y \u00fatiles\u00a0en\u00a0la\u00a0vida,\u00a0en\u00a0esta era de internet donde los libros siempre estar\u00e1n presentes\u00bb, indic\u00f3.\u00a0<\/p>\n\n\n\n<figure class=\"wp-block-image size-full is-resized\"><img loading=\"lazy\" decoding=\"async\" src=\"https:\/\/elpuucnoticias.com\/wp-content\/uploads\/2022\/07\/BANNER-JULIO-22.jpg\" alt=\"\" class=\"wp-image-2515\" width=\"627\" height=\"214\" srcset=\"https:\/\/elpuucnoticias.com\/wp-content\/uploads\/2022\/07\/BANNER-JULIO-22.jpg 1024w, https:\/\/elpuucnoticias.com\/wp-content\/uploads\/2022\/07\/BANNER-JULIO-22-300x103.jpg 300w, https:\/\/elpuucnoticias.com\/wp-content\/uploads\/2022\/07\/BANNER-JULIO-22-768x263.jpg 768w\" sizes=\"auto, (max-width: 627px) 100vw, 627px\" \/><\/figure>\n\n\n\n<p>En cinco sesiones, los ni\u00f1os aprendieron a clasificar los animales de aire, tierra y mar, fant\u00e1sticos, imaginarios, leyendas. Los m\u00e1s grandes, peque\u00f1os, r\u00e1pidos, lentos, nocturnos, dom\u00e9sticos, de pico y plumas, entre otras caracter\u00edsticas.\u00a0<\/p>\n\n\n\n<p>De acuerdo con\u00a0la\u00a0bibliotecaria estos talleres favorecen a los ni\u00f1os participantes con una opci\u00f3n de\u00a0entretenimiento y a\u00a0una formaci\u00f3n en el h\u00e1bito de la lectura.\u2014 <em>El Puuc Noticias<\/em>\u00a0\u00a0<\/p>\n","protected":false},"excerpt":{"rendered":"<p>Con la participaci\u00f3n de 30 ni\u00f1os, la\u00a0Biblioteca\u00a0P\u00fablica Regional No. 909 \u00abProfr. Jos\u00e9 Andr\u00e9s Espinosa Colonia\u00bb concluy\u00f3 el taller<\/p>\n","protected":false},"author":1,"featured_media":2876,"comment_status":"closed","ping_status":"open","sticky":false,"template":"","format":"standard","meta":{"_monsterinsights_skip_tracking":false,"_monsterinsights_sitenote_active":false,"_monsterinsights_sitenote_note":"","_monsterinsights_sitenote_category":0,"footnotes":""},"categories":[11,14],"tags":[],"class_list":["post-2875","post","type-post","status-publish","format-standard","has-post-thumbnail","hentry","category-noticias","category-oxkutzcab"],"yoast_head":"<!-- This site is optimized with the Yoast SEO plugin v18.3 - https:\/\/yoast.com\/wordpress\/plugins\/seo\/ -->\n<title>Una semana promoviendo el h\u00e1bito de la lectura en Oxkutzcab. Concluye el programa Mis Vacaciones en la Biblioteca - El Puuc Noticias<\/title>\n<meta name=\"robots\" content=\"index, follow, max-snippet:-1, max-image-preview:large, max-video-preview:-1\" \/>\n<link rel=\"canonical\" href=\"https:\/\/elpuucnoticias.com\/?p=2875\" \/>\n<meta property=\"og:locale\" content=\"es_ES\" \/>\n<meta property=\"og:type\" content=\"article\" \/>\n<meta property=\"og:title\" content=\"Una semana promoviendo el h\u00e1bito de la lectura en Oxkutzcab. Concluye el programa Mis Vacaciones en la Biblioteca - El Puuc Noticias\" \/>\n<meta property=\"og:description\" content=\"Con la participaci\u00f3n de 30 ni\u00f1os, la\u00a0Biblioteca\u00a0P\u00fablica Regional No. 909 \u00abProfr. Jos\u00e9 Andr\u00e9s Espinosa Colonia\u00bb concluy\u00f3 el taller\" \/>\n<meta property=\"og:url\" content=\"https:\/\/elpuucnoticias.com\/?p=2875\" \/>\n<meta property=\"og:site_name\" content=\"El Puuc Noticias\" \/>\n<meta property=\"article:published_time\" content=\"2022-07-29T21:38:45+00:00\" \/>\n<meta property=\"article:modified_time\" content=\"2022-07-29T21:38:47+00:00\" \/>\n<meta property=\"og:image\" content=\"https:\/\/elpuucnoticias.com\/wp-content\/uploads\/2022\/07\/Biblio04-1.jpeg\" \/>\n\t<meta property=\"og:image:width\" content=\"1488\" \/>\n\t<meta property=\"og:image:height\" content=\"992\" \/>\n\t<meta property=\"og:image:type\" content=\"image\/jpeg\" \/>\n<meta name=\"twitter:card\" content=\"summary_large_image\" \/>\n<meta name=\"twitter:label1\" content=\"Escrito por\" \/>\n\t<meta name=\"twitter:data1\" content=\"elpuucnoticias\" \/>\n\t<meta name=\"twitter:label2\" content=\"Tiempo de lectura\" \/>\n\t<meta name=\"twitter:data2\" content=\"2 minutos\" \/>\n<script type=\"application\/ld+json\" class=\"yoast-schema-graph\">{\"@context\":\"https:\/\/schema.org\",\"@graph\":[{\"@type\":\"WebSite\",\"@id\":\"https:\/\/elpuucnoticias.com\/#website\",\"url\":\"https:\/\/elpuucnoticias.com\/\",\"name\":\"El Puuc Noticias\",\"description\":\"Noticias - Entretenimiento - Deportes\",\"potentialAction\":[{\"@type\":\"SearchAction\",\"target\":{\"@type\":\"EntryPoint\",\"urlTemplate\":\"https:\/\/elpuucnoticias.com\/?s={search_term_string}\"},\"query-input\":\"required name=search_term_string\"}],\"inLanguage\":\"es\"},{\"@type\":\"ImageObject\",\"@id\":\"https:\/\/elpuucnoticias.com\/?p=2875#primaryimage\",\"inLanguage\":\"es\",\"url\":\"https:\/\/elpuucnoticias.com\/wp-content\/uploads\/2022\/07\/Biblio04-1.jpeg\",\"contentUrl\":\"https:\/\/elpuucnoticias.com\/wp-content\/uploads\/2022\/07\/Biblio04-1.jpeg\",\"width\":1488,\"height\":992},{\"@type\":\"WebPage\",\"@id\":\"https:\/\/elpuucnoticias.com\/?p=2875#webpage\",\"url\":\"https:\/\/elpuucnoticias.com\/?p=2875\",\"name\":\"Una semana promoviendo el h\u00e1bito de la lectura en Oxkutzcab. Concluye el programa Mis Vacaciones en la Biblioteca - El Puuc Noticias\",\"isPartOf\":{\"@id\":\"https:\/\/elpuucnoticias.com\/#website\"},\"primaryImageOfPage\":{\"@id\":\"https:\/\/elpuucnoticias.com\/?p=2875#primaryimage\"},\"datePublished\":\"2022-07-29T21:38:45+00:00\",\"dateModified\":\"2022-07-29T21:38:47+00:00\",\"author\":{\"@id\":\"https:\/\/elpuucnoticias.com\/#\/schema\/person\/d2ea09e4c97f0160b11cdfb1d856bd9e\"},\"breadcrumb\":{\"@id\":\"https:\/\/elpuucnoticias.com\/?p=2875#breadcrumb\"},\"inLanguage\":\"es\",\"potentialAction\":[{\"@type\":\"ReadAction\",\"target\":[\"https:\/\/elpuucnoticias.com\/?p=2875\"]}]},{\"@type\":\"BreadcrumbList\",\"@id\":\"https:\/\/elpuucnoticias.com\/?p=2875#breadcrumb\",\"itemListElement\":[{\"@type\":\"ListItem\",\"position\":1,\"name\":\"Portada\",\"item\":\"https:\/\/elpuucnoticias.com\/\"},{\"@type\":\"ListItem\",\"position\":2,\"name\":\"Una semana promoviendo el h\u00e1bito de la lectura en Oxkutzcab. Concluye el programa Mis Vacaciones en la Biblioteca\"}]},{\"@type\":\"Person\",\"@id\":\"https:\/\/elpuucnoticias.com\/#\/schema\/person\/d2ea09e4c97f0160b11cdfb1d856bd9e\",\"name\":\"elpuucnoticias\",\"image\":{\"@type\":\"ImageObject\",\"@id\":\"https:\/\/elpuucnoticias.com\/#personlogo\",\"inLanguage\":\"es\",\"url\":\"https:\/\/secure.gravatar.com\/avatar\/5290a43657c74ffa15701dbe5b846bd85cc71930d803c84e91046a7333de6ce2?s=96&d=mm&r=g\",\"contentUrl\":\"https:\/\/secure.gravatar.com\/avatar\/5290a43657c74ffa15701dbe5b846bd85cc71930d803c84e91046a7333de6ce2?s=96&d=mm&r=g\",\"caption\":\"elpuucnoticias\"},\"sameAs\":[\"https:\/\/elpuucnoticias.com\"],\"url\":\"https:\/\/elpuucnoticias.com\/?author=1\"}]}<\/script>\n<!-- \/ Yoast SEO plugin. -->","yoast_head_json":{"title":"Una semana promoviendo el h\u00e1bito de la lectura en Oxkutzcab. Concluye el programa Mis Vacaciones en la Biblioteca - El Puuc Noticias","robots":{"index":"index","follow":"follow","max-snippet":"max-snippet:-1","max-image-preview":"max-image-preview:large","max-video-preview":"max-video-preview:-1"},"canonical":"https:\/\/elpuucnoticias.com\/?p=2875","og_locale":"es_ES","og_type":"article","og_title":"Una semana promoviendo el h\u00e1bito de la lectura en Oxkutzcab. Concluye el programa Mis Vacaciones en la Biblioteca - El Puuc Noticias","og_description":"Con la participaci\u00f3n de 30 ni\u00f1os, la\u00a0Biblioteca\u00a0P\u00fablica Regional No. 909 \u00abProfr. Jos\u00e9 Andr\u00e9s Espinosa Colonia\u00bb concluy\u00f3 el taller","og_url":"https:\/\/elpuucnoticias.com\/?p=2875","og_site_name":"El Puuc Noticias","article_published_time":"2022-07-29T21:38:45+00:00","article_modified_time":"2022-07-29T21:38:47+00:00","og_image":[{"width":1488,"height":992,"url":"https:\/\/elpuucnoticias.com\/wp-content\/uploads\/2022\/07\/Biblio04-1.jpeg","type":"image\/jpeg"}],"twitter_card":"summary_large_image","twitter_misc":{"Escrito por":"elpuucnoticias","Tiempo de lectura":"2 minutos"},"schema":{"@context":"https:\/\/schema.org","@graph":[{"@type":"WebSite","@id":"https:\/\/elpuucnoticias.com\/#website","url":"https:\/\/elpuucnoticias.com\/","name":"El Puuc Noticias","description":"Noticias - Entretenimiento - Deportes","potentialAction":[{"@type":"SearchAction","target":{"@type":"EntryPoint","urlTemplate":"https:\/\/elpuucnoticias.com\/?s={search_term_string}"},"query-input":"required name=search_term_string"}],"inLanguage":"es"},{"@type":"ImageObject","@id":"https:\/\/elpuucnoticias.com\/?p=2875#primaryimage","inLanguage":"es","url":"https:\/\/elpuucnoticias.com\/wp-content\/uploads\/2022\/07\/Biblio04-1.jpeg","contentUrl":"https:\/\/elpuucnoticias.com\/wp-content\/uploads\/2022\/07\/Biblio04-1.jpeg","width":1488,"height":992},{"@type":"WebPage","@id":"https:\/\/elpuucnoticias.com\/?p=2875#webpage","url":"https:\/\/elpuucnoticias.com\/?p=2875","name":"Una semana promoviendo el h\u00e1bito de la lectura en Oxkutzcab. Concluye el programa Mis Vacaciones en la Biblioteca - El Puuc Noticias","isPartOf":{"@id":"https:\/\/elpuucnoticias.com\/#website"},"primaryImageOfPage":{"@id":"https:\/\/elpuucnoticias.com\/?p=2875#primaryimage"},"datePublished":"2022-07-29T21:38:45+00:00","dateModified":"2022-07-29T21:38:47+00:00","author":{"@id":"https:\/\/elpuucnoticias.com\/#\/schema\/person\/d2ea09e4c97f0160b11cdfb1d856bd9e"},"breadcrumb":{"@id":"https:\/\/elpuucnoticias.com\/?p=2875#breadcrumb"},"inLanguage":"es","potentialAction":[{"@type":"ReadAction","target":["https:\/\/elpuucnoticias.com\/?p=2875"]}]},{"@type":"BreadcrumbList","@id":"https:\/\/elpuucnoticias.com\/?p=2875#breadcrumb","itemListElement":[{"@type":"ListItem","position":1,"name":"Portada","item":"https:\/\/elpuucnoticias.com\/"},{"@type":"ListItem","position":2,"name":"Una semana promoviendo el h\u00e1bito de la lectura en Oxkutzcab. Concluye el programa Mis Vacaciones en la Biblioteca"}]},{"@type":"Person","@id":"https:\/\/elpuucnoticias.com\/#\/schema\/person\/d2ea09e4c97f0160b11cdfb1d856bd9e","name":"elpuucnoticias","image":{"@type":"ImageObject","@id":"https:\/\/elpuucnoticias.com\/#personlogo","inLanguage":"es","url":"https:\/\/secure.gravatar.com\/avatar\/5290a43657c74ffa15701dbe5b846bd85cc71930d803c84e91046a7333de6ce2?s=96&d=mm&r=g","contentUrl":"https:\/\/secure.gravatar.com\/avatar\/5290a43657c74ffa15701dbe5b846bd85cc71930d803c84e91046a7333de6ce2?s=96&d=mm&r=g","caption":"elpuucnoticias"},"sameAs":["https:\/\/elpuucnoticias.com"],"url":"https:\/\/elpuucnoticias.com\/?author=1"}]}},"_links":{"self":[{"href":"https:\/\/elpuucnoticias.com\/index.php?rest_route=\/wp\/v2\/posts\/2875","targetHints":{"allow":["GET"]}}],"collection":[{"href":"https:\/\/elpuucnoticias.com\/index.php?rest_route=\/wp\/v2\/posts"}],"about":[{"href":"https:\/\/elpuucnoticias.com\/index.php?rest_route=\/wp\/v2\/types\/post"}],"author":[{"embeddable":true,"href":"https:\/\/elpuucnoticias.com\/index.php?rest_route=\/wp\/v2\/users\/1"}],"replies":[{"embeddable":true,"href":"https:\/\/elpuucnoticias.com\/index.php?rest_route=%2Fwp%2Fv2%2Fcomments&post=2875"}],"version-history":[{"count":1,"href":"https:\/\/elpuucnoticias.com\/index.php?rest_route=\/wp\/v2\/posts\/2875\/revisions"}],"predecessor-version":[{"id":2879,"href":"https:\/\/elpuucnoticias.com\/index.php?rest_route=\/wp\/v2\/posts\/2875\/revisions\/2879"}],"wp:featuredmedia":[{"embeddable":true,"href":"https:\/\/elpuucnoticias.com\/index.php?rest_route=\/wp\/v2\/media\/2876"}],"wp:attachment":[{"href":"https:\/\/elpuucnoticias.com\/index.php?rest_route=%2Fwp%2Fv2%2Fmedia&parent=2875"}],"wp:term":[{"taxonomy":"category","embeddable":true,"href":"https:\/\/elpuucnoticias.com\/index.php?rest_route=%2Fwp%2Fv2%2Fcategories&post=2875"},{"taxonomy":"post_tag","embeddable":true,"href":"https:\/\/elpuucnoticias.com\/index.php?rest_route=%2Fwp%2Fv2%2Ftags&post=2875"}],"curies":[{"name":"wp","href":"https:\/\/api.w.org\/{rel}","templated":true}]}}