{"id":2909,"date":"2022-08-01T10:38:32","date_gmt":"2022-08-01T16:38:32","guid":{"rendered":"https:\/\/elpuucnoticias.com\/?p=2909"},"modified":"2022-08-01T10:38:32","modified_gmt":"2022-08-01T16:38:32","slug":"con-recursos-del-ramo-33-el-ayuntamiento-de-peto-inicia-construccion-de-cuartos-en-la-cabecera-municipal","status":"publish","type":"post","link":"https:\/\/elpuucnoticias.com\/?p=2909","title":{"rendered":"Con recursos del Ramo 33, el Ayuntamiento de Peto inicia construcci\u00f3n de cuartos en la cabecera municipal"},"content":{"rendered":"\n<p>En d\u00edas pasados, el alcalde de Peto, Ren\u00e1n Jim\u00e9nez Tah, dio el banderazo de inicio de la construcci\u00f3n de nuevos cuartos dormitorios para familias de escasos recursos de la poblaci\u00f3n, como una manera de apoyarlas para que tengan un lugar seguro donde vivir.<\/p>\n\n\n\n<figure class=\"wp-block-gallery has-nested-images columns-default is-cropped wp-block-gallery-1 is-layout-flex wp-block-gallery-is-layout-flex\">\n<figure class=\"wp-block-image size-large\"><img loading=\"lazy\" decoding=\"async\" width=\"720\" height=\"536\" data-id=\"2911\" src=\"https:\/\/elpuucnoticias.com\/wp-content\/uploads\/2022\/08\/WhatsApp-Image-2022-07-31-at-5.05.30-PM-1.jpeg\" alt=\"\" class=\"wp-image-2911\" srcset=\"https:\/\/elpuucnoticias.com\/wp-content\/uploads\/2022\/08\/WhatsApp-Image-2022-07-31-at-5.05.30-PM-1.jpeg 720w, https:\/\/elpuucnoticias.com\/wp-content\/uploads\/2022\/08\/WhatsApp-Image-2022-07-31-at-5.05.30-PM-1-300x223.jpeg 300w\" sizes=\"auto, (max-width: 720px) 100vw, 720px\" \/><\/figure>\n\n\n\n<figure class=\"wp-block-image size-large\"><img loading=\"lazy\" decoding=\"async\" width=\"720\" height=\"547\" data-id=\"2912\" src=\"https:\/\/elpuucnoticias.com\/wp-content\/uploads\/2022\/08\/WhatsApp-Image-2022-07-31-at-5.05.29-PM.jpeg\" alt=\"\" class=\"wp-image-2912\" srcset=\"https:\/\/elpuucnoticias.com\/wp-content\/uploads\/2022\/08\/WhatsApp-Image-2022-07-31-at-5.05.29-PM.jpeg 720w, https:\/\/elpuucnoticias.com\/wp-content\/uploads\/2022\/08\/WhatsApp-Image-2022-07-31-at-5.05.29-PM-300x228.jpeg 300w\" sizes=\"auto, (max-width: 720px) 100vw, 720px\" \/><\/figure>\n<\/figure>\n\n\n\n<p>El primer edil se\u00f1al\u00f3 que con esto se busca atender una necesidad de las familias de la poblaci\u00f3n y las obras se realizar\u00e1n con recursos del Ramo 33.<\/p>\n\n\n\n<figure class=\"wp-block-image size-large is-resized\"><img loading=\"lazy\" decoding=\"async\" src=\"https:\/\/elpuucnoticias.com\/wp-content\/uploads\/2022\/08\/BANNER-AGOSTO-22-1024x321.jpg\" alt=\"\" class=\"wp-image-2917\" width=\"721\" height=\"226\" srcset=\"https:\/\/elpuucnoticias.com\/wp-content\/uploads\/2022\/08\/BANNER-AGOSTO-22-1024x321.jpg 1024w, https:\/\/elpuucnoticias.com\/wp-content\/uploads\/2022\/08\/BANNER-AGOSTO-22-300x94.jpg 300w, https:\/\/elpuucnoticias.com\/wp-content\/uploads\/2022\/08\/BANNER-AGOSTO-22-768x241.jpg 768w, https:\/\/elpuucnoticias.com\/wp-content\/uploads\/2022\/08\/BANNER-AGOSTO-22-1536x481.jpg 1536w, https:\/\/elpuucnoticias.com\/wp-content\/uploads\/2022\/08\/BANNER-AGOSTO-22-2048x641.jpg 2048w\" sizes=\"auto, (max-width: 721px) 100vw, 721px\" \/><\/figure>\n\n\n\n<p>Todas las familias beneficiadas son de la cabecera municipal, seg\u00fan informo el alcalde, qui\u00e9n anticipo que m\u00e1s adelante se va trabajar de la misma manera en las comisar\u00edas y dependiendo de las necesidades que tengan, ser\u00e1n los obras que se realizar\u00e1n.<\/p>\n\n\n\n<figure class=\"wp-block-gallery has-nested-images columns-default is-cropped wp-block-gallery-2 is-layout-flex wp-block-gallery-is-layout-flex\">\n<figure class=\"wp-block-image size-large\"><img loading=\"lazy\" decoding=\"async\" width=\"720\" height=\"480\" data-id=\"2915\" src=\"https:\/\/elpuucnoticias.com\/wp-content\/uploads\/2022\/08\/WhatsApp-Image-2022-07-31-at-5.05.27-PM.jpeg\" alt=\"\" class=\"wp-image-2915\" srcset=\"https:\/\/elpuucnoticias.com\/wp-content\/uploads\/2022\/08\/WhatsApp-Image-2022-07-31-at-5.05.27-PM.jpeg 720w, https:\/\/elpuucnoticias.com\/wp-content\/uploads\/2022\/08\/WhatsApp-Image-2022-07-31-at-5.05.27-PM-300x200.jpeg 300w\" sizes=\"auto, (max-width: 720px) 100vw, 720px\" \/><\/figure>\n\n\n\n<figure class=\"wp-block-image size-large\"><img loading=\"lazy\" decoding=\"async\" width=\"720\" height=\"405\" data-id=\"2916\" src=\"https:\/\/elpuucnoticias.com\/wp-content\/uploads\/2022\/08\/WhatsApp-Image-2022-07-31-at-5.05.21-PM.jpeg\" alt=\"\" class=\"wp-image-2916\" srcset=\"https:\/\/elpuucnoticias.com\/wp-content\/uploads\/2022\/08\/WhatsApp-Image-2022-07-31-at-5.05.21-PM.jpeg 720w, https:\/\/elpuucnoticias.com\/wp-content\/uploads\/2022\/08\/WhatsApp-Image-2022-07-31-at-5.05.21-PM-300x169.jpeg 300w\" sizes=\"auto, (max-width: 720px) 100vw, 720px\" \/><\/figure>\n<\/figure>\n\n\n\n<p>Explic\u00f3 que adem\u00e1s de los cuartos, tambi\u00e9n se van a construir techos en la cabecera municipal y ya se dio el banderazo de inicio de esos trabajos.<\/p>\n\n\n\n<p>Finalmente se\u00f1al\u00f3 que con esto buscan que mejore la calidad de vida de las familias del municipio, que es una meta fijada para esta administraci\u00f3n y por eso est\u00e1n trabajando para lograrlo.\u2014 <em>El Puuc Noticias<\/em><\/p>\n\n\n\n<figure class=\"wp-block-gallery has-nested-images columns-default is-cropped wp-block-gallery-3 is-layout-flex wp-block-gallery-is-layout-flex\">\n<figure class=\"wp-block-image size-large\"><img loading=\"lazy\" decoding=\"async\" width=\"720\" height=\"480\" data-id=\"2913\" src=\"https:\/\/elpuucnoticias.com\/wp-content\/uploads\/2022\/08\/WhatsApp-Image-2022-07-31-at-5.05.32-PM.jpeg\" alt=\"\" class=\"wp-image-2913\" srcset=\"https:\/\/elpuucnoticias.com\/wp-content\/uploads\/2022\/08\/WhatsApp-Image-2022-07-31-at-5.05.32-PM.jpeg 720w, https:\/\/elpuucnoticias.com\/wp-content\/uploads\/2022\/08\/WhatsApp-Image-2022-07-31-at-5.05.32-PM-300x200.jpeg 300w\" sizes=\"auto, (max-width: 720px) 100vw, 720px\" \/><\/figure>\n\n\n\n<figure class=\"wp-block-image size-large\"><img loading=\"lazy\" decoding=\"async\" width=\"720\" height=\"542\" data-id=\"2914\" src=\"https:\/\/elpuucnoticias.com\/wp-content\/uploads\/2022\/08\/WhatsApp-Image-2022-07-31-at-5.05.31-PM.jpeg\" alt=\"\" class=\"wp-image-2914\" srcset=\"https:\/\/elpuucnoticias.com\/wp-content\/uploads\/2022\/08\/WhatsApp-Image-2022-07-31-at-5.05.31-PM.jpeg 720w, https:\/\/elpuucnoticias.com\/wp-content\/uploads\/2022\/08\/WhatsApp-Image-2022-07-31-at-5.05.31-PM-300x226.jpeg 300w\" sizes=\"auto, (max-width: 720px) 100vw, 720px\" \/><\/figure>\n<\/figure>\n","protected":false},"excerpt":{"rendered":"<p>En d\u00edas pasados, el alcalde de Peto, Ren\u00e1n Jim\u00e9nez Tah, dio el banderazo de inicio de la construcci\u00f3n<\/p>\n","protected":false},"author":1,"featured_media":2910,"comment_status":"closed","ping_status":"open","sticky":false,"template":"","format":"standard","meta":{"_monsterinsights_skip_tracking":false,"_monsterinsights_sitenote_active":false,"_monsterinsights_sitenote_note":"","_monsterinsights_sitenote_category":0,"footnotes":""},"categories":[11,20],"tags":[],"class_list":["post-2909","post","type-post","status-publish","format-standard","has-post-thumbnail","hentry","category-noticias","category-peto"],"yoast_head":"<!-- This site is optimized with the Yoast SEO plugin v18.3 - https:\/\/yoast.com\/wordpress\/plugins\/seo\/ -->\n<title>Con recursos del Ramo 33, el Ayuntamiento de Peto inicia construcci\u00f3n de cuartos en la cabecera municipal - El Puuc Noticias<\/title>\n<meta name=\"robots\" content=\"index, follow, max-snippet:-1, max-image-preview:large, max-video-preview:-1\" \/>\n<link rel=\"canonical\" href=\"https:\/\/elpuucnoticias.com\/?p=2909\" \/>\n<meta property=\"og:locale\" content=\"es_ES\" \/>\n<meta property=\"og:type\" content=\"article\" \/>\n<meta property=\"og:title\" content=\"Con recursos del Ramo 33, el Ayuntamiento de Peto inicia construcci\u00f3n de cuartos en la cabecera municipal - El Puuc Noticias\" \/>\n<meta property=\"og:description\" content=\"En d\u00edas pasados, el alcalde de Peto, Ren\u00e1n Jim\u00e9nez Tah, dio el banderazo de inicio de la construcci\u00f3n\" \/>\n<meta property=\"og:url\" content=\"https:\/\/elpuucnoticias.com\/?p=2909\" \/>\n<meta property=\"og:site_name\" content=\"El Puuc Noticias\" \/>\n<meta property=\"article:published_time\" content=\"2022-08-01T16:38:32+00:00\" \/>\n<meta property=\"og:image\" content=\"https:\/\/elpuucnoticias.com\/wp-content\/uploads\/2022\/08\/WhatsApp-Image-2022-07-31-at-5.05.30-PM-1.jpeg\" \/>\n<meta name=\"twitter:card\" content=\"summary_large_image\" \/>\n<meta name=\"twitter:label1\" content=\"Escrito por\" \/>\n\t<meta name=\"twitter:data1\" content=\"elpuucnoticias\" \/>\n\t<meta name=\"twitter:label2\" content=\"Tiempo de lectura\" \/>\n\t<meta name=\"twitter:data2\" content=\"1 minuto\" \/>\n<script type=\"application\/ld+json\" class=\"yoast-schema-graph\">{\"@context\":\"https:\/\/schema.org\",\"@graph\":[{\"@type\":\"WebSite\",\"@id\":\"https:\/\/elpuucnoticias.com\/#website\",\"url\":\"https:\/\/elpuucnoticias.com\/\",\"name\":\"El Puuc Noticias\",\"description\":\"Noticias - Entretenimiento - Deportes\",\"potentialAction\":[{\"@type\":\"SearchAction\",\"target\":{\"@type\":\"EntryPoint\",\"urlTemplate\":\"https:\/\/elpuucnoticias.com\/?s={search_term_string}\"},\"query-input\":\"required name=search_term_string\"}],\"inLanguage\":\"es\"},{\"@type\":\"ImageObject\",\"@id\":\"https:\/\/elpuucnoticias.com\/?p=2909#primaryimage\",\"inLanguage\":\"es\",\"url\":\"https:\/\/elpuucnoticias.com\/wp-content\/uploads\/2022\/08\/WhatsApp-Image-2022-07-31-at-5.05.30-PM.jpeg\",\"contentUrl\":\"https:\/\/elpuucnoticias.com\/wp-content\/uploads\/2022\/08\/WhatsApp-Image-2022-07-31-at-5.05.30-PM.jpeg\",\"width\":720,\"height\":540},{\"@type\":\"WebPage\",\"@id\":\"https:\/\/elpuucnoticias.com\/?p=2909#webpage\",\"url\":\"https:\/\/elpuucnoticias.com\/?p=2909\",\"name\":\"Con recursos del Ramo 33, el Ayuntamiento de Peto inicia construcci\u00f3n de cuartos en la cabecera municipal - El Puuc Noticias\",\"isPartOf\":{\"@id\":\"https:\/\/elpuucnoticias.com\/#website\"},\"primaryImageOfPage\":{\"@id\":\"https:\/\/elpuucnoticias.com\/?p=2909#primaryimage\"},\"datePublished\":\"2022-08-01T16:38:32+00:00\",\"dateModified\":\"2022-08-01T16:38:32+00:00\",\"author\":{\"@id\":\"https:\/\/elpuucnoticias.com\/#\/schema\/person\/d2ea09e4c97f0160b11cdfb1d856bd9e\"},\"breadcrumb\":{\"@id\":\"https:\/\/elpuucnoticias.com\/?p=2909#breadcrumb\"},\"inLanguage\":\"es\",\"potentialAction\":[{\"@type\":\"ReadAction\",\"target\":[\"https:\/\/elpuucnoticias.com\/?p=2909\"]}]},{\"@type\":\"BreadcrumbList\",\"@id\":\"https:\/\/elpuucnoticias.com\/?p=2909#breadcrumb\",\"itemListElement\":[{\"@type\":\"ListItem\",\"position\":1,\"name\":\"Portada\",\"item\":\"https:\/\/elpuucnoticias.com\/\"},{\"@type\":\"ListItem\",\"position\":2,\"name\":\"Con recursos del Ramo 33, el Ayuntamiento de Peto inicia construcci\u00f3n de cuartos en la cabecera municipal\"}]},{\"@type\":\"Person\",\"@id\":\"https:\/\/elpuucnoticias.com\/#\/schema\/person\/d2ea09e4c97f0160b11cdfb1d856bd9e\",\"name\":\"elpuucnoticias\",\"image\":{\"@type\":\"ImageObject\",\"@id\":\"https:\/\/elpuucnoticias.com\/#personlogo\",\"inLanguage\":\"es\",\"url\":\"https:\/\/secure.gravatar.com\/avatar\/5290a43657c74ffa15701dbe5b846bd85cc71930d803c84e91046a7333de6ce2?s=96&d=mm&r=g\",\"contentUrl\":\"https:\/\/secure.gravatar.com\/avatar\/5290a43657c74ffa15701dbe5b846bd85cc71930d803c84e91046a7333de6ce2?s=96&d=mm&r=g\",\"caption\":\"elpuucnoticias\"},\"sameAs\":[\"https:\/\/elpuucnoticias.com\"],\"url\":\"https:\/\/elpuucnoticias.com\/?author=1\"}]}<\/script>\n<!-- \/ Yoast SEO plugin. -->","yoast_head_json":{"title":"Con recursos del Ramo 33, el Ayuntamiento de Peto inicia construcci\u00f3n de cuartos en la cabecera municipal - El Puuc Noticias","robots":{"index":"index","follow":"follow","max-snippet":"max-snippet:-1","max-image-preview":"max-image-preview:large","max-video-preview":"max-video-preview:-1"},"canonical":"https:\/\/elpuucnoticias.com\/?p=2909","og_locale":"es_ES","og_type":"article","og_title":"Con recursos del Ramo 33, el Ayuntamiento de Peto inicia construcci\u00f3n de cuartos en la cabecera municipal - El Puuc Noticias","og_description":"En d\u00edas pasados, el alcalde de Peto, Ren\u00e1n Jim\u00e9nez Tah, dio el banderazo de inicio de la construcci\u00f3n","og_url":"https:\/\/elpuucnoticias.com\/?p=2909","og_site_name":"El Puuc Noticias","article_published_time":"2022-08-01T16:38:32+00:00","og_image":[{"url":"https:\/\/elpuucnoticias.com\/wp-content\/uploads\/2022\/08\/WhatsApp-Image-2022-07-31-at-5.05.30-PM-1.jpeg"}],"twitter_card":"summary_large_image","twitter_misc":{"Escrito por":"elpuucnoticias","Tiempo de lectura":"1 minuto"},"schema":{"@context":"https:\/\/schema.org","@graph":[{"@type":"WebSite","@id":"https:\/\/elpuucnoticias.com\/#website","url":"https:\/\/elpuucnoticias.com\/","name":"El Puuc Noticias","description":"Noticias - Entretenimiento - Deportes","potentialAction":[{"@type":"SearchAction","target":{"@type":"EntryPoint","urlTemplate":"https:\/\/elpuucnoticias.com\/?s={search_term_string}"},"query-input":"required name=search_term_string"}],"inLanguage":"es"},{"@type":"ImageObject","@id":"https:\/\/elpuucnoticias.com\/?p=2909#primaryimage","inLanguage":"es","url":"https:\/\/elpuucnoticias.com\/wp-content\/uploads\/2022\/08\/WhatsApp-Image-2022-07-31-at-5.05.30-PM.jpeg","contentUrl":"https:\/\/elpuucnoticias.com\/wp-content\/uploads\/2022\/08\/WhatsApp-Image-2022-07-31-at-5.05.30-PM.jpeg","width":720,"height":540},{"@type":"WebPage","@id":"https:\/\/elpuucnoticias.com\/?p=2909#webpage","url":"https:\/\/elpuucnoticias.com\/?p=2909","name":"Con recursos del Ramo 33, el Ayuntamiento de Peto inicia construcci\u00f3n de cuartos en la cabecera municipal - El Puuc Noticias","isPartOf":{"@id":"https:\/\/elpuucnoticias.com\/#website"},"primaryImageOfPage":{"@id":"https:\/\/elpuucnoticias.com\/?p=2909#primaryimage"},"datePublished":"2022-08-01T16:38:32+00:00","dateModified":"2022-08-01T16:38:32+00:00","author":{"@id":"https:\/\/elpuucnoticias.com\/#\/schema\/person\/d2ea09e4c97f0160b11cdfb1d856bd9e"},"breadcrumb":{"@id":"https:\/\/elpuucnoticias.com\/?p=2909#breadcrumb"},"inLanguage":"es","potentialAction":[{"@type":"ReadAction","target":["https:\/\/elpuucnoticias.com\/?p=2909"]}]},{"@type":"BreadcrumbList","@id":"https:\/\/elpuucnoticias.com\/?p=2909#breadcrumb","itemListElement":[{"@type":"ListItem","position":1,"name":"Portada","item":"https:\/\/elpuucnoticias.com\/"},{"@type":"ListItem","position":2,"name":"Con recursos del Ramo 33, el Ayuntamiento de Peto inicia construcci\u00f3n de cuartos en la cabecera municipal"}]},{"@type":"Person","@id":"https:\/\/elpuucnoticias.com\/#\/schema\/person\/d2ea09e4c97f0160b11cdfb1d856bd9e","name":"elpuucnoticias","image":{"@type":"ImageObject","@id":"https:\/\/elpuucnoticias.com\/#personlogo","inLanguage":"es","url":"https:\/\/secure.gravatar.com\/avatar\/5290a43657c74ffa15701dbe5b846bd85cc71930d803c84e91046a7333de6ce2?s=96&d=mm&r=g","contentUrl":"https:\/\/secure.gravatar.com\/avatar\/5290a43657c74ffa15701dbe5b846bd85cc71930d803c84e91046a7333de6ce2?s=96&d=mm&r=g","caption":"elpuucnoticias"},"sameAs":["https:\/\/elpuucnoticias.com"],"url":"https:\/\/elpuucnoticias.com\/?author=1"}]}},"_links":{"self":[{"href":"https:\/\/elpuucnoticias.com\/index.php?rest_route=\/wp\/v2\/posts\/2909","targetHints":{"allow":["GET"]}}],"collection":[{"href":"https:\/\/elpuucnoticias.com\/index.php?rest_route=\/wp\/v2\/posts"}],"about":[{"href":"https:\/\/elpuucnoticias.com\/index.php?rest_route=\/wp\/v2\/types\/post"}],"author":[{"embeddable":true,"href":"https:\/\/elpuucnoticias.com\/index.php?rest_route=\/wp\/v2\/users\/1"}],"replies":[{"embeddable":true,"href":"https:\/\/elpuucnoticias.com\/index.php?rest_route=%2Fwp%2Fv2%2Fcomments&post=2909"}],"version-history":[{"count":1,"href":"https:\/\/elpuucnoticias.com\/index.php?rest_route=\/wp\/v2\/posts\/2909\/revisions"}],"predecessor-version":[{"id":2918,"href":"https:\/\/elpuucnoticias.com\/index.php?rest_route=\/wp\/v2\/posts\/2909\/revisions\/2918"}],"wp:featuredmedia":[{"embeddable":true,"href":"https:\/\/elpuucnoticias.com\/index.php?rest_route=\/wp\/v2\/media\/2910"}],"wp:attachment":[{"href":"https:\/\/elpuucnoticias.com\/index.php?rest_route=%2Fwp%2Fv2%2Fmedia&parent=2909"}],"wp:term":[{"taxonomy":"category","embeddable":true,"href":"https:\/\/elpuucnoticias.com\/index.php?rest_route=%2Fwp%2Fv2%2Fcategories&post=2909"},{"taxonomy":"post_tag","embeddable":true,"href":"https:\/\/elpuucnoticias.com\/index.php?rest_route=%2Fwp%2Fv2%2Ftags&post=2909"}],"curies":[{"name":"wp","href":"https:\/\/api.w.org\/{rel}","templated":true}]}}