{"id":2919,"date":"2022-08-01T10:45:19","date_gmt":"2022-08-01T16:45:19","guid":{"rendered":"https:\/\/elpuucnoticias.com\/?p=2919"},"modified":"2022-08-01T10:45:22","modified_gmt":"2022-08-01T16:45:22","slug":"anuncian-el-inicio-de-la-remodelacion-del-parque-principal-de-oxkutzcab-en-la-obra-se-destinaran-8-3-millones-de-pesos","status":"publish","type":"post","link":"https:\/\/elpuucnoticias.com\/?p=2919","title":{"rendered":"Anuncian el inicio de la remodelaci\u00f3n del parque principal de Oxkutzcab. En la obra se destinar\u00e1n 8.3 millones de pesos"},"content":{"rendered":"\n<p>Con una inversi\u00f3n de 8.3 millones de pesos, el alcalde de Oxkutzcab, Juan Jos\u00e9 Mart\u00edn Fragoso, anunci\u00f3 este s\u00e1bado el inicio de los trabajos para la remodelaci\u00f3n del parque principal de La Huerta del Estado.\u00a0<\/p>\n\n\n\n<p>En recorrido por el parque, acompa\u00f1ado de su esposa \u00c1ngeles Novelo Caamal, regidores del Ayuntamiento y otros funcionarios, el primer edil ofreci\u00f3 detalles de c\u00f3mo quedar\u00e1 la obra cuando \u00e9sta finalice.\u00a0<\/p>\n\n\n\n<figure class=\"wp-block-gallery has-nested-images columns-default is-cropped wp-block-gallery-1 is-layout-flex wp-block-gallery-is-layout-flex\">\n<figure class=\"wp-block-image size-large\"><img loading=\"lazy\" decoding=\"async\" width=\"1024\" height=\"683\" data-id=\"2922\" src=\"https:\/\/elpuucnoticias.com\/wp-content\/uploads\/2022\/08\/Parque10-1024x683.jpeg\" alt=\"\" class=\"wp-image-2922\" srcset=\"https:\/\/elpuucnoticias.com\/wp-content\/uploads\/2022\/08\/Parque10-1024x683.jpeg 1024w, https:\/\/elpuucnoticias.com\/wp-content\/uploads\/2022\/08\/Parque10-300x200.jpeg 300w, https:\/\/elpuucnoticias.com\/wp-content\/uploads\/2022\/08\/Parque10-768x512.jpeg 768w, https:\/\/elpuucnoticias.com\/wp-content\/uploads\/2022\/08\/Parque10-1536x1024.jpeg 1536w, https:\/\/elpuucnoticias.com\/wp-content\/uploads\/2022\/08\/Parque10.jpeg 1599w\" sizes=\"auto, (max-width: 1024px) 100vw, 1024px\" \/><\/figure>\n\n\n\n<figure class=\"wp-block-image size-large\"><img loading=\"lazy\" decoding=\"async\" width=\"1024\" height=\"683\" data-id=\"2921\" src=\"https:\/\/elpuucnoticias.com\/wp-content\/uploads\/2022\/08\/Parque04.jpeg\" alt=\"\" class=\"wp-image-2921\" srcset=\"https:\/\/elpuucnoticias.com\/wp-content\/uploads\/2022\/08\/Parque04.jpeg 1024w, https:\/\/elpuucnoticias.com\/wp-content\/uploads\/2022\/08\/Parque04-300x200.jpeg 300w, https:\/\/elpuucnoticias.com\/wp-content\/uploads\/2022\/08\/Parque04-768x512.jpeg 768w\" sizes=\"auto, (max-width: 1024px) 100vw, 1024px\" \/><\/figure>\n<\/figure>\n\n\n\n<p>El mun\u00edcipe expuso que la ejecuci\u00f3n de la obra ser\u00e1 en un tiempo aproximado de cuatro meses e iniciar\u00e1 a mediados de esta semana con el banderazo de inicio de los trabajos.\u00a0<\/p>\n\n\n\n<p>La remodelaci\u00f3n incluir\u00e1 cambio total del piso, instalaci\u00f3n de nuevo mobiliario, luces, peque\u00f1as fuentes, un teatro al aire libre y un nuevo quiosco central de dos niveles.\u00a0<\/p>\n\n\n\n<figure class=\"wp-block-image size-large is-resized\"><img loading=\"lazy\" decoding=\"async\" src=\"https:\/\/elpuucnoticias.com\/wp-content\/uploads\/2022\/08\/BANNER-AGOSTO-22-1024x321.jpg\" alt=\"\" class=\"wp-image-2917\" width=\"757\" height=\"237\" srcset=\"https:\/\/elpuucnoticias.com\/wp-content\/uploads\/2022\/08\/BANNER-AGOSTO-22-1024x321.jpg 1024w, https:\/\/elpuucnoticias.com\/wp-content\/uploads\/2022\/08\/BANNER-AGOSTO-22-300x94.jpg 300w, https:\/\/elpuucnoticias.com\/wp-content\/uploads\/2022\/08\/BANNER-AGOSTO-22-768x241.jpg 768w, https:\/\/elpuucnoticias.com\/wp-content\/uploads\/2022\/08\/BANNER-AGOSTO-22-1536x481.jpg 1536w, https:\/\/elpuucnoticias.com\/wp-content\/uploads\/2022\/08\/BANNER-AGOSTO-22-2048x641.jpg 2048w\" sizes=\"auto, (max-width: 757px) 100vw, 757px\" \/><\/figure>\n\n\n\n<p>Durante el recorrido por el sitio de recreo, Mart\u00edn Fragoso constat\u00f3 el deterioro del lugar y recibi\u00f3 sugerencias de los ciudadanos que se encontraban en el lugar. Pidieron seguridad en el parque, que est\u00e9 libre de fauna callejera y que la iluminaci\u00f3n sea de lo mejor.\u00a0<\/p>\n\n\n\n<figure class=\"wp-block-image size-large\"><img loading=\"lazy\" decoding=\"async\" width=\"1024\" height=\"575\" src=\"https:\/\/elpuucnoticias.com\/wp-content\/uploads\/2022\/08\/parque17-1024x575.jpeg\" alt=\"\" class=\"wp-image-2923\" srcset=\"https:\/\/elpuucnoticias.com\/wp-content\/uploads\/2022\/08\/parque17-1024x575.jpeg 1024w, https:\/\/elpuucnoticias.com\/wp-content\/uploads\/2022\/08\/parque17-300x169.jpeg 300w, https:\/\/elpuucnoticias.com\/wp-content\/uploads\/2022\/08\/parque17-768x431.jpeg 768w, https:\/\/elpuucnoticias.com\/wp-content\/uploads\/2022\/08\/parque17.jpeg 1280w\" sizes=\"auto, (max-width: 1024px) 100vw, 1024px\" \/><\/figure>\n\n\n\n<p>Sobre los viejos \u00e1rboles del parque, el primer edil precis\u00f3 que se van a respetar, excepto aquellos que por su edad y condiciones generales pasen por una poda o un talado, dependiendo del grado de peligro que represente para la seguridad de las personas.\u00a0<\/p>\n\n\n\n<p>\u00abSabemos que el tema de los \u00e1rboles es algo sensible, pero despu\u00e9s de la experiencia que hemos vivido en Protecci\u00f3n Civil con \u00e1rboles viejos, los protocolos de acci\u00f3n en este caso han sido revisados y en funci\u00f3n de ello somos m\u00e1s cuidadosos: tomamos en cuenta que primero est\u00e1 la seguridad de las personas\u00bb, coment\u00f3 Mart\u00edn Fragoso.\u00a0<\/p>\n\n\n\n<p>El alcalde precis\u00f3 que esta obra es en funci\u00f3n de un reclamo ciudadano de varios lustros pues, los \u00faltimos trabajos que se hicieron en el parque datan de 1996. &nbsp;<\/p>\n\n\n\n<p>\u00abQueremos que el nuevo parque de Oxkutzcab sea un lugar agradable, limpio, seguro y que sea un de un gran atractivo para los habitantes de la ciudad y quienes nos visitan\u00bb, apunt\u00f3.\u2014 <em>El Puuc Noticias<\/em><\/p>\n","protected":false},"excerpt":{"rendered":"<p>Con una inversi\u00f3n de 8.3 millones de pesos, el alcalde de Oxkutzcab, Juan Jos\u00e9 Mart\u00edn Fragoso, anunci\u00f3 este<\/p>\n","protected":false},"author":1,"featured_media":2920,"comment_status":"closed","ping_status":"open","sticky":false,"template":"","format":"standard","meta":{"_monsterinsights_skip_tracking":false,"_monsterinsights_sitenote_active":false,"_monsterinsights_sitenote_note":"","_monsterinsights_sitenote_category":0,"footnotes":""},"categories":[11,14],"tags":[],"class_list":["post-2919","post","type-post","status-publish","format-standard","has-post-thumbnail","hentry","category-noticias","category-oxkutzcab"],"yoast_head":"<!-- This site is optimized with the Yoast SEO plugin v18.3 - https:\/\/yoast.com\/wordpress\/plugins\/seo\/ -->\n<title>Anuncian el inicio de la remodelaci\u00f3n del parque principal de Oxkutzcab. En la obra se destinar\u00e1n 8.3 millones de pesos - El Puuc Noticias<\/title>\n<meta name=\"robots\" content=\"index, follow, max-snippet:-1, max-image-preview:large, max-video-preview:-1\" \/>\n<link rel=\"canonical\" href=\"https:\/\/elpuucnoticias.com\/?p=2919\" \/>\n<meta property=\"og:locale\" content=\"es_ES\" \/>\n<meta property=\"og:type\" content=\"article\" \/>\n<meta property=\"og:title\" content=\"Anuncian el inicio de la remodelaci\u00f3n del parque principal de Oxkutzcab. En la obra se destinar\u00e1n 8.3 millones de pesos - El Puuc Noticias\" \/>\n<meta property=\"og:description\" content=\"Con una inversi\u00f3n de 8.3 millones de pesos, el alcalde de Oxkutzcab, Juan Jos\u00e9 Mart\u00edn Fragoso, anunci\u00f3 este\" \/>\n<meta property=\"og:url\" content=\"https:\/\/elpuucnoticias.com\/?p=2919\" \/>\n<meta property=\"og:site_name\" content=\"El Puuc Noticias\" \/>\n<meta property=\"article:published_time\" content=\"2022-08-01T16:45:19+00:00\" \/>\n<meta property=\"article:modified_time\" content=\"2022-08-01T16:45:22+00:00\" \/>\n<meta property=\"og:image\" content=\"https:\/\/elpuucnoticias.com\/wp-content\/uploads\/2022\/08\/Parque06.jpeg\" \/>\n\t<meta property=\"og:image:width\" content=\"1024\" \/>\n\t<meta property=\"og:image:height\" content=\"683\" \/>\n\t<meta property=\"og:image:type\" content=\"image\/jpeg\" \/>\n<meta name=\"twitter:card\" content=\"summary_large_image\" \/>\n<meta name=\"twitter:label1\" content=\"Escrito por\" \/>\n\t<meta name=\"twitter:data1\" content=\"elpuucnoticias\" \/>\n\t<meta name=\"twitter:label2\" content=\"Tiempo de lectura\" \/>\n\t<meta name=\"twitter:data2\" content=\"3 minutos\" \/>\n<script type=\"application\/ld+json\" class=\"yoast-schema-graph\">{\"@context\":\"https:\/\/schema.org\",\"@graph\":[{\"@type\":\"WebSite\",\"@id\":\"https:\/\/elpuucnoticias.com\/#website\",\"url\":\"https:\/\/elpuucnoticias.com\/\",\"name\":\"El Puuc Noticias\",\"description\":\"Noticias - Entretenimiento - Deportes\",\"potentialAction\":[{\"@type\":\"SearchAction\",\"target\":{\"@type\":\"EntryPoint\",\"urlTemplate\":\"https:\/\/elpuucnoticias.com\/?s={search_term_string}\"},\"query-input\":\"required name=search_term_string\"}],\"inLanguage\":\"es\"},{\"@type\":\"ImageObject\",\"@id\":\"https:\/\/elpuucnoticias.com\/?p=2919#primaryimage\",\"inLanguage\":\"es\",\"url\":\"https:\/\/elpuucnoticias.com\/wp-content\/uploads\/2022\/08\/Parque06.jpeg\",\"contentUrl\":\"https:\/\/elpuucnoticias.com\/wp-content\/uploads\/2022\/08\/Parque06.jpeg\",\"width\":1024,\"height\":683},{\"@type\":\"WebPage\",\"@id\":\"https:\/\/elpuucnoticias.com\/?p=2919#webpage\",\"url\":\"https:\/\/elpuucnoticias.com\/?p=2919\",\"name\":\"Anuncian el inicio de la remodelaci\u00f3n del parque principal de Oxkutzcab. En la obra se destinar\u00e1n 8.3 millones de pesos - El Puuc Noticias\",\"isPartOf\":{\"@id\":\"https:\/\/elpuucnoticias.com\/#website\"},\"primaryImageOfPage\":{\"@id\":\"https:\/\/elpuucnoticias.com\/?p=2919#primaryimage\"},\"datePublished\":\"2022-08-01T16:45:19+00:00\",\"dateModified\":\"2022-08-01T16:45:22+00:00\",\"author\":{\"@id\":\"https:\/\/elpuucnoticias.com\/#\/schema\/person\/d2ea09e4c97f0160b11cdfb1d856bd9e\"},\"breadcrumb\":{\"@id\":\"https:\/\/elpuucnoticias.com\/?p=2919#breadcrumb\"},\"inLanguage\":\"es\",\"potentialAction\":[{\"@type\":\"ReadAction\",\"target\":[\"https:\/\/elpuucnoticias.com\/?p=2919\"]}]},{\"@type\":\"BreadcrumbList\",\"@id\":\"https:\/\/elpuucnoticias.com\/?p=2919#breadcrumb\",\"itemListElement\":[{\"@type\":\"ListItem\",\"position\":1,\"name\":\"Portada\",\"item\":\"https:\/\/elpuucnoticias.com\/\"},{\"@type\":\"ListItem\",\"position\":2,\"name\":\"Anuncian el inicio de la remodelaci\u00f3n del parque principal de Oxkutzcab. En la obra se destinar\u00e1n 8.3 millones de pesos\"}]},{\"@type\":\"Person\",\"@id\":\"https:\/\/elpuucnoticias.com\/#\/schema\/person\/d2ea09e4c97f0160b11cdfb1d856bd9e\",\"name\":\"elpuucnoticias\",\"image\":{\"@type\":\"ImageObject\",\"@id\":\"https:\/\/elpuucnoticias.com\/#personlogo\",\"inLanguage\":\"es\",\"url\":\"https:\/\/secure.gravatar.com\/avatar\/5290a43657c74ffa15701dbe5b846bd85cc71930d803c84e91046a7333de6ce2?s=96&d=mm&r=g\",\"contentUrl\":\"https:\/\/secure.gravatar.com\/avatar\/5290a43657c74ffa15701dbe5b846bd85cc71930d803c84e91046a7333de6ce2?s=96&d=mm&r=g\",\"caption\":\"elpuucnoticias\"},\"sameAs\":[\"https:\/\/elpuucnoticias.com\"],\"url\":\"https:\/\/elpuucnoticias.com\/?author=1\"}]}<\/script>\n<!-- \/ Yoast SEO plugin. -->","yoast_head_json":{"title":"Anuncian el inicio de la remodelaci\u00f3n del parque principal de Oxkutzcab. En la obra se destinar\u00e1n 8.3 millones de pesos - El Puuc Noticias","robots":{"index":"index","follow":"follow","max-snippet":"max-snippet:-1","max-image-preview":"max-image-preview:large","max-video-preview":"max-video-preview:-1"},"canonical":"https:\/\/elpuucnoticias.com\/?p=2919","og_locale":"es_ES","og_type":"article","og_title":"Anuncian el inicio de la remodelaci\u00f3n del parque principal de Oxkutzcab. En la obra se destinar\u00e1n 8.3 millones de pesos - El Puuc Noticias","og_description":"Con una inversi\u00f3n de 8.3 millones de pesos, el alcalde de Oxkutzcab, Juan Jos\u00e9 Mart\u00edn Fragoso, anunci\u00f3 este","og_url":"https:\/\/elpuucnoticias.com\/?p=2919","og_site_name":"El Puuc Noticias","article_published_time":"2022-08-01T16:45:19+00:00","article_modified_time":"2022-08-01T16:45:22+00:00","og_image":[{"width":1024,"height":683,"url":"https:\/\/elpuucnoticias.com\/wp-content\/uploads\/2022\/08\/Parque06.jpeg","type":"image\/jpeg"}],"twitter_card":"summary_large_image","twitter_misc":{"Escrito por":"elpuucnoticias","Tiempo de lectura":"3 minutos"},"schema":{"@context":"https:\/\/schema.org","@graph":[{"@type":"WebSite","@id":"https:\/\/elpuucnoticias.com\/#website","url":"https:\/\/elpuucnoticias.com\/","name":"El Puuc Noticias","description":"Noticias - Entretenimiento - Deportes","potentialAction":[{"@type":"SearchAction","target":{"@type":"EntryPoint","urlTemplate":"https:\/\/elpuucnoticias.com\/?s={search_term_string}"},"query-input":"required name=search_term_string"}],"inLanguage":"es"},{"@type":"ImageObject","@id":"https:\/\/elpuucnoticias.com\/?p=2919#primaryimage","inLanguage":"es","url":"https:\/\/elpuucnoticias.com\/wp-content\/uploads\/2022\/08\/Parque06.jpeg","contentUrl":"https:\/\/elpuucnoticias.com\/wp-content\/uploads\/2022\/08\/Parque06.jpeg","width":1024,"height":683},{"@type":"WebPage","@id":"https:\/\/elpuucnoticias.com\/?p=2919#webpage","url":"https:\/\/elpuucnoticias.com\/?p=2919","name":"Anuncian el inicio de la remodelaci\u00f3n del parque principal de Oxkutzcab. En la obra se destinar\u00e1n 8.3 millones de pesos - El Puuc Noticias","isPartOf":{"@id":"https:\/\/elpuucnoticias.com\/#website"},"primaryImageOfPage":{"@id":"https:\/\/elpuucnoticias.com\/?p=2919#primaryimage"},"datePublished":"2022-08-01T16:45:19+00:00","dateModified":"2022-08-01T16:45:22+00:00","author":{"@id":"https:\/\/elpuucnoticias.com\/#\/schema\/person\/d2ea09e4c97f0160b11cdfb1d856bd9e"},"breadcrumb":{"@id":"https:\/\/elpuucnoticias.com\/?p=2919#breadcrumb"},"inLanguage":"es","potentialAction":[{"@type":"ReadAction","target":["https:\/\/elpuucnoticias.com\/?p=2919"]}]},{"@type":"BreadcrumbList","@id":"https:\/\/elpuucnoticias.com\/?p=2919#breadcrumb","itemListElement":[{"@type":"ListItem","position":1,"name":"Portada","item":"https:\/\/elpuucnoticias.com\/"},{"@type":"ListItem","position":2,"name":"Anuncian el inicio de la remodelaci\u00f3n del parque principal de Oxkutzcab. En la obra se destinar\u00e1n 8.3 millones de pesos"}]},{"@type":"Person","@id":"https:\/\/elpuucnoticias.com\/#\/schema\/person\/d2ea09e4c97f0160b11cdfb1d856bd9e","name":"elpuucnoticias","image":{"@type":"ImageObject","@id":"https:\/\/elpuucnoticias.com\/#personlogo","inLanguage":"es","url":"https:\/\/secure.gravatar.com\/avatar\/5290a43657c74ffa15701dbe5b846bd85cc71930d803c84e91046a7333de6ce2?s=96&d=mm&r=g","contentUrl":"https:\/\/secure.gravatar.com\/avatar\/5290a43657c74ffa15701dbe5b846bd85cc71930d803c84e91046a7333de6ce2?s=96&d=mm&r=g","caption":"elpuucnoticias"},"sameAs":["https:\/\/elpuucnoticias.com"],"url":"https:\/\/elpuucnoticias.com\/?author=1"}]}},"_links":{"self":[{"href":"https:\/\/elpuucnoticias.com\/index.php?rest_route=\/wp\/v2\/posts\/2919","targetHints":{"allow":["GET"]}}],"collection":[{"href":"https:\/\/elpuucnoticias.com\/index.php?rest_route=\/wp\/v2\/posts"}],"about":[{"href":"https:\/\/elpuucnoticias.com\/index.php?rest_route=\/wp\/v2\/types\/post"}],"author":[{"embeddable":true,"href":"https:\/\/elpuucnoticias.com\/index.php?rest_route=\/wp\/v2\/users\/1"}],"replies":[{"embeddable":true,"href":"https:\/\/elpuucnoticias.com\/index.php?rest_route=%2Fwp%2Fv2%2Fcomments&post=2919"}],"version-history":[{"count":1,"href":"https:\/\/elpuucnoticias.com\/index.php?rest_route=\/wp\/v2\/posts\/2919\/revisions"}],"predecessor-version":[{"id":2924,"href":"https:\/\/elpuucnoticias.com\/index.php?rest_route=\/wp\/v2\/posts\/2919\/revisions\/2924"}],"wp:featuredmedia":[{"embeddable":true,"href":"https:\/\/elpuucnoticias.com\/index.php?rest_route=\/wp\/v2\/media\/2920"}],"wp:attachment":[{"href":"https:\/\/elpuucnoticias.com\/index.php?rest_route=%2Fwp%2Fv2%2Fmedia&parent=2919"}],"wp:term":[{"taxonomy":"category","embeddable":true,"href":"https:\/\/elpuucnoticias.com\/index.php?rest_route=%2Fwp%2Fv2%2Fcategories&post=2919"},{"taxonomy":"post_tag","embeddable":true,"href":"https:\/\/elpuucnoticias.com\/index.php?rest_route=%2Fwp%2Fv2%2Ftags&post=2919"}],"curies":[{"name":"wp","href":"https:\/\/api.w.org\/{rel}","templated":true}]}}