{"id":2931,"date":"2022-08-02T13:27:44","date_gmt":"2022-08-02T19:27:44","guid":{"rendered":"https:\/\/elpuucnoticias.com\/?p=2931"},"modified":"2022-08-02T13:27:46","modified_gmt":"2022-08-02T19:27:46","slug":"anuncian-la-proxima-atencion-de-la-carretera-entre-cooperativa-y-xul-comisarias-de-oxkutzcab","status":"publish","type":"post","link":"https:\/\/elpuucnoticias.com\/?p=2931","title":{"rendered":"Anuncian la pr\u00f3xima atenci\u00f3n de la carretera entre Cooperativa y Xul, comisar\u00edas de Oxkutzcab"},"content":{"rendered":"\n<p>Pobladores de Xul recibieron la visita del alcalde de Oxkutzcab, Juan Jos\u00e9 Mart\u00edn Fragoso, quien les inform\u00f3 de que gobierno estatal, a trav\u00e9s del Instituto de Infraestructura Carretera de Yucat\u00e1n (INCAY), iniciar\u00e1 la reparaci\u00f3n de la carretera Cooperativa-Xul. \u00a0<\/p>\n\n\n\n<p>El primer edil inform\u00f3 tambi\u00e9n la pronta reapertura de la corresponsal\u00eda del Registro Civil en esa comunidad. \u00a0<\/p>\n\n\n\n<figure class=\"wp-block-gallery has-nested-images columns-default is-cropped wp-block-gallery-1 is-layout-flex wp-block-gallery-is-layout-flex\">\n<figure class=\"wp-block-image size-large\"><img loading=\"lazy\" decoding=\"async\" width=\"1024\" height=\"682\" data-id=\"2934\" src=\"https:\/\/elpuucnoticias.com\/wp-content\/uploads\/2022\/08\/Xul03-1024x682.jpeg\" alt=\"\" class=\"wp-image-2934\" srcset=\"https:\/\/elpuucnoticias.com\/wp-content\/uploads\/2022\/08\/Xul03-1024x682.jpeg 1024w, https:\/\/elpuucnoticias.com\/wp-content\/uploads\/2022\/08\/Xul03-300x200.jpeg 300w, https:\/\/elpuucnoticias.com\/wp-content\/uploads\/2022\/08\/Xul03-768x512.jpeg 768w, https:\/\/elpuucnoticias.com\/wp-content\/uploads\/2022\/08\/Xul03.jpeg 1280w\" sizes=\"auto, (max-width: 1024px) 100vw, 1024px\" \/><\/figure>\n\n\n\n<figure class=\"wp-block-image size-large\"><img loading=\"lazy\" decoding=\"async\" width=\"1024\" height=\"682\" data-id=\"2933\" src=\"https:\/\/elpuucnoticias.com\/wp-content\/uploads\/2022\/08\/Xul-1024x682.jpeg\" alt=\"\" class=\"wp-image-2933\" srcset=\"https:\/\/elpuucnoticias.com\/wp-content\/uploads\/2022\/08\/Xul-1024x682.jpeg 1024w, https:\/\/elpuucnoticias.com\/wp-content\/uploads\/2022\/08\/Xul-300x200.jpeg 300w, https:\/\/elpuucnoticias.com\/wp-content\/uploads\/2022\/08\/Xul-768x512.jpeg 768w, https:\/\/elpuucnoticias.com\/wp-content\/uploads\/2022\/08\/Xul.jpeg 1280w\" sizes=\"auto, (max-width: 1024px) 100vw, 1024px\" \/><\/figure>\n<\/figure>\n\n\n\n<p>En una reuni\u00f3n de trabajo en la comisar\u00eda de Xul y en presencia del comisario municipal, Manuel Uicab May y el comisario ejidal, Alfonzo Uc C\u00e1mara, el alcalde reiter\u00f3 que en las prioridades del Ayuntamiento est\u00e1 darle una imagen diferente a la comunidad.<\/p>\n\n\n\n<p>\u00abHace unos d\u00edas se program\u00f3 la reconstrucci\u00f3n de calles que por muchos a\u00f1os estaban en abandono, hemos atendido la cancha y dem\u00e1s espacios p\u00fablicos.\u00a0Ahora la buena noticia es que el Incay en dos o tres semanas iniciar\u00e1 la reparaci\u00f3n de la carretera Cooperativa- Xul\u00bb, indic\u00f3.\u00a0<\/p>\n\n\n\n<figure class=\"wp-block-image size-large is-resized\"><img loading=\"lazy\" decoding=\"async\" src=\"https:\/\/elpuucnoticias.com\/wp-content\/uploads\/2022\/08\/BANNER-AGOSTO-22-1024x321.jpg\" alt=\"\" class=\"wp-image-2917\" width=\"703\" height=\"220\" srcset=\"https:\/\/elpuucnoticias.com\/wp-content\/uploads\/2022\/08\/BANNER-AGOSTO-22-1024x321.jpg 1024w, https:\/\/elpuucnoticias.com\/wp-content\/uploads\/2022\/08\/BANNER-AGOSTO-22-300x94.jpg 300w, https:\/\/elpuucnoticias.com\/wp-content\/uploads\/2022\/08\/BANNER-AGOSTO-22-768x241.jpg 768w, https:\/\/elpuucnoticias.com\/wp-content\/uploads\/2022\/08\/BANNER-AGOSTO-22-1536x481.jpg 1536w, https:\/\/elpuucnoticias.com\/wp-content\/uploads\/2022\/08\/BANNER-AGOSTO-22-2048x641.jpg 2048w\" sizes=\"auto, (max-width: 703px) 100vw, 703px\" \/><\/figure>\n\n\n\n<p>Se anunci\u00f3 tambi\u00e9n que el Ayuntamiento reanudar\u00e1 los trabajos de bacheo en la comunidad.<\/p>\n\n\n\n<p>\u00abLos tramos hacia Xohuay\u00e1n y Xul le corresponden al gobierno del Estado, pero como autoridades estamos cumpliendo con las gestiones ante las instancias correspondientes\u00bb, puntualiz\u00f3.\u2014 <em>El Puuc Noticias<\/em> \u00a0<\/p>\n","protected":false},"excerpt":{"rendered":"<p>Pobladores de Xul recibieron la visita del alcalde de Oxkutzcab, Juan Jos\u00e9 Mart\u00edn Fragoso, quien les inform\u00f3 de<\/p>\n","protected":false},"author":1,"featured_media":2932,"comment_status":"closed","ping_status":"open","sticky":false,"template":"","format":"standard","meta":{"_monsterinsights_skip_tracking":false,"_monsterinsights_sitenote_active":false,"_monsterinsights_sitenote_note":"","_monsterinsights_sitenote_category":0,"footnotes":""},"categories":[11,14],"tags":[],"class_list":["post-2931","post","type-post","status-publish","format-standard","has-post-thumbnail","hentry","category-noticias","category-oxkutzcab"],"yoast_head":"<!-- This site is optimized with the Yoast SEO plugin v18.3 - https:\/\/yoast.com\/wordpress\/plugins\/seo\/ -->\n<title>Anuncian la pr\u00f3xima atenci\u00f3n de la carretera entre Cooperativa y Xul, comisar\u00edas de Oxkutzcab - El Puuc Noticias<\/title>\n<meta name=\"robots\" content=\"index, follow, max-snippet:-1, max-image-preview:large, max-video-preview:-1\" \/>\n<link rel=\"canonical\" href=\"https:\/\/elpuucnoticias.com\/?p=2931\" \/>\n<meta property=\"og:locale\" content=\"es_ES\" \/>\n<meta property=\"og:type\" content=\"article\" \/>\n<meta property=\"og:title\" content=\"Anuncian la pr\u00f3xima atenci\u00f3n de la carretera entre Cooperativa y Xul, comisar\u00edas de Oxkutzcab - El Puuc Noticias\" \/>\n<meta property=\"og:description\" content=\"Pobladores de Xul recibieron la visita del alcalde de Oxkutzcab, Juan Jos\u00e9 Mart\u00edn Fragoso, quien les inform\u00f3 de\" \/>\n<meta property=\"og:url\" content=\"https:\/\/elpuucnoticias.com\/?p=2931\" \/>\n<meta property=\"og:site_name\" content=\"El Puuc Noticias\" \/>\n<meta property=\"article:published_time\" content=\"2022-08-02T19:27:44+00:00\" \/>\n<meta property=\"article:modified_time\" content=\"2022-08-02T19:27:46+00:00\" \/>\n<meta property=\"og:image\" content=\"https:\/\/elpuucnoticias.com\/wp-content\/uploads\/2022\/08\/Xul02.jpeg\" \/>\n\t<meta property=\"og:image:width\" content=\"1280\" \/>\n\t<meta property=\"og:image:height\" content=\"853\" \/>\n\t<meta property=\"og:image:type\" content=\"image\/jpeg\" \/>\n<meta name=\"twitter:card\" content=\"summary_large_image\" \/>\n<meta name=\"twitter:label1\" content=\"Escrito por\" \/>\n\t<meta name=\"twitter:data1\" content=\"elpuucnoticias\" \/>\n\t<meta name=\"twitter:label2\" content=\"Tiempo de lectura\" \/>\n\t<meta name=\"twitter:data2\" content=\"2 minutos\" \/>\n<script type=\"application\/ld+json\" class=\"yoast-schema-graph\">{\"@context\":\"https:\/\/schema.org\",\"@graph\":[{\"@type\":\"WebSite\",\"@id\":\"https:\/\/elpuucnoticias.com\/#website\",\"url\":\"https:\/\/elpuucnoticias.com\/\",\"name\":\"El Puuc Noticias\",\"description\":\"Noticias - Entretenimiento - Deportes\",\"potentialAction\":[{\"@type\":\"SearchAction\",\"target\":{\"@type\":\"EntryPoint\",\"urlTemplate\":\"https:\/\/elpuucnoticias.com\/?s={search_term_string}\"},\"query-input\":\"required name=search_term_string\"}],\"inLanguage\":\"es\"},{\"@type\":\"ImageObject\",\"@id\":\"https:\/\/elpuucnoticias.com\/?p=2931#primaryimage\",\"inLanguage\":\"es\",\"url\":\"https:\/\/elpuucnoticias.com\/wp-content\/uploads\/2022\/08\/Xul02.jpeg\",\"contentUrl\":\"https:\/\/elpuucnoticias.com\/wp-content\/uploads\/2022\/08\/Xul02.jpeg\",\"width\":1280,\"height\":853},{\"@type\":\"WebPage\",\"@id\":\"https:\/\/elpuucnoticias.com\/?p=2931#webpage\",\"url\":\"https:\/\/elpuucnoticias.com\/?p=2931\",\"name\":\"Anuncian la pr\u00f3xima atenci\u00f3n de la carretera entre Cooperativa y Xul, comisar\u00edas de Oxkutzcab - El Puuc Noticias\",\"isPartOf\":{\"@id\":\"https:\/\/elpuucnoticias.com\/#website\"},\"primaryImageOfPage\":{\"@id\":\"https:\/\/elpuucnoticias.com\/?p=2931#primaryimage\"},\"datePublished\":\"2022-08-02T19:27:44+00:00\",\"dateModified\":\"2022-08-02T19:27:46+00:00\",\"author\":{\"@id\":\"https:\/\/elpuucnoticias.com\/#\/schema\/person\/d2ea09e4c97f0160b11cdfb1d856bd9e\"},\"breadcrumb\":{\"@id\":\"https:\/\/elpuucnoticias.com\/?p=2931#breadcrumb\"},\"inLanguage\":\"es\",\"potentialAction\":[{\"@type\":\"ReadAction\",\"target\":[\"https:\/\/elpuucnoticias.com\/?p=2931\"]}]},{\"@type\":\"BreadcrumbList\",\"@id\":\"https:\/\/elpuucnoticias.com\/?p=2931#breadcrumb\",\"itemListElement\":[{\"@type\":\"ListItem\",\"position\":1,\"name\":\"Portada\",\"item\":\"https:\/\/elpuucnoticias.com\/\"},{\"@type\":\"ListItem\",\"position\":2,\"name\":\"Anuncian la pr\u00f3xima atenci\u00f3n de la carretera entre Cooperativa y Xul, comisar\u00edas de Oxkutzcab\"}]},{\"@type\":\"Person\",\"@id\":\"https:\/\/elpuucnoticias.com\/#\/schema\/person\/d2ea09e4c97f0160b11cdfb1d856bd9e\",\"name\":\"elpuucnoticias\",\"image\":{\"@type\":\"ImageObject\",\"@id\":\"https:\/\/elpuucnoticias.com\/#personlogo\",\"inLanguage\":\"es\",\"url\":\"https:\/\/secure.gravatar.com\/avatar\/5290a43657c74ffa15701dbe5b846bd85cc71930d803c84e91046a7333de6ce2?s=96&d=mm&r=g\",\"contentUrl\":\"https:\/\/secure.gravatar.com\/avatar\/5290a43657c74ffa15701dbe5b846bd85cc71930d803c84e91046a7333de6ce2?s=96&d=mm&r=g\",\"caption\":\"elpuucnoticias\"},\"sameAs\":[\"https:\/\/elpuucnoticias.com\"],\"url\":\"https:\/\/elpuucnoticias.com\/?author=1\"}]}<\/script>\n<!-- \/ Yoast SEO plugin. -->","yoast_head_json":{"title":"Anuncian la pr\u00f3xima atenci\u00f3n de la carretera entre Cooperativa y Xul, comisar\u00edas de Oxkutzcab - El Puuc Noticias","robots":{"index":"index","follow":"follow","max-snippet":"max-snippet:-1","max-image-preview":"max-image-preview:large","max-video-preview":"max-video-preview:-1"},"canonical":"https:\/\/elpuucnoticias.com\/?p=2931","og_locale":"es_ES","og_type":"article","og_title":"Anuncian la pr\u00f3xima atenci\u00f3n de la carretera entre Cooperativa y Xul, comisar\u00edas de Oxkutzcab - El Puuc Noticias","og_description":"Pobladores de Xul recibieron la visita del alcalde de Oxkutzcab, Juan Jos\u00e9 Mart\u00edn Fragoso, quien les inform\u00f3 de","og_url":"https:\/\/elpuucnoticias.com\/?p=2931","og_site_name":"El Puuc Noticias","article_published_time":"2022-08-02T19:27:44+00:00","article_modified_time":"2022-08-02T19:27:46+00:00","og_image":[{"width":1280,"height":853,"url":"https:\/\/elpuucnoticias.com\/wp-content\/uploads\/2022\/08\/Xul02.jpeg","type":"image\/jpeg"}],"twitter_card":"summary_large_image","twitter_misc":{"Escrito por":"elpuucnoticias","Tiempo de lectura":"2 minutos"},"schema":{"@context":"https:\/\/schema.org","@graph":[{"@type":"WebSite","@id":"https:\/\/elpuucnoticias.com\/#website","url":"https:\/\/elpuucnoticias.com\/","name":"El Puuc Noticias","description":"Noticias - Entretenimiento - Deportes","potentialAction":[{"@type":"SearchAction","target":{"@type":"EntryPoint","urlTemplate":"https:\/\/elpuucnoticias.com\/?s={search_term_string}"},"query-input":"required name=search_term_string"}],"inLanguage":"es"},{"@type":"ImageObject","@id":"https:\/\/elpuucnoticias.com\/?p=2931#primaryimage","inLanguage":"es","url":"https:\/\/elpuucnoticias.com\/wp-content\/uploads\/2022\/08\/Xul02.jpeg","contentUrl":"https:\/\/elpuucnoticias.com\/wp-content\/uploads\/2022\/08\/Xul02.jpeg","width":1280,"height":853},{"@type":"WebPage","@id":"https:\/\/elpuucnoticias.com\/?p=2931#webpage","url":"https:\/\/elpuucnoticias.com\/?p=2931","name":"Anuncian la pr\u00f3xima atenci\u00f3n de la carretera entre Cooperativa y Xul, comisar\u00edas de Oxkutzcab - El Puuc Noticias","isPartOf":{"@id":"https:\/\/elpuucnoticias.com\/#website"},"primaryImageOfPage":{"@id":"https:\/\/elpuucnoticias.com\/?p=2931#primaryimage"},"datePublished":"2022-08-02T19:27:44+00:00","dateModified":"2022-08-02T19:27:46+00:00","author":{"@id":"https:\/\/elpuucnoticias.com\/#\/schema\/person\/d2ea09e4c97f0160b11cdfb1d856bd9e"},"breadcrumb":{"@id":"https:\/\/elpuucnoticias.com\/?p=2931#breadcrumb"},"inLanguage":"es","potentialAction":[{"@type":"ReadAction","target":["https:\/\/elpuucnoticias.com\/?p=2931"]}]},{"@type":"BreadcrumbList","@id":"https:\/\/elpuucnoticias.com\/?p=2931#breadcrumb","itemListElement":[{"@type":"ListItem","position":1,"name":"Portada","item":"https:\/\/elpuucnoticias.com\/"},{"@type":"ListItem","position":2,"name":"Anuncian la pr\u00f3xima atenci\u00f3n de la carretera entre Cooperativa y Xul, comisar\u00edas de Oxkutzcab"}]},{"@type":"Person","@id":"https:\/\/elpuucnoticias.com\/#\/schema\/person\/d2ea09e4c97f0160b11cdfb1d856bd9e","name":"elpuucnoticias","image":{"@type":"ImageObject","@id":"https:\/\/elpuucnoticias.com\/#personlogo","inLanguage":"es","url":"https:\/\/secure.gravatar.com\/avatar\/5290a43657c74ffa15701dbe5b846bd85cc71930d803c84e91046a7333de6ce2?s=96&d=mm&r=g","contentUrl":"https:\/\/secure.gravatar.com\/avatar\/5290a43657c74ffa15701dbe5b846bd85cc71930d803c84e91046a7333de6ce2?s=96&d=mm&r=g","caption":"elpuucnoticias"},"sameAs":["https:\/\/elpuucnoticias.com"],"url":"https:\/\/elpuucnoticias.com\/?author=1"}]}},"_links":{"self":[{"href":"https:\/\/elpuucnoticias.com\/index.php?rest_route=\/wp\/v2\/posts\/2931","targetHints":{"allow":["GET"]}}],"collection":[{"href":"https:\/\/elpuucnoticias.com\/index.php?rest_route=\/wp\/v2\/posts"}],"about":[{"href":"https:\/\/elpuucnoticias.com\/index.php?rest_route=\/wp\/v2\/types\/post"}],"author":[{"embeddable":true,"href":"https:\/\/elpuucnoticias.com\/index.php?rest_route=\/wp\/v2\/users\/1"}],"replies":[{"embeddable":true,"href":"https:\/\/elpuucnoticias.com\/index.php?rest_route=%2Fwp%2Fv2%2Fcomments&post=2931"}],"version-history":[{"count":1,"href":"https:\/\/elpuucnoticias.com\/index.php?rest_route=\/wp\/v2\/posts\/2931\/revisions"}],"predecessor-version":[{"id":2935,"href":"https:\/\/elpuucnoticias.com\/index.php?rest_route=\/wp\/v2\/posts\/2931\/revisions\/2935"}],"wp:featuredmedia":[{"embeddable":true,"href":"https:\/\/elpuucnoticias.com\/index.php?rest_route=\/wp\/v2\/media\/2932"}],"wp:attachment":[{"href":"https:\/\/elpuucnoticias.com\/index.php?rest_route=%2Fwp%2Fv2%2Fmedia&parent=2931"}],"wp:term":[{"taxonomy":"category","embeddable":true,"href":"https:\/\/elpuucnoticias.com\/index.php?rest_route=%2Fwp%2Fv2%2Fcategories&post=2931"},{"taxonomy":"post_tag","embeddable":true,"href":"https:\/\/elpuucnoticias.com\/index.php?rest_route=%2Fwp%2Fv2%2Ftags&post=2931"}],"curies":[{"name":"wp","href":"https:\/\/api.w.org\/{rel}","templated":true}]}}